{"id":1772,"date":"2016-10-28T23:01:57","date_gmt":"2016-10-28T23:01:57","guid":{"rendered":"https:\/\/laprensacristiana.com\/?p=1772"},"modified":"2020-07-02T01:34:50","modified_gmt":"2020-07-02T01:34:50","slug":"marco-barrientos-lanza-nueva-produccion-el-encuentro","status":"publish","type":"post","link":"https:\/\/laprensacristiana.com\/?p=1772","title":{"rendered":"Marco Barrientos lanza nueva producci\u00f3n \u201cel encuentro"},"content":{"rendered":"<p>Como parte de su nuevo disco, <em>\u201cel encuentro<\/em>\u201d el cantante y pastor busca compartir su encuentro con Dios, que para \u00e9l esto sobrepasa en tiempo y espacio.<\/p>\n<p>Mediante 10 canciones que conforman este nuevo \u00e1lbum y que fueron grabadas hace tres meses en la conferencia Aliento 2016 de Dallas Music Hall en el estado de Texas, E.E.U.U Marco pone en manifiesto su m\u00e1xima expresi\u00f3n de fe.<\/p>\n<p>Las canciones en este material, abordan distintos temas que envuelven la experiencia que deja la adoraci\u00f3n, dentro de las cuales la mayor\u00eda de estas fueron compuestas por David Reyes. Adem\u00e1s de una canci\u00f3n melanc\u00f3lica que deja un mensaje de esperanza. \u00a0Los sencillos est\u00e1n disponibles en las plataformas digitales de Spotify, Deezer, iTunes, entre otros.<\/p>\n","protected":false},"excerpt":{"rendered":"<p>Como parte de su nuevo disco, \u201cel encuentro\u201d el cantante y pastor busca compartir su encuentro con Dios, que para \u00e9l esto sobrepasa en tiempo y espacio. Mediante 10 canciones que conforman este nuevo \u00e1lbum y que fueron grabadas hace tres meses en la conferencia Aliento 2016 de Dallas Music Hall en el estado de [&hellip;]<\/p>\n","protected":false},"author":3,"featured_media":1776,"comment_status":"open","ping_status":"open","sticky":false,"template":"","format":"standard","meta":[],"categories":[101],"tags":[],"yoast_head":"<!-- This site is optimized with the Yoast SEO plugin v20.8 - https:\/\/yoast.com\/wordpress\/plugins\/seo\/ -->\n<title>Marco Barrientos lanza nueva producci\u00f3n \u201cel encuentro - La Prensa Cristiana<\/title>\n<meta name=\"robots\" content=\"index, follow, max-snippet:-1, max-image-preview:large, max-video-preview:-1\" \/>\n<link rel=\"canonical\" href=\"https:\/\/laprensacristiana.com\/?p=1772\" \/>\n<meta property=\"og:locale\" content=\"es_ES\" \/>\n<meta property=\"og:type\" content=\"article\" \/>\n<meta property=\"og:title\" content=\"Marco Barrientos lanza nueva producci\u00f3n \u201cel encuentro - La Prensa Cristiana\" \/>\n<meta property=\"og:description\" content=\"Como parte de su nuevo disco, \u201cel encuentro\u201d el cantante y pastor busca compartir su encuentro con Dios, que para \u00e9l esto sobrepasa en tiempo y espacio. Mediante 10 canciones que conforman este nuevo \u00e1lbum y que fueron grabadas hace tres meses en la conferencia Aliento 2016 de Dallas Music Hall en el estado de [&hellip;]\" \/>\n<meta property=\"og:url\" content=\"https:\/\/laprensacristiana.com\/?p=1772\" \/>\n<meta property=\"og:site_name\" content=\"La Prensa Cristiana\" \/>\n<meta property=\"article:published_time\" content=\"2016-10-28T23:01:57+00:00\" \/>\n<meta property=\"article:modified_time\" content=\"2020-07-02T01:34:50+00:00\" \/>\n<meta property=\"og:image\" content=\"https:\/\/laprensacristiana.com\/wp-content\/uploads\/2016\/10\/MARCO.jpg\" \/>\n\t<meta property=\"og:image:width\" content=\"709\" \/>\n\t<meta property=\"og:image:height\" content=\"510\" \/>\n\t<meta property=\"og:image:type\" content=\"image\/jpeg\" \/>\n<meta name=\"author\" content=\"EDITOR\" \/>\n<meta name=\"twitter:card\" content=\"summary_large_image\" \/>\n<meta name=\"twitter:label1\" content=\"Escrito por\" \/>\n\t<meta name=\"twitter:data1\" content=\"EDITOR\" \/>\n\t<meta name=\"twitter:label2\" content=\"Tiempo de lectura\" \/>\n\t<meta name=\"twitter:data2\" content=\"1 minuto\" \/>\n<script type=\"application\/ld+json\" class=\"yoast-schema-graph\">{\"@context\":\"https:\/\/schema.org\",\"@graph\":[{\"@type\":\"WebPage\",\"@id\":\"https:\/\/laprensacristiana.com\/?p=1772\",\"url\":\"https:\/\/laprensacristiana.com\/?p=1772\",\"name\":\"Marco Barrientos lanza nueva producci\u00f3n \u201cel encuentro - La Prensa Cristiana\",\"isPartOf\":{\"@id\":\"https:\/\/laprensacristiana.com\/#website\"},\"datePublished\":\"2016-10-28T23:01:57+00:00\",\"dateModified\":\"2020-07-02T01:34:50+00:00\",\"author\":{\"@id\":\"https:\/\/laprensacristiana.com\/#\/schema\/person\/3e7d82c6bfd6b1fa67010f8f7cd5256e\"},\"breadcrumb\":{\"@id\":\"https:\/\/laprensacristiana.com\/?p=1772#breadcrumb\"},\"inLanguage\":\"es\",\"potentialAction\":[{\"@type\":\"ReadAction\",\"target\":[\"https:\/\/laprensacristiana.com\/?p=1772\"]}]},{\"@type\":\"BreadcrumbList\",\"@id\":\"https:\/\/laprensacristiana.com\/?p=1772#breadcrumb\",\"itemListElement\":[{\"@type\":\"ListItem\",\"position\":1,\"name\":\"Portada\",\"item\":\"https:\/\/laprensacristiana.com\/\"},{\"@type\":\"ListItem\",\"position\":2,\"name\":\"Marco Barrientos lanza nueva producci\u00f3n \u201cel encuentro\"}]},{\"@type\":\"WebSite\",\"@id\":\"https:\/\/laprensacristiana.com\/#website\",\"url\":\"https:\/\/laprensacristiana.com\/\",\"name\":\"La Prensa Cristiana\",\"description\":\"Anunciando Las Buenas Nuevas\",\"potentialAction\":[{\"@type\":\"SearchAction\",\"target\":{\"@type\":\"EntryPoint\",\"urlTemplate\":\"https:\/\/laprensacristiana.com\/?s={search_term_string}\"},\"query-input\":\"required name=search_term_string\"}],\"inLanguage\":\"es\"},{\"@type\":\"Person\",\"@id\":\"https:\/\/laprensacristiana.com\/#\/schema\/person\/3e7d82c6bfd6b1fa67010f8f7cd5256e\",\"name\":\"EDITOR\",\"image\":{\"@type\":\"ImageObject\",\"inLanguage\":\"es\",\"@id\":\"https:\/\/laprensacristiana.com\/#\/schema\/person\/image\/\",\"url\":\"https:\/\/secure.gravatar.com\/avatar\/72069dfb6c13772d9e8381e3638666d2?s=96&d=mm&r=g\",\"contentUrl\":\"https:\/\/secure.gravatar.com\/avatar\/72069dfb6c13772d9e8381e3638666d2?s=96&d=mm&r=g\",\"caption\":\"EDITOR\"},\"url\":\"https:\/\/laprensacristiana.com\/?author=3\"}]}<\/script>\n<!-- \/ Yoast SEO plugin. -->","yoast_head_json":{"title":"Marco Barrientos lanza nueva producci\u00f3n \u201cel encuentro - La Prensa Cristiana","robots":{"index":"index","follow":"follow","max-snippet":"max-snippet:-1","max-image-preview":"max-image-preview:large","max-video-preview":"max-video-preview:-1"},"canonical":"https:\/\/laprensacristiana.com\/?p=1772","og_locale":"es_ES","og_type":"article","og_title":"Marco Barrientos lanza nueva producci\u00f3n \u201cel encuentro - La Prensa Cristiana","og_description":"Como parte de su nuevo disco, \u201cel encuentro\u201d el cantante y pastor busca compartir su encuentro con Dios, que para \u00e9l esto sobrepasa en tiempo y espacio. Mediante 10 canciones que conforman este nuevo \u00e1lbum y que fueron grabadas hace tres meses en la conferencia Aliento 2016 de Dallas Music Hall en el estado de [&hellip;]","og_url":"https:\/\/laprensacristiana.com\/?p=1772","og_site_name":"La Prensa Cristiana","article_published_time":"2016-10-28T23:01:57+00:00","article_modified_time":"2020-07-02T01:34:50+00:00","og_image":[{"width":709,"height":510,"url":"https:\/\/laprensacristiana.com\/wp-content\/uploads\/2016\/10\/MARCO.jpg","type":"image\/jpeg"}],"author":"EDITOR","twitter_card":"summary_large_image","twitter_misc":{"Escrito por":"EDITOR","Tiempo de lectura":"1 minuto"},"schema":{"@context":"https:\/\/schema.org","@graph":[{"@type":"WebPage","@id":"https:\/\/laprensacristiana.com\/?p=1772","url":"https:\/\/laprensacristiana.com\/?p=1772","name":"Marco Barrientos lanza nueva producci\u00f3n \u201cel encuentro - La Prensa Cristiana","isPartOf":{"@id":"https:\/\/laprensacristiana.com\/#website"},"datePublished":"2016-10-28T23:01:57+00:00","dateModified":"2020-07-02T01:34:50+00:00","author":{"@id":"https:\/\/laprensacristiana.com\/#\/schema\/person\/3e7d82c6bfd6b1fa67010f8f7cd5256e"},"breadcrumb":{"@id":"https:\/\/laprensacristiana.com\/?p=1772#breadcrumb"},"inLanguage":"es","potentialAction":[{"@type":"ReadAction","target":["https:\/\/laprensacristiana.com\/?p=1772"]}]},{"@type":"BreadcrumbList","@id":"https:\/\/laprensacristiana.com\/?p=1772#breadcrumb","itemListElement":[{"@type":"ListItem","position":1,"name":"Portada","item":"https:\/\/laprensacristiana.com\/"},{"@type":"ListItem","position":2,"name":"Marco Barrientos lanza nueva producci\u00f3n \u201cel encuentro"}]},{"@type":"WebSite","@id":"https:\/\/laprensacristiana.com\/#website","url":"https:\/\/laprensacristiana.com\/","name":"La Prensa Cristiana","description":"Anunciando Las Buenas Nuevas","potentialAction":[{"@type":"SearchAction","target":{"@type":"EntryPoint","urlTemplate":"https:\/\/laprensacristiana.com\/?s={search_term_string}"},"query-input":"required name=search_term_string"}],"inLanguage":"es"},{"@type":"Person","@id":"https:\/\/laprensacristiana.com\/#\/schema\/person\/3e7d82c6bfd6b1fa67010f8f7cd5256e","name":"EDITOR","image":{"@type":"ImageObject","inLanguage":"es","@id":"https:\/\/laprensacristiana.com\/#\/schema\/person\/image\/","url":"https:\/\/secure.gravatar.com\/avatar\/72069dfb6c13772d9e8381e3638666d2?s=96&d=mm&r=g","contentUrl":"https:\/\/secure.gravatar.com\/avatar\/72069dfb6c13772d9e8381e3638666d2?s=96&d=mm&r=g","caption":"EDITOR"},"url":"https:\/\/laprensacristiana.com\/?author=3"}]}},"_links":{"self":[{"href":"https:\/\/laprensacristiana.com\/index.php?rest_route=\/wp\/v2\/posts\/1772"}],"collection":[{"href":"https:\/\/laprensacristiana.com\/index.php?rest_route=\/wp\/v2\/posts"}],"about":[{"href":"https:\/\/laprensacristiana.com\/index.php?rest_route=\/wp\/v2\/types\/post"}],"author":[{"embeddable":true,"href":"https:\/\/laprensacristiana.com\/index.php?rest_route=\/wp\/v2\/users\/3"}],"replies":[{"embeddable":true,"href":"https:\/\/laprensacristiana.com\/index.php?rest_route=%2Fwp%2Fv2%2Fcomments&post=1772"}],"version-history":[{"count":3,"href":"https:\/\/laprensacristiana.com\/index.php?rest_route=\/wp\/v2\/posts\/1772\/revisions"}],"predecessor-version":[{"id":1778,"href":"https:\/\/laprensacristiana.com\/index.php?rest_route=\/wp\/v2\/posts\/1772\/revisions\/1778"}],"wp:featuredmedia":[{"embeddable":true,"href":"https:\/\/laprensacristiana.com\/index.php?rest_route=\/wp\/v2\/media\/1776"}],"wp:attachment":[{"href":"https:\/\/laprensacristiana.com\/index.php?rest_route=%2Fwp%2Fv2%2Fmedia&parent=1772"}],"wp:term":[{"taxonomy":"category","embeddable":true,"href":"https:\/\/laprensacristiana.com\/index.php?rest_route=%2Fwp%2Fv2%2Fcategories&post=1772"},{"taxonomy":"post_tag","embeddable":true,"href":"https:\/\/laprensacristiana.com\/index.php?rest_route=%2Fwp%2Fv2%2Ftags&post=1772"}],"curies":[{"name":"wp","href":"https:\/\/api.w.org\/{rel}","templated":true}]}}