{"id":1779,"date":"2016-10-30T15:44:35","date_gmt":"2016-10-30T15:44:35","guid":{"rendered":"https:\/\/laprensacristiana.com\/?p=1779"},"modified":"2020-07-02T01:34:31","modified_gmt":"2020-07-02T01:34:31","slug":"un-exito-marcha-para-jesus","status":"publish","type":"post","link":"https:\/\/laprensacristiana.com\/?p=1779","title":{"rendered":"Un \u00e9xito marcha para Jes\u00fas"},"content":{"rendered":"<p>&nbsp;<\/p>\n<p>Con gran entusiasmo del p\u00fablico asistente se realiz\u00f3 la marcha para Jes\u00fas<\/p>\n<p><img decoding=\"async\" loading=\"lazy\" class=\"size-medium wp-image-1780 alignright\" src=\"https:\/\/laprensacristiana.com\/wp-content\/uploads\/2016\/10\/MARCHA-300x185.jpg\" alt=\"MARCHA\" width=\"300\" height=\"185\" srcset=\"https:\/\/laprensacristiana.com\/wp-content\/uploads\/2016\/10\/MARCHA-300x185.jpg 300w, https:\/\/laprensacristiana.com\/wp-content\/uploads\/2016\/10\/MARCHA-600x370.jpg 600w, https:\/\/laprensacristiana.com\/wp-content\/uploads\/2016\/10\/MARCHA-768x473.jpg 768w, https:\/\/laprensacristiana.com\/wp-content\/uploads\/2016\/10\/MARCHA-1024x631.jpg 1024w, https:\/\/laprensacristiana.com\/wp-content\/uploads\/2016\/10\/MARCHA-356x220.jpg 356w, https:\/\/laprensacristiana.com\/wp-content\/uploads\/2016\/10\/MARCHA-696x429.jpg 696w, https:\/\/laprensacristiana.com\/wp-content\/uploads\/2016\/10\/MARCHA-682x420.jpg 682w, https:\/\/laprensacristiana.com\/wp-content\/uploads\/2016\/10\/MARCHA.jpg 1044w\" sizes=\"(max-width: 300px) 100vw, 300px\" \/>El d\u00eda de ayer por la tarde se llev\u00f3 a cabo la marcha para Jes\u00fas, que reuni\u00f3 a m\u00e1s de 1,000 personas que dieron tributo a nuestro creador y oraron por nuestro pa\u00eds.<\/p>\n<p>El punto donde dio inicio fue en las Fuentes Beethoven bajando hasta la Plaza Salvador del Mundo, ah\u00ed se incorporaron m\u00e1s personas para retornar al punto de \u00a0encuentro.<\/p>\n<figure id=\"attachment_1784\" aria-describedby=\"caption-attachment-1784\" style=\"width: 300px\" class=\"wp-caption aligncenter\"><img decoding=\"async\" loading=\"lazy\" class=\"size-medium wp-image-1784\" src=\"https:\/\/laprensacristiana.com\/wp-content\/uploads\/2016\/10\/BANDA-DE-PAZ-300x161.jpg\" alt=\"Banda de Paz\" width=\"300\" height=\"161\" srcset=\"https:\/\/laprensacristiana.com\/wp-content\/uploads\/2016\/10\/BANDA-DE-PAZ-300x161.jpg 300w, https:\/\/laprensacristiana.com\/wp-content\/uploads\/2016\/10\/BANDA-DE-PAZ-600x322.jpg 600w, https:\/\/laprensacristiana.com\/wp-content\/uploads\/2016\/10\/BANDA-DE-PAZ-768x413.jpg 768w, https:\/\/laprensacristiana.com\/wp-content\/uploads\/2016\/10\/BANDA-DE-PAZ-1024x550.jpg 1024w, https:\/\/laprensacristiana.com\/wp-content\/uploads\/2016\/10\/BANDA-DE-PAZ-696x374.jpg 696w, https:\/\/laprensacristiana.com\/wp-content\/uploads\/2016\/10\/BANDA-DE-PAZ-1068x574.jpg 1068w, https:\/\/laprensacristiana.com\/wp-content\/uploads\/2016\/10\/BANDA-DE-PAZ-781x420.jpg 781w, https:\/\/laprensacristiana.com\/wp-content\/uploads\/2016\/10\/BANDA-DE-PAZ.jpg 1135w\" sizes=\"(max-width: 300px) 100vw, 300px\" \/><figcaption id=\"caption-attachment-1784\" class=\"wp-caption-text\">Banda de Paz<\/figcaption><\/figure>\n<p>La actividad estuvo llena de mucho color, en el cual hubo m\u00fasica, danzas y chofaristas, de parte de diferentes instituciones estudiantiles, iglesias y\u00a0 organizaciones que se hicieron presentes.<\/p>\n<figure id=\"attachment_1783\" aria-describedby=\"caption-attachment-1783\" style=\"width: 264px\" class=\"wp-caption alignright\"><img decoding=\"async\" loading=\"lazy\" class=\"size-medium wp-image-1783\" src=\"https:\/\/laprensacristiana.com\/wp-content\/uploads\/2016\/10\/RIGOBERTO-REYES-264x300.jpg\" alt=\"Rigoberto Reyes\" width=\"264\" height=\"300\" srcset=\"https:\/\/laprensacristiana.com\/wp-content\/uploads\/2016\/10\/RIGOBERTO-REYES-264x300.jpg 264w, https:\/\/laprensacristiana.com\/wp-content\/uploads\/2016\/10\/RIGOBERTO-REYES-600x682.jpg 600w, https:\/\/laprensacristiana.com\/wp-content\/uploads\/2016\/10\/RIGOBERTO-REYES-696x791.jpg 696w, https:\/\/laprensacristiana.com\/wp-content\/uploads\/2016\/10\/RIGOBERTO-REYES-369x420.jpg 369w, https:\/\/laprensacristiana.com\/wp-content\/uploads\/2016\/10\/RIGOBERTO-REYES.jpg 767w\" sizes=\"(max-width: 264px) 100vw, 264px\" \/><figcaption id=\"caption-attachment-1783\" class=\"wp-caption-text\">Rigoberto Reyes<\/figcaption><\/figure>\n<p>Para uno de los organizadores Rigoberto Reyes, la gente est\u00e1 buscando ese nombre de Jesucristo, y dice que la juventud que asisti\u00f3, pudo invocar el nombre del Se\u00f1or y por ellos en esa tarde se hizo la diferencia.<\/p>\n<p>Dicho suceso fue una antesala hacia la conmemoraci\u00f3n del d\u00eda nacional de la iglesia evang\u00e9lica, celebrada el 31 de octubre.<\/p>\n<figure id=\"attachment_1782\" aria-describedby=\"caption-attachment-1782\" style=\"width: 300px\" class=\"wp-caption aligncenter\"><img decoding=\"async\" loading=\"lazy\" class=\"size-medium wp-image-1782\" src=\"https:\/\/laprensacristiana.com\/wp-content\/uploads\/2016\/10\/CHOFARISTAS-300x258.jpg\" alt=\"Chofaristas\" width=\"300\" height=\"258\" srcset=\"https:\/\/laprensacristiana.com\/wp-content\/uploads\/2016\/10\/CHOFARISTAS-300x258.jpg 300w, https:\/\/laprensacristiana.com\/wp-content\/uploads\/2016\/10\/CHOFARISTAS-600x515.jpg 600w, https:\/\/laprensacristiana.com\/wp-content\/uploads\/2016\/10\/CHOFARISTAS-768x660.jpg 768w, https:\/\/laprensacristiana.com\/wp-content\/uploads\/2016\/10\/CHOFARISTAS-696x598.jpg 696w, https:\/\/laprensacristiana.com\/wp-content\/uploads\/2016\/10\/CHOFARISTAS-489x420.jpg 489w, https:\/\/laprensacristiana.com\/wp-content\/uploads\/2016\/10\/CHOFARISTAS.jpg 893w\" sizes=\"(max-width: 300px) 100vw, 300px\" \/><figcaption id=\"caption-attachment-1782\" class=\"wp-caption-text\">Chofaristas<\/figcaption><\/figure>\n<figure id=\"attachment_1781\" aria-describedby=\"caption-attachment-1781\" style=\"width: 260px\" class=\"wp-caption alignleft\"><img decoding=\"async\" loading=\"lazy\" class=\"size-medium wp-image-1781\" src=\"https:\/\/laprensacristiana.com\/wp-content\/uploads\/2016\/10\/GIOVANNI-RIVERA-260x300.jpg\" alt=\"Giovanni Rivera\" width=\"260\" height=\"300\" srcset=\"https:\/\/laprensacristiana.com\/wp-content\/uploads\/2016\/10\/GIOVANNI-RIVERA-260x300.jpg 260w, https:\/\/laprensacristiana.com\/wp-content\/uploads\/2016\/10\/GIOVANNI-RIVERA-600x693.jpg 600w, https:\/\/laprensacristiana.com\/wp-content\/uploads\/2016\/10\/GIOVANNI-RIVERA-768x888.jpg 768w, https:\/\/laprensacristiana.com\/wp-content\/uploads\/2016\/10\/GIOVANNI-RIVERA-696x804.jpg 696w, https:\/\/laprensacristiana.com\/wp-content\/uploads\/2016\/10\/GIOVANNI-RIVERA-363x420.jpg 363w, https:\/\/laprensacristiana.com\/wp-content\/uploads\/2016\/10\/GIOVANNI-RIVERA.jpg 771w\" sizes=\"(max-width: 260px) 100vw, 260px\" \/><figcaption id=\"caption-attachment-1781\" class=\"wp-caption-text\">Giovanni Rivera<\/figcaption><\/figure>\n<p>Giovanni Rivera, quien fue parte de la organizaci\u00f3n de este evento dijo: <em>\u201cEs una conquista, un ejemplo de c\u00f3mo podemos marchar para dar testimonio del poder de Dios. Sabemos que las fuerzas espirituales est\u00e1n ante todo. La influencia de la gente ha sido mayor. Esto es un logro como iglesia cristiana\u201d.<\/em><\/p>\n<figure id=\"attachment_1785\" aria-describedby=\"caption-attachment-1785\" style=\"width: 300px\" class=\"wp-caption aligncenter\"><img decoding=\"async\" loading=\"lazy\" class=\"size-medium wp-image-1785\" src=\"https:\/\/laprensacristiana.com\/wp-content\/uploads\/2016\/10\/PUBLICO-300x225.jpg\" alt=\"Parte del p\u00fablico asistente\" width=\"300\" height=\"225\" srcset=\"https:\/\/laprensacristiana.com\/wp-content\/uploads\/2016\/10\/PUBLICO-300x225.jpg 300w, https:\/\/laprensacristiana.com\/wp-content\/uploads\/2016\/10\/PUBLICO-600x450.jpg 600w, https:\/\/laprensacristiana.com\/wp-content\/uploads\/2016\/10\/PUBLICO-768x577.jpg 768w, https:\/\/laprensacristiana.com\/wp-content\/uploads\/2016\/10\/PUBLICO-80x60.jpg 80w, https:\/\/laprensacristiana.com\/wp-content\/uploads\/2016\/10\/PUBLICO-265x198.jpg 265w, https:\/\/laprensacristiana.com\/wp-content\/uploads\/2016\/10\/PUBLICO-696x523.jpg 696w, https:\/\/laprensacristiana.com\/wp-content\/uploads\/2016\/10\/PUBLICO-559x420.jpg 559w, https:\/\/laprensacristiana.com\/wp-content\/uploads\/2016\/10\/PUBLICO.jpg 955w\" sizes=\"(max-width: 300px) 100vw, 300px\" \/><figcaption id=\"caption-attachment-1785\" class=\"wp-caption-text\">Parte del p\u00fablico asistente<\/figcaption><\/figure>\n","protected":false},"excerpt":{"rendered":"<p>&nbsp; Con gran entusiasmo del p\u00fablico asistente se realiz\u00f3 la marcha para Jes\u00fas El d\u00eda de ayer por la tarde se llev\u00f3 a cabo la marcha para Jes\u00fas, que reuni\u00f3 a m\u00e1s de 1,000 personas que dieron tributo a nuestro creador y oraron por nuestro pa\u00eds. El punto donde dio inicio fue en las Fuentes [&hellip;]<\/p>\n","protected":false},"author":3,"featured_media":1786,"comment_status":"open","ping_status":"open","sticky":false,"template":"","format":"standard","meta":[],"categories":[56],"tags":[],"yoast_head":"<!-- This site is optimized with the Yoast SEO plugin v20.8 - https:\/\/yoast.com\/wordpress\/plugins\/seo\/ -->\n<title>Un \u00e9xito marcha para Jes\u00fas - La Prensa Cristiana<\/title>\n<meta name=\"robots\" content=\"index, follow, max-snippet:-1, max-image-preview:large, max-video-preview:-1\" \/>\n<link rel=\"canonical\" href=\"https:\/\/laprensacristiana.com\/?p=1779\" \/>\n<meta property=\"og:locale\" content=\"es_ES\" \/>\n<meta property=\"og:type\" content=\"article\" \/>\n<meta property=\"og:title\" content=\"Un \u00e9xito marcha para Jes\u00fas - La Prensa Cristiana\" \/>\n<meta property=\"og:description\" content=\"&nbsp; Con gran entusiasmo del p\u00fablico asistente se realiz\u00f3 la marcha para Jes\u00fas El d\u00eda de ayer por la tarde se llev\u00f3 a cabo la marcha para Jes\u00fas, que reuni\u00f3 a m\u00e1s de 1,000 personas que dieron tributo a nuestro creador y oraron por nuestro pa\u00eds. El punto donde dio inicio fue en las Fuentes [&hellip;]\" \/>\n<meta property=\"og:url\" content=\"https:\/\/laprensacristiana.com\/?p=1779\" \/>\n<meta property=\"og:site_name\" content=\"La Prensa Cristiana\" \/>\n<meta property=\"article:published_time\" content=\"2016-10-30T15:44:35+00:00\" \/>\n<meta property=\"article:modified_time\" content=\"2020-07-02T01:34:31+00:00\" \/>\n<meta property=\"og:image\" content=\"https:\/\/laprensacristiana.com\/wp-content\/uploads\/2016\/10\/PORTADA-2.jpg\" \/>\n\t<meta property=\"og:image:width\" content=\"1089\" \/>\n\t<meta property=\"og:image:height\" content=\"629\" \/>\n\t<meta property=\"og:image:type\" content=\"image\/jpeg\" \/>\n<meta name=\"author\" content=\"EDITOR\" \/>\n<meta name=\"twitter:card\" content=\"summary_large_image\" \/>\n<meta name=\"twitter:label1\" content=\"Escrito por\" \/>\n\t<meta name=\"twitter:data1\" content=\"EDITOR\" \/>\n\t<meta name=\"twitter:label2\" content=\"Tiempo de lectura\" \/>\n\t<meta name=\"twitter:data2\" content=\"1 minuto\" \/>\n<script type=\"application\/ld+json\" class=\"yoast-schema-graph\">{\"@context\":\"https:\/\/schema.org\",\"@graph\":[{\"@type\":\"WebPage\",\"@id\":\"https:\/\/laprensacristiana.com\/?p=1779\",\"url\":\"https:\/\/laprensacristiana.com\/?p=1779\",\"name\":\"Un \u00e9xito marcha para Jes\u00fas - La Prensa Cristiana\",\"isPartOf\":{\"@id\":\"https:\/\/laprensacristiana.com\/#website\"},\"datePublished\":\"2016-10-30T15:44:35+00:00\",\"dateModified\":\"2020-07-02T01:34:31+00:00\",\"author\":{\"@id\":\"https:\/\/laprensacristiana.com\/#\/schema\/person\/3e7d82c6bfd6b1fa67010f8f7cd5256e\"},\"breadcrumb\":{\"@id\":\"https:\/\/laprensacristiana.com\/?p=1779#breadcrumb\"},\"inLanguage\":\"es\",\"potentialAction\":[{\"@type\":\"ReadAction\",\"target\":[\"https:\/\/laprensacristiana.com\/?p=1779\"]}]},{\"@type\":\"BreadcrumbList\",\"@id\":\"https:\/\/laprensacristiana.com\/?p=1779#breadcrumb\",\"itemListElement\":[{\"@type\":\"ListItem\",\"position\":1,\"name\":\"Portada\",\"item\":\"https:\/\/laprensacristiana.com\/\"},{\"@type\":\"ListItem\",\"position\":2,\"name\":\"Un \u00e9xito marcha para Jes\u00fas\"}]},{\"@type\":\"WebSite\",\"@id\":\"https:\/\/laprensacristiana.com\/#website\",\"url\":\"https:\/\/laprensacristiana.com\/\",\"name\":\"La Prensa Cristiana\",\"description\":\"Anunciando Las Buenas Nuevas\",\"potentialAction\":[{\"@type\":\"SearchAction\",\"target\":{\"@type\":\"EntryPoint\",\"urlTemplate\":\"https:\/\/laprensacristiana.com\/?s={search_term_string}\"},\"query-input\":\"required name=search_term_string\"}],\"inLanguage\":\"es\"},{\"@type\":\"Person\",\"@id\":\"https:\/\/laprensacristiana.com\/#\/schema\/person\/3e7d82c6bfd6b1fa67010f8f7cd5256e\",\"name\":\"EDITOR\",\"image\":{\"@type\":\"ImageObject\",\"inLanguage\":\"es\",\"@id\":\"https:\/\/laprensacristiana.com\/#\/schema\/person\/image\/\",\"url\":\"https:\/\/secure.gravatar.com\/avatar\/72069dfb6c13772d9e8381e3638666d2?s=96&d=mm&r=g\",\"contentUrl\":\"https:\/\/secure.gravatar.com\/avatar\/72069dfb6c13772d9e8381e3638666d2?s=96&d=mm&r=g\",\"caption\":\"EDITOR\"},\"url\":\"https:\/\/laprensacristiana.com\/?author=3\"}]}<\/script>\n<!-- \/ Yoast SEO plugin. -->","yoast_head_json":{"title":"Un \u00e9xito marcha para Jes\u00fas - La Prensa Cristiana","robots":{"index":"index","follow":"follow","max-snippet":"max-snippet:-1","max-image-preview":"max-image-preview:large","max-video-preview":"max-video-preview:-1"},"canonical":"https:\/\/laprensacristiana.com\/?p=1779","og_locale":"es_ES","og_type":"article","og_title":"Un \u00e9xito marcha para Jes\u00fas - La Prensa Cristiana","og_description":"&nbsp; Con gran entusiasmo del p\u00fablico asistente se realiz\u00f3 la marcha para Jes\u00fas El d\u00eda de ayer por la tarde se llev\u00f3 a cabo la marcha para Jes\u00fas, que reuni\u00f3 a m\u00e1s de 1,000 personas que dieron tributo a nuestro creador y oraron por nuestro pa\u00eds. El punto donde dio inicio fue en las Fuentes [&hellip;]","og_url":"https:\/\/laprensacristiana.com\/?p=1779","og_site_name":"La Prensa Cristiana","article_published_time":"2016-10-30T15:44:35+00:00","article_modified_time":"2020-07-02T01:34:31+00:00","og_image":[{"width":1089,"height":629,"url":"https:\/\/laprensacristiana.com\/wp-content\/uploads\/2016\/10\/PORTADA-2.jpg","type":"image\/jpeg"}],"author":"EDITOR","twitter_card":"summary_large_image","twitter_misc":{"Escrito por":"EDITOR","Tiempo de lectura":"1 minuto"},"schema":{"@context":"https:\/\/schema.org","@graph":[{"@type":"WebPage","@id":"https:\/\/laprensacristiana.com\/?p=1779","url":"https:\/\/laprensacristiana.com\/?p=1779","name":"Un \u00e9xito marcha para Jes\u00fas - La Prensa Cristiana","isPartOf":{"@id":"https:\/\/laprensacristiana.com\/#website"},"datePublished":"2016-10-30T15:44:35+00:00","dateModified":"2020-07-02T01:34:31+00:00","author":{"@id":"https:\/\/laprensacristiana.com\/#\/schema\/person\/3e7d82c6bfd6b1fa67010f8f7cd5256e"},"breadcrumb":{"@id":"https:\/\/laprensacristiana.com\/?p=1779#breadcrumb"},"inLanguage":"es","potentialAction":[{"@type":"ReadAction","target":["https:\/\/laprensacristiana.com\/?p=1779"]}]},{"@type":"BreadcrumbList","@id":"https:\/\/laprensacristiana.com\/?p=1779#breadcrumb","itemListElement":[{"@type":"ListItem","position":1,"name":"Portada","item":"https:\/\/laprensacristiana.com\/"},{"@type":"ListItem","position":2,"name":"Un \u00e9xito marcha para Jes\u00fas"}]},{"@type":"WebSite","@id":"https:\/\/laprensacristiana.com\/#website","url":"https:\/\/laprensacristiana.com\/","name":"La Prensa Cristiana","description":"Anunciando Las Buenas Nuevas","potentialAction":[{"@type":"SearchAction","target":{"@type":"EntryPoint","urlTemplate":"https:\/\/laprensacristiana.com\/?s={search_term_string}"},"query-input":"required name=search_term_string"}],"inLanguage":"es"},{"@type":"Person","@id":"https:\/\/laprensacristiana.com\/#\/schema\/person\/3e7d82c6bfd6b1fa67010f8f7cd5256e","name":"EDITOR","image":{"@type":"ImageObject","inLanguage":"es","@id":"https:\/\/laprensacristiana.com\/#\/schema\/person\/image\/","url":"https:\/\/secure.gravatar.com\/avatar\/72069dfb6c13772d9e8381e3638666d2?s=96&d=mm&r=g","contentUrl":"https:\/\/secure.gravatar.com\/avatar\/72069dfb6c13772d9e8381e3638666d2?s=96&d=mm&r=g","caption":"EDITOR"},"url":"https:\/\/laprensacristiana.com\/?author=3"}]}},"_links":{"self":[{"href":"https:\/\/laprensacristiana.com\/index.php?rest_route=\/wp\/v2\/posts\/1779"}],"collection":[{"href":"https:\/\/laprensacristiana.com\/index.php?rest_route=\/wp\/v2\/posts"}],"about":[{"href":"https:\/\/laprensacristiana.com\/index.php?rest_route=\/wp\/v2\/types\/post"}],"author":[{"embeddable":true,"href":"https:\/\/laprensacristiana.com\/index.php?rest_route=\/wp\/v2\/users\/3"}],"replies":[{"embeddable":true,"href":"https:\/\/laprensacristiana.com\/index.php?rest_route=%2Fwp%2Fv2%2Fcomments&post=1779"}],"version-history":[{"count":5,"href":"https:\/\/laprensacristiana.com\/index.php?rest_route=\/wp\/v2\/posts\/1779\/revisions"}],"predecessor-version":[{"id":1791,"href":"https:\/\/laprensacristiana.com\/index.php?rest_route=\/wp\/v2\/posts\/1779\/revisions\/1791"}],"wp:featuredmedia":[{"embeddable":true,"href":"https:\/\/laprensacristiana.com\/index.php?rest_route=\/wp\/v2\/media\/1786"}],"wp:attachment":[{"href":"https:\/\/laprensacristiana.com\/index.php?rest_route=%2Fwp%2Fv2%2Fmedia&parent=1779"}],"wp:term":[{"taxonomy":"category","embeddable":true,"href":"https:\/\/laprensacristiana.com\/index.php?rest_route=%2Fwp%2Fv2%2Fcategories&post=1779"},{"taxonomy":"post_tag","embeddable":true,"href":"https:\/\/laprensacristiana.com\/index.php?rest_route=%2Fwp%2Fv2%2Ftags&post=1779"}],"curies":[{"name":"wp","href":"https:\/\/api.w.org\/{rel}","templated":true}]}}