{"id":17840,"date":"2024-08-08T16:42:47","date_gmt":"2024-08-08T16:42:47","guid":{"rendered":"https:\/\/laprensacristiana.com\/?p=17840"},"modified":"2024-08-08T16:45:56","modified_gmt":"2024-08-08T16:45:56","slug":"pedro-reyes-lanza-nueva-cancion-gracias","status":"publish","type":"post","link":"https:\/\/laprensacristiana.com\/?p=17840","title":{"rendered":"Pedro Reyes lanza nueva canci\u00f3n: \u00abGracias\u00bb"},"content":{"rendered":"\n<p>Un nuevo fruto musical que busca dar gracias y recordarnos que Dios siempre estar\u00e1 a nuestro lado, sali\u00f3 a la luz el pasado dos de agosto y su int\u00e9rprete, Pedro Reyes, comparte detalles en esta oportunidad con los lectores de La Prensa Cristiana de su nueva producci\u00f3n.<\/p>\n\n\n\n<p>La letra, seg\u00fan nos explica, se basa en una situaci\u00f3n real que dos j\u00f3venes de su iglesia, Isabel Gomes y Jonathan El\u00edas, viven desde hace varios a\u00f1os con relaci\u00f3n a la desaparici\u00f3n de su hermano.<\/p>\n\n\n\n<p>Es en esta situaci\u00f3n que ellos escriben la letra, la cual plantea el hecho de \u00bfqu\u00e9 pasar\u00eda si Dios no estuviera en procesos como este?, cuando la desesperaci\u00f3n e incertidumbre abate nuestro coraz\u00f3n y esa persona que amamos no aparece.<\/p>\n\n\n\n<p>Gracias (Siempre est\u00e1s conmigo), inicia haciendo referencia a lo que dice Juan 16:33, \u00abEn el mundo tendr\u00e9is aflicci\u00f3n; pero confiad, yo venc\u00ed al mundo\u00bb. Y contin\u00faa afirmando que en tiempos de alegr\u00eda \u00e9l tambi\u00e9n est\u00e1 con nosotros.<\/p>\n\n\n\n<p>La colaboraci\u00f3n de Pedro fue darle forma a la letra y m\u00fasica, sin embargo, la producci\u00f3n cont\u00f3 con el apoyo de Tito Mart\u00ednez, mientras que el v\u00eddeo fue elaborado por Tony Castillo.<\/p>\n\n\n\n<p>Pedro Reyes menciona adem\u00e1s que no podemos dejar de dar gracias a Dios, pues su amor, fidelidad y misericordia nos acompa\u00f1an en todo proceso que vivamos en nuestra vida.<\/p>\n\n\n\n<p>\u00abEsta producci\u00f3n tambi\u00e9n trae un mensaje para la iglesia, a la que es necesario recordar que tendremos tiempos dif\u00edciles, pero Dios estar\u00e1 all\u00ed\u00bb. A los j\u00f3venes y toda persona que se sienta deprimida, con mucha ansiedad, a quienes han sido v\u00edctimas por alguna situaci\u00f3n y que no tengan padres. La Biblia nos ense\u00f1a que tenemos uno y es celestial, lleno de amor y misericordia\u00bb.<\/p>\n\n\n\n<p>Conf\u00eda que la alabanza pueda ministrar muchas vidas y no olvidar que siempre debemos de tener una actitud de agradecimiento y tomarnos el tiempo para hacerlo con reverencia.<\/p>\n\n\n\n<p>\u00abEsforzaos y cobrad \u00e1nimo; no tem\u00e1is, ni teng\u00e1is miedo de ellos, porque Jehov\u00e1 tu Dios es el que va contigo; no te dejar\u00e1, ni te desamparar\u00e1\u00bb. Deuteronomio 31:6<\/p>\n\n\n\n<p>La producci\u00f3n ya est\u00e1 disponible en las plataformas para que usted pueda escucharla y compartirla con miembros de<\/p>\n\n\n\n<figure class=\"wp-block-embed is-type-video is-provider-youtube wp-block-embed-youtube wp-embed-aspect-16-9 wp-has-aspect-ratio\"><div class=\"wp-block-embed__wrapper\">\n<iframe loading=\"lazy\" title=\"GRACIAS (SIEMPRE EST\u00c1S CONMIGO)- PEDRO REYES (VIDEO OFICIAL)\" width=\"696\" height=\"392\" src=\"https:\/\/www.youtube.com\/embed\/xgwKfnSm9nU?feature=oembed\" frameborder=\"0\" allow=\"accelerometer; autoplay; clipboard-write; encrypted-media; gyroscope; picture-in-picture; web-share\" referrerpolicy=\"strict-origin-when-cross-origin\" allowfullscreen><\/iframe>\n<\/div><\/figure>\n","protected":false},"excerpt":{"rendered":"<p>Un nuevo fruto musical que busca dar gracias y recordarnos que Dios siempre estar\u00e1 a nuestro lado, sali\u00f3 a la luz el pasado dos de agosto y su int\u00e9rprete, Pedro Reyes, comparte detalles en esta oportunidad con los lectores de La Prensa Cristiana de su nueva producci\u00f3n. La letra, seg\u00fan nos explica, se basa en [&hellip;]<\/p>\n","protected":false},"author":3,"featured_media":17841,"comment_status":"open","ping_status":"open","sticky":false,"template":"","format":"standard","meta":[],"categories":[114],"tags":[],"yoast_head":"<!-- This site is optimized with the Yoast SEO plugin v20.8 - https:\/\/yoast.com\/wordpress\/plugins\/seo\/ -->\n<title>Pedro Reyes lanza nueva canci\u00f3n: &quot;Gracias&quot; - La Prensa Cristiana<\/title>\n<meta name=\"robots\" content=\"index, follow, max-snippet:-1, max-image-preview:large, max-video-preview:-1\" \/>\n<link rel=\"canonical\" href=\"https:\/\/laprensacristiana.com\/?p=17840\" \/>\n<meta property=\"og:locale\" content=\"es_ES\" \/>\n<meta property=\"og:type\" content=\"article\" \/>\n<meta property=\"og:title\" content=\"Pedro Reyes lanza nueva canci\u00f3n: &quot;Gracias&quot; - La Prensa Cristiana\" \/>\n<meta property=\"og:description\" content=\"Un nuevo fruto musical que busca dar gracias y recordarnos que Dios siempre estar\u00e1 a nuestro lado, sali\u00f3 a la luz el pasado dos de agosto y su int\u00e9rprete, Pedro Reyes, comparte detalles en esta oportunidad con los lectores de La Prensa Cristiana de su nueva producci\u00f3n. La letra, seg\u00fan nos explica, se basa en [&hellip;]\" \/>\n<meta property=\"og:url\" content=\"https:\/\/laprensacristiana.com\/?p=17840\" \/>\n<meta property=\"og:site_name\" content=\"La Prensa Cristiana\" \/>\n<meta property=\"article:published_time\" content=\"2024-08-08T16:42:47+00:00\" \/>\n<meta property=\"article:modified_time\" content=\"2024-08-08T16:45:56+00:00\" \/>\n<meta property=\"og:image\" content=\"https:\/\/laprensacristiana.com\/wp-content\/uploads\/2024\/08\/WhatsApp-Image-2024-08-08-at-6.08.07-AM.jpeg\" \/>\n\t<meta property=\"og:image:width\" content=\"1080\" \/>\n\t<meta property=\"og:image:height\" content=\"1080\" \/>\n\t<meta property=\"og:image:type\" content=\"image\/jpeg\" \/>\n<meta name=\"author\" content=\"EDITOR\" \/>\n<meta name=\"twitter:card\" content=\"summary_large_image\" \/>\n<meta name=\"twitter:label1\" content=\"Escrito por\" \/>\n\t<meta name=\"twitter:data1\" content=\"EDITOR\" \/>\n\t<meta name=\"twitter:label2\" content=\"Tiempo de lectura\" \/>\n\t<meta name=\"twitter:data2\" content=\"2 minutos\" \/>\n<script type=\"application\/ld+json\" class=\"yoast-schema-graph\">{\"@context\":\"https:\/\/schema.org\",\"@graph\":[{\"@type\":\"WebPage\",\"@id\":\"https:\/\/laprensacristiana.com\/?p=17840\",\"url\":\"https:\/\/laprensacristiana.com\/?p=17840\",\"name\":\"Pedro Reyes lanza nueva canci\u00f3n: \\\"Gracias\\\" - La Prensa Cristiana\",\"isPartOf\":{\"@id\":\"https:\/\/laprensacristiana.com\/#website\"},\"datePublished\":\"2024-08-08T16:42:47+00:00\",\"dateModified\":\"2024-08-08T16:45:56+00:00\",\"author\":{\"@id\":\"https:\/\/laprensacristiana.com\/#\/schema\/person\/3e7d82c6bfd6b1fa67010f8f7cd5256e\"},\"breadcrumb\":{\"@id\":\"https:\/\/laprensacristiana.com\/?p=17840#breadcrumb\"},\"inLanguage\":\"es\",\"potentialAction\":[{\"@type\":\"ReadAction\",\"target\":[\"https:\/\/laprensacristiana.com\/?p=17840\"]}]},{\"@type\":\"BreadcrumbList\",\"@id\":\"https:\/\/laprensacristiana.com\/?p=17840#breadcrumb\",\"itemListElement\":[{\"@type\":\"ListItem\",\"position\":1,\"name\":\"Portada\",\"item\":\"https:\/\/laprensacristiana.com\/\"},{\"@type\":\"ListItem\",\"position\":2,\"name\":\"Pedro Reyes lanza nueva canci\u00f3n: \u00abGracias\u00bb\"}]},{\"@type\":\"WebSite\",\"@id\":\"https:\/\/laprensacristiana.com\/#website\",\"url\":\"https:\/\/laprensacristiana.com\/\",\"name\":\"La Prensa Cristiana\",\"description\":\"Anunciando Las Buenas Nuevas\",\"potentialAction\":[{\"@type\":\"SearchAction\",\"target\":{\"@type\":\"EntryPoint\",\"urlTemplate\":\"https:\/\/laprensacristiana.com\/?s={search_term_string}\"},\"query-input\":\"required name=search_term_string\"}],\"inLanguage\":\"es\"},{\"@type\":\"Person\",\"@id\":\"https:\/\/laprensacristiana.com\/#\/schema\/person\/3e7d82c6bfd6b1fa67010f8f7cd5256e\",\"name\":\"EDITOR\",\"image\":{\"@type\":\"ImageObject\",\"inLanguage\":\"es\",\"@id\":\"https:\/\/laprensacristiana.com\/#\/schema\/person\/image\/\",\"url\":\"https:\/\/secure.gravatar.com\/avatar\/72069dfb6c13772d9e8381e3638666d2?s=96&d=mm&r=g\",\"contentUrl\":\"https:\/\/secure.gravatar.com\/avatar\/72069dfb6c13772d9e8381e3638666d2?s=96&d=mm&r=g\",\"caption\":\"EDITOR\"},\"url\":\"https:\/\/laprensacristiana.com\/?author=3\"}]}<\/script>\n<!-- \/ Yoast SEO plugin. -->","yoast_head_json":{"title":"Pedro Reyes lanza nueva canci\u00f3n: \"Gracias\" - La Prensa Cristiana","robots":{"index":"index","follow":"follow","max-snippet":"max-snippet:-1","max-image-preview":"max-image-preview:large","max-video-preview":"max-video-preview:-1"},"canonical":"https:\/\/laprensacristiana.com\/?p=17840","og_locale":"es_ES","og_type":"article","og_title":"Pedro Reyes lanza nueva canci\u00f3n: \"Gracias\" - La Prensa Cristiana","og_description":"Un nuevo fruto musical que busca dar gracias y recordarnos que Dios siempre estar\u00e1 a nuestro lado, sali\u00f3 a la luz el pasado dos de agosto y su int\u00e9rprete, Pedro Reyes, comparte detalles en esta oportunidad con los lectores de La Prensa Cristiana de su nueva producci\u00f3n. La letra, seg\u00fan nos explica, se basa en [&hellip;]","og_url":"https:\/\/laprensacristiana.com\/?p=17840","og_site_name":"La Prensa Cristiana","article_published_time":"2024-08-08T16:42:47+00:00","article_modified_time":"2024-08-08T16:45:56+00:00","og_image":[{"width":1080,"height":1080,"url":"https:\/\/laprensacristiana.com\/wp-content\/uploads\/2024\/08\/WhatsApp-Image-2024-08-08-at-6.08.07-AM.jpeg","type":"image\/jpeg"}],"author":"EDITOR","twitter_card":"summary_large_image","twitter_misc":{"Escrito por":"EDITOR","Tiempo de lectura":"2 minutos"},"schema":{"@context":"https:\/\/schema.org","@graph":[{"@type":"WebPage","@id":"https:\/\/laprensacristiana.com\/?p=17840","url":"https:\/\/laprensacristiana.com\/?p=17840","name":"Pedro Reyes lanza nueva canci\u00f3n: \"Gracias\" - La Prensa Cristiana","isPartOf":{"@id":"https:\/\/laprensacristiana.com\/#website"},"datePublished":"2024-08-08T16:42:47+00:00","dateModified":"2024-08-08T16:45:56+00:00","author":{"@id":"https:\/\/laprensacristiana.com\/#\/schema\/person\/3e7d82c6bfd6b1fa67010f8f7cd5256e"},"breadcrumb":{"@id":"https:\/\/laprensacristiana.com\/?p=17840#breadcrumb"},"inLanguage":"es","potentialAction":[{"@type":"ReadAction","target":["https:\/\/laprensacristiana.com\/?p=17840"]}]},{"@type":"BreadcrumbList","@id":"https:\/\/laprensacristiana.com\/?p=17840#breadcrumb","itemListElement":[{"@type":"ListItem","position":1,"name":"Portada","item":"https:\/\/laprensacristiana.com\/"},{"@type":"ListItem","position":2,"name":"Pedro Reyes lanza nueva canci\u00f3n: \u00abGracias\u00bb"}]},{"@type":"WebSite","@id":"https:\/\/laprensacristiana.com\/#website","url":"https:\/\/laprensacristiana.com\/","name":"La Prensa Cristiana","description":"Anunciando Las Buenas Nuevas","potentialAction":[{"@type":"SearchAction","target":{"@type":"EntryPoint","urlTemplate":"https:\/\/laprensacristiana.com\/?s={search_term_string}"},"query-input":"required name=search_term_string"}],"inLanguage":"es"},{"@type":"Person","@id":"https:\/\/laprensacristiana.com\/#\/schema\/person\/3e7d82c6bfd6b1fa67010f8f7cd5256e","name":"EDITOR","image":{"@type":"ImageObject","inLanguage":"es","@id":"https:\/\/laprensacristiana.com\/#\/schema\/person\/image\/","url":"https:\/\/secure.gravatar.com\/avatar\/72069dfb6c13772d9e8381e3638666d2?s=96&d=mm&r=g","contentUrl":"https:\/\/secure.gravatar.com\/avatar\/72069dfb6c13772d9e8381e3638666d2?s=96&d=mm&r=g","caption":"EDITOR"},"url":"https:\/\/laprensacristiana.com\/?author=3"}]}},"_links":{"self":[{"href":"https:\/\/laprensacristiana.com\/index.php?rest_route=\/wp\/v2\/posts\/17840"}],"collection":[{"href":"https:\/\/laprensacristiana.com\/index.php?rest_route=\/wp\/v2\/posts"}],"about":[{"href":"https:\/\/laprensacristiana.com\/index.php?rest_route=\/wp\/v2\/types\/post"}],"author":[{"embeddable":true,"href":"https:\/\/laprensacristiana.com\/index.php?rest_route=\/wp\/v2\/users\/3"}],"replies":[{"embeddable":true,"href":"https:\/\/laprensacristiana.com\/index.php?rest_route=%2Fwp%2Fv2%2Fcomments&post=17840"}],"version-history":[{"count":2,"href":"https:\/\/laprensacristiana.com\/index.php?rest_route=\/wp\/v2\/posts\/17840\/revisions"}],"predecessor-version":[{"id":17844,"href":"https:\/\/laprensacristiana.com\/index.php?rest_route=\/wp\/v2\/posts\/17840\/revisions\/17844"}],"wp:featuredmedia":[{"embeddable":true,"href":"https:\/\/laprensacristiana.com\/index.php?rest_route=\/wp\/v2\/media\/17841"}],"wp:attachment":[{"href":"https:\/\/laprensacristiana.com\/index.php?rest_route=%2Fwp%2Fv2%2Fmedia&parent=17840"}],"wp:term":[{"taxonomy":"category","embeddable":true,"href":"https:\/\/laprensacristiana.com\/index.php?rest_route=%2Fwp%2Fv2%2Fcategories&post=17840"},{"taxonomy":"post_tag","embeddable":true,"href":"https:\/\/laprensacristiana.com\/index.php?rest_route=%2Fwp%2Fv2%2Ftags&post=17840"}],"curies":[{"name":"wp","href":"https:\/\/api.w.org\/{rel}","templated":true}]}}