{"id":17973,"date":"2024-08-20T15:52:20","date_gmt":"2024-08-20T15:52:20","guid":{"rendered":"https:\/\/laprensacristiana.com\/?p=17973"},"modified":"2024-08-20T15:52:21","modified_gmt":"2024-08-20T15:52:21","slug":"realizan-congreso-para-mujeres-libre-soy","status":"publish","type":"post","link":"https:\/\/laprensacristiana.com\/?p=17973","title":{"rendered":"Realizan congreso para mujeres: \u00abLibre soy\u00bb"},"content":{"rendered":"\n<p>Un clamor y oraci\u00f3n intensa fue la que prevaleci\u00f3 el pasado s\u00e1bado 17 de agosto en el templo central del Ministerio Cana\u00e1n, durante el desarrollo del congreso para mujeres denominado \u00abLibre soy\u00bb.<\/p>\n\n\n\n<p>La pastora Patricia Rodr\u00edguez asegura que el evento fue puesto por Dios en el coraz\u00f3n del Pastor General de la iglesia, Francisco Ben\u00edtez, quien desde que lo recibi\u00f3 or\u00f3 y ayun\u00f3 junto a todos los l\u00edderes porque su realizaci\u00f3n fuera como \u00e9l la hab\u00eda planeado.<\/p>\n\n\n\n<p>Al congreso asistieron un poco m\u00e1s de 1200 mujeres de diferentes puntos del pa\u00eds, en busca de ser libres de diferentes ataduras que en medio de sus luchas a\u00fan no lograban romper.<\/p>\n\n\n\n<p>\u00abTodo tiene soluci\u00f3n, pero con Dios\u00bb. Asegur\u00f3 la pastora Rodr\u00edguez.<\/p>\n\n\n\n<figure class=\"wp-block-image size-large\"><img decoding=\"async\" loading=\"lazy\" width=\"1024\" height=\"682\" src=\"https:\/\/laprensacristiana.com\/wp-content\/uploads\/2024\/08\/WhatsApp-Image-2024-08-20-at-9.45.35-AM-1024x682.jpeg\" alt=\"\" class=\"wp-image-17975\" srcset=\"https:\/\/laprensacristiana.com\/wp-content\/uploads\/2024\/08\/WhatsApp-Image-2024-08-20-at-9.45.35-AM-1024x682.jpeg 1024w, https:\/\/laprensacristiana.com\/wp-content\/uploads\/2024\/08\/WhatsApp-Image-2024-08-20-at-9.45.35-AM-300x200.jpeg 300w, https:\/\/laprensacristiana.com\/wp-content\/uploads\/2024\/08\/WhatsApp-Image-2024-08-20-at-9.45.35-AM-768x512.jpeg 768w, https:\/\/laprensacristiana.com\/wp-content\/uploads\/2024\/08\/WhatsApp-Image-2024-08-20-at-9.45.35-AM-1536x1023.jpeg 1536w, https:\/\/laprensacristiana.com\/wp-content\/uploads\/2024\/08\/WhatsApp-Image-2024-08-20-at-9.45.35-AM-696x464.jpeg 696w, https:\/\/laprensacristiana.com\/wp-content\/uploads\/2024\/08\/WhatsApp-Image-2024-08-20-at-9.45.35-AM-1068x712.jpeg 1068w, https:\/\/laprensacristiana.com\/wp-content\/uploads\/2024\/08\/WhatsApp-Image-2024-08-20-at-9.45.35-AM-600x400.jpeg 600w, https:\/\/laprensacristiana.com\/wp-content\/uploads\/2024\/08\/WhatsApp-Image-2024-08-20-at-9.45.35-AM.jpeg 1600w\" sizes=\"(max-width: 1024px) 100vw, 1024px\" \/><\/figure>\n\n\n\n<p>\u00abNosotros buscamos la soluci\u00f3n y siempre nos decepcionamos y entristecemos porque terminamos confiando en nosotros mismos, cuando tenemos ataduras que luego nos devuelven con ataques m\u00e1s fuertes\u00bb.<\/p>\n\n\n\n<p>Lo importante es que le creamos a Dios, tenerle paciencia, ya que los milagros no son como el mundo nos ha ense\u00f1ado\u00bb.<\/p>\n\n\n\n<p>Indiscutiblemente, la presencia de Dios estuvo en el evento y permiti\u00f3 que la pastora invitada Johenny M\u00e9ndez de iglesia \u00abAguas Vivas, Centro Familiar de Adoraci\u00f3n\u00bb, de Atlanta, Georgia, Estados Unidos emplazara a las mujeres asistentes que junto a sus esposos cuentan con un ministerio pastoral.<\/p>\n\n\n\n<figure class=\"wp-block-image size-large\"><img decoding=\"async\" loading=\"lazy\" width=\"1024\" height=\"682\" src=\"https:\/\/laprensacristiana.com\/wp-content\/uploads\/2024\/08\/WhatsApp-Image-2024-08-20-at-9.45.36-AM-1-1024x682.jpeg\" alt=\"\" class=\"wp-image-17976\" srcset=\"https:\/\/laprensacristiana.com\/wp-content\/uploads\/2024\/08\/WhatsApp-Image-2024-08-20-at-9.45.36-AM-1-1024x682.jpeg 1024w, https:\/\/laprensacristiana.com\/wp-content\/uploads\/2024\/08\/WhatsApp-Image-2024-08-20-at-9.45.36-AM-1-300x200.jpeg 300w, https:\/\/laprensacristiana.com\/wp-content\/uploads\/2024\/08\/WhatsApp-Image-2024-08-20-at-9.45.36-AM-1-768x512.jpeg 768w, https:\/\/laprensacristiana.com\/wp-content\/uploads\/2024\/08\/WhatsApp-Image-2024-08-20-at-9.45.36-AM-1-1536x1023.jpeg 1536w, https:\/\/laprensacristiana.com\/wp-content\/uploads\/2024\/08\/WhatsApp-Image-2024-08-20-at-9.45.36-AM-1-696x464.jpeg 696w, https:\/\/laprensacristiana.com\/wp-content\/uploads\/2024\/08\/WhatsApp-Image-2024-08-20-at-9.45.36-AM-1-1068x712.jpeg 1068w, https:\/\/laprensacristiana.com\/wp-content\/uploads\/2024\/08\/WhatsApp-Image-2024-08-20-at-9.45.36-AM-1-600x400.jpeg 600w, https:\/\/laprensacristiana.com\/wp-content\/uploads\/2024\/08\/WhatsApp-Image-2024-08-20-at-9.45.36-AM-1.jpeg 1600w\" sizes=\"(max-width: 1024px) 100vw, 1024px\" \/><\/figure>\n\n\n\n<p>\u00abHay mujeres que han abandonado su ministerio, la espada que \u00e9l les entreg\u00f3 y han ca\u00eddo en el conformismo\u00bb.<\/p>\n\n\n\n<p>Durante su intervenci\u00f3n, la pastora M\u00e9ndez se\u00f1al\u00f3: \u00abMuchas mujeres han enfrentado menos precio y acumulado amargura por lo que tienen un coraz\u00f3n encorvado, pero Dios viene hoy a enderezarte, adem\u00e1s de desprenderte lo que no te favorece\u00bb. La pastora les dijo que lo que ellas tienen dentro muchas otras mujeres anhelan tener, pero no saben c\u00f3mo encontrarlo.<\/p>\n\n\n\n<p>A su alrededor hay quienes est\u00e1n atentos y se fijan como toman su espada y contin\u00faan caminando, porque sigues a un Dios, no a un hombre\u2026 Les record\u00f3 que ellas no son de las que retroceden, sino de las que se mantienen, porque han creado en un Dios que hace justicia y les dar\u00e1 la victoria.<\/p>\n\n\n\n<figure class=\"wp-block-gallery has-nested-images columns-default is-cropped wp-block-gallery-1 is-layout-flex\">\n<figure class=\"wp-block-image size-large\"><img decoding=\"async\" loading=\"lazy\" width=\"1024\" height=\"682\" data-id=\"17977\"  src=\"https:\/\/laprensacristiana.com\/wp-content\/uploads\/2024\/08\/WhatsApp-Image-2024-08-20-at-9.45.36-AM-2-1024x682.jpeg\" alt=\"\" class=\"wp-image-17977\" srcset=\"https:\/\/laprensacristiana.com\/wp-content\/uploads\/2024\/08\/WhatsApp-Image-2024-08-20-at-9.45.36-AM-2-1024x682.jpeg 1024w, https:\/\/laprensacristiana.com\/wp-content\/uploads\/2024\/08\/WhatsApp-Image-2024-08-20-at-9.45.36-AM-2-300x200.jpeg 300w, https:\/\/laprensacristiana.com\/wp-content\/uploads\/2024\/08\/WhatsApp-Image-2024-08-20-at-9.45.36-AM-2-768x512.jpeg 768w, https:\/\/laprensacristiana.com\/wp-content\/uploads\/2024\/08\/WhatsApp-Image-2024-08-20-at-9.45.36-AM-2-1536x1023.jpeg 1536w, https:\/\/laprensacristiana.com\/wp-content\/uploads\/2024\/08\/WhatsApp-Image-2024-08-20-at-9.45.36-AM-2-696x464.jpeg 696w, https:\/\/laprensacristiana.com\/wp-content\/uploads\/2024\/08\/WhatsApp-Image-2024-08-20-at-9.45.36-AM-2-1068x712.jpeg 1068w, https:\/\/laprensacristiana.com\/wp-content\/uploads\/2024\/08\/WhatsApp-Image-2024-08-20-at-9.45.36-AM-2-600x400.jpeg 600w, https:\/\/laprensacristiana.com\/wp-content\/uploads\/2024\/08\/WhatsApp-Image-2024-08-20-at-9.45.36-AM-2.jpeg 1600w\" sizes=\"(max-width: 1024px) 100vw, 1024px\" \/><\/figure>\n\n\n\n<figure class=\"wp-block-image size-large\"><img decoding=\"async\" loading=\"lazy\" width=\"1024\" height=\"682\" data-id=\"17978\"  src=\"https:\/\/laprensacristiana.com\/wp-content\/uploads\/2024\/08\/WhatsApp-Image-2024-08-20-at-9.45.36-AM-3-1024x682.jpeg\" alt=\"\" class=\"wp-image-17978\" srcset=\"https:\/\/laprensacristiana.com\/wp-content\/uploads\/2024\/08\/WhatsApp-Image-2024-08-20-at-9.45.36-AM-3-1024x682.jpeg 1024w, https:\/\/laprensacristiana.com\/wp-content\/uploads\/2024\/08\/WhatsApp-Image-2024-08-20-at-9.45.36-AM-3-300x200.jpeg 300w, https:\/\/laprensacristiana.com\/wp-content\/uploads\/2024\/08\/WhatsApp-Image-2024-08-20-at-9.45.36-AM-3-768x512.jpeg 768w, https:\/\/laprensacristiana.com\/wp-content\/uploads\/2024\/08\/WhatsApp-Image-2024-08-20-at-9.45.36-AM-3-1536x1023.jpeg 1536w, https:\/\/laprensacristiana.com\/wp-content\/uploads\/2024\/08\/WhatsApp-Image-2024-08-20-at-9.45.36-AM-3-696x464.jpeg 696w, https:\/\/laprensacristiana.com\/wp-content\/uploads\/2024\/08\/WhatsApp-Image-2024-08-20-at-9.45.36-AM-3-1068x712.jpeg 1068w, https:\/\/laprensacristiana.com\/wp-content\/uploads\/2024\/08\/WhatsApp-Image-2024-08-20-at-9.45.36-AM-3-600x400.jpeg 600w, https:\/\/laprensacristiana.com\/wp-content\/uploads\/2024\/08\/WhatsApp-Image-2024-08-20-at-9.45.36-AM-3.jpeg 1600w\" sizes=\"(max-width: 1024px) 100vw, 1024px\" \/><\/figure>\n\n\n\n<figure class=\"wp-block-image size-large\"><img decoding=\"async\" loading=\"lazy\" width=\"1024\" height=\"682\" data-id=\"17979\"  src=\"https:\/\/laprensacristiana.com\/wp-content\/uploads\/2024\/08\/WhatsApp-Image-2024-08-20-at-9.45.36-AM-4-1024x682.jpeg\" alt=\"\" class=\"wp-image-17979\" srcset=\"https:\/\/laprensacristiana.com\/wp-content\/uploads\/2024\/08\/WhatsApp-Image-2024-08-20-at-9.45.36-AM-4-1024x682.jpeg 1024w, https:\/\/laprensacristiana.com\/wp-content\/uploads\/2024\/08\/WhatsApp-Image-2024-08-20-at-9.45.36-AM-4-300x200.jpeg 300w, https:\/\/laprensacristiana.com\/wp-content\/uploads\/2024\/08\/WhatsApp-Image-2024-08-20-at-9.45.36-AM-4-768x512.jpeg 768w, https:\/\/laprensacristiana.com\/wp-content\/uploads\/2024\/08\/WhatsApp-Image-2024-08-20-at-9.45.36-AM-4-1536x1023.jpeg 1536w, https:\/\/laprensacristiana.com\/wp-content\/uploads\/2024\/08\/WhatsApp-Image-2024-08-20-at-9.45.36-AM-4-696x464.jpeg 696w, https:\/\/laprensacristiana.com\/wp-content\/uploads\/2024\/08\/WhatsApp-Image-2024-08-20-at-9.45.36-AM-4-1068x712.jpeg 1068w, https:\/\/laprensacristiana.com\/wp-content\/uploads\/2024\/08\/WhatsApp-Image-2024-08-20-at-9.45.36-AM-4-600x400.jpeg 600w, https:\/\/laprensacristiana.com\/wp-content\/uploads\/2024\/08\/WhatsApp-Image-2024-08-20-at-9.45.36-AM-4.jpeg 1600w\" sizes=\"(max-width: 1024px) 100vw, 1024px\" \/><\/figure>\n<\/figure>\n\n\n\n<p>El congreso concluy\u00f3 con una serie de testimonios, en los que las mujeres participantes dieron a conocer lo que Dios les revel\u00f3 y c\u00f3mo se les manifest\u00f3 para ser libres de sus ataduras.<\/p>\n\n\n\n<p><\/p>\n","protected":false},"excerpt":{"rendered":"<p>Un clamor y oraci\u00f3n intensa fue la que prevaleci\u00f3 el pasado s\u00e1bado 17 de agosto en el templo central del Ministerio Cana\u00e1n, durante el desarrollo del congreso para mujeres denominado \u00abLibre soy\u00bb. La pastora Patricia Rodr\u00edguez asegura que el evento fue puesto por Dios en el coraz\u00f3n del Pastor General de la iglesia, Francisco Ben\u00edtez, [&hellip;]<\/p>\n","protected":false},"author":3,"featured_media":17974,"comment_status":"open","ping_status":"open","sticky":false,"template":"","format":"standard","meta":[],"categories":[1],"tags":[],"yoast_head":"<!-- This site is optimized with the Yoast SEO plugin v20.8 - https:\/\/yoast.com\/wordpress\/plugins\/seo\/ -->\n<title>Realizan congreso para mujeres: &quot;Libre soy&quot; - La Prensa Cristiana<\/title>\n<meta name=\"robots\" content=\"index, follow, max-snippet:-1, max-image-preview:large, max-video-preview:-1\" \/>\n<link rel=\"canonical\" href=\"https:\/\/laprensacristiana.com\/?p=17973\" \/>\n<meta property=\"og:locale\" content=\"es_ES\" \/>\n<meta property=\"og:type\" content=\"article\" \/>\n<meta property=\"og:title\" content=\"Realizan congreso para mujeres: &quot;Libre soy&quot; - La Prensa Cristiana\" \/>\n<meta property=\"og:description\" content=\"Un clamor y oraci\u00f3n intensa fue la que prevaleci\u00f3 el pasado s\u00e1bado 17 de agosto en el templo central del Ministerio Cana\u00e1n, durante el desarrollo del congreso para mujeres denominado \u00abLibre soy\u00bb. La pastora Patricia Rodr\u00edguez asegura que el evento fue puesto por Dios en el coraz\u00f3n del Pastor General de la iglesia, Francisco Ben\u00edtez, [&hellip;]\" \/>\n<meta property=\"og:url\" content=\"https:\/\/laprensacristiana.com\/?p=17973\" \/>\n<meta property=\"og:site_name\" content=\"La Prensa Cristiana\" \/>\n<meta property=\"article:published_time\" content=\"2024-08-20T15:52:20+00:00\" \/>\n<meta property=\"article:modified_time\" content=\"2024-08-20T15:52:21+00:00\" \/>\n<meta property=\"og:image\" content=\"https:\/\/laprensacristiana.com\/wp-content\/uploads\/2024\/08\/WhatsApp-Image-2024-08-20-at-9.44.04-AM.jpeg\" \/>\n\t<meta property=\"og:image:width\" content=\"1600\" \/>\n\t<meta property=\"og:image:height\" content=\"1066\" \/>\n\t<meta property=\"og:image:type\" content=\"image\/jpeg\" \/>\n<meta name=\"author\" content=\"EDITOR\" \/>\n<meta name=\"twitter:card\" content=\"summary_large_image\" \/>\n<meta name=\"twitter:label1\" content=\"Escrito por\" \/>\n\t<meta name=\"twitter:data1\" content=\"EDITOR\" \/>\n\t<meta name=\"twitter:label2\" content=\"Tiempo de lectura\" \/>\n\t<meta name=\"twitter:data2\" content=\"3 minutos\" \/>\n<script type=\"application\/ld+json\" class=\"yoast-schema-graph\">{\"@context\":\"https:\/\/schema.org\",\"@graph\":[{\"@type\":\"WebPage\",\"@id\":\"https:\/\/laprensacristiana.com\/?p=17973\",\"url\":\"https:\/\/laprensacristiana.com\/?p=17973\",\"name\":\"Realizan congreso para mujeres: \\\"Libre soy\\\" - La Prensa Cristiana\",\"isPartOf\":{\"@id\":\"https:\/\/laprensacristiana.com\/#website\"},\"datePublished\":\"2024-08-20T15:52:20+00:00\",\"dateModified\":\"2024-08-20T15:52:21+00:00\",\"author\":{\"@id\":\"https:\/\/laprensacristiana.com\/#\/schema\/person\/3e7d82c6bfd6b1fa67010f8f7cd5256e\"},\"breadcrumb\":{\"@id\":\"https:\/\/laprensacristiana.com\/?p=17973#breadcrumb\"},\"inLanguage\":\"es\",\"potentialAction\":[{\"@type\":\"ReadAction\",\"target\":[\"https:\/\/laprensacristiana.com\/?p=17973\"]}]},{\"@type\":\"BreadcrumbList\",\"@id\":\"https:\/\/laprensacristiana.com\/?p=17973#breadcrumb\",\"itemListElement\":[{\"@type\":\"ListItem\",\"position\":1,\"name\":\"Portada\",\"item\":\"https:\/\/laprensacristiana.com\/\"},{\"@type\":\"ListItem\",\"position\":2,\"name\":\"Realizan congreso para mujeres: \u00abLibre soy\u00bb\"}]},{\"@type\":\"WebSite\",\"@id\":\"https:\/\/laprensacristiana.com\/#website\",\"url\":\"https:\/\/laprensacristiana.com\/\",\"name\":\"La Prensa Cristiana\",\"description\":\"Anunciando Las Buenas Nuevas\",\"potentialAction\":[{\"@type\":\"SearchAction\",\"target\":{\"@type\":\"EntryPoint\",\"urlTemplate\":\"https:\/\/laprensacristiana.com\/?s={search_term_string}\"},\"query-input\":\"required name=search_term_string\"}],\"inLanguage\":\"es\"},{\"@type\":\"Person\",\"@id\":\"https:\/\/laprensacristiana.com\/#\/schema\/person\/3e7d82c6bfd6b1fa67010f8f7cd5256e\",\"name\":\"EDITOR\",\"image\":{\"@type\":\"ImageObject\",\"inLanguage\":\"es\",\"@id\":\"https:\/\/laprensacristiana.com\/#\/schema\/person\/image\/\",\"url\":\"https:\/\/secure.gravatar.com\/avatar\/72069dfb6c13772d9e8381e3638666d2?s=96&d=mm&r=g\",\"contentUrl\":\"https:\/\/secure.gravatar.com\/avatar\/72069dfb6c13772d9e8381e3638666d2?s=96&d=mm&r=g\",\"caption\":\"EDITOR\"},\"url\":\"https:\/\/laprensacristiana.com\/?author=3\"}]}<\/script>\n<!-- \/ Yoast SEO plugin. -->","yoast_head_json":{"title":"Realizan congreso para mujeres: \"Libre soy\" - La Prensa Cristiana","robots":{"index":"index","follow":"follow","max-snippet":"max-snippet:-1","max-image-preview":"max-image-preview:large","max-video-preview":"max-video-preview:-1"},"canonical":"https:\/\/laprensacristiana.com\/?p=17973","og_locale":"es_ES","og_type":"article","og_title":"Realizan congreso para mujeres: \"Libre soy\" - La Prensa Cristiana","og_description":"Un clamor y oraci\u00f3n intensa fue la que prevaleci\u00f3 el pasado s\u00e1bado 17 de agosto en el templo central del Ministerio Cana\u00e1n, durante el desarrollo del congreso para mujeres denominado \u00abLibre soy\u00bb. La pastora Patricia Rodr\u00edguez asegura que el evento fue puesto por Dios en el coraz\u00f3n del Pastor General de la iglesia, Francisco Ben\u00edtez, [&hellip;]","og_url":"https:\/\/laprensacristiana.com\/?p=17973","og_site_name":"La Prensa Cristiana","article_published_time":"2024-08-20T15:52:20+00:00","article_modified_time":"2024-08-20T15:52:21+00:00","og_image":[{"width":1600,"height":1066,"url":"https:\/\/laprensacristiana.com\/wp-content\/uploads\/2024\/08\/WhatsApp-Image-2024-08-20-at-9.44.04-AM.jpeg","type":"image\/jpeg"}],"author":"EDITOR","twitter_card":"summary_large_image","twitter_misc":{"Escrito por":"EDITOR","Tiempo de lectura":"3 minutos"},"schema":{"@context":"https:\/\/schema.org","@graph":[{"@type":"WebPage","@id":"https:\/\/laprensacristiana.com\/?p=17973","url":"https:\/\/laprensacristiana.com\/?p=17973","name":"Realizan congreso para mujeres: \"Libre soy\" - La Prensa Cristiana","isPartOf":{"@id":"https:\/\/laprensacristiana.com\/#website"},"datePublished":"2024-08-20T15:52:20+00:00","dateModified":"2024-08-20T15:52:21+00:00","author":{"@id":"https:\/\/laprensacristiana.com\/#\/schema\/person\/3e7d82c6bfd6b1fa67010f8f7cd5256e"},"breadcrumb":{"@id":"https:\/\/laprensacristiana.com\/?p=17973#breadcrumb"},"inLanguage":"es","potentialAction":[{"@type":"ReadAction","target":["https:\/\/laprensacristiana.com\/?p=17973"]}]},{"@type":"BreadcrumbList","@id":"https:\/\/laprensacristiana.com\/?p=17973#breadcrumb","itemListElement":[{"@type":"ListItem","position":1,"name":"Portada","item":"https:\/\/laprensacristiana.com\/"},{"@type":"ListItem","position":2,"name":"Realizan congreso para mujeres: \u00abLibre soy\u00bb"}]},{"@type":"WebSite","@id":"https:\/\/laprensacristiana.com\/#website","url":"https:\/\/laprensacristiana.com\/","name":"La Prensa Cristiana","description":"Anunciando Las Buenas Nuevas","potentialAction":[{"@type":"SearchAction","target":{"@type":"EntryPoint","urlTemplate":"https:\/\/laprensacristiana.com\/?s={search_term_string}"},"query-input":"required name=search_term_string"}],"inLanguage":"es"},{"@type":"Person","@id":"https:\/\/laprensacristiana.com\/#\/schema\/person\/3e7d82c6bfd6b1fa67010f8f7cd5256e","name":"EDITOR","image":{"@type":"ImageObject","inLanguage":"es","@id":"https:\/\/laprensacristiana.com\/#\/schema\/person\/image\/","url":"https:\/\/secure.gravatar.com\/avatar\/72069dfb6c13772d9e8381e3638666d2?s=96&d=mm&r=g","contentUrl":"https:\/\/secure.gravatar.com\/avatar\/72069dfb6c13772d9e8381e3638666d2?s=96&d=mm&r=g","caption":"EDITOR"},"url":"https:\/\/laprensacristiana.com\/?author=3"}]}},"_links":{"self":[{"href":"https:\/\/laprensacristiana.com\/index.php?rest_route=\/wp\/v2\/posts\/17973"}],"collection":[{"href":"https:\/\/laprensacristiana.com\/index.php?rest_route=\/wp\/v2\/posts"}],"about":[{"href":"https:\/\/laprensacristiana.com\/index.php?rest_route=\/wp\/v2\/types\/post"}],"author":[{"embeddable":true,"href":"https:\/\/laprensacristiana.com\/index.php?rest_route=\/wp\/v2\/users\/3"}],"replies":[{"embeddable":true,"href":"https:\/\/laprensacristiana.com\/index.php?rest_route=%2Fwp%2Fv2%2Fcomments&post=17973"}],"version-history":[{"count":1,"href":"https:\/\/laprensacristiana.com\/index.php?rest_route=\/wp\/v2\/posts\/17973\/revisions"}],"predecessor-version":[{"id":17980,"href":"https:\/\/laprensacristiana.com\/index.php?rest_route=\/wp\/v2\/posts\/17973\/revisions\/17980"}],"wp:featuredmedia":[{"embeddable":true,"href":"https:\/\/laprensacristiana.com\/index.php?rest_route=\/wp\/v2\/media\/17974"}],"wp:attachment":[{"href":"https:\/\/laprensacristiana.com\/index.php?rest_route=%2Fwp%2Fv2%2Fmedia&parent=17973"}],"wp:term":[{"taxonomy":"category","embeddable":true,"href":"https:\/\/laprensacristiana.com\/index.php?rest_route=%2Fwp%2Fv2%2Fcategories&post=17973"},{"taxonomy":"post_tag","embeddable":true,"href":"https:\/\/laprensacristiana.com\/index.php?rest_route=%2Fwp%2Fv2%2Ftags&post=17973"}],"curies":[{"name":"wp","href":"https:\/\/api.w.org\/{rel}","templated":true}]}}