{"id":1810,"date":"2016-11-01T14:56:21","date_gmt":"2016-11-01T14:56:21","guid":{"rendered":"https:\/\/laprensacristiana.com\/?p=1810"},"modified":"2020-07-02T01:33:37","modified_gmt":"2020-07-02T01:33:37","slug":"la-uees-celebro-el-dia-nacional-de-la-iglesia-evangelica-salvadorena","status":"publish","type":"post","link":"https:\/\/laprensacristiana.com\/?p=1810","title":{"rendered":"La UEES celebr\u00f3 el D\u00eda Nacional de la Iglesia Evang\u00e9lica Salvadore\u00f1a"},"content":{"rendered":"<p>En el marco del D\u00eda Nacional de la Iglesia Evang\u00e9lica Salvadore\u00f1a, la Universidad Evang\u00e9lica de El Salvador (UEES), realizo un acto en conmemoraci\u00f3n de dicha celebraci\u00f3n.<\/p>\n<p><img decoding=\"async\" loading=\"lazy\" class=\"alignnone size-medium wp-image-1813\" src=\"https:\/\/laprensacristiana.com\/wp-content\/uploads\/2016\/11\/dianacional4-300x200.jpg\" alt=\"dianacional4\" width=\"300\" height=\"200\" srcset=\"https:\/\/laprensacristiana.com\/wp-content\/uploads\/2016\/11\/dianacional4-300x200.jpg 300w, https:\/\/laprensacristiana.com\/wp-content\/uploads\/2016\/11\/dianacional4-600x400.jpg 600w, https:\/\/laprensacristiana.com\/wp-content\/uploads\/2016\/11\/dianacional4-768x512.jpg 768w, https:\/\/laprensacristiana.com\/wp-content\/uploads\/2016\/11\/dianacional4-1024x683.jpg 1024w, https:\/\/laprensacristiana.com\/wp-content\/uploads\/2016\/11\/dianacional4-696x464.jpg 696w, https:\/\/laprensacristiana.com\/wp-content\/uploads\/2016\/11\/dianacional4-1068x712.jpg 1068w, https:\/\/laprensacristiana.com\/wp-content\/uploads\/2016\/11\/dianacional4-630x420.jpg 630w\" sizes=\"(max-width: 300px) 100vw, 300px\" \/><\/p>\n<p>Al evento asistieron pastores que forman parte de las principales iglesias evang\u00e9licas del pa\u00eds, alumnos de colegios cristianos y estudiantes de la UEES. Entre los pastores que abonaron a la celebraci\u00f3n y conmemoraci\u00f3n de la reforma que cumple 499 a\u00f1os, estuvieron, el Pastor Oscar Duran, Dr. Mauricio Navas, Pastor David Pino, entre otros.<\/p>\n<p>Los ponentes hablaron sobre la creaci\u00f3n del decreto, su aprobaci\u00f3n, los beneficios y el crecimiento que este ha tra\u00eddo a las iglesias evang\u00e9licas, adem\u00e1s expusieron sobre los principios del evangelio en El Salvador.<\/p>\n<p>La adoraci\u00f3n por medio de la alabanza estuvo a cargo de la salmista Gabby Chac\u00f3n y vocalista de Radicales 51, Pablo Rosales.<\/p>\n<p><img decoding=\"async\" loading=\"lazy\" class=\"alignnone wp-image-1814\" src=\"https:\/\/laprensacristiana.com\/wp-content\/uploads\/2016\/11\/dianacional8-1-300x200.jpg\" alt=\"dianacional8\" width=\"242\" height=\"161\" srcset=\"https:\/\/laprensacristiana.com\/wp-content\/uploads\/2016\/11\/dianacional8-1-300x200.jpg 300w, https:\/\/laprensacristiana.com\/wp-content\/uploads\/2016\/11\/dianacional8-1-600x400.jpg 600w, https:\/\/laprensacristiana.com\/wp-content\/uploads\/2016\/11\/dianacional8-1-768x512.jpg 768w, https:\/\/laprensacristiana.com\/wp-content\/uploads\/2016\/11\/dianacional8-1-1024x683.jpg 1024w, https:\/\/laprensacristiana.com\/wp-content\/uploads\/2016\/11\/dianacional8-1-696x464.jpg 696w, https:\/\/laprensacristiana.com\/wp-content\/uploads\/2016\/11\/dianacional8-1-1068x712.jpg 1068w, https:\/\/laprensacristiana.com\/wp-content\/uploads\/2016\/11\/dianacional8-1-630x420.jpg 630w\" sizes=\"(max-width: 242px) 100vw, 242px\" \/><img decoding=\"async\" loading=\"lazy\" class=\"wp-image-1815 alignnone\" src=\"https:\/\/laprensacristiana.com\/wp-content\/uploads\/2016\/11\/dianacional5-300x200.jpg\" alt=\"dianacional5\" width=\"242\" height=\"161\" srcset=\"https:\/\/laprensacristiana.com\/wp-content\/uploads\/2016\/11\/dianacional5-300x200.jpg 300w, https:\/\/laprensacristiana.com\/wp-content\/uploads\/2016\/11\/dianacional5-600x400.jpg 600w, https:\/\/laprensacristiana.com\/wp-content\/uploads\/2016\/11\/dianacional5-768x512.jpg 768w, https:\/\/laprensacristiana.com\/wp-content\/uploads\/2016\/11\/dianacional5-1024x683.jpg 1024w, https:\/\/laprensacristiana.com\/wp-content\/uploads\/2016\/11\/dianacional5-696x464.jpg 696w, https:\/\/laprensacristiana.com\/wp-content\/uploads\/2016\/11\/dianacional5-1068x712.jpg 1068w, https:\/\/laprensacristiana.com\/wp-content\/uploads\/2016\/11\/dianacional5-630x420.jpg 630w\" sizes=\"(max-width: 242px) 100vw, 242px\" \/><\/p>\n<p>El rector de la UEES, Licenciado Cesar Quinteros expreso su sentir acerca del evento \u201cestamos muy felices como universidad, haber propiciado el lugar para poder reunirnos y festejar el D\u00eda nacional de la Iglesia Evang\u00e9lica de El Salvador\u201d.<\/p>\n<p>La celebraci\u00f3n termino con una oraci\u00f3n dirigida por el Dr. Mauricio Navas, quien adem\u00e1s se mostr\u00f3 muy contento por la reforma que se aprob\u00f3 para la celebraci\u00f3n del D\u00eda Nacional de la Iglesia Evang\u00e9lica Salvadore\u00f1a \u201cse vuelve un desaf\u00edo a fin de que la iglesia pueda cumplir a toda cabalidad el papel que le ha sido encomendada, el papel de influir en las naciones de tal manera que las mismas vengan a convertirse a disc\u00edpulos del Se\u00f1or Jesucristo\u201d.<\/p>\n<p><img decoding=\"async\" loading=\"lazy\" class=\"alignnone size-medium wp-image-1816\" src=\"https:\/\/laprensacristiana.com\/wp-content\/uploads\/2016\/11\/dianacional6-300x200.jpg\" alt=\"dianacional6\" width=\"300\" height=\"200\" srcset=\"https:\/\/laprensacristiana.com\/wp-content\/uploads\/2016\/11\/dianacional6-300x200.jpg 300w, https:\/\/laprensacristiana.com\/wp-content\/uploads\/2016\/11\/dianacional6-600x400.jpg 600w, https:\/\/laprensacristiana.com\/wp-content\/uploads\/2016\/11\/dianacional6-768x512.jpg 768w, https:\/\/laprensacristiana.com\/wp-content\/uploads\/2016\/11\/dianacional6-1024x683.jpg 1024w, https:\/\/laprensacristiana.com\/wp-content\/uploads\/2016\/11\/dianacional6-696x464.jpg 696w, https:\/\/laprensacristiana.com\/wp-content\/uploads\/2016\/11\/dianacional6-1068x712.jpg 1068w, https:\/\/laprensacristiana.com\/wp-content\/uploads\/2016\/11\/dianacional6-630x420.jpg 630w\" sizes=\"(max-width: 300px) 100vw, 300px\" \/><\/p>\n","protected":false},"excerpt":{"rendered":"<p>En el marco del D\u00eda Nacional de la Iglesia Evang\u00e9lica Salvadore\u00f1a, la Universidad Evang\u00e9lica de El Salvador (UEES), realizo un acto en conmemoraci\u00f3n de dicha celebraci\u00f3n. Al evento asistieron pastores que forman parte de las principales iglesias evang\u00e9licas del pa\u00eds, alumnos de colegios cristianos y estudiantes de la UEES. Entre los pastores que abonaron a [&hellip;]<\/p>\n","protected":false},"author":3,"featured_media":1812,"comment_status":"open","ping_status":"open","sticky":false,"template":"","format":"standard","meta":[],"categories":[56],"tags":[],"yoast_head":"<!-- This site is optimized with the Yoast SEO plugin v20.8 - https:\/\/yoast.com\/wordpress\/plugins\/seo\/ -->\n<title>La UEES celebr\u00f3 el D\u00eda Nacional de la Iglesia Evang\u00e9lica Salvadore\u00f1a - La Prensa Cristiana<\/title>\n<meta name=\"robots\" content=\"index, follow, max-snippet:-1, max-image-preview:large, max-video-preview:-1\" \/>\n<link rel=\"canonical\" href=\"https:\/\/laprensacristiana.com\/?p=1810\" \/>\n<meta property=\"og:locale\" content=\"es_ES\" \/>\n<meta property=\"og:type\" content=\"article\" \/>\n<meta property=\"og:title\" content=\"La UEES celebr\u00f3 el D\u00eda Nacional de la Iglesia Evang\u00e9lica Salvadore\u00f1a - La Prensa Cristiana\" \/>\n<meta property=\"og:description\" content=\"En el marco del D\u00eda Nacional de la Iglesia Evang\u00e9lica Salvadore\u00f1a, la Universidad Evang\u00e9lica de El Salvador (UEES), realizo un acto en conmemoraci\u00f3n de dicha celebraci\u00f3n. Al evento asistieron pastores que forman parte de las principales iglesias evang\u00e9licas del pa\u00eds, alumnos de colegios cristianos y estudiantes de la UEES. Entre los pastores que abonaron a [&hellip;]\" \/>\n<meta property=\"og:url\" content=\"https:\/\/laprensacristiana.com\/?p=1810\" \/>\n<meta property=\"og:site_name\" content=\"La Prensa Cristiana\" \/>\n<meta property=\"article:published_time\" content=\"2016-11-01T14:56:21+00:00\" \/>\n<meta property=\"article:modified_time\" content=\"2020-07-02T01:33:37+00:00\" \/>\n<meta property=\"og:image\" content=\"https:\/\/laprensacristiana.com\/wp-content\/uploads\/2016\/11\/dianacional9-scaled.jpg\" \/>\n\t<meta property=\"og:image:width\" content=\"2560\" \/>\n\t<meta property=\"og:image:height\" content=\"1451\" \/>\n\t<meta property=\"og:image:type\" content=\"image\/jpeg\" \/>\n<meta name=\"author\" content=\"EDITOR\" \/>\n<meta name=\"twitter:card\" content=\"summary_large_image\" \/>\n<meta name=\"twitter:label1\" content=\"Escrito por\" \/>\n\t<meta name=\"twitter:data1\" content=\"EDITOR\" \/>\n\t<meta name=\"twitter:label2\" content=\"Tiempo de lectura\" \/>\n\t<meta name=\"twitter:data2\" content=\"1 minuto\" \/>\n<script type=\"application\/ld+json\" class=\"yoast-schema-graph\">{\"@context\":\"https:\/\/schema.org\",\"@graph\":[{\"@type\":\"WebPage\",\"@id\":\"https:\/\/laprensacristiana.com\/?p=1810\",\"url\":\"https:\/\/laprensacristiana.com\/?p=1810\",\"name\":\"La UEES celebr\u00f3 el D\u00eda Nacional de la Iglesia Evang\u00e9lica Salvadore\u00f1a - La Prensa Cristiana\",\"isPartOf\":{\"@id\":\"https:\/\/laprensacristiana.com\/#website\"},\"datePublished\":\"2016-11-01T14:56:21+00:00\",\"dateModified\":\"2020-07-02T01:33:37+00:00\",\"author\":{\"@id\":\"https:\/\/laprensacristiana.com\/#\/schema\/person\/3e7d82c6bfd6b1fa67010f8f7cd5256e\"},\"breadcrumb\":{\"@id\":\"https:\/\/laprensacristiana.com\/?p=1810#breadcrumb\"},\"inLanguage\":\"es\",\"potentialAction\":[{\"@type\":\"ReadAction\",\"target\":[\"https:\/\/laprensacristiana.com\/?p=1810\"]}]},{\"@type\":\"BreadcrumbList\",\"@id\":\"https:\/\/laprensacristiana.com\/?p=1810#breadcrumb\",\"itemListElement\":[{\"@type\":\"ListItem\",\"position\":1,\"name\":\"Portada\",\"item\":\"https:\/\/laprensacristiana.com\/\"},{\"@type\":\"ListItem\",\"position\":2,\"name\":\"La UEES celebr\u00f3 el D\u00eda Nacional de la Iglesia Evang\u00e9lica Salvadore\u00f1a\"}]},{\"@type\":\"WebSite\",\"@id\":\"https:\/\/laprensacristiana.com\/#website\",\"url\":\"https:\/\/laprensacristiana.com\/\",\"name\":\"La Prensa Cristiana\",\"description\":\"Anunciando Las Buenas Nuevas\",\"potentialAction\":[{\"@type\":\"SearchAction\",\"target\":{\"@type\":\"EntryPoint\",\"urlTemplate\":\"https:\/\/laprensacristiana.com\/?s={search_term_string}\"},\"query-input\":\"required name=search_term_string\"}],\"inLanguage\":\"es\"},{\"@type\":\"Person\",\"@id\":\"https:\/\/laprensacristiana.com\/#\/schema\/person\/3e7d82c6bfd6b1fa67010f8f7cd5256e\",\"name\":\"EDITOR\",\"image\":{\"@type\":\"ImageObject\",\"inLanguage\":\"es\",\"@id\":\"https:\/\/laprensacristiana.com\/#\/schema\/person\/image\/\",\"url\":\"https:\/\/secure.gravatar.com\/avatar\/72069dfb6c13772d9e8381e3638666d2?s=96&d=mm&r=g\",\"contentUrl\":\"https:\/\/secure.gravatar.com\/avatar\/72069dfb6c13772d9e8381e3638666d2?s=96&d=mm&r=g\",\"caption\":\"EDITOR\"},\"url\":\"https:\/\/laprensacristiana.com\/?author=3\"}]}<\/script>\n<!-- \/ Yoast SEO plugin. -->","yoast_head_json":{"title":"La UEES celebr\u00f3 el D\u00eda Nacional de la Iglesia Evang\u00e9lica Salvadore\u00f1a - La Prensa Cristiana","robots":{"index":"index","follow":"follow","max-snippet":"max-snippet:-1","max-image-preview":"max-image-preview:large","max-video-preview":"max-video-preview:-1"},"canonical":"https:\/\/laprensacristiana.com\/?p=1810","og_locale":"es_ES","og_type":"article","og_title":"La UEES celebr\u00f3 el D\u00eda Nacional de la Iglesia Evang\u00e9lica Salvadore\u00f1a - La Prensa Cristiana","og_description":"En el marco del D\u00eda Nacional de la Iglesia Evang\u00e9lica Salvadore\u00f1a, la Universidad Evang\u00e9lica de El Salvador (UEES), realizo un acto en conmemoraci\u00f3n de dicha celebraci\u00f3n. Al evento asistieron pastores que forman parte de las principales iglesias evang\u00e9licas del pa\u00eds, alumnos de colegios cristianos y estudiantes de la UEES. Entre los pastores que abonaron a [&hellip;]","og_url":"https:\/\/laprensacristiana.com\/?p=1810","og_site_name":"La Prensa Cristiana","article_published_time":"2016-11-01T14:56:21+00:00","article_modified_time":"2020-07-02T01:33:37+00:00","og_image":[{"width":2560,"height":1451,"url":"https:\/\/laprensacristiana.com\/wp-content\/uploads\/2016\/11\/dianacional9-scaled.jpg","type":"image\/jpeg"}],"author":"EDITOR","twitter_card":"summary_large_image","twitter_misc":{"Escrito por":"EDITOR","Tiempo de lectura":"1 minuto"},"schema":{"@context":"https:\/\/schema.org","@graph":[{"@type":"WebPage","@id":"https:\/\/laprensacristiana.com\/?p=1810","url":"https:\/\/laprensacristiana.com\/?p=1810","name":"La UEES celebr\u00f3 el D\u00eda Nacional de la Iglesia Evang\u00e9lica Salvadore\u00f1a - La Prensa Cristiana","isPartOf":{"@id":"https:\/\/laprensacristiana.com\/#website"},"datePublished":"2016-11-01T14:56:21+00:00","dateModified":"2020-07-02T01:33:37+00:00","author":{"@id":"https:\/\/laprensacristiana.com\/#\/schema\/person\/3e7d82c6bfd6b1fa67010f8f7cd5256e"},"breadcrumb":{"@id":"https:\/\/laprensacristiana.com\/?p=1810#breadcrumb"},"inLanguage":"es","potentialAction":[{"@type":"ReadAction","target":["https:\/\/laprensacristiana.com\/?p=1810"]}]},{"@type":"BreadcrumbList","@id":"https:\/\/laprensacristiana.com\/?p=1810#breadcrumb","itemListElement":[{"@type":"ListItem","position":1,"name":"Portada","item":"https:\/\/laprensacristiana.com\/"},{"@type":"ListItem","position":2,"name":"La UEES celebr\u00f3 el D\u00eda Nacional de la Iglesia Evang\u00e9lica Salvadore\u00f1a"}]},{"@type":"WebSite","@id":"https:\/\/laprensacristiana.com\/#website","url":"https:\/\/laprensacristiana.com\/","name":"La Prensa Cristiana","description":"Anunciando Las Buenas Nuevas","potentialAction":[{"@type":"SearchAction","target":{"@type":"EntryPoint","urlTemplate":"https:\/\/laprensacristiana.com\/?s={search_term_string}"},"query-input":"required name=search_term_string"}],"inLanguage":"es"},{"@type":"Person","@id":"https:\/\/laprensacristiana.com\/#\/schema\/person\/3e7d82c6bfd6b1fa67010f8f7cd5256e","name":"EDITOR","image":{"@type":"ImageObject","inLanguage":"es","@id":"https:\/\/laprensacristiana.com\/#\/schema\/person\/image\/","url":"https:\/\/secure.gravatar.com\/avatar\/72069dfb6c13772d9e8381e3638666d2?s=96&d=mm&r=g","contentUrl":"https:\/\/secure.gravatar.com\/avatar\/72069dfb6c13772d9e8381e3638666d2?s=96&d=mm&r=g","caption":"EDITOR"},"url":"https:\/\/laprensacristiana.com\/?author=3"}]}},"_links":{"self":[{"href":"https:\/\/laprensacristiana.com\/index.php?rest_route=\/wp\/v2\/posts\/1810"}],"collection":[{"href":"https:\/\/laprensacristiana.com\/index.php?rest_route=\/wp\/v2\/posts"}],"about":[{"href":"https:\/\/laprensacristiana.com\/index.php?rest_route=\/wp\/v2\/types\/post"}],"author":[{"embeddable":true,"href":"https:\/\/laprensacristiana.com\/index.php?rest_route=\/wp\/v2\/users\/3"}],"replies":[{"embeddable":true,"href":"https:\/\/laprensacristiana.com\/index.php?rest_route=%2Fwp%2Fv2%2Fcomments&post=1810"}],"version-history":[{"count":2,"href":"https:\/\/laprensacristiana.com\/index.php?rest_route=\/wp\/v2\/posts\/1810\/revisions"}],"predecessor-version":[{"id":1818,"href":"https:\/\/laprensacristiana.com\/index.php?rest_route=\/wp\/v2\/posts\/1810\/revisions\/1818"}],"wp:featuredmedia":[{"embeddable":true,"href":"https:\/\/laprensacristiana.com\/index.php?rest_route=\/wp\/v2\/media\/1812"}],"wp:attachment":[{"href":"https:\/\/laprensacristiana.com\/index.php?rest_route=%2Fwp%2Fv2%2Fmedia&parent=1810"}],"wp:term":[{"taxonomy":"category","embeddable":true,"href":"https:\/\/laprensacristiana.com\/index.php?rest_route=%2Fwp%2Fv2%2Fcategories&post=1810"},{"taxonomy":"post_tag","embeddable":true,"href":"https:\/\/laprensacristiana.com\/index.php?rest_route=%2Fwp%2Fv2%2Ftags&post=1810"}],"curies":[{"name":"wp","href":"https:\/\/api.w.org\/{rel}","templated":true}]}}