{"id":1819,"date":"2016-11-01T16:47:42","date_gmt":"2016-11-01T16:47:42","guid":{"rendered":"https:\/\/laprensacristiana.com\/?p=1819"},"modified":"2020-07-02T01:33:21","modified_gmt":"2020-07-02T01:33:21","slug":"la-ucad-dio-tributo-a-la-iglesia-evangelica","status":"publish","type":"post","link":"https:\/\/laprensacristiana.com\/?p=1819","title":{"rendered":"La UCAD dio tributo a la Iglesia Evang\u00e9lica"},"content":{"rendered":"<p>La Universidad Cristiana de la Asambleas de Dios (UCAD), conmemoro el pasado 31 de octubre el D\u00eda nacional de la iglesia Evang\u00e9lica salvadore\u00f1a, en un acto que reuni\u00f3 a estudiantes y empleados.<\/p>\n<p><img decoding=\"async\" loading=\"lazy\" class=\"alignnone size-medium wp-image-1821\" src=\"https:\/\/laprensacristiana.com\/wp-content\/uploads\/2016\/11\/ucad3-300x200.jpg\" alt=\"ucad3\" width=\"300\" height=\"200\" srcset=\"https:\/\/laprensacristiana.com\/wp-content\/uploads\/2016\/11\/ucad3-300x200.jpg 300w, https:\/\/laprensacristiana.com\/wp-content\/uploads\/2016\/11\/ucad3-600x400.jpg 600w, https:\/\/laprensacristiana.com\/wp-content\/uploads\/2016\/11\/ucad3-768x512.jpg 768w, https:\/\/laprensacristiana.com\/wp-content\/uploads\/2016\/11\/ucad3-1024x683.jpg 1024w, https:\/\/laprensacristiana.com\/wp-content\/uploads\/2016\/11\/ucad3-696x464.jpg 696w, https:\/\/laprensacristiana.com\/wp-content\/uploads\/2016\/11\/ucad3-1068x712.jpg 1068w, https:\/\/laprensacristiana.com\/wp-content\/uploads\/2016\/11\/ucad3-630x420.jpg 630w\" sizes=\"(max-width: 300px) 100vw, 300px\" \/><\/p>\n<p>Dicha celebraci\u00f3n cont\u00f3 con una mesa de honor la cual estaba formada por el Dr. Augusto Ferrufino, rector de la universidad, el secretario general, Maestro Orlando Cambara y el decano de la facultad de teolog\u00eda, el Licenciado Carlos Carillo.<\/p>\n<p><img decoding=\"async\" loading=\"lazy\" class=\"alignnone size-medium wp-image-1822\" src=\"https:\/\/laprensacristiana.com\/wp-content\/uploads\/2016\/11\/ucad5-300x154.jpg\" alt=\"ucad5\" width=\"300\" height=\"154\" srcset=\"https:\/\/laprensacristiana.com\/wp-content\/uploads\/2016\/11\/ucad5-300x154.jpg 300w, https:\/\/laprensacristiana.com\/wp-content\/uploads\/2016\/11\/ucad5-600x309.jpg 600w, https:\/\/laprensacristiana.com\/wp-content\/uploads\/2016\/11\/ucad5-768x395.jpg 768w, https:\/\/laprensacristiana.com\/wp-content\/uploads\/2016\/11\/ucad5-1024x527.jpg 1024w, https:\/\/laprensacristiana.com\/wp-content\/uploads\/2016\/11\/ucad5-696x358.jpg 696w, https:\/\/laprensacristiana.com\/wp-content\/uploads\/2016\/11\/ucad5-1068x550.jpg 1068w, https:\/\/laprensacristiana.com\/wp-content\/uploads\/2016\/11\/ucad5-816x420.jpg 816w\" sizes=\"(max-width: 300px) 100vw, 300px\" \/><\/p>\n<p>\u201cEs un privilegio porque estamos conmemorando el quehacer de la iglesia evang\u00e9lica que ha transformado a muchas vidas y familias aqu\u00ed en El Salvador; que el decano de la facultad de teolog\u00eda en el a\u00f1o 2013 haya gestionado junto a otras organizaciones evang\u00e9licas, para que la Asamblea Legislativa aprobara este decreto, es un privilegio\u201d. Expres\u00f3 el coordinador de la facultad de Teolog\u00eda, el Licenciado Gustavo \u00c1valos.<\/p>\n<p><img decoding=\"async\" loading=\"lazy\" class=\"alignnone size-medium wp-image-1823\" src=\"https:\/\/laprensacristiana.com\/wp-content\/uploads\/2016\/11\/ucad4-300x184.jpg\" alt=\"ucad4\" width=\"300\" height=\"184\" srcset=\"https:\/\/laprensacristiana.com\/wp-content\/uploads\/2016\/11\/ucad4-300x184.jpg 300w, https:\/\/laprensacristiana.com\/wp-content\/uploads\/2016\/11\/ucad4-600x369.jpg 600w, https:\/\/laprensacristiana.com\/wp-content\/uploads\/2016\/11\/ucad4-768x472.jpg 768w, https:\/\/laprensacristiana.com\/wp-content\/uploads\/2016\/11\/ucad4-1024x630.jpg 1024w, https:\/\/laprensacristiana.com\/wp-content\/uploads\/2016\/11\/ucad4-356x220.jpg 356w, https:\/\/laprensacristiana.com\/wp-content\/uploads\/2016\/11\/ucad4-696x428.jpg 696w, https:\/\/laprensacristiana.com\/wp-content\/uploads\/2016\/11\/ucad4-1068x657.jpg 1068w, https:\/\/laprensacristiana.com\/wp-content\/uploads\/2016\/11\/ucad4-683x420.jpg 683w\" sizes=\"(max-width: 300px) 100vw, 300px\" \/><\/p>\n<p>Entre los invitados especiales que compartieron sobre la historia de la reforma protestante, pr\u00f3xima a cumplir 500 a\u00f1os, estaba el Rev. Miguel Aparicio y el Dr. Abiel Amaya, quien se enfoc\u00f3 en la historia de la Iglesia Evang\u00e9lica Salvadore\u00f1a.<\/p>\n<p>El acto culmin\u00f3 con la entrega de un reconocimiento al Dr. Oscar Duran, por el gran aporte que realiz\u00f3 al gestionar el decreto que visualiza m\u00e1s a la iglesia Evang\u00e9lica salvadore\u00f1a.<\/p>\n","protected":false},"excerpt":{"rendered":"<p>La Universidad Cristiana de la Asambleas de Dios (UCAD), conmemoro el pasado 31 de octubre el D\u00eda nacional de la iglesia Evang\u00e9lica salvadore\u00f1a, en un acto que reuni\u00f3 a estudiantes y empleados. Dicha celebraci\u00f3n cont\u00f3 con una mesa de honor la cual estaba formada por el Dr. Augusto Ferrufino, rector de la universidad, el secretario [&hellip;]<\/p>\n","protected":false},"author":3,"featured_media":1820,"comment_status":"open","ping_status":"open","sticky":false,"template":"","format":"standard","meta":[],"categories":[56],"tags":[],"yoast_head":"<!-- This site is optimized with the Yoast SEO plugin v20.8 - https:\/\/yoast.com\/wordpress\/plugins\/seo\/ -->\n<title>La UCAD dio tributo a la Iglesia Evang\u00e9lica - La Prensa Cristiana<\/title>\n<meta name=\"robots\" content=\"index, follow, max-snippet:-1, max-image-preview:large, max-video-preview:-1\" \/>\n<link rel=\"canonical\" href=\"https:\/\/laprensacristiana.com\/?p=1819\" \/>\n<meta property=\"og:locale\" content=\"es_ES\" \/>\n<meta property=\"og:type\" content=\"article\" \/>\n<meta property=\"og:title\" content=\"La UCAD dio tributo a la Iglesia Evang\u00e9lica - La Prensa Cristiana\" \/>\n<meta property=\"og:description\" content=\"La Universidad Cristiana de la Asambleas de Dios (UCAD), conmemoro el pasado 31 de octubre el D\u00eda nacional de la iglesia Evang\u00e9lica salvadore\u00f1a, en un acto que reuni\u00f3 a estudiantes y empleados. Dicha celebraci\u00f3n cont\u00f3 con una mesa de honor la cual estaba formada por el Dr. Augusto Ferrufino, rector de la universidad, el secretario [&hellip;]\" \/>\n<meta property=\"og:url\" content=\"https:\/\/laprensacristiana.com\/?p=1819\" \/>\n<meta property=\"og:site_name\" content=\"La Prensa Cristiana\" \/>\n<meta property=\"article:published_time\" content=\"2016-11-01T16:47:42+00:00\" \/>\n<meta property=\"article:modified_time\" content=\"2020-07-02T01:33:21+00:00\" \/>\n<meta property=\"og:image\" content=\"https:\/\/laprensacristiana.com\/wp-content\/uploads\/2016\/11\/ucad1-scaled.jpg\" \/>\n\t<meta property=\"og:image:width\" content=\"2560\" \/>\n\t<meta property=\"og:image:height\" content=\"1642\" \/>\n\t<meta property=\"og:image:type\" content=\"image\/jpeg\" \/>\n<meta name=\"author\" content=\"EDITOR\" \/>\n<meta name=\"twitter:card\" content=\"summary_large_image\" \/>\n<meta name=\"twitter:label1\" content=\"Escrito por\" \/>\n\t<meta name=\"twitter:data1\" content=\"EDITOR\" \/>\n\t<meta name=\"twitter:label2\" content=\"Tiempo de lectura\" \/>\n\t<meta name=\"twitter:data2\" content=\"1 minuto\" \/>\n<script type=\"application\/ld+json\" class=\"yoast-schema-graph\">{\"@context\":\"https:\/\/schema.org\",\"@graph\":[{\"@type\":\"WebPage\",\"@id\":\"https:\/\/laprensacristiana.com\/?p=1819\",\"url\":\"https:\/\/laprensacristiana.com\/?p=1819\",\"name\":\"La UCAD dio tributo a la Iglesia Evang\u00e9lica - La Prensa Cristiana\",\"isPartOf\":{\"@id\":\"https:\/\/laprensacristiana.com\/#website\"},\"datePublished\":\"2016-11-01T16:47:42+00:00\",\"dateModified\":\"2020-07-02T01:33:21+00:00\",\"author\":{\"@id\":\"https:\/\/laprensacristiana.com\/#\/schema\/person\/3e7d82c6bfd6b1fa67010f8f7cd5256e\"},\"breadcrumb\":{\"@id\":\"https:\/\/laprensacristiana.com\/?p=1819#breadcrumb\"},\"inLanguage\":\"es\",\"potentialAction\":[{\"@type\":\"ReadAction\",\"target\":[\"https:\/\/laprensacristiana.com\/?p=1819\"]}]},{\"@type\":\"BreadcrumbList\",\"@id\":\"https:\/\/laprensacristiana.com\/?p=1819#breadcrumb\",\"itemListElement\":[{\"@type\":\"ListItem\",\"position\":1,\"name\":\"Portada\",\"item\":\"https:\/\/laprensacristiana.com\/\"},{\"@type\":\"ListItem\",\"position\":2,\"name\":\"La UCAD dio tributo a la Iglesia Evang\u00e9lica\"}]},{\"@type\":\"WebSite\",\"@id\":\"https:\/\/laprensacristiana.com\/#website\",\"url\":\"https:\/\/laprensacristiana.com\/\",\"name\":\"La Prensa Cristiana\",\"description\":\"Anunciando Las Buenas Nuevas\",\"potentialAction\":[{\"@type\":\"SearchAction\",\"target\":{\"@type\":\"EntryPoint\",\"urlTemplate\":\"https:\/\/laprensacristiana.com\/?s={search_term_string}\"},\"query-input\":\"required name=search_term_string\"}],\"inLanguage\":\"es\"},{\"@type\":\"Person\",\"@id\":\"https:\/\/laprensacristiana.com\/#\/schema\/person\/3e7d82c6bfd6b1fa67010f8f7cd5256e\",\"name\":\"EDITOR\",\"image\":{\"@type\":\"ImageObject\",\"inLanguage\":\"es\",\"@id\":\"https:\/\/laprensacristiana.com\/#\/schema\/person\/image\/\",\"url\":\"https:\/\/secure.gravatar.com\/avatar\/72069dfb6c13772d9e8381e3638666d2?s=96&d=mm&r=g\",\"contentUrl\":\"https:\/\/secure.gravatar.com\/avatar\/72069dfb6c13772d9e8381e3638666d2?s=96&d=mm&r=g\",\"caption\":\"EDITOR\"},\"url\":\"https:\/\/laprensacristiana.com\/?author=3\"}]}<\/script>\n<!-- \/ Yoast SEO plugin. -->","yoast_head_json":{"title":"La UCAD dio tributo a la Iglesia Evang\u00e9lica - La Prensa Cristiana","robots":{"index":"index","follow":"follow","max-snippet":"max-snippet:-1","max-image-preview":"max-image-preview:large","max-video-preview":"max-video-preview:-1"},"canonical":"https:\/\/laprensacristiana.com\/?p=1819","og_locale":"es_ES","og_type":"article","og_title":"La UCAD dio tributo a la Iglesia Evang\u00e9lica - La Prensa Cristiana","og_description":"La Universidad Cristiana de la Asambleas de Dios (UCAD), conmemoro el pasado 31 de octubre el D\u00eda nacional de la iglesia Evang\u00e9lica salvadore\u00f1a, en un acto que reuni\u00f3 a estudiantes y empleados. Dicha celebraci\u00f3n cont\u00f3 con una mesa de honor la cual estaba formada por el Dr. Augusto Ferrufino, rector de la universidad, el secretario [&hellip;]","og_url":"https:\/\/laprensacristiana.com\/?p=1819","og_site_name":"La Prensa Cristiana","article_published_time":"2016-11-01T16:47:42+00:00","article_modified_time":"2020-07-02T01:33:21+00:00","og_image":[{"width":2560,"height":1642,"url":"https:\/\/laprensacristiana.com\/wp-content\/uploads\/2016\/11\/ucad1-scaled.jpg","type":"image\/jpeg"}],"author":"EDITOR","twitter_card":"summary_large_image","twitter_misc":{"Escrito por":"EDITOR","Tiempo de lectura":"1 minuto"},"schema":{"@context":"https:\/\/schema.org","@graph":[{"@type":"WebPage","@id":"https:\/\/laprensacristiana.com\/?p=1819","url":"https:\/\/laprensacristiana.com\/?p=1819","name":"La UCAD dio tributo a la Iglesia Evang\u00e9lica - La Prensa Cristiana","isPartOf":{"@id":"https:\/\/laprensacristiana.com\/#website"},"datePublished":"2016-11-01T16:47:42+00:00","dateModified":"2020-07-02T01:33:21+00:00","author":{"@id":"https:\/\/laprensacristiana.com\/#\/schema\/person\/3e7d82c6bfd6b1fa67010f8f7cd5256e"},"breadcrumb":{"@id":"https:\/\/laprensacristiana.com\/?p=1819#breadcrumb"},"inLanguage":"es","potentialAction":[{"@type":"ReadAction","target":["https:\/\/laprensacristiana.com\/?p=1819"]}]},{"@type":"BreadcrumbList","@id":"https:\/\/laprensacristiana.com\/?p=1819#breadcrumb","itemListElement":[{"@type":"ListItem","position":1,"name":"Portada","item":"https:\/\/laprensacristiana.com\/"},{"@type":"ListItem","position":2,"name":"La UCAD dio tributo a la Iglesia Evang\u00e9lica"}]},{"@type":"WebSite","@id":"https:\/\/laprensacristiana.com\/#website","url":"https:\/\/laprensacristiana.com\/","name":"La Prensa Cristiana","description":"Anunciando Las Buenas Nuevas","potentialAction":[{"@type":"SearchAction","target":{"@type":"EntryPoint","urlTemplate":"https:\/\/laprensacristiana.com\/?s={search_term_string}"},"query-input":"required name=search_term_string"}],"inLanguage":"es"},{"@type":"Person","@id":"https:\/\/laprensacristiana.com\/#\/schema\/person\/3e7d82c6bfd6b1fa67010f8f7cd5256e","name":"EDITOR","image":{"@type":"ImageObject","inLanguage":"es","@id":"https:\/\/laprensacristiana.com\/#\/schema\/person\/image\/","url":"https:\/\/secure.gravatar.com\/avatar\/72069dfb6c13772d9e8381e3638666d2?s=96&d=mm&r=g","contentUrl":"https:\/\/secure.gravatar.com\/avatar\/72069dfb6c13772d9e8381e3638666d2?s=96&d=mm&r=g","caption":"EDITOR"},"url":"https:\/\/laprensacristiana.com\/?author=3"}]}},"_links":{"self":[{"href":"https:\/\/laprensacristiana.com\/index.php?rest_route=\/wp\/v2\/posts\/1819"}],"collection":[{"href":"https:\/\/laprensacristiana.com\/index.php?rest_route=\/wp\/v2\/posts"}],"about":[{"href":"https:\/\/laprensacristiana.com\/index.php?rest_route=\/wp\/v2\/types\/post"}],"author":[{"embeddable":true,"href":"https:\/\/laprensacristiana.com\/index.php?rest_route=\/wp\/v2\/users\/3"}],"replies":[{"embeddable":true,"href":"https:\/\/laprensacristiana.com\/index.php?rest_route=%2Fwp%2Fv2%2Fcomments&post=1819"}],"version-history":[{"count":2,"href":"https:\/\/laprensacristiana.com\/index.php?rest_route=\/wp\/v2\/posts\/1819\/revisions"}],"predecessor-version":[{"id":1855,"href":"https:\/\/laprensacristiana.com\/index.php?rest_route=\/wp\/v2\/posts\/1819\/revisions\/1855"}],"wp:featuredmedia":[{"embeddable":true,"href":"https:\/\/laprensacristiana.com\/index.php?rest_route=\/wp\/v2\/media\/1820"}],"wp:attachment":[{"href":"https:\/\/laprensacristiana.com\/index.php?rest_route=%2Fwp%2Fv2%2Fmedia&parent=1819"}],"wp:term":[{"taxonomy":"category","embeddable":true,"href":"https:\/\/laprensacristiana.com\/index.php?rest_route=%2Fwp%2Fv2%2Fcategories&post=1819"},{"taxonomy":"post_tag","embeddable":true,"href":"https:\/\/laprensacristiana.com\/index.php?rest_route=%2Fwp%2Fv2%2Ftags&post=1819"}],"curies":[{"name":"wp","href":"https:\/\/api.w.org\/{rel}","templated":true}]}}