{"id":1825,"date":"2016-11-01T18:12:42","date_gmt":"2016-11-01T18:12:42","guid":{"rendered":"https:\/\/laprensacristiana.com\/?p=1825"},"modified":"2020-07-02T01:33:13","modified_gmt":"2020-07-02T01:33:13","slug":"santa-tecla-organizada-para-cristo","status":"publish","type":"post","link":"https:\/\/laprensacristiana.com\/?p=1825","title":{"rendered":"Santa Tecla organizada para Cristo"},"content":{"rendered":"<p>Ayer por la noche se realiz\u00f3 un evento en conmemoraci\u00f3n al d\u00eda nacional de la Iglesia Evang\u00e9lica, en el parque Daniel Hern\u00e1ndez, en Santa Tecla.<\/p>\n<figure id=\"attachment_1828\" aria-describedby=\"caption-attachment-1828\" style=\"width: 300px\" class=\"wp-caption alignright\"><img decoding=\"async\" loading=\"lazy\" class=\"size-medium wp-image-1828\" src=\"https:\/\/laprensacristiana.com\/wp-content\/uploads\/2016\/11\/SANTA-TECLA-1-300x175.jpg\" alt=\"P\u00fablico adorando\" width=\"300\" height=\"175\" srcset=\"https:\/\/laprensacristiana.com\/wp-content\/uploads\/2016\/11\/SANTA-TECLA-1-300x175.jpg 300w, https:\/\/laprensacristiana.com\/wp-content\/uploads\/2016\/11\/SANTA-TECLA-1-600x351.jpg 600w, https:\/\/laprensacristiana.com\/wp-content\/uploads\/2016\/11\/SANTA-TECLA-1-768x449.jpg 768w, https:\/\/laprensacristiana.com\/wp-content\/uploads\/2016\/11\/SANTA-TECLA-1-1024x599.jpg 1024w, https:\/\/laprensacristiana.com\/wp-content\/uploads\/2016\/11\/SANTA-TECLA-1-696x407.jpg 696w, https:\/\/laprensacristiana.com\/wp-content\/uploads\/2016\/11\/SANTA-TECLA-1-1068x625.jpg 1068w, https:\/\/laprensacristiana.com\/wp-content\/uploads\/2016\/11\/SANTA-TECLA-1-718x420.jpg 718w, https:\/\/laprensacristiana.com\/wp-content\/uploads\/2016\/11\/SANTA-TECLA-1.jpg 1089w\" sizes=\"(max-width: 300px) 100vw, 300px\" \/><figcaption id=\"caption-attachment-1828\" class=\"wp-caption-text\">P\u00fablico adorando<\/figcaption><\/figure>\n<p>A la actividad asistieron 1, 000 personas de diferentes denominaciones, quienes se dieron cita por un solo objetivo rendir tributo a Dios. Dentro del programa, hubo predicas, oraciones por la juventud de la municipalidad, socio drama y sin faltar la m\u00fasica por un grupo de j\u00f3venes.<\/p>\n<figure id=\"attachment_1829\" aria-describedby=\"caption-attachment-1829\" style=\"width: 280px\" class=\"wp-caption alignleft\"><img decoding=\"async\" loading=\"lazy\" class=\"size-medium wp-image-1829\" src=\"https:\/\/laprensacristiana.com\/wp-content\/uploads\/2016\/11\/JOSUE-ANAYA-280x300.jpg\" alt=\"Josu\u00e9 Anaya\" width=\"280\" height=\"300\" srcset=\"https:\/\/laprensacristiana.com\/wp-content\/uploads\/2016\/11\/JOSUE-ANAYA-280x300.jpg 280w, https:\/\/laprensacristiana.com\/wp-content\/uploads\/2016\/11\/JOSUE-ANAYA-600x642.jpg 600w, https:\/\/laprensacristiana.com\/wp-content\/uploads\/2016\/11\/JOSUE-ANAYA-768x822.jpg 768w, https:\/\/laprensacristiana.com\/wp-content\/uploads\/2016\/11\/JOSUE-ANAYA-696x745.jpg 696w, https:\/\/laprensacristiana.com\/wp-content\/uploads\/2016\/11\/JOSUE-ANAYA-392x420.jpg 392w, https:\/\/laprensacristiana.com\/wp-content\/uploads\/2016\/11\/JOSUE-ANAYA.jpg 808w\" sizes=\"(max-width: 280px) 100vw, 280px\" \/><figcaption id=\"caption-attachment-1829\" class=\"wp-caption-text\">Pastor Josu\u00e9 Anaya<\/figcaption><\/figure>\n<p>El Pastor Josu\u00e9 Anaya, quien es uno de los organizadores del programa, dice sentirse muy bendecido, pues para \u00e9l que se elogie esta fecha, marca un paso importante para los cristianos, siendo \u00a0El Salvador el \u00fanico pa\u00eds en Latinoam\u00e9rica, que celebra el d\u00eda Nacional de la Iglesia Evang\u00e9lica. <em>\u201cQueremos demostrarle a Santa Tecla que Cristo est\u00e1 presente\u201d<\/em>. Dijo.<\/p>\n<p>Lo que se esperaba en esa noche de adoraci\u00f3n, era que a pesar de las diferentes ideolog\u00edas que tienen las 30 iglesias que se hicieron presentes entre ellas Ap\u00f3stoles y Profetas, Bautista, Rey David, Iglesia Cuadrangular, Shaddai, Asambleas de Dios, entre otras; el hecho que la gente vea que pueden estar unidos como pueblo.<\/p>\n<figure id=\"attachment_1827\" aria-describedby=\"caption-attachment-1827\" style=\"width: 274px\" class=\"wp-caption alignleft\"><img decoding=\"async\" loading=\"lazy\" class=\"size-medium wp-image-1827\" src=\"https:\/\/laprensacristiana.com\/wp-content\/uploads\/2016\/11\/MAURICIO-GRANADOS-274x300.jpg\" alt=\"Pastor Mauricio Granados\" width=\"274\" height=\"300\" srcset=\"https:\/\/laprensacristiana.com\/wp-content\/uploads\/2016\/11\/MAURICIO-GRANADOS-274x300.jpg 274w, https:\/\/laprensacristiana.com\/wp-content\/uploads\/2016\/11\/MAURICIO-GRANADOS-600x657.jpg 600w, https:\/\/laprensacristiana.com\/wp-content\/uploads\/2016\/11\/MAURICIO-GRANADOS-768x841.jpg 768w, https:\/\/laprensacristiana.com\/wp-content\/uploads\/2016\/11\/MAURICIO-GRANADOS-696x762.jpg 696w, https:\/\/laprensacristiana.com\/wp-content\/uploads\/2016\/11\/MAURICIO-GRANADOS-384x420.jpg 384w, https:\/\/laprensacristiana.com\/wp-content\/uploads\/2016\/11\/MAURICIO-GRANADOS.jpg 792w\" sizes=\"(max-width: 274px) 100vw, 274px\" \/><figcaption id=\"caption-attachment-1827\" class=\"wp-caption-text\">Pastor Mauricio Granados<\/figcaption><\/figure>\n<p>El Pastor Mauricio Granados, como parte de la organizaci\u00f3n, nos habla de lo que signific\u00f3 este tributo, y es el hecho que pueda haber una transformaci\u00f3n de la mente y coraz\u00f3n de las personas que integran el cuerpo de Cristo. Y mediante est\u00e1 celebraci\u00f3n dar entender que la \u00fanica soluci\u00f3n la tiene Dios, no el gobierno. <em>\u201cNecesitamos un milagro sobrenatural y que pueda haber cambios en la unidad de la Iglesia Evang\u00e9lica\u201d<\/em>. A\u00f1adi\u00f3.<\/p>\n<figure id=\"attachment_1830\" aria-describedby=\"caption-attachment-1830\" style=\"width: 300px\" class=\"wp-caption aligncenter\"><img decoding=\"async\" loading=\"lazy\" class=\"size-medium wp-image-1830\" src=\"https:\/\/laprensacristiana.com\/wp-content\/uploads\/2016\/11\/SANTA-TECLA-3-300x159.jpg\" alt=\"Alabando \" width=\"300\" height=\"159\" srcset=\"https:\/\/laprensacristiana.com\/wp-content\/uploads\/2016\/11\/SANTA-TECLA-3-300x159.jpg 300w, https:\/\/laprensacristiana.com\/wp-content\/uploads\/2016\/11\/SANTA-TECLA-3-600x319.jpg 600w, https:\/\/laprensacristiana.com\/wp-content\/uploads\/2016\/11\/SANTA-TECLA-3-768x408.jpg 768w, https:\/\/laprensacristiana.com\/wp-content\/uploads\/2016\/11\/SANTA-TECLA-3-1024x544.jpg 1024w, https:\/\/laprensacristiana.com\/wp-content\/uploads\/2016\/11\/SANTA-TECLA-3-696x370.jpg 696w, https:\/\/laprensacristiana.com\/wp-content\/uploads\/2016\/11\/SANTA-TECLA-3-1068x567.jpg 1068w, https:\/\/laprensacristiana.com\/wp-content\/uploads\/2016\/11\/SANTA-TECLA-3-791x420.jpg 791w\" sizes=\"(max-width: 300px) 100vw, 300px\" \/><figcaption id=\"caption-attachment-1830\" class=\"wp-caption-text\">Alabando<\/figcaption><\/figure>\n","protected":false},"excerpt":{"rendered":"<p>Ayer por la noche se realiz\u00f3 un evento en conmemoraci\u00f3n al d\u00eda nacional de la Iglesia Evang\u00e9lica, en el parque Daniel Hern\u00e1ndez, en Santa Tecla. A la actividad asistieron 1, 000 personas de diferentes denominaciones, quienes se dieron cita por un solo objetivo rendir tributo a Dios. Dentro del programa, hubo predicas, oraciones por la [&hellip;]<\/p>\n","protected":false},"author":3,"featured_media":1826,"comment_status":"open","ping_status":"open","sticky":false,"template":"","format":"standard","meta":[],"categories":[56],"tags":[],"yoast_head":"<!-- This site is optimized with the Yoast SEO plugin v20.8 - https:\/\/yoast.com\/wordpress\/plugins\/seo\/ -->\n<title>Santa Tecla organizada para Cristo - La Prensa Cristiana<\/title>\n<meta name=\"robots\" content=\"index, follow, max-snippet:-1, max-image-preview:large, max-video-preview:-1\" \/>\n<link rel=\"canonical\" href=\"https:\/\/laprensacristiana.com\/?p=1825\" \/>\n<meta property=\"og:locale\" content=\"es_ES\" \/>\n<meta property=\"og:type\" content=\"article\" \/>\n<meta property=\"og:title\" content=\"Santa Tecla organizada para Cristo - La Prensa Cristiana\" \/>\n<meta property=\"og:description\" content=\"Ayer por la noche se realiz\u00f3 un evento en conmemoraci\u00f3n al d\u00eda nacional de la Iglesia Evang\u00e9lica, en el parque Daniel Hern\u00e1ndez, en Santa Tecla. A la actividad asistieron 1, 000 personas de diferentes denominaciones, quienes se dieron cita por un solo objetivo rendir tributo a Dios. Dentro del programa, hubo predicas, oraciones por la [&hellip;]\" \/>\n<meta property=\"og:url\" content=\"https:\/\/laprensacristiana.com\/?p=1825\" \/>\n<meta property=\"og:site_name\" content=\"La Prensa Cristiana\" \/>\n<meta property=\"article:published_time\" content=\"2016-11-01T18:12:42+00:00\" \/>\n<meta property=\"article:modified_time\" content=\"2020-07-02T01:33:13+00:00\" \/>\n<meta property=\"og:image\" content=\"https:\/\/laprensacristiana.com\/wp-content\/uploads\/2016\/11\/SANTA-TECLA-2.jpg\" \/>\n\t<meta property=\"og:image:width\" content=\"1067\" \/>\n\t<meta property=\"og:image:height\" content=\"637\" \/>\n\t<meta property=\"og:image:type\" content=\"image\/jpeg\" \/>\n<meta name=\"author\" content=\"EDITOR\" \/>\n<meta name=\"twitter:card\" content=\"summary_large_image\" \/>\n<meta name=\"twitter:label1\" content=\"Escrito por\" \/>\n\t<meta name=\"twitter:data1\" content=\"EDITOR\" \/>\n\t<meta name=\"twitter:label2\" content=\"Tiempo de lectura\" \/>\n\t<meta name=\"twitter:data2\" content=\"2 minutos\" \/>\n<script type=\"application\/ld+json\" class=\"yoast-schema-graph\">{\"@context\":\"https:\/\/schema.org\",\"@graph\":[{\"@type\":\"WebPage\",\"@id\":\"https:\/\/laprensacristiana.com\/?p=1825\",\"url\":\"https:\/\/laprensacristiana.com\/?p=1825\",\"name\":\"Santa Tecla organizada para Cristo - La Prensa Cristiana\",\"isPartOf\":{\"@id\":\"https:\/\/laprensacristiana.com\/#website\"},\"datePublished\":\"2016-11-01T18:12:42+00:00\",\"dateModified\":\"2020-07-02T01:33:13+00:00\",\"author\":{\"@id\":\"https:\/\/laprensacristiana.com\/#\/schema\/person\/3e7d82c6bfd6b1fa67010f8f7cd5256e\"},\"breadcrumb\":{\"@id\":\"https:\/\/laprensacristiana.com\/?p=1825#breadcrumb\"},\"inLanguage\":\"es\",\"potentialAction\":[{\"@type\":\"ReadAction\",\"target\":[\"https:\/\/laprensacristiana.com\/?p=1825\"]}]},{\"@type\":\"BreadcrumbList\",\"@id\":\"https:\/\/laprensacristiana.com\/?p=1825#breadcrumb\",\"itemListElement\":[{\"@type\":\"ListItem\",\"position\":1,\"name\":\"Portada\",\"item\":\"https:\/\/laprensacristiana.com\/\"},{\"@type\":\"ListItem\",\"position\":2,\"name\":\"Santa Tecla organizada para Cristo\"}]},{\"@type\":\"WebSite\",\"@id\":\"https:\/\/laprensacristiana.com\/#website\",\"url\":\"https:\/\/laprensacristiana.com\/\",\"name\":\"La Prensa Cristiana\",\"description\":\"Anunciando Las Buenas Nuevas\",\"potentialAction\":[{\"@type\":\"SearchAction\",\"target\":{\"@type\":\"EntryPoint\",\"urlTemplate\":\"https:\/\/laprensacristiana.com\/?s={search_term_string}\"},\"query-input\":\"required name=search_term_string\"}],\"inLanguage\":\"es\"},{\"@type\":\"Person\",\"@id\":\"https:\/\/laprensacristiana.com\/#\/schema\/person\/3e7d82c6bfd6b1fa67010f8f7cd5256e\",\"name\":\"EDITOR\",\"image\":{\"@type\":\"ImageObject\",\"inLanguage\":\"es\",\"@id\":\"https:\/\/laprensacristiana.com\/#\/schema\/person\/image\/\",\"url\":\"https:\/\/secure.gravatar.com\/avatar\/72069dfb6c13772d9e8381e3638666d2?s=96&d=mm&r=g\",\"contentUrl\":\"https:\/\/secure.gravatar.com\/avatar\/72069dfb6c13772d9e8381e3638666d2?s=96&d=mm&r=g\",\"caption\":\"EDITOR\"},\"url\":\"https:\/\/laprensacristiana.com\/?author=3\"}]}<\/script>\n<!-- \/ Yoast SEO plugin. -->","yoast_head_json":{"title":"Santa Tecla organizada para Cristo - La Prensa Cristiana","robots":{"index":"index","follow":"follow","max-snippet":"max-snippet:-1","max-image-preview":"max-image-preview:large","max-video-preview":"max-video-preview:-1"},"canonical":"https:\/\/laprensacristiana.com\/?p=1825","og_locale":"es_ES","og_type":"article","og_title":"Santa Tecla organizada para Cristo - La Prensa Cristiana","og_description":"Ayer por la noche se realiz\u00f3 un evento en conmemoraci\u00f3n al d\u00eda nacional de la Iglesia Evang\u00e9lica, en el parque Daniel Hern\u00e1ndez, en Santa Tecla. A la actividad asistieron 1, 000 personas de diferentes denominaciones, quienes se dieron cita por un solo objetivo rendir tributo a Dios. Dentro del programa, hubo predicas, oraciones por la [&hellip;]","og_url":"https:\/\/laprensacristiana.com\/?p=1825","og_site_name":"La Prensa Cristiana","article_published_time":"2016-11-01T18:12:42+00:00","article_modified_time":"2020-07-02T01:33:13+00:00","og_image":[{"width":1067,"height":637,"url":"https:\/\/laprensacristiana.com\/wp-content\/uploads\/2016\/11\/SANTA-TECLA-2.jpg","type":"image\/jpeg"}],"author":"EDITOR","twitter_card":"summary_large_image","twitter_misc":{"Escrito por":"EDITOR","Tiempo de lectura":"2 minutos"},"schema":{"@context":"https:\/\/schema.org","@graph":[{"@type":"WebPage","@id":"https:\/\/laprensacristiana.com\/?p=1825","url":"https:\/\/laprensacristiana.com\/?p=1825","name":"Santa Tecla organizada para Cristo - La Prensa Cristiana","isPartOf":{"@id":"https:\/\/laprensacristiana.com\/#website"},"datePublished":"2016-11-01T18:12:42+00:00","dateModified":"2020-07-02T01:33:13+00:00","author":{"@id":"https:\/\/laprensacristiana.com\/#\/schema\/person\/3e7d82c6bfd6b1fa67010f8f7cd5256e"},"breadcrumb":{"@id":"https:\/\/laprensacristiana.com\/?p=1825#breadcrumb"},"inLanguage":"es","potentialAction":[{"@type":"ReadAction","target":["https:\/\/laprensacristiana.com\/?p=1825"]}]},{"@type":"BreadcrumbList","@id":"https:\/\/laprensacristiana.com\/?p=1825#breadcrumb","itemListElement":[{"@type":"ListItem","position":1,"name":"Portada","item":"https:\/\/laprensacristiana.com\/"},{"@type":"ListItem","position":2,"name":"Santa Tecla organizada para Cristo"}]},{"@type":"WebSite","@id":"https:\/\/laprensacristiana.com\/#website","url":"https:\/\/laprensacristiana.com\/","name":"La Prensa Cristiana","description":"Anunciando Las Buenas Nuevas","potentialAction":[{"@type":"SearchAction","target":{"@type":"EntryPoint","urlTemplate":"https:\/\/laprensacristiana.com\/?s={search_term_string}"},"query-input":"required name=search_term_string"}],"inLanguage":"es"},{"@type":"Person","@id":"https:\/\/laprensacristiana.com\/#\/schema\/person\/3e7d82c6bfd6b1fa67010f8f7cd5256e","name":"EDITOR","image":{"@type":"ImageObject","inLanguage":"es","@id":"https:\/\/laprensacristiana.com\/#\/schema\/person\/image\/","url":"https:\/\/secure.gravatar.com\/avatar\/72069dfb6c13772d9e8381e3638666d2?s=96&d=mm&r=g","contentUrl":"https:\/\/secure.gravatar.com\/avatar\/72069dfb6c13772d9e8381e3638666d2?s=96&d=mm&r=g","caption":"EDITOR"},"url":"https:\/\/laprensacristiana.com\/?author=3"}]}},"_links":{"self":[{"href":"https:\/\/laprensacristiana.com\/index.php?rest_route=\/wp\/v2\/posts\/1825"}],"collection":[{"href":"https:\/\/laprensacristiana.com\/index.php?rest_route=\/wp\/v2\/posts"}],"about":[{"href":"https:\/\/laprensacristiana.com\/index.php?rest_route=\/wp\/v2\/types\/post"}],"author":[{"embeddable":true,"href":"https:\/\/laprensacristiana.com\/index.php?rest_route=\/wp\/v2\/users\/3"}],"replies":[{"embeddable":true,"href":"https:\/\/laprensacristiana.com\/index.php?rest_route=%2Fwp%2Fv2%2Fcomments&post=1825"}],"version-history":[{"count":4,"href":"https:\/\/laprensacristiana.com\/index.php?rest_route=\/wp\/v2\/posts\/1825\/revisions"}],"predecessor-version":[{"id":1834,"href":"https:\/\/laprensacristiana.com\/index.php?rest_route=\/wp\/v2\/posts\/1825\/revisions\/1834"}],"wp:featuredmedia":[{"embeddable":true,"href":"https:\/\/laprensacristiana.com\/index.php?rest_route=\/wp\/v2\/media\/1826"}],"wp:attachment":[{"href":"https:\/\/laprensacristiana.com\/index.php?rest_route=%2Fwp%2Fv2%2Fmedia&parent=1825"}],"wp:term":[{"taxonomy":"category","embeddable":true,"href":"https:\/\/laprensacristiana.com\/index.php?rest_route=%2Fwp%2Fv2%2Fcategories&post=1825"},{"taxonomy":"post_tag","embeddable":true,"href":"https:\/\/laprensacristiana.com\/index.php?rest_route=%2Fwp%2Fv2%2Ftags&post=1825"}],"curies":[{"name":"wp","href":"https:\/\/api.w.org\/{rel}","templated":true}]}}