{"id":18276,"date":"2024-10-31T13:37:02","date_gmt":"2024-10-31T13:37:02","guid":{"rendered":"https:\/\/laprensacristiana.com\/?p=18276"},"modified":"2024-10-31T13:37:02","modified_gmt":"2024-10-31T13:37:02","slug":"la-reforma-protestante-ayer-y-hoy-un-llamado-urgente-a-la-iglesia-evangelica","status":"publish","type":"post","link":"https:\/\/laprensacristiana.com\/?p=18276","title":{"rendered":"La Reforma Protestante Ayer y Hoy. Un Llamado Urgente a la Iglesia Evang\u00e9lica"},"content":{"rendered":"\n<p>En el siglo XVI, Europa fue sacudida por un movimiento que cambi\u00f3 la historia de la iglesia y redefini\u00f3 la relaci\u00f3n entre Dios, su Palabra, y su pueblo. La Reforma Protestante comenz\u00f3 como una protesta contra la corrupci\u00f3n y el abuso espiritual dentro de la Iglesia Cat\u00f3lica Romana. Mart\u00edn Lutero, un monje alem\u00e1n, clav\u00f3 sus Noventa y Cinco Tesis en la puerta de la iglesia de Wittenberg en 1517, cuestionando la venta de indulgencias y el poder absoluto del papado. Esta acci\u00f3n, aparentemente peque\u00f1a, abri\u00f3 una serie de debates teol\u00f3gicos sobre la salvaci\u00f3n, la autoridad de las Escrituras y la centralidad de la fe en Cristo.<\/p>\n\n\n\n<p>La reforma no fue simplemente un ajuste teol\u00f3gico; fue un regreso a los fundamentos del evangelio y a la supremac\u00eda de la Biblia y de Cristo como la m\u00e1xima autoridad en la vida del creyente. La Iglesia de ese entonces, inmersa en supersticiones y pr\u00e1cticas que alimentaban sus propios intereses, hab\u00eda reemplazado la gracia de Dios con sistemas de obras humanas. Lutero y otros reformadores, como Calvino y Zwinglio, lucharon por restablecer el evangelio puro, ense\u00f1ando que la salvaci\u00f3n es solo por gracia, solo mediante la fe, solo en Cristo y solo para la Gloria de Dios, tal como lo afirma la Sola Escritura. Esta defensa de la verdad se convirti\u00f3 en un baluarte de fe que liber\u00f3 a los creyentes de la opresi\u00f3n espiritual y restaur\u00f3 la gloria de Dios como el fin \u00faltimo de la vida cristiana.<\/p>\n\n\n\n<p><strong>La Relevancia de la Reforma en el Siglo XXI<\/strong><\/p>\n\n\n\n<p>Hoy, mirando a la iglesia evang\u00e9lica contempor\u00e1nea, las mismas verdades que encendieron la Reforma Protestante parecen ser igual de necesarias. La iglesia en nuestro tiempo ha ca\u00eddo en peligros similares, abrazando pr\u00e1cticas que ponen en riesgo la pureza del evangelio. En muchos contextos, el evangelio ha sido diluido, reduciendo la fe a un conjunto de ideas adaptadas a las preferencias y gustos del p\u00fablico . Este fen\u00f3meno crea congregaciones superficialmente activas pero espiritualmente d\u00e9biles, enfocadas en estrategias de marketing y experiencias emocionales en lugar de en la fidelidad a la Palabra de Dios.<\/p>\n\n\n\n<p>El prop\u00f3sito de la iglesia, que seg\u00fan los reformadores era exaltar la gloria de Dios, ha sido reemplazado en algunos casos por un enfoque en el bienestar personal y el \u00e9xito terrenal. Esto es peligroso, pues cuando la iglesia se desv\u00eda de la ense\u00f1anza b\u00edblica, se convierte en una instituci\u00f3n que ya no refleja la voluntad de Cristo. La teolog\u00eda reformada afirma que cada pr\u00e1ctica en la iglesia debe derivarse de la Escritura, y cuando la iglesia se aparta de esta norma, ya no es luz en el mundo, sino un reflejo m\u00e1s de su oscuridad y el principe de esas tinieblas.<\/p>\n\n\n\n<p><strong>El Diagn\u00f3stico de la Iglesia Hoy<\/strong><\/p>\n\n\n\n<p>Al analizar el estado actual de la iglesia evang\u00e9lica en muchos pa\u00edses, se observa una desviaci\u00f3n notable de los principios b\u00edblicos fundamentales. E problema es evidente: hay congregaciones que han sustituido el llamado a la santidad y al arrepentimiento por una b\u00fasqueda de relevancia cultural, \u00e9xito num\u00e9rico o pupularidad. Esta transformaci\u00f3n superficial convierte a la iglesia en un lugar de entretenimiento y consumo, donde el enfoque ya no es la glorificaci\u00f3n de Dios, sino la complacencia del asistente. En El Salvador, los templos llenos y los servicios exuberantes no necesariamente reflejan una fe transformadora ni un compromiso profundo con el evangelio.<\/p>\n\n\n\n<p>Esto tiene sentido evang\u00e9lico. Cuando se ignoran las doctrinas b\u00edblicas centrales, como la justificaci\u00f3n por la fe y la autoridad y suficiencia de las Escrituras, la iglesia pierde su fundamento. Sin un ancla s\u00f3lida, es vulnerable a las corrientes culturales que la llevan de un lado a otro. Hoy vemos iglesias que, en lugar de ser contraculturales en su mensaje, se han alineado con el esp\u00edritu de los tiempos, adoptando filosof\u00edas y pr\u00e1cticas que apelan m\u00e1s al deseo humano de autonom\u00eda que a la obediencia a Cristo.<\/p>\n\n\n\n<p><strong>La Llamada a Reformar<\/strong><\/p>\n\n\n\n<p>Si la iglesia desea cumplir su prop\u00f3sito y misi\u00f3n en este siglo, debe reformarse. En palabras de Jonathan Edwards, necesitamos un \u201cavivamiento verdadero,\u201d uno en el cual el Esp\u00edritu Santo transforma los corazones de los creyentes y produce frutos de arrepentimiento y obediencia genuina . Este tipo de reforma implica un regreso a las Escrituras y a las doctrinas esenciales que la Reforma defendi\u00f3. Recordemos que un verdadero avivamiento no es emocionalismo vac\u00edo, sino una profunda obra de Dios que nos despierta a una vida en santidad y devoci\u00f3n.<\/p>\n\n\n\n<p><strong>El Camino Hacia Adelante<\/strong><\/p>\n\n\n\n<p>La reforma en el siglo XXI implica m\u00e1s que simplemente volver a los est\u00e1ndares doctrinales de anta\u00f1o. Se trata de reconocer que, al igual que en el siglo XVI, la iglesia de hoy est\u00e1 llamada a defender la gloria de Dios, proclamar la verdad del evangelio, y vivir en una obediencia radical a las Escrituras.<\/p>\n\n\n\n<p>La iglesia debe recuperar su identidad como el pueblo santo de Dios, marcado por una piedad profunda y un compromiso inquebrantable con la verdad . La iglesia debe ser un faro que brilla con la luz de Cristo en medio de un mundo cada vez m\u00e1s oscuro.<\/p>\n\n\n\n<p>Este llamado a la reforma no es una cuesti\u00f3n de tradici\u00f3n, sino de obediencia a Cristo. La iglesia no puede permitirse ser moldeada por los caprichos de la cultura o de los pastores perseguidores de modas o de reconocimiento popular; debe ser transformada por la Palabra de Dios. As\u00ed como la Reforma en el siglo XVI reaviv\u00f3 la iglesia en su tiempo, un retorno a los principios b\u00edblicos puede restaurar la iglesia de hoy, d\u00e1ndole la fortaleza espiritual necesaria para resistir las presiones externas e internas que la asedian.<\/p>\n\n\n\n<p><strong>Conclusi\u00f3n: Un Desaf\u00edo para Nuestro Tiempo<\/strong><\/p>\n\n\n\n<p>La Reforma Protestante del siglo XVI nos recuerda que cuando la iglesia vuelve a la verdad de Dios, puede transformar tanto a sus miembros como a la sociedad. El Salvador, como tantos otros pa\u00edses, necesita una iglesia que no se conforme con una fe diluida, sino que abrace con valent\u00eda las verdades eternas de la Escritura. Necesitamos l\u00edderes y creyentes que, al igual que los reformadores, est\u00e9n dispuestos a defender el evangelio y a vivir una vida de obediencia radical a Cristo.<\/p>\n\n\n\n<p>La iglesia evang\u00e9lica de hoy est\u00e1 en una encrucijada: puede ceder a las presiones de la cultura, o puede ser transformada por la Palabra de Dios y convertirse en una luz en medio de la oscuridad. La elecci\u00f3n es clara, y las consecuencias de nuestra decisi\u00f3n ser\u00e1n evidentes para futuras generaciones.<\/p>\n","protected":false},"excerpt":{"rendered":"<p>En el siglo XVI, Europa fue sacudida por un movimiento que cambi\u00f3 la historia de la iglesia y redefini\u00f3 la relaci\u00f3n entre Dios, su Palabra, y su pueblo. La Reforma Protestante comenz\u00f3 como una protesta contra la corrupci\u00f3n y el abuso espiritual dentro de la Iglesia Cat\u00f3lica Romana. Mart\u00edn Lutero, un monje alem\u00e1n, clav\u00f3 sus [&hellip;]<\/p>\n","protected":false},"author":3,"featured_media":18277,"comment_status":"open","ping_status":"open","sticky":false,"template":"","format":"standard","meta":[],"categories":[23],"tags":[],"yoast_head":"<!-- This site is optimized with the Yoast SEO plugin v20.8 - https:\/\/yoast.com\/wordpress\/plugins\/seo\/ -->\n<title>La Reforma Protestante Ayer y Hoy. Un Llamado Urgente a la Iglesia Evang\u00e9lica - La Prensa Cristiana<\/title>\n<meta name=\"robots\" content=\"index, follow, max-snippet:-1, max-image-preview:large, max-video-preview:-1\" \/>\n<link rel=\"canonical\" href=\"https:\/\/laprensacristiana.com\/?p=18276\" \/>\n<meta property=\"og:locale\" content=\"es_ES\" \/>\n<meta property=\"og:type\" content=\"article\" \/>\n<meta property=\"og:title\" content=\"La Reforma Protestante Ayer y Hoy. Un Llamado Urgente a la Iglesia Evang\u00e9lica - La Prensa Cristiana\" \/>\n<meta property=\"og:description\" content=\"En el siglo XVI, Europa fue sacudida por un movimiento que cambi\u00f3 la historia de la iglesia y redefini\u00f3 la relaci\u00f3n entre Dios, su Palabra, y su pueblo. La Reforma Protestante comenz\u00f3 como una protesta contra la corrupci\u00f3n y el abuso espiritual dentro de la Iglesia Cat\u00f3lica Romana. Mart\u00edn Lutero, un monje alem\u00e1n, clav\u00f3 sus [&hellip;]\" \/>\n<meta property=\"og:url\" content=\"https:\/\/laprensacristiana.com\/?p=18276\" \/>\n<meta property=\"og:site_name\" content=\"La Prensa Cristiana\" \/>\n<meta property=\"article:published_time\" content=\"2024-10-31T13:37:02+00:00\" \/>\n<meta property=\"og:image\" content=\"https:\/\/laprensacristiana.com\/wp-content\/uploads\/2024\/10\/OPINION-9.png\" \/>\n\t<meta property=\"og:image:width\" content=\"989\" \/>\n\t<meta property=\"og:image:height\" content=\"743\" \/>\n\t<meta property=\"og:image:type\" content=\"image\/png\" \/>\n<meta name=\"author\" content=\"EDITOR\" \/>\n<meta name=\"twitter:card\" content=\"summary_large_image\" \/>\n<meta name=\"twitter:label1\" content=\"Escrito por\" \/>\n\t<meta name=\"twitter:data1\" content=\"EDITOR\" \/>\n\t<meta name=\"twitter:label2\" content=\"Tiempo de lectura\" \/>\n\t<meta name=\"twitter:data2\" content=\"5 minutos\" \/>\n<script type=\"application\/ld+json\" class=\"yoast-schema-graph\">{\"@context\":\"https:\/\/schema.org\",\"@graph\":[{\"@type\":\"WebPage\",\"@id\":\"https:\/\/laprensacristiana.com\/?p=18276\",\"url\":\"https:\/\/laprensacristiana.com\/?p=18276\",\"name\":\"La Reforma Protestante Ayer y Hoy. Un Llamado Urgente a la Iglesia Evang\u00e9lica - La Prensa Cristiana\",\"isPartOf\":{\"@id\":\"https:\/\/laprensacristiana.com\/#website\"},\"datePublished\":\"2024-10-31T13:37:02+00:00\",\"dateModified\":\"2024-10-31T13:37:02+00:00\",\"author\":{\"@id\":\"https:\/\/laprensacristiana.com\/#\/schema\/person\/3e7d82c6bfd6b1fa67010f8f7cd5256e\"},\"breadcrumb\":{\"@id\":\"https:\/\/laprensacristiana.com\/?p=18276#breadcrumb\"},\"inLanguage\":\"es\",\"potentialAction\":[{\"@type\":\"ReadAction\",\"target\":[\"https:\/\/laprensacristiana.com\/?p=18276\"]}]},{\"@type\":\"BreadcrumbList\",\"@id\":\"https:\/\/laprensacristiana.com\/?p=18276#breadcrumb\",\"itemListElement\":[{\"@type\":\"ListItem\",\"position\":1,\"name\":\"Portada\",\"item\":\"https:\/\/laprensacristiana.com\/\"},{\"@type\":\"ListItem\",\"position\":2,\"name\":\"La Reforma Protestante Ayer y Hoy. Un Llamado Urgente a la Iglesia Evang\u00e9lica\"}]},{\"@type\":\"WebSite\",\"@id\":\"https:\/\/laprensacristiana.com\/#website\",\"url\":\"https:\/\/laprensacristiana.com\/\",\"name\":\"La Prensa Cristiana\",\"description\":\"Anunciando Las Buenas Nuevas\",\"potentialAction\":[{\"@type\":\"SearchAction\",\"target\":{\"@type\":\"EntryPoint\",\"urlTemplate\":\"https:\/\/laprensacristiana.com\/?s={search_term_string}\"},\"query-input\":\"required name=search_term_string\"}],\"inLanguage\":\"es\"},{\"@type\":\"Person\",\"@id\":\"https:\/\/laprensacristiana.com\/#\/schema\/person\/3e7d82c6bfd6b1fa67010f8f7cd5256e\",\"name\":\"EDITOR\",\"image\":{\"@type\":\"ImageObject\",\"inLanguage\":\"es\",\"@id\":\"https:\/\/laprensacristiana.com\/#\/schema\/person\/image\/\",\"url\":\"https:\/\/secure.gravatar.com\/avatar\/72069dfb6c13772d9e8381e3638666d2?s=96&d=mm&r=g\",\"contentUrl\":\"https:\/\/secure.gravatar.com\/avatar\/72069dfb6c13772d9e8381e3638666d2?s=96&d=mm&r=g\",\"caption\":\"EDITOR\"},\"url\":\"https:\/\/laprensacristiana.com\/?author=3\"}]}<\/script>\n<!-- \/ Yoast SEO plugin. -->","yoast_head_json":{"title":"La Reforma Protestante Ayer y Hoy. Un Llamado Urgente a la Iglesia Evang\u00e9lica - La Prensa Cristiana","robots":{"index":"index","follow":"follow","max-snippet":"max-snippet:-1","max-image-preview":"max-image-preview:large","max-video-preview":"max-video-preview:-1"},"canonical":"https:\/\/laprensacristiana.com\/?p=18276","og_locale":"es_ES","og_type":"article","og_title":"La Reforma Protestante Ayer y Hoy. Un Llamado Urgente a la Iglesia Evang\u00e9lica - La Prensa Cristiana","og_description":"En el siglo XVI, Europa fue sacudida por un movimiento que cambi\u00f3 la historia de la iglesia y redefini\u00f3 la relaci\u00f3n entre Dios, su Palabra, y su pueblo. La Reforma Protestante comenz\u00f3 como una protesta contra la corrupci\u00f3n y el abuso espiritual dentro de la Iglesia Cat\u00f3lica Romana. Mart\u00edn Lutero, un monje alem\u00e1n, clav\u00f3 sus [&hellip;]","og_url":"https:\/\/laprensacristiana.com\/?p=18276","og_site_name":"La Prensa Cristiana","article_published_time":"2024-10-31T13:37:02+00:00","og_image":[{"width":989,"height":743,"url":"https:\/\/laprensacristiana.com\/wp-content\/uploads\/2024\/10\/OPINION-9.png","type":"image\/png"}],"author":"EDITOR","twitter_card":"summary_large_image","twitter_misc":{"Escrito por":"EDITOR","Tiempo de lectura":"5 minutos"},"schema":{"@context":"https:\/\/schema.org","@graph":[{"@type":"WebPage","@id":"https:\/\/laprensacristiana.com\/?p=18276","url":"https:\/\/laprensacristiana.com\/?p=18276","name":"La Reforma Protestante Ayer y Hoy. Un Llamado Urgente a la Iglesia Evang\u00e9lica - La Prensa Cristiana","isPartOf":{"@id":"https:\/\/laprensacristiana.com\/#website"},"datePublished":"2024-10-31T13:37:02+00:00","dateModified":"2024-10-31T13:37:02+00:00","author":{"@id":"https:\/\/laprensacristiana.com\/#\/schema\/person\/3e7d82c6bfd6b1fa67010f8f7cd5256e"},"breadcrumb":{"@id":"https:\/\/laprensacristiana.com\/?p=18276#breadcrumb"},"inLanguage":"es","potentialAction":[{"@type":"ReadAction","target":["https:\/\/laprensacristiana.com\/?p=18276"]}]},{"@type":"BreadcrumbList","@id":"https:\/\/laprensacristiana.com\/?p=18276#breadcrumb","itemListElement":[{"@type":"ListItem","position":1,"name":"Portada","item":"https:\/\/laprensacristiana.com\/"},{"@type":"ListItem","position":2,"name":"La Reforma Protestante Ayer y Hoy. Un Llamado Urgente a la Iglesia Evang\u00e9lica"}]},{"@type":"WebSite","@id":"https:\/\/laprensacristiana.com\/#website","url":"https:\/\/laprensacristiana.com\/","name":"La Prensa Cristiana","description":"Anunciando Las Buenas Nuevas","potentialAction":[{"@type":"SearchAction","target":{"@type":"EntryPoint","urlTemplate":"https:\/\/laprensacristiana.com\/?s={search_term_string}"},"query-input":"required name=search_term_string"}],"inLanguage":"es"},{"@type":"Person","@id":"https:\/\/laprensacristiana.com\/#\/schema\/person\/3e7d82c6bfd6b1fa67010f8f7cd5256e","name":"EDITOR","image":{"@type":"ImageObject","inLanguage":"es","@id":"https:\/\/laprensacristiana.com\/#\/schema\/person\/image\/","url":"https:\/\/secure.gravatar.com\/avatar\/72069dfb6c13772d9e8381e3638666d2?s=96&d=mm&r=g","contentUrl":"https:\/\/secure.gravatar.com\/avatar\/72069dfb6c13772d9e8381e3638666d2?s=96&d=mm&r=g","caption":"EDITOR"},"url":"https:\/\/laprensacristiana.com\/?author=3"}]}},"_links":{"self":[{"href":"https:\/\/laprensacristiana.com\/index.php?rest_route=\/wp\/v2\/posts\/18276"}],"collection":[{"href":"https:\/\/laprensacristiana.com\/index.php?rest_route=\/wp\/v2\/posts"}],"about":[{"href":"https:\/\/laprensacristiana.com\/index.php?rest_route=\/wp\/v2\/types\/post"}],"author":[{"embeddable":true,"href":"https:\/\/laprensacristiana.com\/index.php?rest_route=\/wp\/v2\/users\/3"}],"replies":[{"embeddable":true,"href":"https:\/\/laprensacristiana.com\/index.php?rest_route=%2Fwp%2Fv2%2Fcomments&post=18276"}],"version-history":[{"count":1,"href":"https:\/\/laprensacristiana.com\/index.php?rest_route=\/wp\/v2\/posts\/18276\/revisions"}],"predecessor-version":[{"id":18278,"href":"https:\/\/laprensacristiana.com\/index.php?rest_route=\/wp\/v2\/posts\/18276\/revisions\/18278"}],"wp:featuredmedia":[{"embeddable":true,"href":"https:\/\/laprensacristiana.com\/index.php?rest_route=\/wp\/v2\/media\/18277"}],"wp:attachment":[{"href":"https:\/\/laprensacristiana.com\/index.php?rest_route=%2Fwp%2Fv2%2Fmedia&parent=18276"}],"wp:term":[{"taxonomy":"category","embeddable":true,"href":"https:\/\/laprensacristiana.com\/index.php?rest_route=%2Fwp%2Fv2%2Fcategories&post=18276"},{"taxonomy":"post_tag","embeddable":true,"href":"https:\/\/laprensacristiana.com\/index.php?rest_route=%2Fwp%2Fv2%2Ftags&post=18276"}],"curies":[{"name":"wp","href":"https:\/\/api.w.org\/{rel}","templated":true}]}}