{"id":18288,"date":"2024-10-31T22:25:56","date_gmt":"2024-10-31T22:25:56","guid":{"rendered":"https:\/\/laprensacristiana.com\/?p=18288"},"modified":"2024-10-31T22:25:57","modified_gmt":"2024-10-31T22:25:57","slug":"uees-conmemora-la-reforma-protestante-y-el-dia-nacional-de-la-iglesia-evangelica-salvadorena","status":"publish","type":"post","link":"https:\/\/laprensacristiana.com\/?p=18288","title":{"rendered":"UEES conmemora la Reforma Protestante y el D\u00eda Nacional de la Iglesia Evang\u00e9lica Salvadore\u00f1a\u00a0"},"content":{"rendered":"\n<p>Con un encuentro titulado \u00abSolo la Escritura y su misi\u00f3n en el mundo contempor\u00e1neo\u00bb, la Universidad Evang\u00e9lica de El Salvador conmemor\u00f3 este jueves 31 de octubre los 507 a\u00f1os de la Reforma Protestante, liderada por el monje alem\u00e1n Mart\u00edn Lutero.<\/p>\n\n\n\n<p>La actividad incluy\u00f3 tambi\u00e9n la celebraci\u00f3n del \u201cD\u00eda Nacional de la Iglesia Evang\u00e9lica Salvadore\u00f1a\u201d, que por decreto legislativo #514, se conmemora en esta fecha.<\/p>\n\n\n\n<figure class=\"wp-block-image size-large\"><img decoding=\"async\" loading=\"lazy\" width=\"1024\" height=\"461\" src=\"https:\/\/laprensacristiana.com\/wp-content\/uploads\/2024\/10\/CA345EAE-CC75-461A-8F8D-35C3FB26CAB5-1024x461.jpeg\" alt=\"\" class=\"wp-image-18290\" srcset=\"https:\/\/laprensacristiana.com\/wp-content\/uploads\/2024\/10\/CA345EAE-CC75-461A-8F8D-35C3FB26CAB5-1024x461.jpeg 1024w, https:\/\/laprensacristiana.com\/wp-content\/uploads\/2024\/10\/CA345EAE-CC75-461A-8F8D-35C3FB26CAB5-300x135.jpeg 300w, https:\/\/laprensacristiana.com\/wp-content\/uploads\/2024\/10\/CA345EAE-CC75-461A-8F8D-35C3FB26CAB5-768x346.jpeg 768w, https:\/\/laprensacristiana.com\/wp-content\/uploads\/2024\/10\/CA345EAE-CC75-461A-8F8D-35C3FB26CAB5-696x313.jpeg 696w, https:\/\/laprensacristiana.com\/wp-content\/uploads\/2024\/10\/CA345EAE-CC75-461A-8F8D-35C3FB26CAB5-1068x481.jpeg 1068w, https:\/\/laprensacristiana.com\/wp-content\/uploads\/2024\/10\/CA345EAE-CC75-461A-8F8D-35C3FB26CAB5-600x270.jpeg 600w, https:\/\/laprensacristiana.com\/wp-content\/uploads\/2024\/10\/CA345EAE-CC75-461A-8F8D-35C3FB26CAB5.jpeg 1280w\" sizes=\"(max-width: 1024px) 100vw, 1024px\" \/><\/figure>\n\n\n\n<p>El encuentro fue presidido por autoridades de la Universidad Evang\u00e9lica de El Salvador, entre ellos el presidente del Directorio Ejecutivo, Reverendo Mauricio Balmore Hern\u00e1ndez, el Director de capellan\u00eda universitaria, licenciado C\u00e9sar Mel\u00e9ndez; el decano de la Facultad de Ciencias Sociales, Vladimir Cruz; y el coordinador de la Licenciatura en Teolog\u00eda, licenciado Eduardo Garc\u00eda.<\/p>\n\n\n\n<p>\u201cLa Reforma puede caer en el olvido, y esto podr\u00eda menospreciar de alguna manera los avances y logros alcanzados. Es por ello que la universidad busca que la iglesia asuma un papel m\u00e1s relevante en este tema\u201d, asegur\u00f3 el presidente del Directorio Ejecutivo, Rev. Balmore Hern\u00e1ndez.<\/p>\n\n\n\n<p>\u201cSi vas a una escuela o universidad y preguntas: \u00bfQu\u00e9 es la Reforma?, pocos conocen el hecho hist\u00f3rico y sus resultados. La Reforma tambi\u00e9n trajo un avivamiento acad\u00e9mico y educativo, cambios pol\u00edticos, y, a mi parecer, la dignificaci\u00f3n del ser humano\u201d, agreg\u00f3 el reverendo Hern\u00e1ndez.<\/p>\n\n\n\n<figure class=\"wp-block-image size-large\"><img decoding=\"async\" loading=\"lazy\" width=\"1024\" height=\"461\" src=\"https:\/\/laprensacristiana.com\/wp-content\/uploads\/2024\/10\/E4AD817B-5847-42C9-B7BA-F2FDEFF9BCA8-1024x461.jpeg\" alt=\"\" class=\"wp-image-18291\" srcset=\"https:\/\/laprensacristiana.com\/wp-content\/uploads\/2024\/10\/E4AD817B-5847-42C9-B7BA-F2FDEFF9BCA8-1024x461.jpeg 1024w, https:\/\/laprensacristiana.com\/wp-content\/uploads\/2024\/10\/E4AD817B-5847-42C9-B7BA-F2FDEFF9BCA8-300x135.jpeg 300w, https:\/\/laprensacristiana.com\/wp-content\/uploads\/2024\/10\/E4AD817B-5847-42C9-B7BA-F2FDEFF9BCA8-768x346.jpeg 768w, https:\/\/laprensacristiana.com\/wp-content\/uploads\/2024\/10\/E4AD817B-5847-42C9-B7BA-F2FDEFF9BCA8-696x313.jpeg 696w, https:\/\/laprensacristiana.com\/wp-content\/uploads\/2024\/10\/E4AD817B-5847-42C9-B7BA-F2FDEFF9BCA8-1068x481.jpeg 1068w, https:\/\/laprensacristiana.com\/wp-content\/uploads\/2024\/10\/E4AD817B-5847-42C9-B7BA-F2FDEFF9BCA8-600x270.jpeg 600w, https:\/\/laprensacristiana.com\/wp-content\/uploads\/2024\/10\/E4AD817B-5847-42C9-B7BA-F2FDEFF9BCA8.jpeg 1280w\" sizes=\"(max-width: 1024px) 100vw, 1024px\" \/><\/figure>\n\n\n\n<p>El Superintendente Nacional de las Asambleas de Dios, pastor Jerem\u00edas Bola\u00f1os, destac\u00f3 que: \u201cPara el a\u00f1o 1500, las ense\u00f1anzas de Cristo enfrentaban amenazas de desaparecer, por lo que era necesario que, en alg\u00fan momento, surgieran te\u00f3logos, padres de la iglesia o reformadores para renovar la fe, que estaba en peligro de desaparecer en un mundo materialista\u201d.<\/p>\n\n\n\n<p>Al leer la historia, a\u00f1adi\u00f3, se observa que la fe se hab\u00eda distorsionado, existiendo la venta de indulgencias para obtener la vida eterna y la salvaci\u00f3n. La reforma impulsada por Mart\u00edn Lutero hizo el recordatorio que Solo la Escritura y Cristo Jes\u00fas son la \u00fanica fuente de verdad y esperanza de salvaci\u00f3n.\u00a0<br><\/p>\n\n\n\n<figure class=\"wp-block-image size-large\"><img decoding=\"async\" loading=\"lazy\" width=\"1024\" height=\"547\" src=\"https:\/\/laprensacristiana.com\/wp-content\/uploads\/2024\/10\/9EFA1017-941D-4AC7-92BE-DB8F2DDD5842-1024x547.jpeg\" alt=\"\" class=\"wp-image-18294\" srcset=\"https:\/\/laprensacristiana.com\/wp-content\/uploads\/2024\/10\/9EFA1017-941D-4AC7-92BE-DB8F2DDD5842-1024x547.jpeg 1024w, https:\/\/laprensacristiana.com\/wp-content\/uploads\/2024\/10\/9EFA1017-941D-4AC7-92BE-DB8F2DDD5842-300x160.jpeg 300w, https:\/\/laprensacristiana.com\/wp-content\/uploads\/2024\/10\/9EFA1017-941D-4AC7-92BE-DB8F2DDD5842-768x410.jpeg 768w, https:\/\/laprensacristiana.com\/wp-content\/uploads\/2024\/10\/9EFA1017-941D-4AC7-92BE-DB8F2DDD5842-696x372.jpeg 696w, https:\/\/laprensacristiana.com\/wp-content\/uploads\/2024\/10\/9EFA1017-941D-4AC7-92BE-DB8F2DDD5842-1068x571.jpeg 1068w, https:\/\/laprensacristiana.com\/wp-content\/uploads\/2024\/10\/9EFA1017-941D-4AC7-92BE-DB8F2DDD5842-600x321.jpeg 600w, https:\/\/laprensacristiana.com\/wp-content\/uploads\/2024\/10\/9EFA1017-941D-4AC7-92BE-DB8F2DDD5842.jpeg 1280w\" sizes=\"(max-width: 1024px) 100vw, 1024px\" \/><\/figure>\n\n\n\n<p>El pastor Israel Maravilla, presidente de la Misi\u00f3n Centroamericana en El Salvador, opin\u00f3 que espacios como estos son esenciales, ya que permiten a las nuevas generaciones conocer la historia y valorar un acontecimiento que ocurri\u00f3 hace m\u00e1s de 500 a\u00f1os.<\/p>\n\n\n\n<p>El pastor Maravilla est\u00e1 convencido de que mantener vivos estos temas es un desaf\u00edo para la iglesia: \u201cMuchas veces la iglesia en El Salvador ha estado muy ocupada en sus propias actividades y no ha reflexionado sobre su origen ni sobre la importancia de la Reforma para la iglesia evang\u00e9lica actual\u201d, afirm\u00f3.<\/p>\n\n\n\n<p>Uno de los reformadores, el te\u00f3logo Juan Calvino, aseguraba que: \u201cla Escritura es el espejo en el que vemos nuestros propios rostros y nuestras almas\u201d, una visi\u00f3n que recuerda que la palabra de Dios no solo nos instruye, sino que tambi\u00e9n nos transforma.<\/p>\n\n\n\n<figure class=\"wp-block-image size-large\"><img decoding=\"async\" loading=\"lazy\" width=\"1024\" height=\"630\" src=\"https:\/\/laprensacristiana.com\/wp-content\/uploads\/2024\/10\/317A3338-B4B6-4DBB-A4A3-0B3142D75BB7-1024x630.jpeg\" alt=\"\" class=\"wp-image-18292\" srcset=\"https:\/\/laprensacristiana.com\/wp-content\/uploads\/2024\/10\/317A3338-B4B6-4DBB-A4A3-0B3142D75BB7-1024x630.jpeg 1024w, https:\/\/laprensacristiana.com\/wp-content\/uploads\/2024\/10\/317A3338-B4B6-4DBB-A4A3-0B3142D75BB7-300x184.jpeg 300w, https:\/\/laprensacristiana.com\/wp-content\/uploads\/2024\/10\/317A3338-B4B6-4DBB-A4A3-0B3142D75BB7-768x472.jpeg 768w, https:\/\/laprensacristiana.com\/wp-content\/uploads\/2024\/10\/317A3338-B4B6-4DBB-A4A3-0B3142D75BB7-696x428.jpeg 696w, https:\/\/laprensacristiana.com\/wp-content\/uploads\/2024\/10\/317A3338-B4B6-4DBB-A4A3-0B3142D75BB7-600x369.jpeg 600w, https:\/\/laprensacristiana.com\/wp-content\/uploads\/2024\/10\/317A3338-B4B6-4DBB-A4A3-0B3142D75BB7.jpeg 1028w\" sizes=\"(max-width: 1024px) 100vw, 1024px\" \/><\/figure>\n\n\n\n<p>El Lic. Eduardo Garc\u00eda, coordinador de la Licenciatura en Teolog\u00eda de la UEES, afirm\u00f3 durante la apertura del encuentro que: \u201cLa Reforma Protestante nos ense\u00f1\u00f3 que la Biblia es la \u00fanica, infalible y autorizada palabra de Dios\u201d. Actividades como esta buscan ahondar en los mecanismos para llevar la luz de la Escritura a las oscuridades que puedan haber en nuestro tiempo.<\/p>\n\n\n\n<p>\u201cLa historia es el recuento de los eventos, y actualmente esa historia es cada vez m\u00e1s desconocida, sobre todo entre el pueblo evang\u00e9lico, ya que existen muchas iglesias que no conocen la historia ni lo que implica la pre-reforma, la reforma y la post-reforma, aspectos que rigen la vida del cristianismo\u201d, destac\u00f3 el pastor Hugo Rodr\u00edguez, presidente de la Asociaci\u00f3n Bautista de El Salvador.<\/p>\n\n\n\n<figure class=\"wp-block-image size-large\"><img decoding=\"async\" loading=\"lazy\" width=\"1024\" height=\"768\" src=\"https:\/\/laprensacristiana.com\/wp-content\/uploads\/2024\/10\/89D63F0C-0EE4-4934-8025-711A08AD20C5-1024x768.jpeg\" alt=\"\" class=\"wp-image-18293\" srcset=\"https:\/\/laprensacristiana.com\/wp-content\/uploads\/2024\/10\/89D63F0C-0EE4-4934-8025-711A08AD20C5-1024x768.jpeg 1024w, https:\/\/laprensacristiana.com\/wp-content\/uploads\/2024\/10\/89D63F0C-0EE4-4934-8025-711A08AD20C5-300x225.jpeg 300w, https:\/\/laprensacristiana.com\/wp-content\/uploads\/2024\/10\/89D63F0C-0EE4-4934-8025-711A08AD20C5-768x576.jpeg 768w, https:\/\/laprensacristiana.com\/wp-content\/uploads\/2024\/10\/89D63F0C-0EE4-4934-8025-711A08AD20C5-696x522.jpeg 696w, https:\/\/laprensacristiana.com\/wp-content\/uploads\/2024\/10\/89D63F0C-0EE4-4934-8025-711A08AD20C5-1068x801.jpeg 1068w, https:\/\/laprensacristiana.com\/wp-content\/uploads\/2024\/10\/89D63F0C-0EE4-4934-8025-711A08AD20C5-600x450.jpeg 600w, https:\/\/laprensacristiana.com\/wp-content\/uploads\/2024\/10\/89D63F0C-0EE4-4934-8025-711A08AD20C5.jpeg 1280w\" sizes=\"(max-width: 1024px) 100vw, 1024px\" \/><\/figure>\n\n\n\n<p>El Supervisor Nacional de la Iglesia de Dios en El Salvador, pastor Samuel Mart\u00ednez Bonilla, considera que un evento tan memorable como el que hoy se conmemora y celebra es clave en el contexto hist\u00f3rico.<\/p>\n\n\n\n<p>\u201cUn problema fuerte en Latinoam\u00e9rica y particularmente en El Salvador es que no nos gusta leer ni conocer la historia, por lo que el reto para la iglesia en general, para las universidades y para todas las organizaciones cristianas, es transmitir a las nuevas generaciones, desafi\u00e1ndolas y motiv\u00e1ndolas, el inter\u00e9s por la historia y por lo que ellas mismas pueden construir\u201d, expres\u00f3.<\/p>\n\n\n\n<p>La actividad cont\u00f3 con la participaci\u00f3n de pastores y l\u00edderes de diferentes ministerios del pa\u00eds, donde, adem\u00e1s de escuchar diversas ponencias nacionales e internacionales, se instalaron mesas de trabajo para realizar un ejercicio pr\u00e1ctico basado en el texto de Mateo 5:14-16.<\/p>\n\n\n\n<p>En estas mesas, los participantes hicieron observaciones del texto, aplicaciones teol\u00f3gicas y \u00e9ticas, comprensi\u00f3n del contexto hist\u00f3rico y cultural, e interpretaci\u00f3n del mensaje central, entre otras pr\u00e1cticas.<\/p>\n","protected":false},"excerpt":{"rendered":"<p>Con un encuentro titulado \u00abSolo la Escritura y su misi\u00f3n en el mundo contempor\u00e1neo\u00bb, la Universidad Evang\u00e9lica de El Salvador conmemor\u00f3 este jueves 31 de octubre los 507 a\u00f1os de la Reforma Protestante, liderada por el monje alem\u00e1n Mart\u00edn Lutero. La actividad incluy\u00f3 tambi\u00e9n la celebraci\u00f3n del \u201cD\u00eda Nacional de la Iglesia Evang\u00e9lica Salvadore\u00f1a\u201d, que [&hellip;]<\/p>\n","protected":false},"author":3,"featured_media":18289,"comment_status":"open","ping_status":"open","sticky":false,"template":"","format":"standard","meta":[],"categories":[56],"tags":[],"yoast_head":"<!-- This site is optimized with the Yoast SEO plugin v20.8 - https:\/\/yoast.com\/wordpress\/plugins\/seo\/ -->\n<title>UEES conmemora la Reforma Protestante y el D\u00eda Nacional de la Iglesia Evang\u00e9lica Salvadore\u00f1a\u00a0 - La Prensa Cristiana<\/title>\n<meta name=\"robots\" content=\"index, follow, max-snippet:-1, max-image-preview:large, max-video-preview:-1\" \/>\n<link rel=\"canonical\" href=\"https:\/\/laprensacristiana.com\/?p=18288\" \/>\n<meta property=\"og:locale\" content=\"es_ES\" \/>\n<meta property=\"og:type\" content=\"article\" \/>\n<meta property=\"og:title\" content=\"UEES conmemora la Reforma Protestante y el D\u00eda Nacional de la Iglesia Evang\u00e9lica Salvadore\u00f1a\u00a0 - La Prensa Cristiana\" \/>\n<meta property=\"og:description\" content=\"Con un encuentro titulado \u00abSolo la Escritura y su misi\u00f3n en el mundo contempor\u00e1neo\u00bb, la Universidad Evang\u00e9lica de El Salvador conmemor\u00f3 este jueves 31 de octubre los 507 a\u00f1os de la Reforma Protestante, liderada por el monje alem\u00e1n Mart\u00edn Lutero. La actividad incluy\u00f3 tambi\u00e9n la celebraci\u00f3n del \u201cD\u00eda Nacional de la Iglesia Evang\u00e9lica Salvadore\u00f1a\u201d, que [&hellip;]\" \/>\n<meta property=\"og:url\" content=\"https:\/\/laprensacristiana.com\/?p=18288\" \/>\n<meta property=\"og:site_name\" content=\"La Prensa Cristiana\" \/>\n<meta property=\"article:published_time\" content=\"2024-10-31T22:25:56+00:00\" \/>\n<meta property=\"article:modified_time\" content=\"2024-10-31T22:25:57+00:00\" \/>\n<meta property=\"og:image\" content=\"https:\/\/laprensacristiana.com\/wp-content\/uploads\/2024\/10\/AD98BF3C-5524-4D5A-B8E1-3C6C0C4D4EE7.jpeg\" \/>\n\t<meta property=\"og:image:width\" content=\"1280\" \/>\n\t<meta property=\"og:image:height\" content=\"576\" \/>\n\t<meta property=\"og:image:type\" content=\"image\/jpeg\" \/>\n<meta name=\"author\" content=\"EDITOR\" \/>\n<meta name=\"twitter:card\" content=\"summary_large_image\" \/>\n<meta name=\"twitter:label1\" content=\"Escrito por\" \/>\n\t<meta name=\"twitter:data1\" content=\"EDITOR\" \/>\n\t<meta name=\"twitter:label2\" content=\"Tiempo de lectura\" \/>\n\t<meta name=\"twitter:data2\" content=\"5 minutos\" \/>\n<script type=\"application\/ld+json\" class=\"yoast-schema-graph\">{\"@context\":\"https:\/\/schema.org\",\"@graph\":[{\"@type\":\"WebPage\",\"@id\":\"https:\/\/laprensacristiana.com\/?p=18288\",\"url\":\"https:\/\/laprensacristiana.com\/?p=18288\",\"name\":\"UEES conmemora la Reforma Protestante y el D\u00eda Nacional de la Iglesia Evang\u00e9lica Salvadore\u00f1a\u00a0 - La Prensa Cristiana\",\"isPartOf\":{\"@id\":\"https:\/\/laprensacristiana.com\/#website\"},\"datePublished\":\"2024-10-31T22:25:56+00:00\",\"dateModified\":\"2024-10-31T22:25:57+00:00\",\"author\":{\"@id\":\"https:\/\/laprensacristiana.com\/#\/schema\/person\/3e7d82c6bfd6b1fa67010f8f7cd5256e\"},\"breadcrumb\":{\"@id\":\"https:\/\/laprensacristiana.com\/?p=18288#breadcrumb\"},\"inLanguage\":\"es\",\"potentialAction\":[{\"@type\":\"ReadAction\",\"target\":[\"https:\/\/laprensacristiana.com\/?p=18288\"]}]},{\"@type\":\"BreadcrumbList\",\"@id\":\"https:\/\/laprensacristiana.com\/?p=18288#breadcrumb\",\"itemListElement\":[{\"@type\":\"ListItem\",\"position\":1,\"name\":\"Portada\",\"item\":\"https:\/\/laprensacristiana.com\/\"},{\"@type\":\"ListItem\",\"position\":2,\"name\":\"UEES conmemora la Reforma Protestante y el D\u00eda Nacional de la Iglesia Evang\u00e9lica Salvadore\u00f1a\u00a0\"}]},{\"@type\":\"WebSite\",\"@id\":\"https:\/\/laprensacristiana.com\/#website\",\"url\":\"https:\/\/laprensacristiana.com\/\",\"name\":\"La Prensa Cristiana\",\"description\":\"Anunciando Las Buenas Nuevas\",\"potentialAction\":[{\"@type\":\"SearchAction\",\"target\":{\"@type\":\"EntryPoint\",\"urlTemplate\":\"https:\/\/laprensacristiana.com\/?s={search_term_string}\"},\"query-input\":\"required name=search_term_string\"}],\"inLanguage\":\"es\"},{\"@type\":\"Person\",\"@id\":\"https:\/\/laprensacristiana.com\/#\/schema\/person\/3e7d82c6bfd6b1fa67010f8f7cd5256e\",\"name\":\"EDITOR\",\"image\":{\"@type\":\"ImageObject\",\"inLanguage\":\"es\",\"@id\":\"https:\/\/laprensacristiana.com\/#\/schema\/person\/image\/\",\"url\":\"https:\/\/secure.gravatar.com\/avatar\/72069dfb6c13772d9e8381e3638666d2?s=96&d=mm&r=g\",\"contentUrl\":\"https:\/\/secure.gravatar.com\/avatar\/72069dfb6c13772d9e8381e3638666d2?s=96&d=mm&r=g\",\"caption\":\"EDITOR\"},\"url\":\"https:\/\/laprensacristiana.com\/?author=3\"}]}<\/script>\n<!-- \/ Yoast SEO plugin. -->","yoast_head_json":{"title":"UEES conmemora la Reforma Protestante y el D\u00eda Nacional de la Iglesia Evang\u00e9lica Salvadore\u00f1a\u00a0 - La Prensa Cristiana","robots":{"index":"index","follow":"follow","max-snippet":"max-snippet:-1","max-image-preview":"max-image-preview:large","max-video-preview":"max-video-preview:-1"},"canonical":"https:\/\/laprensacristiana.com\/?p=18288","og_locale":"es_ES","og_type":"article","og_title":"UEES conmemora la Reforma Protestante y el D\u00eda Nacional de la Iglesia Evang\u00e9lica Salvadore\u00f1a\u00a0 - La Prensa Cristiana","og_description":"Con un encuentro titulado \u00abSolo la Escritura y su misi\u00f3n en el mundo contempor\u00e1neo\u00bb, la Universidad Evang\u00e9lica de El Salvador conmemor\u00f3 este jueves 31 de octubre los 507 a\u00f1os de la Reforma Protestante, liderada por el monje alem\u00e1n Mart\u00edn Lutero. La actividad incluy\u00f3 tambi\u00e9n la celebraci\u00f3n del \u201cD\u00eda Nacional de la Iglesia Evang\u00e9lica Salvadore\u00f1a\u201d, que [&hellip;]","og_url":"https:\/\/laprensacristiana.com\/?p=18288","og_site_name":"La Prensa Cristiana","article_published_time":"2024-10-31T22:25:56+00:00","article_modified_time":"2024-10-31T22:25:57+00:00","og_image":[{"width":1280,"height":576,"url":"https:\/\/laprensacristiana.com\/wp-content\/uploads\/2024\/10\/AD98BF3C-5524-4D5A-B8E1-3C6C0C4D4EE7.jpeg","type":"image\/jpeg"}],"author":"EDITOR","twitter_card":"summary_large_image","twitter_misc":{"Escrito por":"EDITOR","Tiempo de lectura":"5 minutos"},"schema":{"@context":"https:\/\/schema.org","@graph":[{"@type":"WebPage","@id":"https:\/\/laprensacristiana.com\/?p=18288","url":"https:\/\/laprensacristiana.com\/?p=18288","name":"UEES conmemora la Reforma Protestante y el D\u00eda Nacional de la Iglesia Evang\u00e9lica Salvadore\u00f1a\u00a0 - La Prensa Cristiana","isPartOf":{"@id":"https:\/\/laprensacristiana.com\/#website"},"datePublished":"2024-10-31T22:25:56+00:00","dateModified":"2024-10-31T22:25:57+00:00","author":{"@id":"https:\/\/laprensacristiana.com\/#\/schema\/person\/3e7d82c6bfd6b1fa67010f8f7cd5256e"},"breadcrumb":{"@id":"https:\/\/laprensacristiana.com\/?p=18288#breadcrumb"},"inLanguage":"es","potentialAction":[{"@type":"ReadAction","target":["https:\/\/laprensacristiana.com\/?p=18288"]}]},{"@type":"BreadcrumbList","@id":"https:\/\/laprensacristiana.com\/?p=18288#breadcrumb","itemListElement":[{"@type":"ListItem","position":1,"name":"Portada","item":"https:\/\/laprensacristiana.com\/"},{"@type":"ListItem","position":2,"name":"UEES conmemora la Reforma Protestante y el D\u00eda Nacional de la Iglesia Evang\u00e9lica Salvadore\u00f1a\u00a0"}]},{"@type":"WebSite","@id":"https:\/\/laprensacristiana.com\/#website","url":"https:\/\/laprensacristiana.com\/","name":"La Prensa Cristiana","description":"Anunciando Las Buenas Nuevas","potentialAction":[{"@type":"SearchAction","target":{"@type":"EntryPoint","urlTemplate":"https:\/\/laprensacristiana.com\/?s={search_term_string}"},"query-input":"required name=search_term_string"}],"inLanguage":"es"},{"@type":"Person","@id":"https:\/\/laprensacristiana.com\/#\/schema\/person\/3e7d82c6bfd6b1fa67010f8f7cd5256e","name":"EDITOR","image":{"@type":"ImageObject","inLanguage":"es","@id":"https:\/\/laprensacristiana.com\/#\/schema\/person\/image\/","url":"https:\/\/secure.gravatar.com\/avatar\/72069dfb6c13772d9e8381e3638666d2?s=96&d=mm&r=g","contentUrl":"https:\/\/secure.gravatar.com\/avatar\/72069dfb6c13772d9e8381e3638666d2?s=96&d=mm&r=g","caption":"EDITOR"},"url":"https:\/\/laprensacristiana.com\/?author=3"}]}},"_links":{"self":[{"href":"https:\/\/laprensacristiana.com\/index.php?rest_route=\/wp\/v2\/posts\/18288"}],"collection":[{"href":"https:\/\/laprensacristiana.com\/index.php?rest_route=\/wp\/v2\/posts"}],"about":[{"href":"https:\/\/laprensacristiana.com\/index.php?rest_route=\/wp\/v2\/types\/post"}],"author":[{"embeddable":true,"href":"https:\/\/laprensacristiana.com\/index.php?rest_route=\/wp\/v2\/users\/3"}],"replies":[{"embeddable":true,"href":"https:\/\/laprensacristiana.com\/index.php?rest_route=%2Fwp%2Fv2%2Fcomments&post=18288"}],"version-history":[{"count":1,"href":"https:\/\/laprensacristiana.com\/index.php?rest_route=\/wp\/v2\/posts\/18288\/revisions"}],"predecessor-version":[{"id":18295,"href":"https:\/\/laprensacristiana.com\/index.php?rest_route=\/wp\/v2\/posts\/18288\/revisions\/18295"}],"wp:featuredmedia":[{"embeddable":true,"href":"https:\/\/laprensacristiana.com\/index.php?rest_route=\/wp\/v2\/media\/18289"}],"wp:attachment":[{"href":"https:\/\/laprensacristiana.com\/index.php?rest_route=%2Fwp%2Fv2%2Fmedia&parent=18288"}],"wp:term":[{"taxonomy":"category","embeddable":true,"href":"https:\/\/laprensacristiana.com\/index.php?rest_route=%2Fwp%2Fv2%2Fcategories&post=18288"},{"taxonomy":"post_tag","embeddable":true,"href":"https:\/\/laprensacristiana.com\/index.php?rest_route=%2Fwp%2Fv2%2Ftags&post=18288"}],"curies":[{"name":"wp","href":"https:\/\/api.w.org\/{rel}","templated":true}]}}