{"id":18296,"date":"2024-10-31T23:10:31","date_gmt":"2024-10-31T23:10:31","guid":{"rendered":"https:\/\/laprensacristiana.com\/?p=18296"},"modified":"2024-10-31T23:10:31","modified_gmt":"2024-10-31T23:10:31","slug":"euforia-evangelica-tiene-un-impacto-duradero","status":"publish","type":"post","link":"https:\/\/laprensacristiana.com\/?p=18296","title":{"rendered":"Euforia evang\u00e9lica \u00bfTiene un impacto duradero?"},"content":{"rendered":"\n<p>Estamos en un tiempo de fervor evang\u00e9lico, y con justa raz\u00f3n: conmemoramos 507 a\u00f1os de la Reforma Protestante, cuyo cl\u00edmax tuvo lugar el 31 de octubre de 1517, cuando Mart\u00edn Lutero, el fraile agustino, clav\u00f3 sus 95 tesis en Wittenberg. Aunque la Reforma comenz\u00f3 mucho antes y se extendi\u00f3 despu\u00e9s de este evento, esta fecha marca un cambio profundo en la historia de la iglesia cristiana. En El Salvador, el 31 de octubre tambi\u00e9n tiene una relevancia especial como el \u00abD\u00eda Nacional de la Iglesia Cristiana Evang\u00e9lica Salvadore\u00f1a\u00bb, celebrado oficialmente desde 2013 por decreto legislativo.<\/p>\n\n\n\n<p>Adem\u00e1s, la iglesia salvadore\u00f1a celebra la llegada del primer misionero evang\u00e9lico, Samuel A. Purdie, en 1896, enviado por la Misi\u00f3n Centroamericana (CAM o MCA). Este evento hist\u00f3rico dio inicio a la predicaci\u00f3n organizada del evangelio en el pa\u00eds, y el primer culto oficial se celebr\u00f3 el 24 de octubre de ese a\u00f1o, marcando 128 a\u00f1os de presencia evang\u00e9lica formal en El Salvador. Estos momentos hist\u00f3ricos motivan una gran celebraci\u00f3n, record\u00e1ndonos la fe de aquellos que desafiaron su contexto y crearon un camino de fe y transformaci\u00f3n.<\/p>\n\n\n\n<p><strong>El valor de la euforia evang\u00e9lica<\/strong><\/p>\n\n\n\n<p>Esta euforia evangelica se ve reflejada en eventos significativos, conferencias, predicaciones, ense\u00f1anzas, im\u00e1genes, escritos formales e informales, plenarias, publicaciones en redes sociales y muchas expresiones m\u00e1s. Sin embargo, en medio de esta efervescencia, es v\u00e1lido reflexionar: \u00bfesta euforia evang\u00e9lica sirve para algo m\u00e1s que para recordar? \u00bfHay evidencias de que, una vez pasado octubre, se produce un cambio en la vida de los creyentes? \u00bfSe traducen estos eventos en una transformaci\u00f3n visible en la vida de los disc\u00edpulos y en las comunidades de fe? \u00bfConectan estos eventos con las generaciones emergentes, especialmente con los j\u00f3venes y ni\u00f1os? Las preguntas son relevantes porque, para que estas celebraciones tengan un impacto verdadero, es necesario que cada creyente y cada comunidad de fe haga una evaluaci\u00f3n sincera de su compromiso con los principios reformadores y con el evangelio.<\/p>\n\n\n\n<p>El desaf\u00edo<\/p>\n\n\n\n<p>Considero que todos estos actos de celebraci\u00f3n, memoria y ense\u00f1anza sobre los hitos de la Reforma y gratitud por el evangelio en El Salvador, son esenciales. Sin embargo, para que tengan un impacto duradero, deben superar el simple recuerdo y convertirse en un medio de transformaci\u00f3n genuina. La Reforma Protestante, en su esencia, no fue solo un movimiento de oposici\u00f3n, sino un llamado profundo a volver al evangelio y vivir conforme a la Palabra de Dios. La llegada del evangelio a El Salvador, fue un movimiento misionero y evangelistico que rompi\u00f3 esquemas, estructuras y trajo la luz de Jesucristo a este pa\u00eds. En este contexto casi siempre surgen preguntas c\u00f3mo: \u00bfNecesita la iglesia actual una Reforma? \u00bfNecesitamos \u201creevangelizar\u201d a El Salvador? Reflexionar en estas preguntas es importante.<\/p>\n\n\n\n<p>En este sentido, propongo dos \u00e1reas fundamentales en las que la iglesia contempor\u00e1nea necesita renovar su compromiso para ser agentes de transformaci\u00f3n por medio del evangelio.<\/p>\n\n\n\n<p>1. Una reforma centrada en la Palabra<\/p>\n\n\n\n<p>Para que la transformaci\u00f3n sea aut\u00e9ntica, debe tener sus ra\u00edces en la Palabra de Dios. Sin el estudio y la meditaci\u00f3n de las Escrituras, no hay cambio verdadero. El ap\u00f3stol Pablo lo expres\u00f3 claramente cuando dijo que \u201ctoda la Escritura es inspirada por Dios y \u00fatil para ense\u00f1ar, para redarg\u00fcir, para corregir, para instruir en justicia\u201d (2 Timoteo 3:16-17). Cada l\u00edder, pastor y disc\u00edpulo de Cristo debe profundizar en las Escrituras no solo a nivel acad\u00e9mico o intelectual, sino con devoci\u00f3n y entrega, buscando escuchar la voz de Dios y vivir conforme a ella.<\/p>\n\n\n\n<p>El verdadero desaf\u00edo es amar la Palabra, escucharla y obedecerla en toda circunstancia. Como Jes\u00fas ense\u00f1\u00f3: \u201cSi me am\u00e1is, guardad mis mandamientos\u201d (Juan 14:15). La reforma que hoy necesitamos debe llevarnos a un estudio b\u00edblico comprometido y transformador, en el cual cada creyente vea en la Escritura la gu\u00eda que necesita para vivir una vida coherente con el evangelio.<\/p>\n\n\n\n<p>2. Una reforma comunitaria<\/p>\n\n\n\n<p>Adem\u00e1s de la renovaci\u00f3n personal, necesitamos una reforma en nuestra vida comunitaria. La iglesia es llamada a ser una manifestaci\u00f3n visible de la gloria de Dios en su unidad y amor mutuo. Jes\u00fas or\u00f3 por la unidad de sus seguidores diciendo: \u201cpara que todos sean uno, como t\u00fa, oh Padre, en m\u00ed, y yo en ti\u201d (Juan 17:21). Esta unidad en el cuerpo de Cristo se traduce en respeto mutuo, ausencia de divisiones y un compromiso genuino de cuidar unos de otros, sin envidias ni contiendas.<\/p>\n\n\n\n<p>La unidad visible fortalece el testimonio de la iglesia ante el mundo y abre puertas para que el evangelio transforme vidas. Esta reforma no puede basarse solo en esfuerzos individuales, sino en un compromiso colectivo de obedecer y vivir la Palabra de Dios como comunidad. Debe surgir una disposici\u00f3n a trabajar juntos, a honrarse mutuamente y a apoyarse en la misi\u00f3n com\u00fan de ser luz en el mundo.<\/p>\n\n\n\n<p>Un llamado a la Iglesia Evang\u00e9lica Contempor\u00e1nea<\/p>\n\n\n\n<p>Hago un llamado a cada disc\u00edpulo de Cristo y a cada comunidad de fe a comprometerse con una reforma genuina que transforme la vida de la iglesia en todos sus aspectos. Que esta celebraci\u00f3n no quede en un evento anual, sino que se convierta en el impulso que necesitamos para vivir una vida de transformaci\u00f3n integral, donde justicia, misericordia y humildad sean principios cotidianos (Miqueas 6:8).<\/p>\n\n\n\n<p>Invito a los l\u00edderes eclesiales a que estos actos de memoria sean una herramienta para impactar a las nuevas generaciones, conectando el legado de la Reforma con los desaf\u00edos actuales. Y exhorto a la iglesia en El Salvador a ir m\u00e1s all\u00e1 de las estructuras religiosas y el statu quo que muchas veces la limitan, permitiendo que el evangelio de Jesucristo renueve y moldee cada aspecto de la vida. La misi\u00f3n del evangelio no solo implica predicar las buenas nuevas, sino encarnar la justicia, la misericordia y la humildad en nuestro d\u00eda a d\u00eda, viviendo los valores del Reino. De esta manera, no solo estar\u00eda la iglesia predicando el evangelio, sino tambi\u00e9n demostrando con su estilo de vida a las nuevas generaciones c\u00f3mo se vive el evangelio.<\/p>\n\n\n\n<p>Que este tiempo de celebraci\u00f3n nos motive a ser una iglesia reformada, evangelistica, misional y siempre en proceso de transformaci\u00f3n, viviendo en la luz y transformando el mundo que nos rodea conforme a los principios del evangelio.<\/p>\n","protected":false},"excerpt":{"rendered":"<p>Estamos en un tiempo de fervor evang\u00e9lico, y con justa raz\u00f3n: conmemoramos 507 a\u00f1os de la Reforma Protestante, cuyo cl\u00edmax tuvo lugar el 31 de octubre de 1517, cuando Mart\u00edn Lutero, el fraile agustino, clav\u00f3 sus 95 tesis en Wittenberg. Aunque la Reforma comenz\u00f3 mucho antes y se extendi\u00f3 despu\u00e9s de este evento, esta fecha [&hellip;]<\/p>\n","protected":false},"author":3,"featured_media":18297,"comment_status":"open","ping_status":"open","sticky":false,"template":"","format":"standard","meta":[],"categories":[23],"tags":[],"yoast_head":"<!-- This site is optimized with the Yoast SEO plugin v20.8 - https:\/\/yoast.com\/wordpress\/plugins\/seo\/ -->\n<title>Euforia evang\u00e9lica \u00bfTiene un impacto duradero? - La Prensa Cristiana<\/title>\n<meta name=\"robots\" content=\"index, follow, max-snippet:-1, max-image-preview:large, max-video-preview:-1\" \/>\n<link rel=\"canonical\" href=\"https:\/\/laprensacristiana.com\/?p=18296\" \/>\n<meta property=\"og:locale\" content=\"es_ES\" \/>\n<meta property=\"og:type\" content=\"article\" \/>\n<meta property=\"og:title\" content=\"Euforia evang\u00e9lica \u00bfTiene un impacto duradero? - La Prensa Cristiana\" \/>\n<meta property=\"og:description\" content=\"Estamos en un tiempo de fervor evang\u00e9lico, y con justa raz\u00f3n: conmemoramos 507 a\u00f1os de la Reforma Protestante, cuyo cl\u00edmax tuvo lugar el 31 de octubre de 1517, cuando Mart\u00edn Lutero, el fraile agustino, clav\u00f3 sus 95 tesis en Wittenberg. Aunque la Reforma comenz\u00f3 mucho antes y se extendi\u00f3 despu\u00e9s de este evento, esta fecha [&hellip;]\" \/>\n<meta property=\"og:url\" content=\"https:\/\/laprensacristiana.com\/?p=18296\" \/>\n<meta property=\"og:site_name\" content=\"La Prensa Cristiana\" \/>\n<meta property=\"article:published_time\" content=\"2024-10-31T23:10:31+00:00\" \/>\n<meta property=\"og:image\" content=\"https:\/\/laprensacristiana.com\/wp-content\/uploads\/2024\/10\/OPINION-13.png\" \/>\n\t<meta property=\"og:image:width\" content=\"719\" \/>\n\t<meta property=\"og:image:height\" content=\"540\" \/>\n\t<meta property=\"og:image:type\" content=\"image\/png\" \/>\n<meta name=\"author\" content=\"EDITOR\" \/>\n<meta name=\"twitter:card\" content=\"summary_large_image\" \/>\n<meta name=\"twitter:label1\" content=\"Escrito por\" \/>\n\t<meta name=\"twitter:data1\" content=\"EDITOR\" \/>\n\t<meta name=\"twitter:label2\" content=\"Tiempo de lectura\" \/>\n\t<meta name=\"twitter:data2\" content=\"5 minutos\" \/>\n<script type=\"application\/ld+json\" class=\"yoast-schema-graph\">{\"@context\":\"https:\/\/schema.org\",\"@graph\":[{\"@type\":\"WebPage\",\"@id\":\"https:\/\/laprensacristiana.com\/?p=18296\",\"url\":\"https:\/\/laprensacristiana.com\/?p=18296\",\"name\":\"Euforia evang\u00e9lica \u00bfTiene un impacto duradero? - La Prensa Cristiana\",\"isPartOf\":{\"@id\":\"https:\/\/laprensacristiana.com\/#website\"},\"datePublished\":\"2024-10-31T23:10:31+00:00\",\"dateModified\":\"2024-10-31T23:10:31+00:00\",\"author\":{\"@id\":\"https:\/\/laprensacristiana.com\/#\/schema\/person\/3e7d82c6bfd6b1fa67010f8f7cd5256e\"},\"breadcrumb\":{\"@id\":\"https:\/\/laprensacristiana.com\/?p=18296#breadcrumb\"},\"inLanguage\":\"es\",\"potentialAction\":[{\"@type\":\"ReadAction\",\"target\":[\"https:\/\/laprensacristiana.com\/?p=18296\"]}]},{\"@type\":\"BreadcrumbList\",\"@id\":\"https:\/\/laprensacristiana.com\/?p=18296#breadcrumb\",\"itemListElement\":[{\"@type\":\"ListItem\",\"position\":1,\"name\":\"Portada\",\"item\":\"https:\/\/laprensacristiana.com\/\"},{\"@type\":\"ListItem\",\"position\":2,\"name\":\"Euforia evang\u00e9lica \u00bfTiene un impacto duradero?\"}]},{\"@type\":\"WebSite\",\"@id\":\"https:\/\/laprensacristiana.com\/#website\",\"url\":\"https:\/\/laprensacristiana.com\/\",\"name\":\"La Prensa Cristiana\",\"description\":\"Anunciando Las Buenas Nuevas\",\"potentialAction\":[{\"@type\":\"SearchAction\",\"target\":{\"@type\":\"EntryPoint\",\"urlTemplate\":\"https:\/\/laprensacristiana.com\/?s={search_term_string}\"},\"query-input\":\"required name=search_term_string\"}],\"inLanguage\":\"es\"},{\"@type\":\"Person\",\"@id\":\"https:\/\/laprensacristiana.com\/#\/schema\/person\/3e7d82c6bfd6b1fa67010f8f7cd5256e\",\"name\":\"EDITOR\",\"image\":{\"@type\":\"ImageObject\",\"inLanguage\":\"es\",\"@id\":\"https:\/\/laprensacristiana.com\/#\/schema\/person\/image\/\",\"url\":\"https:\/\/secure.gravatar.com\/avatar\/72069dfb6c13772d9e8381e3638666d2?s=96&d=mm&r=g\",\"contentUrl\":\"https:\/\/secure.gravatar.com\/avatar\/72069dfb6c13772d9e8381e3638666d2?s=96&d=mm&r=g\",\"caption\":\"EDITOR\"},\"url\":\"https:\/\/laprensacristiana.com\/?author=3\"}]}<\/script>\n<!-- \/ Yoast SEO plugin. -->","yoast_head_json":{"title":"Euforia evang\u00e9lica \u00bfTiene un impacto duradero? - La Prensa Cristiana","robots":{"index":"index","follow":"follow","max-snippet":"max-snippet:-1","max-image-preview":"max-image-preview:large","max-video-preview":"max-video-preview:-1"},"canonical":"https:\/\/laprensacristiana.com\/?p=18296","og_locale":"es_ES","og_type":"article","og_title":"Euforia evang\u00e9lica \u00bfTiene un impacto duradero? - La Prensa Cristiana","og_description":"Estamos en un tiempo de fervor evang\u00e9lico, y con justa raz\u00f3n: conmemoramos 507 a\u00f1os de la Reforma Protestante, cuyo cl\u00edmax tuvo lugar el 31 de octubre de 1517, cuando Mart\u00edn Lutero, el fraile agustino, clav\u00f3 sus 95 tesis en Wittenberg. Aunque la Reforma comenz\u00f3 mucho antes y se extendi\u00f3 despu\u00e9s de este evento, esta fecha [&hellip;]","og_url":"https:\/\/laprensacristiana.com\/?p=18296","og_site_name":"La Prensa Cristiana","article_published_time":"2024-10-31T23:10:31+00:00","og_image":[{"width":719,"height":540,"url":"https:\/\/laprensacristiana.com\/wp-content\/uploads\/2024\/10\/OPINION-13.png","type":"image\/png"}],"author":"EDITOR","twitter_card":"summary_large_image","twitter_misc":{"Escrito por":"EDITOR","Tiempo de lectura":"5 minutos"},"schema":{"@context":"https:\/\/schema.org","@graph":[{"@type":"WebPage","@id":"https:\/\/laprensacristiana.com\/?p=18296","url":"https:\/\/laprensacristiana.com\/?p=18296","name":"Euforia evang\u00e9lica \u00bfTiene un impacto duradero? - La Prensa Cristiana","isPartOf":{"@id":"https:\/\/laprensacristiana.com\/#website"},"datePublished":"2024-10-31T23:10:31+00:00","dateModified":"2024-10-31T23:10:31+00:00","author":{"@id":"https:\/\/laprensacristiana.com\/#\/schema\/person\/3e7d82c6bfd6b1fa67010f8f7cd5256e"},"breadcrumb":{"@id":"https:\/\/laprensacristiana.com\/?p=18296#breadcrumb"},"inLanguage":"es","potentialAction":[{"@type":"ReadAction","target":["https:\/\/laprensacristiana.com\/?p=18296"]}]},{"@type":"BreadcrumbList","@id":"https:\/\/laprensacristiana.com\/?p=18296#breadcrumb","itemListElement":[{"@type":"ListItem","position":1,"name":"Portada","item":"https:\/\/laprensacristiana.com\/"},{"@type":"ListItem","position":2,"name":"Euforia evang\u00e9lica \u00bfTiene un impacto duradero?"}]},{"@type":"WebSite","@id":"https:\/\/laprensacristiana.com\/#website","url":"https:\/\/laprensacristiana.com\/","name":"La Prensa Cristiana","description":"Anunciando Las Buenas Nuevas","potentialAction":[{"@type":"SearchAction","target":{"@type":"EntryPoint","urlTemplate":"https:\/\/laprensacristiana.com\/?s={search_term_string}"},"query-input":"required name=search_term_string"}],"inLanguage":"es"},{"@type":"Person","@id":"https:\/\/laprensacristiana.com\/#\/schema\/person\/3e7d82c6bfd6b1fa67010f8f7cd5256e","name":"EDITOR","image":{"@type":"ImageObject","inLanguage":"es","@id":"https:\/\/laprensacristiana.com\/#\/schema\/person\/image\/","url":"https:\/\/secure.gravatar.com\/avatar\/72069dfb6c13772d9e8381e3638666d2?s=96&d=mm&r=g","contentUrl":"https:\/\/secure.gravatar.com\/avatar\/72069dfb6c13772d9e8381e3638666d2?s=96&d=mm&r=g","caption":"EDITOR"},"url":"https:\/\/laprensacristiana.com\/?author=3"}]}},"_links":{"self":[{"href":"https:\/\/laprensacristiana.com\/index.php?rest_route=\/wp\/v2\/posts\/18296"}],"collection":[{"href":"https:\/\/laprensacristiana.com\/index.php?rest_route=\/wp\/v2\/posts"}],"about":[{"href":"https:\/\/laprensacristiana.com\/index.php?rest_route=\/wp\/v2\/types\/post"}],"author":[{"embeddable":true,"href":"https:\/\/laprensacristiana.com\/index.php?rest_route=\/wp\/v2\/users\/3"}],"replies":[{"embeddable":true,"href":"https:\/\/laprensacristiana.com\/index.php?rest_route=%2Fwp%2Fv2%2Fcomments&post=18296"}],"version-history":[{"count":1,"href":"https:\/\/laprensacristiana.com\/index.php?rest_route=\/wp\/v2\/posts\/18296\/revisions"}],"predecessor-version":[{"id":18298,"href":"https:\/\/laprensacristiana.com\/index.php?rest_route=\/wp\/v2\/posts\/18296\/revisions\/18298"}],"wp:featuredmedia":[{"embeddable":true,"href":"https:\/\/laprensacristiana.com\/index.php?rest_route=\/wp\/v2\/media\/18297"}],"wp:attachment":[{"href":"https:\/\/laprensacristiana.com\/index.php?rest_route=%2Fwp%2Fv2%2Fmedia&parent=18296"}],"wp:term":[{"taxonomy":"category","embeddable":true,"href":"https:\/\/laprensacristiana.com\/index.php?rest_route=%2Fwp%2Fv2%2Fcategories&post=18296"},{"taxonomy":"post_tag","embeddable":true,"href":"https:\/\/laprensacristiana.com\/index.php?rest_route=%2Fwp%2Fv2%2Ftags&post=18296"}],"curies":[{"name":"wp","href":"https:\/\/api.w.org\/{rel}","templated":true}]}}