{"id":18316,"date":"2024-11-12T23:05:55","date_gmt":"2024-11-12T23:05:55","guid":{"rendered":"https:\/\/laprensacristiana.com\/?p=18316"},"modified":"2024-11-15T05:21:15","modified_gmt":"2024-11-15T05:21:15","slug":"asamblea-legislativa-celebra-dia-nacional-de-la-oracion","status":"publish","type":"post","link":"https:\/\/laprensacristiana.com\/?p=18316","title":{"rendered":"Asamblea Legislativa celebra D\u00eda Nacional de la Oraci\u00f3n"},"content":{"rendered":"\n<p>En el desarrollo de la sesi\u00f3n plenaria ordinaria N\u00b0 29, la Asamblea Legislativa de El Salvador celebr\u00f3 el Dia Nacional de la Oraci\u00f3n, invitando a un grupo de pastores de diversas iglesias y denominaciones.<\/p>\n\n\n\n<p>El presidente de la Asamblea Legislativa, diputado Ernesto Castro, al inaugurar la sesi\u00f3n dirigi\u00f3 un mensaje a la poblaci\u00f3n: \u201cEste pr\u00f3ximo 17 de noviembre se conmemora el D\u00eda Nacional de la Oraci\u00f3n, una fecha en la que recordamos la importancia de estar en contacto con nuestro Dios, es un d\u00eda especial para nosotros, y para todos los creyentes de este pa\u00eds, la oraci\u00f3n es el v\u00ednculo con nuestro padre, es la oportunidad de hablar con \u00c9l de manera personal\u201d, indic\u00f3.<\/p>\n\n\n\n<figure class=\"wp-block-image size-large\"><img decoding=\"async\" loading=\"lazy\" width=\"1024\" height=\"683\" src=\"https:\/\/laprensacristiana.com\/wp-content\/uploads\/2024\/11\/DSC00043-1024x683.jpg\" alt=\"\" class=\"wp-image-18323\" srcset=\"https:\/\/laprensacristiana.com\/wp-content\/uploads\/2024\/11\/DSC00043-1024x683.jpg 1024w, https:\/\/laprensacristiana.com\/wp-content\/uploads\/2024\/11\/DSC00043-300x200.jpg 300w, https:\/\/laprensacristiana.com\/wp-content\/uploads\/2024\/11\/DSC00043-768x512.jpg 768w, https:\/\/laprensacristiana.com\/wp-content\/uploads\/2024\/11\/DSC00043-1536x1024.jpg 1536w, https:\/\/laprensacristiana.com\/wp-content\/uploads\/2024\/11\/DSC00043-2048x1365.jpg 2048w, https:\/\/laprensacristiana.com\/wp-content\/uploads\/2024\/11\/DSC00043-696x464.jpg 696w, https:\/\/laprensacristiana.com\/wp-content\/uploads\/2024\/11\/DSC00043-1068x712.jpg 1068w, https:\/\/laprensacristiana.com\/wp-content\/uploads\/2024\/11\/DSC00043-1920x1280.jpg 1920w, https:\/\/laprensacristiana.com\/wp-content\/uploads\/2024\/11\/DSC00043-600x400.jpg 600w\" sizes=\"(max-width: 1024px) 100vw, 1024px\" \/><\/figure>\n\n\n\n<p>As\u00ed mismo invitaron a los pastores Jerem\u00edas Bola\u00f1os, superintendente de las Asambleas de Dios, Edgar L\u00f3pez Bertrand Jr. Pastor general del Tabern\u00e1culo B\u00edblico Bautista Amigos de Israel, Juan Carlos Hasbun, pastor general de Iglesia Kemuel, y Mauricio Navas, pastor general de Iglesia Del Camino a dirigir una oraci\u00f3n por diferentes causas.<\/p>\n\n\n\n<figure class=\"wp-block-image size-large\"><img decoding=\"async\" loading=\"lazy\" width=\"1024\" height=\"683\" src=\"https:\/\/laprensacristiana.com\/wp-content\/uploads\/2024\/11\/DSC00048-1024x683.jpg\" alt=\"\" class=\"wp-image-18322\" srcset=\"https:\/\/laprensacristiana.com\/wp-content\/uploads\/2024\/11\/DSC00048-1024x683.jpg 1024w, https:\/\/laprensacristiana.com\/wp-content\/uploads\/2024\/11\/DSC00048-300x200.jpg 300w, https:\/\/laprensacristiana.com\/wp-content\/uploads\/2024\/11\/DSC00048-768x512.jpg 768w, https:\/\/laprensacristiana.com\/wp-content\/uploads\/2024\/11\/DSC00048-1536x1024.jpg 1536w, https:\/\/laprensacristiana.com\/wp-content\/uploads\/2024\/11\/DSC00048-2048x1365.jpg 2048w, https:\/\/laprensacristiana.com\/wp-content\/uploads\/2024\/11\/DSC00048-696x464.jpg 696w, https:\/\/laprensacristiana.com\/wp-content\/uploads\/2024\/11\/DSC00048-1068x712.jpg 1068w, https:\/\/laprensacristiana.com\/wp-content\/uploads\/2024\/11\/DSC00048-1920x1280.jpg 1920w, https:\/\/laprensacristiana.com\/wp-content\/uploads\/2024\/11\/DSC00048-600x400.jpg 600w\" sizes=\"(max-width: 1024px) 100vw, 1024px\" \/><\/figure>\n\n\n\n<p>\u201cDamos gracias a Dios que nuestro querido pa\u00eds El Salvador, est\u00e1 tierra que amamos tanto, nuestras autoridades son sensibles a los aspectos espirituales, c\u00f3mo es el caso del D\u00eda Nacional de la Oraci\u00f3n, cuando hay un pueblo, cuando sus autoridades buscan el favor y la misericordia de Dios, van a encontrar esa respuesta que todos anhelamos\u201d, expres\u00f3 el Dr. Mauricio Navas, pastor general de Iglesia Del Camino.<\/p>\n\n\n\n<p>La oraci\u00f3n es una forma de comunicaci\u00f3n que permite conectar con Dios.<\/p>\n\n\n\n<figure class=\"wp-block-image size-large\"><img decoding=\"async\" loading=\"lazy\" width=\"1024\" height=\"683\" src=\"https:\/\/laprensacristiana.com\/wp-content\/uploads\/2024\/11\/DSC00075-1024x683.jpg\" alt=\"\" class=\"wp-image-18321\" srcset=\"https:\/\/laprensacristiana.com\/wp-content\/uploads\/2024\/11\/DSC00075-1024x683.jpg 1024w, https:\/\/laprensacristiana.com\/wp-content\/uploads\/2024\/11\/DSC00075-300x200.jpg 300w, https:\/\/laprensacristiana.com\/wp-content\/uploads\/2024\/11\/DSC00075-768x512.jpg 768w, https:\/\/laprensacristiana.com\/wp-content\/uploads\/2024\/11\/DSC00075-1536x1024.jpg 1536w, https:\/\/laprensacristiana.com\/wp-content\/uploads\/2024\/11\/DSC00075-2048x1365.jpg 2048w, https:\/\/laprensacristiana.com\/wp-content\/uploads\/2024\/11\/DSC00075-696x464.jpg 696w, https:\/\/laprensacristiana.com\/wp-content\/uploads\/2024\/11\/DSC00075-1068x712.jpg 1068w, https:\/\/laprensacristiana.com\/wp-content\/uploads\/2024\/11\/DSC00075-1920x1280.jpg 1920w, https:\/\/laprensacristiana.com\/wp-content\/uploads\/2024\/11\/DSC00075-600x400.jpg 600w\" sizes=\"(max-width: 1024px) 100vw, 1024px\" \/><\/figure>\n\n\n\n<p>\u201cImportante que nos tomen en cuenta, en verdad nos sentimos agradecidos, recibir una llamada de un hijo es maravilloso, pero cuando alguien se acerca es a\u00fan mejor, el D\u00eda Nacional de Oraci\u00f3n es el primer paso y el segundo es acercarnos al Se\u00f1or, quien tiene buenos consejos para cada uno de nosotros\u201d, coment\u00f3 el pastor Edgar L\u00f3pez Bertrand Jr., del tabern\u00e1culo B\u00edblico Bautista Amigos de Israel.<\/p>\n\n\n\n<p>Tambi\u00e9n a trav\u00e9s de la oraci\u00f3n se pueden expresar pensamientos, sentimientos y necesidades.<\/p>\n\n\n\n<figure class=\"wp-block-image size-large\"><img decoding=\"async\" loading=\"lazy\" width=\"1024\" height=\"683\" src=\"https:\/\/laprensacristiana.com\/wp-content\/uploads\/2024\/11\/DSC00082-1024x683.jpg\" alt=\"\" class=\"wp-image-18320\" srcset=\"https:\/\/laprensacristiana.com\/wp-content\/uploads\/2024\/11\/DSC00082-1024x683.jpg 1024w, https:\/\/laprensacristiana.com\/wp-content\/uploads\/2024\/11\/DSC00082-300x200.jpg 300w, https:\/\/laprensacristiana.com\/wp-content\/uploads\/2024\/11\/DSC00082-768x512.jpg 768w, https:\/\/laprensacristiana.com\/wp-content\/uploads\/2024\/11\/DSC00082-1536x1024.jpg 1536w, https:\/\/laprensacristiana.com\/wp-content\/uploads\/2024\/11\/DSC00082-2048x1365.jpg 2048w, https:\/\/laprensacristiana.com\/wp-content\/uploads\/2024\/11\/DSC00082-696x464.jpg 696w, https:\/\/laprensacristiana.com\/wp-content\/uploads\/2024\/11\/DSC00082-1068x712.jpg 1068w, https:\/\/laprensacristiana.com\/wp-content\/uploads\/2024\/11\/DSC00082-1920x1280.jpg 1920w, https:\/\/laprensacristiana.com\/wp-content\/uploads\/2024\/11\/DSC00082-600x400.jpg 600w\" sizes=\"(max-width: 1024px) 100vw, 1024px\" \/><\/figure>\n\n\n\n<p>\u201cConcede Se\u00f1or tu bendici\u00f3n sobre cada uno de los integrantes de esta Asamblea Legislativa, concede Se\u00f1or que nuestro pueblo entero pueda recibir, si bien es cierto la siembra ha sido con l\u00e1grimas, con regocijo han de segar, Dios ha visitado nuestra naci\u00f3n y la ha bendecido y tiene mucho m\u00e1s que darnos\u201d, acot\u00f3 el Reverendo Jeremias Bola\u00f1os, superintendente de las Asambleas de Dios en El Salvador.<\/p>\n\n\n\n<p>La oraci\u00f3n puede ser una fuente de consuelo y esperanza en momentos dif\u00edciles, ayudando a encontrar paz interior.<\/p>\n\n\n\n<figure class=\"wp-block-image size-large\"><img decoding=\"async\" loading=\"lazy\" width=\"1024\" height=\"683\" src=\"https:\/\/laprensacristiana.com\/wp-content\/uploads\/2024\/11\/DSC00102-1024x683.jpg\" alt=\"\" class=\"wp-image-18319\" srcset=\"https:\/\/laprensacristiana.com\/wp-content\/uploads\/2024\/11\/DSC00102-1024x683.jpg 1024w, https:\/\/laprensacristiana.com\/wp-content\/uploads\/2024\/11\/DSC00102-300x200.jpg 300w, https:\/\/laprensacristiana.com\/wp-content\/uploads\/2024\/11\/DSC00102-768x512.jpg 768w, https:\/\/laprensacristiana.com\/wp-content\/uploads\/2024\/11\/DSC00102-1536x1024.jpg 1536w, https:\/\/laprensacristiana.com\/wp-content\/uploads\/2024\/11\/DSC00102-2048x1365.jpg 2048w, https:\/\/laprensacristiana.com\/wp-content\/uploads\/2024\/11\/DSC00102-696x464.jpg 696w, https:\/\/laprensacristiana.com\/wp-content\/uploads\/2024\/11\/DSC00102-1068x712.jpg 1068w, https:\/\/laprensacristiana.com\/wp-content\/uploads\/2024\/11\/DSC00102-1920x1280.jpg 1920w, https:\/\/laprensacristiana.com\/wp-content\/uploads\/2024\/11\/DSC00102-600x400.jpg 600w\" sizes=\"(max-width: 1024px) 100vw, 1024px\" \/><\/figure>\n\n\n\n<p>\u201cDios ens\u00e9\u00f1anos a decir y hacer lo correcto, usted es quien permite que se est\u00e9 en esta etapa tomando decisiones por millones, que sea su sabidur\u00eda para esta generaci\u00f3n que ha levantado para tomar decisiones, bendiga a este grupo Se\u00f1or\u201d, concluy\u00f3 el pastor Juan Carlos Hasbun, de Iglesia Kemuel, en su momento de oraci\u00f3n.<\/p>\n\n\n\n<p>La oraci\u00f3n fomenta la reflexi\u00f3n y la gratitud, lo que puede mejorar el bienestar emocional.<\/p>\n\n\n\n<figure class=\"wp-block-image size-large\"><img decoding=\"async\" loading=\"lazy\" width=\"1024\" height=\"683\" src=\"https:\/\/laprensacristiana.com\/wp-content\/uploads\/2024\/11\/DSC00165-1024x683.jpg\" alt=\"\" class=\"wp-image-18318\" srcset=\"https:\/\/laprensacristiana.com\/wp-content\/uploads\/2024\/11\/DSC00165-1024x683.jpg 1024w, https:\/\/laprensacristiana.com\/wp-content\/uploads\/2024\/11\/DSC00165-300x200.jpg 300w, https:\/\/laprensacristiana.com\/wp-content\/uploads\/2024\/11\/DSC00165-768x512.jpg 768w, https:\/\/laprensacristiana.com\/wp-content\/uploads\/2024\/11\/DSC00165-1536x1024.jpg 1536w, https:\/\/laprensacristiana.com\/wp-content\/uploads\/2024\/11\/DSC00165-2048x1365.jpg 2048w, https:\/\/laprensacristiana.com\/wp-content\/uploads\/2024\/11\/DSC00165-696x464.jpg 696w, https:\/\/laprensacristiana.com\/wp-content\/uploads\/2024\/11\/DSC00165-1068x712.jpg 1068w, https:\/\/laprensacristiana.com\/wp-content\/uploads\/2024\/11\/DSC00165-1920x1280.jpg 1920w, https:\/\/laprensacristiana.com\/wp-content\/uploads\/2024\/11\/DSC00165-600x400.jpg 600w\" sizes=\"(max-width: 1024px) 100vw, 1024px\" \/><\/figure>\n\n\n\n<p>\u201cLa oraci\u00f3n es poderosa, capaz de transformar las cosas para bien y dar respuesta a todo aquel que le invoca, por primera vez en la historia de nuestro pa\u00eds El Salvador tenemos un presidente que cree en Dios, que lo honra y que le da la gloria en todo, siendo un ejemplo de humildad para El Salvador y para el mundo\u201c, expres\u00f3 el Dr. Edgardo Cardoza, Comisionado Nacional de Valores, en su intervenci\u00f3n.<\/p>\n\n\n\n<p>Cabe destacar que en la celebraci\u00f3n del a\u00f1o pasado se cont\u00f3 con la presencia de 500 pastores en el \u00e1rea del mezanine del Sal\u00f3n Azul, pero en esta ocasi\u00f3n por motivos de remodelaci\u00f3n de las instalaciones solo pudieron acoger a un promedio de 35 pastores en el evento de oraci\u00f3n.<\/p>\n\n\n\n<p>En un sentido m\u00e1s amplio, la oraci\u00f3n puede fortalecer la comunidad y las relaciones interpersonales, ya que muchas veces se comparte en grupo.<\/p>\n\n\n\n<figure class=\"wp-block-image size-large\"><img decoding=\"async\" loading=\"lazy\" width=\"1024\" height=\"683\" src=\"https:\/\/laprensacristiana.com\/wp-content\/uploads\/2024\/11\/DSC00018-1024x683.jpg\" alt=\"\" class=\"wp-image-18324\" srcset=\"https:\/\/laprensacristiana.com\/wp-content\/uploads\/2024\/11\/DSC00018-1024x683.jpg 1024w, https:\/\/laprensacristiana.com\/wp-content\/uploads\/2024\/11\/DSC00018-300x200.jpg 300w, https:\/\/laprensacristiana.com\/wp-content\/uploads\/2024\/11\/DSC00018-768x512.jpg 768w, https:\/\/laprensacristiana.com\/wp-content\/uploads\/2024\/11\/DSC00018-1536x1024.jpg 1536w, https:\/\/laprensacristiana.com\/wp-content\/uploads\/2024\/11\/DSC00018-2048x1365.jpg 2048w, https:\/\/laprensacristiana.com\/wp-content\/uploads\/2024\/11\/DSC00018-696x464.jpg 696w, https:\/\/laprensacristiana.com\/wp-content\/uploads\/2024\/11\/DSC00018-1068x712.jpg 1068w, https:\/\/laprensacristiana.com\/wp-content\/uploads\/2024\/11\/DSC00018-1920x1280.jpg 1920w, https:\/\/laprensacristiana.com\/wp-content\/uploads\/2024\/11\/DSC00018-600x400.jpg 600w\" sizes=\"(max-width: 1024px) 100vw, 1024px\" \/><\/figure>\n\n\n\n<figure class=\"wp-block-image size-large\"><img decoding=\"async\" loading=\"lazy\" width=\"1024\" height=\"683\" src=\"https:\/\/laprensacristiana.com\/wp-content\/uploads\/2024\/11\/DSC00017-1024x683.jpg\" alt=\"\" class=\"wp-image-18325\" srcset=\"https:\/\/laprensacristiana.com\/wp-content\/uploads\/2024\/11\/DSC00017-1024x683.jpg 1024w, https:\/\/laprensacristiana.com\/wp-content\/uploads\/2024\/11\/DSC00017-300x200.jpg 300w, https:\/\/laprensacristiana.com\/wp-content\/uploads\/2024\/11\/DSC00017-768x512.jpg 768w, https:\/\/laprensacristiana.com\/wp-content\/uploads\/2024\/11\/DSC00017-1536x1024.jpg 1536w, https:\/\/laprensacristiana.com\/wp-content\/uploads\/2024\/11\/DSC00017-2048x1365.jpg 2048w, https:\/\/laprensacristiana.com\/wp-content\/uploads\/2024\/11\/DSC00017-696x464.jpg 696w, https:\/\/laprensacristiana.com\/wp-content\/uploads\/2024\/11\/DSC00017-1068x712.jpg 1068w, https:\/\/laprensacristiana.com\/wp-content\/uploads\/2024\/11\/DSC00017-1920x1280.jpg 1920w, https:\/\/laprensacristiana.com\/wp-content\/uploads\/2024\/11\/DSC00017-600x400.jpg 600w\" sizes=\"(max-width: 1024px) 100vw, 1024px\" \/><\/figure>\n\n\n\n<figure class=\"wp-block-image size-large\"><img decoding=\"async\" loading=\"lazy\" width=\"1024\" height=\"683\" src=\"https:\/\/laprensacristiana.com\/wp-content\/uploads\/2024\/11\/DSC00010-1024x683.jpg\" alt=\"\" class=\"wp-image-18326\" srcset=\"https:\/\/laprensacristiana.com\/wp-content\/uploads\/2024\/11\/DSC00010-1024x683.jpg 1024w, https:\/\/laprensacristiana.com\/wp-content\/uploads\/2024\/11\/DSC00010-300x200.jpg 300w, https:\/\/laprensacristiana.com\/wp-content\/uploads\/2024\/11\/DSC00010-768x512.jpg 768w, https:\/\/laprensacristiana.com\/wp-content\/uploads\/2024\/11\/DSC00010-1536x1024.jpg 1536w, https:\/\/laprensacristiana.com\/wp-content\/uploads\/2024\/11\/DSC00010-2048x1365.jpg 2048w, https:\/\/laprensacristiana.com\/wp-content\/uploads\/2024\/11\/DSC00010-696x464.jpg 696w, https:\/\/laprensacristiana.com\/wp-content\/uploads\/2024\/11\/DSC00010-1068x712.jpg 1068w, https:\/\/laprensacristiana.com\/wp-content\/uploads\/2024\/11\/DSC00010-1920x1280.jpg 1920w, https:\/\/laprensacristiana.com\/wp-content\/uploads\/2024\/11\/DSC00010-600x400.jpg 600w\" sizes=\"(max-width: 1024px) 100vw, 1024px\" \/><\/figure>\n\n\n\n<figure class=\"wp-block-image size-large\"><img decoding=\"async\" loading=\"lazy\" width=\"1024\" height=\"683\" src=\"https:\/\/laprensacristiana.com\/wp-content\/uploads\/2024\/11\/DSC00015-1024x683.jpg\" alt=\"\" class=\"wp-image-18327\" srcset=\"https:\/\/laprensacristiana.com\/wp-content\/uploads\/2024\/11\/DSC00015-1024x683.jpg 1024w, https:\/\/laprensacristiana.com\/wp-content\/uploads\/2024\/11\/DSC00015-300x200.jpg 300w, https:\/\/laprensacristiana.com\/wp-content\/uploads\/2024\/11\/DSC00015-768x512.jpg 768w, https:\/\/laprensacristiana.com\/wp-content\/uploads\/2024\/11\/DSC00015-1536x1024.jpg 1536w, https:\/\/laprensacristiana.com\/wp-content\/uploads\/2024\/11\/DSC00015-2048x1365.jpg 2048w, https:\/\/laprensacristiana.com\/wp-content\/uploads\/2024\/11\/DSC00015-696x464.jpg 696w, https:\/\/laprensacristiana.com\/wp-content\/uploads\/2024\/11\/DSC00015-1068x712.jpg 1068w, https:\/\/laprensacristiana.com\/wp-content\/uploads\/2024\/11\/DSC00015-1920x1280.jpg 1920w, https:\/\/laprensacristiana.com\/wp-content\/uploads\/2024\/11\/DSC00015-600x400.jpg 600w\" sizes=\"(max-width: 1024px) 100vw, 1024px\" \/><\/figure>\n","protected":false},"excerpt":{"rendered":"<p>En el desarrollo de la sesi\u00f3n plenaria ordinaria N\u00b0 29, la Asamblea Legislativa de El Salvador celebr\u00f3 el Dia Nacional de la Oraci\u00f3n, invitando a un grupo de pastores de diversas iglesias y denominaciones. El presidente de la Asamblea Legislativa, diputado Ernesto Castro, al inaugurar la sesi\u00f3n dirigi\u00f3 un mensaje a la poblaci\u00f3n: \u201cEste pr\u00f3ximo [&hellip;]<\/p>\n","protected":false},"author":3,"featured_media":18317,"comment_status":"open","ping_status":"open","sticky":false,"template":"","format":"standard","meta":[],"categories":[56],"tags":[],"yoast_head":"<!-- This site is optimized with the Yoast SEO plugin v20.8 - https:\/\/yoast.com\/wordpress\/plugins\/seo\/ -->\n<title>Asamblea Legislativa celebra D\u00eda Nacional de la Oraci\u00f3n - La Prensa Cristiana<\/title>\n<meta name=\"robots\" content=\"index, follow, max-snippet:-1, max-image-preview:large, max-video-preview:-1\" \/>\n<link rel=\"canonical\" href=\"https:\/\/laprensacristiana.com\/?p=18316\" \/>\n<meta property=\"og:locale\" content=\"es_ES\" \/>\n<meta property=\"og:type\" content=\"article\" \/>\n<meta property=\"og:title\" content=\"Asamblea Legislativa celebra D\u00eda Nacional de la Oraci\u00f3n - La Prensa Cristiana\" \/>\n<meta property=\"og:description\" content=\"En el desarrollo de la sesi\u00f3n plenaria ordinaria N\u00b0 29, la Asamblea Legislativa de El Salvador celebr\u00f3 el Dia Nacional de la Oraci\u00f3n, invitando a un grupo de pastores de diversas iglesias y denominaciones. El presidente de la Asamblea Legislativa, diputado Ernesto Castro, al inaugurar la sesi\u00f3n dirigi\u00f3 un mensaje a la poblaci\u00f3n: \u201cEste pr\u00f3ximo [&hellip;]\" \/>\n<meta property=\"og:url\" content=\"https:\/\/laprensacristiana.com\/?p=18316\" \/>\n<meta property=\"og:site_name\" content=\"La Prensa Cristiana\" \/>\n<meta property=\"article:published_time\" content=\"2024-11-12T23:05:55+00:00\" \/>\n<meta property=\"article:modified_time\" content=\"2024-11-15T05:21:15+00:00\" \/>\n<meta property=\"og:image\" content=\"https:\/\/laprensacristiana.com\/wp-content\/uploads\/2024\/11\/DSC00106-scaled.jpg\" \/>\n\t<meta property=\"og:image:width\" content=\"2560\" \/>\n\t<meta property=\"og:image:height\" content=\"1707\" \/>\n\t<meta property=\"og:image:type\" content=\"image\/jpeg\" \/>\n<meta name=\"author\" content=\"EDITOR\" \/>\n<meta name=\"twitter:card\" content=\"summary_large_image\" \/>\n<meta name=\"twitter:label1\" content=\"Escrito por\" \/>\n\t<meta name=\"twitter:data1\" content=\"EDITOR\" \/>\n\t<meta name=\"twitter:label2\" content=\"Tiempo de lectura\" \/>\n\t<meta name=\"twitter:data2\" content=\"5 minutos\" \/>\n<script type=\"application\/ld+json\" class=\"yoast-schema-graph\">{\"@context\":\"https:\/\/schema.org\",\"@graph\":[{\"@type\":\"WebPage\",\"@id\":\"https:\/\/laprensacristiana.com\/?p=18316\",\"url\":\"https:\/\/laprensacristiana.com\/?p=18316\",\"name\":\"Asamblea Legislativa celebra D\u00eda Nacional de la Oraci\u00f3n - La Prensa Cristiana\",\"isPartOf\":{\"@id\":\"https:\/\/laprensacristiana.com\/#website\"},\"datePublished\":\"2024-11-12T23:05:55+00:00\",\"dateModified\":\"2024-11-15T05:21:15+00:00\",\"author\":{\"@id\":\"https:\/\/laprensacristiana.com\/#\/schema\/person\/3e7d82c6bfd6b1fa67010f8f7cd5256e\"},\"breadcrumb\":{\"@id\":\"https:\/\/laprensacristiana.com\/?p=18316#breadcrumb\"},\"inLanguage\":\"es\",\"potentialAction\":[{\"@type\":\"ReadAction\",\"target\":[\"https:\/\/laprensacristiana.com\/?p=18316\"]}]},{\"@type\":\"BreadcrumbList\",\"@id\":\"https:\/\/laprensacristiana.com\/?p=18316#breadcrumb\",\"itemListElement\":[{\"@type\":\"ListItem\",\"position\":1,\"name\":\"Portada\",\"item\":\"https:\/\/laprensacristiana.com\/\"},{\"@type\":\"ListItem\",\"position\":2,\"name\":\"Asamblea Legislativa celebra D\u00eda Nacional de la Oraci\u00f3n\"}]},{\"@type\":\"WebSite\",\"@id\":\"https:\/\/laprensacristiana.com\/#website\",\"url\":\"https:\/\/laprensacristiana.com\/\",\"name\":\"La Prensa Cristiana\",\"description\":\"Anunciando Las Buenas Nuevas\",\"potentialAction\":[{\"@type\":\"SearchAction\",\"target\":{\"@type\":\"EntryPoint\",\"urlTemplate\":\"https:\/\/laprensacristiana.com\/?s={search_term_string}\"},\"query-input\":\"required name=search_term_string\"}],\"inLanguage\":\"es\"},{\"@type\":\"Person\",\"@id\":\"https:\/\/laprensacristiana.com\/#\/schema\/person\/3e7d82c6bfd6b1fa67010f8f7cd5256e\",\"name\":\"EDITOR\",\"image\":{\"@type\":\"ImageObject\",\"inLanguage\":\"es\",\"@id\":\"https:\/\/laprensacristiana.com\/#\/schema\/person\/image\/\",\"url\":\"https:\/\/secure.gravatar.com\/avatar\/72069dfb6c13772d9e8381e3638666d2?s=96&d=mm&r=g\",\"contentUrl\":\"https:\/\/secure.gravatar.com\/avatar\/72069dfb6c13772d9e8381e3638666d2?s=96&d=mm&r=g\",\"caption\":\"EDITOR\"},\"url\":\"https:\/\/laprensacristiana.com\/?author=3\"}]}<\/script>\n<!-- \/ Yoast SEO plugin. -->","yoast_head_json":{"title":"Asamblea Legislativa celebra D\u00eda Nacional de la Oraci\u00f3n - La Prensa Cristiana","robots":{"index":"index","follow":"follow","max-snippet":"max-snippet:-1","max-image-preview":"max-image-preview:large","max-video-preview":"max-video-preview:-1"},"canonical":"https:\/\/laprensacristiana.com\/?p=18316","og_locale":"es_ES","og_type":"article","og_title":"Asamblea Legislativa celebra D\u00eda Nacional de la Oraci\u00f3n - La Prensa Cristiana","og_description":"En el desarrollo de la sesi\u00f3n plenaria ordinaria N\u00b0 29, la Asamblea Legislativa de El Salvador celebr\u00f3 el Dia Nacional de la Oraci\u00f3n, invitando a un grupo de pastores de diversas iglesias y denominaciones. El presidente de la Asamblea Legislativa, diputado Ernesto Castro, al inaugurar la sesi\u00f3n dirigi\u00f3 un mensaje a la poblaci\u00f3n: \u201cEste pr\u00f3ximo [&hellip;]","og_url":"https:\/\/laprensacristiana.com\/?p=18316","og_site_name":"La Prensa Cristiana","article_published_time":"2024-11-12T23:05:55+00:00","article_modified_time":"2024-11-15T05:21:15+00:00","og_image":[{"width":2560,"height":1707,"url":"https:\/\/laprensacristiana.com\/wp-content\/uploads\/2024\/11\/DSC00106-scaled.jpg","type":"image\/jpeg"}],"author":"EDITOR","twitter_card":"summary_large_image","twitter_misc":{"Escrito por":"EDITOR","Tiempo de lectura":"5 minutos"},"schema":{"@context":"https:\/\/schema.org","@graph":[{"@type":"WebPage","@id":"https:\/\/laprensacristiana.com\/?p=18316","url":"https:\/\/laprensacristiana.com\/?p=18316","name":"Asamblea Legislativa celebra D\u00eda Nacional de la Oraci\u00f3n - La Prensa Cristiana","isPartOf":{"@id":"https:\/\/laprensacristiana.com\/#website"},"datePublished":"2024-11-12T23:05:55+00:00","dateModified":"2024-11-15T05:21:15+00:00","author":{"@id":"https:\/\/laprensacristiana.com\/#\/schema\/person\/3e7d82c6bfd6b1fa67010f8f7cd5256e"},"breadcrumb":{"@id":"https:\/\/laprensacristiana.com\/?p=18316#breadcrumb"},"inLanguage":"es","potentialAction":[{"@type":"ReadAction","target":["https:\/\/laprensacristiana.com\/?p=18316"]}]},{"@type":"BreadcrumbList","@id":"https:\/\/laprensacristiana.com\/?p=18316#breadcrumb","itemListElement":[{"@type":"ListItem","position":1,"name":"Portada","item":"https:\/\/laprensacristiana.com\/"},{"@type":"ListItem","position":2,"name":"Asamblea Legislativa celebra D\u00eda Nacional de la Oraci\u00f3n"}]},{"@type":"WebSite","@id":"https:\/\/laprensacristiana.com\/#website","url":"https:\/\/laprensacristiana.com\/","name":"La Prensa Cristiana","description":"Anunciando Las Buenas Nuevas","potentialAction":[{"@type":"SearchAction","target":{"@type":"EntryPoint","urlTemplate":"https:\/\/laprensacristiana.com\/?s={search_term_string}"},"query-input":"required name=search_term_string"}],"inLanguage":"es"},{"@type":"Person","@id":"https:\/\/laprensacristiana.com\/#\/schema\/person\/3e7d82c6bfd6b1fa67010f8f7cd5256e","name":"EDITOR","image":{"@type":"ImageObject","inLanguage":"es","@id":"https:\/\/laprensacristiana.com\/#\/schema\/person\/image\/","url":"https:\/\/secure.gravatar.com\/avatar\/72069dfb6c13772d9e8381e3638666d2?s=96&d=mm&r=g","contentUrl":"https:\/\/secure.gravatar.com\/avatar\/72069dfb6c13772d9e8381e3638666d2?s=96&d=mm&r=g","caption":"EDITOR"},"url":"https:\/\/laprensacristiana.com\/?author=3"}]}},"_links":{"self":[{"href":"https:\/\/laprensacristiana.com\/index.php?rest_route=\/wp\/v2\/posts\/18316"}],"collection":[{"href":"https:\/\/laprensacristiana.com\/index.php?rest_route=\/wp\/v2\/posts"}],"about":[{"href":"https:\/\/laprensacristiana.com\/index.php?rest_route=\/wp\/v2\/types\/post"}],"author":[{"embeddable":true,"href":"https:\/\/laprensacristiana.com\/index.php?rest_route=\/wp\/v2\/users\/3"}],"replies":[{"embeddable":true,"href":"https:\/\/laprensacristiana.com\/index.php?rest_route=%2Fwp%2Fv2%2Fcomments&post=18316"}],"version-history":[{"count":2,"href":"https:\/\/laprensacristiana.com\/index.php?rest_route=\/wp\/v2\/posts\/18316\/revisions"}],"predecessor-version":[{"id":18332,"href":"https:\/\/laprensacristiana.com\/index.php?rest_route=\/wp\/v2\/posts\/18316\/revisions\/18332"}],"wp:featuredmedia":[{"embeddable":true,"href":"https:\/\/laprensacristiana.com\/index.php?rest_route=\/wp\/v2\/media\/18317"}],"wp:attachment":[{"href":"https:\/\/laprensacristiana.com\/index.php?rest_route=%2Fwp%2Fv2%2Fmedia&parent=18316"}],"wp:term":[{"taxonomy":"category","embeddable":true,"href":"https:\/\/laprensacristiana.com\/index.php?rest_route=%2Fwp%2Fv2%2Fcategories&post=18316"},{"taxonomy":"post_tag","embeddable":true,"href":"https:\/\/laprensacristiana.com\/index.php?rest_route=%2Fwp%2Fv2%2Ftags&post=18316"}],"curies":[{"name":"wp","href":"https:\/\/api.w.org\/{rel}","templated":true}]}}