{"id":18336,"date":"2024-11-20T20:25:06","date_gmt":"2024-11-20T20:25:06","guid":{"rendered":"https:\/\/laprensacristiana.com\/?p=18336"},"modified":"2024-11-20T20:25:07","modified_gmt":"2024-11-20T20:25:07","slug":"asociacion-sociedad-dental-de-el-salvador-entrega-premio-a-estudiantes-de-la-facultad-de-odontologia-uees","status":"publish","type":"post","link":"https:\/\/laprensacristiana.com\/?p=18336","title":{"rendered":"Asociaci\u00f3n Sociedad Dental de El Salvador entrega premio a estudiantes de la Facultad de Odontolog\u00eda UEES"},"content":{"rendered":"\n<p>Existen estudiantes distinguidos, que en su paso por la universidad dejan huella, un legado y aporte que beneficie a otros estudiantes en el futuro, este es el caso de un grupo de seis integrantes de la carrera de Doctorado en Cirug\u00eda Dental de la Universidad Evang\u00e9lica de El Salvador, quienes, en el curso de su a\u00f1o social, realizaron la investigaci\u00f3n titulada: <em>\u201cComparaci\u00f3n in vitro de la resistencia a la compresi\u00f3n de ion\u00f3mero de vidrio convencional versus ion\u00f3mero de vidrio modificado\u201d.<\/em><\/p>\n\n\n\n<p>Las estudiantes en esta investigaci\u00f3n fueron: Sonia Stephanie Acevedo Andino, Gabriela Aracely Caballero Garm\u00e9ndez, Celina Michelle Ch\u00e1vez Barrientos, Andrea Elizabeth Ch\u00e1vez Paz, Karla Ver\u00f3nica Cruz Ju\u00e1rez y Jennifer Beatriz Efigenio Matamoros.<\/p>\n\n\n\n<p>Dicha investigaci\u00f3n les hizo acreedoras por parte de la Asociaci\u00f3n Sociedad Dental de El Salvador a ser ganadoras del primer lugar, en los reconocimientos que esta entidad otorga a estudiantes y profesionales destacados, que aportan contenido de valor, en la rama de odontolog\u00eda. Cabe destacar que fue una competencia entre diversas universidades del pa\u00eds.<\/p>\n\n\n\n<p>La investigaci\u00f3n tuvo una duraci\u00f3n de a\u00f1o y medio, y est\u00e1 basada en un estudio sobre materiales odontol\u00f3gicos usados para reparar caries o el cuello del diente, entre la corona y la ra\u00edz, con el fin de comparar la resistencia y fidelidad de ambos tipos de ion\u00f3meros.<\/p>\n\n\n\n<p>Cuando est\u00e1n por egresar, deben realizar una investigaci\u00f3n, para ello conforman diversos grupos, entre los cuales esta investigaci\u00f3n de forma interna result\u00f3 ser una de las mejores y tras ganar el concurso interno, fueron seleccionadas para representar a la universidad, obteniendo el mejor resultado.<\/p>\n\n\n\n<figure class=\"wp-block-image size-large\"><img decoding=\"async\" loading=\"lazy\" width=\"1024\" height=\"684\" src=\"https:\/\/laprensacristiana.com\/wp-content\/uploads\/2024\/11\/FOTO-1-1024x684.jpg\" alt=\"\" class=\"wp-image-18338\" srcset=\"https:\/\/laprensacristiana.com\/wp-content\/uploads\/2024\/11\/FOTO-1-1024x684.jpg 1024w, https:\/\/laprensacristiana.com\/wp-content\/uploads\/2024\/11\/FOTO-1-300x200.jpg 300w, https:\/\/laprensacristiana.com\/wp-content\/uploads\/2024\/11\/FOTO-1-768x513.jpg 768w, https:\/\/laprensacristiana.com\/wp-content\/uploads\/2024\/11\/FOTO-1-1536x1025.jpg 1536w, https:\/\/laprensacristiana.com\/wp-content\/uploads\/2024\/11\/FOTO-1-2048x1367.jpg 2048w, https:\/\/laprensacristiana.com\/wp-content\/uploads\/2024\/11\/FOTO-1-696x465.jpg 696w, https:\/\/laprensacristiana.com\/wp-content\/uploads\/2024\/11\/FOTO-1-1068x713.jpg 1068w, https:\/\/laprensacristiana.com\/wp-content\/uploads\/2024\/11\/FOTO-1-1920x1282.jpg 1920w, https:\/\/laprensacristiana.com\/wp-content\/uploads\/2024\/11\/FOTO-1-600x401.jpg 600w\" sizes=\"(max-width: 1024px) 100vw, 1024px\" \/><figcaption class=\"wp-element-caption\"><em>De izquierda a derecha las estudiantes: Sonia Sthepanie Acevedo Andino, Karla Ver\u00f3nica Cruz Ju\u00e1rez y Andrea Elizabeth Ch\u00e1vez Paz.<\/em><\/figcaption><\/figure>\n\n\n\n<p>&nbsp;\u201cNuestros docentes y asesores nos motivaron a entender la importancia cl\u00ednica de este aporte, esperamos abrir un camino para los futuros colegas y dar pauta a m\u00e1s investigaciones sobre estos materiales, fuimos innovadoras en este tema, en principio encontramos muy poca informaci\u00f3n y escasez de evidencia cient\u00edfica, recurrimos a varios asesores para la orientaci\u00f3n en el dise\u00f1o de la investigaci\u00f3n, creemos que dejamos un legado, un aporte que tambi\u00e9n ser\u00e1 \u00fatil para nuestro curr\u00edculo y para la universidad, investigaciones como esta son importantes y enriquecen la educaci\u00f3n continua\u201d, indicaron las investigadoras Karla Cruz y Jennifer Matamoros.<\/p>\n\n\n\n<p>Contar con estos conocimientos e identificar qu\u00e9 materiales son m\u00e1s acertados en su uso les ha permitido participar en campa\u00f1as de salud p\u00fablica que orienta su carrera, especialmente en comunidades con ni\u00f1os de escasos recursos. Al verificar cu\u00e1l ion\u00f3mero es m\u00e1s resistente, han realizado la donaci\u00f3n de tres paquetes de este material para apoyar las campa\u00f1as de salud bucal.<\/p>\n\n\n\n<p>La Universidad Evang\u00e9lica de El Salvador est\u00e1 comprometida en promover la investigaci\u00f3n de distintos ejes tem\u00e1ticos, seleccionados institucionalmente y basados en las necesidades del pa\u00eds, tratando de encontrar soluciones a diversas problem\u00e1ticas de la realidad actual, sean estas sociales, ambientales, culturales, entre otras. Teniendo claro que la investigaci\u00f3n es un proceso complejo, creativo, y sistem\u00e1tico, y se realiza para aumentar el acervo de conocimientos, siendo clave para que el progreso educativo potencialice el progreso de las naciones.<\/p>\n\n\n\n<figure class=\"wp-block-image size-large\"><img decoding=\"async\" loading=\"lazy\" width=\"684\" height=\"1024\" src=\"https:\/\/laprensacristiana.com\/wp-content\/uploads\/2024\/11\/FOTO-2-684x1024.jpg\" alt=\"\" class=\"wp-image-18339\" srcset=\"https:\/\/laprensacristiana.com\/wp-content\/uploads\/2024\/11\/FOTO-2-684x1024.jpg 684w, https:\/\/laprensacristiana.com\/wp-content\/uploads\/2024\/11\/FOTO-2-200x300.jpg 200w, https:\/\/laprensacristiana.com\/wp-content\/uploads\/2024\/11\/FOTO-2-768x1150.jpg 768w, https:\/\/laprensacristiana.com\/wp-content\/uploads\/2024\/11\/FOTO-2-1025x1536.jpg 1025w, https:\/\/laprensacristiana.com\/wp-content\/uploads\/2024\/11\/FOTO-2-1367x2048.jpg 1367w, https:\/\/laprensacristiana.com\/wp-content\/uploads\/2024\/11\/FOTO-2-696x1043.jpg 696w, https:\/\/laprensacristiana.com\/wp-content\/uploads\/2024\/11\/FOTO-2-1068x1600.jpg 1068w, https:\/\/laprensacristiana.com\/wp-content\/uploads\/2024\/11\/FOTO-2-1920x2876.jpg 1920w, https:\/\/laprensacristiana.com\/wp-content\/uploads\/2024\/11\/FOTO-2-600x899.jpg 600w, https:\/\/laprensacristiana.com\/wp-content\/uploads\/2024\/11\/FOTO-2-scaled.jpg 1709w\" sizes=\"(max-width: 684px) 100vw, 684px\" \/><figcaption class=\"wp-element-caption\"><em>La estudiante investigadora Jennifer Beatriz Efigenio Matamoros recibiendo su diploma al m\u00e9rito.<\/em><\/figcaption><\/figure>\n\n\n\n<p><\/p>\n","protected":false},"excerpt":{"rendered":"<p>Existen estudiantes distinguidos, que en su paso por la universidad dejan huella, un legado y aporte que beneficie a otros estudiantes en el futuro, este es el caso de un grupo de seis integrantes de la carrera de Doctorado en Cirug\u00eda Dental de la Universidad Evang\u00e9lica de El Salvador, quienes, en el curso de su [&hellip;]<\/p>\n","protected":false},"author":3,"featured_media":18337,"comment_status":"open","ping_status":"open","sticky":false,"template":"","format":"standard","meta":[],"categories":[56],"tags":[],"yoast_head":"<!-- This site is optimized with the Yoast SEO plugin v20.8 - https:\/\/yoast.com\/wordpress\/plugins\/seo\/ -->\n<title>Asociaci\u00f3n Sociedad Dental de El Salvador entrega premio a estudiantes de la Facultad de Odontolog\u00eda UEES - La Prensa Cristiana<\/title>\n<meta name=\"robots\" content=\"index, follow, max-snippet:-1, max-image-preview:large, max-video-preview:-1\" \/>\n<link rel=\"canonical\" href=\"https:\/\/laprensacristiana.com\/?p=18336\" \/>\n<meta property=\"og:locale\" content=\"es_ES\" \/>\n<meta property=\"og:type\" content=\"article\" \/>\n<meta property=\"og:title\" content=\"Asociaci\u00f3n Sociedad Dental de El Salvador entrega premio a estudiantes de la Facultad de Odontolog\u00eda UEES - La Prensa Cristiana\" \/>\n<meta property=\"og:description\" content=\"Existen estudiantes distinguidos, que en su paso por la universidad dejan huella, un legado y aporte que beneficie a otros estudiantes en el futuro, este es el caso de un grupo de seis integrantes de la carrera de Doctorado en Cirug\u00eda Dental de la Universidad Evang\u00e9lica de El Salvador, quienes, en el curso de su [&hellip;]\" \/>\n<meta property=\"og:url\" content=\"https:\/\/laprensacristiana.com\/?p=18336\" \/>\n<meta property=\"og:site_name\" content=\"La Prensa Cristiana\" \/>\n<meta property=\"article:published_time\" content=\"2024-11-20T20:25:06+00:00\" \/>\n<meta property=\"article:modified_time\" content=\"2024-11-20T20:25:07+00:00\" \/>\n<meta property=\"og:image\" content=\"https:\/\/laprensacristiana.com\/wp-content\/uploads\/2024\/11\/IMAGEN-PRINCIPAL-scaled.jpg\" \/>\n\t<meta property=\"og:image:width\" content=\"2560\" \/>\n\t<meta property=\"og:image:height\" content=\"1674\" \/>\n\t<meta property=\"og:image:type\" content=\"image\/jpeg\" \/>\n<meta name=\"author\" content=\"EDITOR\" \/>\n<meta name=\"twitter:card\" content=\"summary_large_image\" \/>\n<meta name=\"twitter:label1\" content=\"Escrito por\" \/>\n\t<meta name=\"twitter:data1\" content=\"EDITOR\" \/>\n\t<meta name=\"twitter:label2\" content=\"Tiempo de lectura\" \/>\n\t<meta name=\"twitter:data2\" content=\"3 minutos\" \/>\n<script type=\"application\/ld+json\" class=\"yoast-schema-graph\">{\"@context\":\"https:\/\/schema.org\",\"@graph\":[{\"@type\":\"WebPage\",\"@id\":\"https:\/\/laprensacristiana.com\/?p=18336\",\"url\":\"https:\/\/laprensacristiana.com\/?p=18336\",\"name\":\"Asociaci\u00f3n Sociedad Dental de El Salvador entrega premio a estudiantes de la Facultad de Odontolog\u00eda UEES - La Prensa Cristiana\",\"isPartOf\":{\"@id\":\"https:\/\/laprensacristiana.com\/#website\"},\"datePublished\":\"2024-11-20T20:25:06+00:00\",\"dateModified\":\"2024-11-20T20:25:07+00:00\",\"author\":{\"@id\":\"https:\/\/laprensacristiana.com\/#\/schema\/person\/3e7d82c6bfd6b1fa67010f8f7cd5256e\"},\"breadcrumb\":{\"@id\":\"https:\/\/laprensacristiana.com\/?p=18336#breadcrumb\"},\"inLanguage\":\"es\",\"potentialAction\":[{\"@type\":\"ReadAction\",\"target\":[\"https:\/\/laprensacristiana.com\/?p=18336\"]}]},{\"@type\":\"BreadcrumbList\",\"@id\":\"https:\/\/laprensacristiana.com\/?p=18336#breadcrumb\",\"itemListElement\":[{\"@type\":\"ListItem\",\"position\":1,\"name\":\"Portada\",\"item\":\"https:\/\/laprensacristiana.com\/\"},{\"@type\":\"ListItem\",\"position\":2,\"name\":\"Asociaci\u00f3n Sociedad Dental de El Salvador entrega premio a estudiantes de la Facultad de Odontolog\u00eda UEES\"}]},{\"@type\":\"WebSite\",\"@id\":\"https:\/\/laprensacristiana.com\/#website\",\"url\":\"https:\/\/laprensacristiana.com\/\",\"name\":\"La Prensa Cristiana\",\"description\":\"Anunciando Las Buenas Nuevas\",\"potentialAction\":[{\"@type\":\"SearchAction\",\"target\":{\"@type\":\"EntryPoint\",\"urlTemplate\":\"https:\/\/laprensacristiana.com\/?s={search_term_string}\"},\"query-input\":\"required name=search_term_string\"}],\"inLanguage\":\"es\"},{\"@type\":\"Person\",\"@id\":\"https:\/\/laprensacristiana.com\/#\/schema\/person\/3e7d82c6bfd6b1fa67010f8f7cd5256e\",\"name\":\"EDITOR\",\"image\":{\"@type\":\"ImageObject\",\"inLanguage\":\"es\",\"@id\":\"https:\/\/laprensacristiana.com\/#\/schema\/person\/image\/\",\"url\":\"https:\/\/secure.gravatar.com\/avatar\/72069dfb6c13772d9e8381e3638666d2?s=96&d=mm&r=g\",\"contentUrl\":\"https:\/\/secure.gravatar.com\/avatar\/72069dfb6c13772d9e8381e3638666d2?s=96&d=mm&r=g\",\"caption\":\"EDITOR\"},\"url\":\"https:\/\/laprensacristiana.com\/?author=3\"}]}<\/script>\n<!-- \/ Yoast SEO plugin. -->","yoast_head_json":{"title":"Asociaci\u00f3n Sociedad Dental de El Salvador entrega premio a estudiantes de la Facultad de Odontolog\u00eda UEES - La Prensa Cristiana","robots":{"index":"index","follow":"follow","max-snippet":"max-snippet:-1","max-image-preview":"max-image-preview:large","max-video-preview":"max-video-preview:-1"},"canonical":"https:\/\/laprensacristiana.com\/?p=18336","og_locale":"es_ES","og_type":"article","og_title":"Asociaci\u00f3n Sociedad Dental de El Salvador entrega premio a estudiantes de la Facultad de Odontolog\u00eda UEES - La Prensa Cristiana","og_description":"Existen estudiantes distinguidos, que en su paso por la universidad dejan huella, un legado y aporte que beneficie a otros estudiantes en el futuro, este es el caso de un grupo de seis integrantes de la carrera de Doctorado en Cirug\u00eda Dental de la Universidad Evang\u00e9lica de El Salvador, quienes, en el curso de su [&hellip;]","og_url":"https:\/\/laprensacristiana.com\/?p=18336","og_site_name":"La Prensa Cristiana","article_published_time":"2024-11-20T20:25:06+00:00","article_modified_time":"2024-11-20T20:25:07+00:00","og_image":[{"width":2560,"height":1674,"url":"https:\/\/laprensacristiana.com\/wp-content\/uploads\/2024\/11\/IMAGEN-PRINCIPAL-scaled.jpg","type":"image\/jpeg"}],"author":"EDITOR","twitter_card":"summary_large_image","twitter_misc":{"Escrito por":"EDITOR","Tiempo de lectura":"3 minutos"},"schema":{"@context":"https:\/\/schema.org","@graph":[{"@type":"WebPage","@id":"https:\/\/laprensacristiana.com\/?p=18336","url":"https:\/\/laprensacristiana.com\/?p=18336","name":"Asociaci\u00f3n Sociedad Dental de El Salvador entrega premio a estudiantes de la Facultad de Odontolog\u00eda UEES - La Prensa Cristiana","isPartOf":{"@id":"https:\/\/laprensacristiana.com\/#website"},"datePublished":"2024-11-20T20:25:06+00:00","dateModified":"2024-11-20T20:25:07+00:00","author":{"@id":"https:\/\/laprensacristiana.com\/#\/schema\/person\/3e7d82c6bfd6b1fa67010f8f7cd5256e"},"breadcrumb":{"@id":"https:\/\/laprensacristiana.com\/?p=18336#breadcrumb"},"inLanguage":"es","potentialAction":[{"@type":"ReadAction","target":["https:\/\/laprensacristiana.com\/?p=18336"]}]},{"@type":"BreadcrumbList","@id":"https:\/\/laprensacristiana.com\/?p=18336#breadcrumb","itemListElement":[{"@type":"ListItem","position":1,"name":"Portada","item":"https:\/\/laprensacristiana.com\/"},{"@type":"ListItem","position":2,"name":"Asociaci\u00f3n Sociedad Dental de El Salvador entrega premio a estudiantes de la Facultad de Odontolog\u00eda UEES"}]},{"@type":"WebSite","@id":"https:\/\/laprensacristiana.com\/#website","url":"https:\/\/laprensacristiana.com\/","name":"La Prensa Cristiana","description":"Anunciando Las Buenas Nuevas","potentialAction":[{"@type":"SearchAction","target":{"@type":"EntryPoint","urlTemplate":"https:\/\/laprensacristiana.com\/?s={search_term_string}"},"query-input":"required name=search_term_string"}],"inLanguage":"es"},{"@type":"Person","@id":"https:\/\/laprensacristiana.com\/#\/schema\/person\/3e7d82c6bfd6b1fa67010f8f7cd5256e","name":"EDITOR","image":{"@type":"ImageObject","inLanguage":"es","@id":"https:\/\/laprensacristiana.com\/#\/schema\/person\/image\/","url":"https:\/\/secure.gravatar.com\/avatar\/72069dfb6c13772d9e8381e3638666d2?s=96&d=mm&r=g","contentUrl":"https:\/\/secure.gravatar.com\/avatar\/72069dfb6c13772d9e8381e3638666d2?s=96&d=mm&r=g","caption":"EDITOR"},"url":"https:\/\/laprensacristiana.com\/?author=3"}]}},"_links":{"self":[{"href":"https:\/\/laprensacristiana.com\/index.php?rest_route=\/wp\/v2\/posts\/18336"}],"collection":[{"href":"https:\/\/laprensacristiana.com\/index.php?rest_route=\/wp\/v2\/posts"}],"about":[{"href":"https:\/\/laprensacristiana.com\/index.php?rest_route=\/wp\/v2\/types\/post"}],"author":[{"embeddable":true,"href":"https:\/\/laprensacristiana.com\/index.php?rest_route=\/wp\/v2\/users\/3"}],"replies":[{"embeddable":true,"href":"https:\/\/laprensacristiana.com\/index.php?rest_route=%2Fwp%2Fv2%2Fcomments&post=18336"}],"version-history":[{"count":1,"href":"https:\/\/laprensacristiana.com\/index.php?rest_route=\/wp\/v2\/posts\/18336\/revisions"}],"predecessor-version":[{"id":18340,"href":"https:\/\/laprensacristiana.com\/index.php?rest_route=\/wp\/v2\/posts\/18336\/revisions\/18340"}],"wp:featuredmedia":[{"embeddable":true,"href":"https:\/\/laprensacristiana.com\/index.php?rest_route=\/wp\/v2\/media\/18337"}],"wp:attachment":[{"href":"https:\/\/laprensacristiana.com\/index.php?rest_route=%2Fwp%2Fv2%2Fmedia&parent=18336"}],"wp:term":[{"taxonomy":"category","embeddable":true,"href":"https:\/\/laprensacristiana.com\/index.php?rest_route=%2Fwp%2Fv2%2Fcategories&post=18336"},{"taxonomy":"post_tag","embeddable":true,"href":"https:\/\/laprensacristiana.com\/index.php?rest_route=%2Fwp%2Fv2%2Ftags&post=18336"}],"curies":[{"name":"wp","href":"https:\/\/api.w.org\/{rel}","templated":true}]}}