{"id":18341,"date":"2024-11-20T20:39:32","date_gmt":"2024-11-20T20:39:32","guid":{"rendered":"https:\/\/laprensacristiana.com\/?p=18341"},"modified":"2024-11-20T20:39:33","modified_gmt":"2024-11-20T20:39:33","slug":"vision-global-ministry-international-impacta-centroamerica-con-la-palabra-de-dios","status":"publish","type":"post","link":"https:\/\/laprensacristiana.com\/?p=18341","title":{"rendered":"Visi\u00f3n Global Ministry International impacta Centroam\u00e9rica con la palabra de Dios"},"content":{"rendered":"\n<p>Los misioneros William Omar y Roxana Hern\u00e1ndez, fundadores de Visi\u00f3n Global Ministry International, quienes radican en Estados Unidos, se desplazaron a Centroam\u00e9rica durante el mes de noviembre para cumplir una serie de eventos, gestados con la intenci\u00f3n de llevar la palabra de Dios de distintas formas.<\/p>\n\n\n\n<p>La primera visita fue en Honduras, la cual incluy\u00f3 la predicaci\u00f3n en las iglesias Ministerio Presencia de Jehov\u00e1, Iglesia Cristiana Serm\u00f3n del Monte, y la ense\u00f1anza de principios y valores en las escuelas Centro Escolar San Jos\u00e9 Cop\u00e1n y la Escuela Comunal de Opoa.<\/p>\n\n\n\n<figure class=\"wp-block-image size-large\"><img decoding=\"async\" loading=\"lazy\" width=\"1024\" height=\"768\" src=\"https:\/\/laprensacristiana.com\/wp-content\/uploads\/2024\/11\/FOTO-1-1024x768.jpeg\" alt=\"\" class=\"wp-image-18344\" srcset=\"https:\/\/laprensacristiana.com\/wp-content\/uploads\/2024\/11\/FOTO-1-1024x768.jpeg 1024w, https:\/\/laprensacristiana.com\/wp-content\/uploads\/2024\/11\/FOTO-1-300x225.jpeg 300w, https:\/\/laprensacristiana.com\/wp-content\/uploads\/2024\/11\/FOTO-1-768x576.jpeg 768w, https:\/\/laprensacristiana.com\/wp-content\/uploads\/2024\/11\/FOTO-1-696x522.jpeg 696w, https:\/\/laprensacristiana.com\/wp-content\/uploads\/2024\/11\/FOTO-1-1068x801.jpeg 1068w, https:\/\/laprensacristiana.com\/wp-content\/uploads\/2024\/11\/FOTO-1-600x450.jpeg 600w, https:\/\/laprensacristiana.com\/wp-content\/uploads\/2024\/11\/FOTO-1.jpeg 1280w\" sizes=\"(max-width: 1024px) 100vw, 1024px\" \/><\/figure>\n\n\n\n<p>Para hacer un cierre de esta primera etapa, realizaron la cruzada evangel\u00edstica de salvaci\u00f3n y milagros, en San Juan de Opoa, con la participaci\u00f3n del evangelista Andrev Shapol, desde Estados Unidos, contando con una asistencia de 15,000 personas aproximadamente, durante las dos noches que se desarroll\u00f3 la cruzada.&nbsp;<\/p>\n\n\n\n<p>\u201cDios ha superado nuestras expectativas, sin importar las inclemencias del tiempo las personas no se detuvieron, porque ten\u00edan un hambre y sed de buscar de Dios, hemos entendido que est\u00e9 es el trabajo que \u00c9l nos ha enviado a hacer, escuchamos muchos testimonios de poder\u201d, indic\u00f3 el misionero Omar Hern\u00e1ndez.<\/p>\n\n\n\n<figure class=\"wp-block-image size-large\"><img decoding=\"async\" loading=\"lazy\" width=\"1024\" height=\"768\" src=\"https:\/\/laprensacristiana.com\/wp-content\/uploads\/2024\/11\/FOTO-2-1024x768.jpeg\" alt=\"\" class=\"wp-image-18343\" srcset=\"https:\/\/laprensacristiana.com\/wp-content\/uploads\/2024\/11\/FOTO-2-1024x768.jpeg 1024w, https:\/\/laprensacristiana.com\/wp-content\/uploads\/2024\/11\/FOTO-2-300x225.jpeg 300w, https:\/\/laprensacristiana.com\/wp-content\/uploads\/2024\/11\/FOTO-2-768x576.jpeg 768w, https:\/\/laprensacristiana.com\/wp-content\/uploads\/2024\/11\/FOTO-2-696x522.jpeg 696w, https:\/\/laprensacristiana.com\/wp-content\/uploads\/2024\/11\/FOTO-2-1068x801.jpeg 1068w, https:\/\/laprensacristiana.com\/wp-content\/uploads\/2024\/11\/FOTO-2-600x450.jpeg 600w, https:\/\/laprensacristiana.com\/wp-content\/uploads\/2024\/11\/FOTO-2.jpeg 1280w\" sizes=\"(max-width: 1024px) 100vw, 1024px\" \/><\/figure>\n\n\n\n<p>En los d\u00edas siguientes se desplazaron a la Escuela B\u00edblica Infantil Bethesda: \u201cNi\u00f1os Felices para Cristo\u201d, realizando una clausura y graduaci\u00f3n, enmarcando la fidelidad en asistencia durante el a\u00f1o y destacando el avance y progreso que han tenido.<\/p>\n\n\n\n<p>Estos eventos contaron con la participaci\u00f3n en la organizaci\u00f3n de <em>Ministerios Asociados Unidos por Jesucristo, <\/em>que en El Salvador es impulsado por el pastor Marel Murillo y en Honduras por el pastor Douglas Urquia, a quienes el misionero Omar Hern\u00e1ndez entreg\u00f3 una placa de agradecimiento para reconocer su esfuerzo y servicio en la obra del Se\u00f1or.<\/p>\n\n\n\n<figure class=\"wp-block-image size-large\"><img decoding=\"async\" loading=\"lazy\" width=\"1024\" height=\"768\" src=\"https:\/\/laprensacristiana.com\/wp-content\/uploads\/2024\/11\/FOTO-4-1024x768.jpeg\" alt=\"\" class=\"wp-image-18345\" srcset=\"https:\/\/laprensacristiana.com\/wp-content\/uploads\/2024\/11\/FOTO-4-1024x768.jpeg 1024w, https:\/\/laprensacristiana.com\/wp-content\/uploads\/2024\/11\/FOTO-4-300x225.jpeg 300w, https:\/\/laprensacristiana.com\/wp-content\/uploads\/2024\/11\/FOTO-4-768x576.jpeg 768w, https:\/\/laprensacristiana.com\/wp-content\/uploads\/2024\/11\/FOTO-4-696x522.jpeg 696w, https:\/\/laprensacristiana.com\/wp-content\/uploads\/2024\/11\/FOTO-4-1068x801.jpeg 1068w, https:\/\/laprensacristiana.com\/wp-content\/uploads\/2024\/11\/FOTO-4-600x450.jpeg 600w, https:\/\/laprensacristiana.com\/wp-content\/uploads\/2024\/11\/FOTO-4.jpeg 1280w\" sizes=\"(max-width: 1024px) 100vw, 1024px\" \/><\/figure>\n\n\n\n<p>Mientras tanto en El Salvador, el siguiente paso fue la ponencia de la misionera Roxana Hern\u00e1ndez en una conferencia para mujeres en liderazgo denominada: \u201cMujeres en la unci\u00f3n del Esp\u00edritu Santo\u201d, que junto a las pastoras Emma de Cuellar y Alma Mart\u00ednez de Loarca, inspiraron y animaron a las asistentes a despertar el potencial que Dios ha depositado en ellas.<\/p>\n\n\n\n<p>Sostuvieron una segunda visita a Honduras, para la zona sur del pa\u00eds, en San Lorenzo Valle, con una campa\u00f1a de salvaci\u00f3n y milagros: \u201cEl Fuego del Esp\u00edritu Santo\u201d, contando con la participaci\u00f3n del evangelista David Hughes, desde Estados Unidos, tiempo en el cual seg\u00fan los asistentes \u00a1Dios hizo milagros!<\/p>\n\n\n\n<p>La conclusi\u00f3n de toda la gira se realiz\u00f3 con los pastores e iglesias aleda\u00f1as al lugar donde fue la cruzada, con una conferencia de pastores: \u201cDios nos llam\u00f3 desde hace m\u00e1s de 30 a\u00f1os a trabajar en el campo misionero, estamos concentrados en llevar el evangelio, nuestro prop\u00f3sito es alcanzar almas para Cristo\u201d, explic\u00f3 la misionera Roxana de Hern\u00e1ndez. &nbsp;&nbsp;&nbsp;&nbsp;&nbsp;&nbsp;<\/p>\n\n\n\n<p>Visi\u00f3n Global Ministry International y Ministerio Cristo Te Ama est\u00e1n dedicados a impulsar las buenas nuevas de nuestro Se\u00f1or Jesucristo hasta lo \u00faltimo de la tierra.<\/p>\n\n\n\n<figure class=\"wp-block-image size-large\"><img decoding=\"async\" loading=\"lazy\" width=\"1024\" height=\"768\" src=\"https:\/\/laprensacristiana.com\/wp-content\/uploads\/2024\/11\/FOTO-3-1024x768.jpeg\" alt=\"\" class=\"wp-image-18346\" srcset=\"https:\/\/laprensacristiana.com\/wp-content\/uploads\/2024\/11\/FOTO-3-1024x768.jpeg 1024w, https:\/\/laprensacristiana.com\/wp-content\/uploads\/2024\/11\/FOTO-3-300x225.jpeg 300w, https:\/\/laprensacristiana.com\/wp-content\/uploads\/2024\/11\/FOTO-3-768x576.jpeg 768w, https:\/\/laprensacristiana.com\/wp-content\/uploads\/2024\/11\/FOTO-3-696x522.jpeg 696w, https:\/\/laprensacristiana.com\/wp-content\/uploads\/2024\/11\/FOTO-3-1068x801.jpeg 1068w, https:\/\/laprensacristiana.com\/wp-content\/uploads\/2024\/11\/FOTO-3-600x450.jpeg 600w, https:\/\/laprensacristiana.com\/wp-content\/uploads\/2024\/11\/FOTO-3.jpeg 1280w\" sizes=\"(max-width: 1024px) 100vw, 1024px\" \/><\/figure>\n","protected":false},"excerpt":{"rendered":"<p>Los misioneros William Omar y Roxana Hern\u00e1ndez, fundadores de Visi\u00f3n Global Ministry International, quienes radican en Estados Unidos, se desplazaron a Centroam\u00e9rica durante el mes de noviembre para cumplir una serie de eventos, gestados con la intenci\u00f3n de llevar la palabra de Dios de distintas formas. La primera visita fue en Honduras, la cual incluy\u00f3 [&hellip;]<\/p>\n","protected":false},"author":3,"featured_media":18342,"comment_status":"open","ping_status":"open","sticky":false,"template":"","format":"standard","meta":[],"categories":[56],"tags":[],"yoast_head":"<!-- This site is optimized with the Yoast SEO plugin v20.8 - https:\/\/yoast.com\/wordpress\/plugins\/seo\/ -->\n<title>Visi\u00f3n Global Ministry International impacta Centroam\u00e9rica con la palabra de Dios - La Prensa Cristiana<\/title>\n<meta name=\"robots\" content=\"index, follow, max-snippet:-1, max-image-preview:large, max-video-preview:-1\" \/>\n<link rel=\"canonical\" href=\"https:\/\/laprensacristiana.com\/?p=18341\" \/>\n<meta property=\"og:locale\" content=\"es_ES\" \/>\n<meta property=\"og:type\" content=\"article\" \/>\n<meta property=\"og:title\" content=\"Visi\u00f3n Global Ministry International impacta Centroam\u00e9rica con la palabra de Dios - La Prensa Cristiana\" \/>\n<meta property=\"og:description\" content=\"Los misioneros William Omar y Roxana Hern\u00e1ndez, fundadores de Visi\u00f3n Global Ministry International, quienes radican en Estados Unidos, se desplazaron a Centroam\u00e9rica durante el mes de noviembre para cumplir una serie de eventos, gestados con la intenci\u00f3n de llevar la palabra de Dios de distintas formas. La primera visita fue en Honduras, la cual incluy\u00f3 [&hellip;]\" \/>\n<meta property=\"og:url\" content=\"https:\/\/laprensacristiana.com\/?p=18341\" \/>\n<meta property=\"og:site_name\" content=\"La Prensa Cristiana\" \/>\n<meta property=\"article:published_time\" content=\"2024-11-20T20:39:32+00:00\" \/>\n<meta property=\"article:modified_time\" content=\"2024-11-20T20:39:33+00:00\" \/>\n<meta property=\"og:image\" content=\"https:\/\/laprensacristiana.com\/wp-content\/uploads\/2024\/11\/IMAGEN-PRINCIPAL.jpeg\" \/>\n\t<meta property=\"og:image:width\" content=\"1280\" \/>\n\t<meta property=\"og:image:height\" content=\"597\" \/>\n\t<meta property=\"og:image:type\" content=\"image\/jpeg\" \/>\n<meta name=\"author\" content=\"EDITOR\" \/>\n<meta name=\"twitter:card\" content=\"summary_large_image\" \/>\n<meta name=\"twitter:label1\" content=\"Escrito por\" \/>\n\t<meta name=\"twitter:data1\" content=\"EDITOR\" \/>\n\t<meta name=\"twitter:label2\" content=\"Tiempo de lectura\" \/>\n\t<meta name=\"twitter:data2\" content=\"3 minutos\" \/>\n<script type=\"application\/ld+json\" class=\"yoast-schema-graph\">{\"@context\":\"https:\/\/schema.org\",\"@graph\":[{\"@type\":\"WebPage\",\"@id\":\"https:\/\/laprensacristiana.com\/?p=18341\",\"url\":\"https:\/\/laprensacristiana.com\/?p=18341\",\"name\":\"Visi\u00f3n Global Ministry International impacta Centroam\u00e9rica con la palabra de Dios - La Prensa Cristiana\",\"isPartOf\":{\"@id\":\"https:\/\/laprensacristiana.com\/#website\"},\"datePublished\":\"2024-11-20T20:39:32+00:00\",\"dateModified\":\"2024-11-20T20:39:33+00:00\",\"author\":{\"@id\":\"https:\/\/laprensacristiana.com\/#\/schema\/person\/3e7d82c6bfd6b1fa67010f8f7cd5256e\"},\"breadcrumb\":{\"@id\":\"https:\/\/laprensacristiana.com\/?p=18341#breadcrumb\"},\"inLanguage\":\"es\",\"potentialAction\":[{\"@type\":\"ReadAction\",\"target\":[\"https:\/\/laprensacristiana.com\/?p=18341\"]}]},{\"@type\":\"BreadcrumbList\",\"@id\":\"https:\/\/laprensacristiana.com\/?p=18341#breadcrumb\",\"itemListElement\":[{\"@type\":\"ListItem\",\"position\":1,\"name\":\"Portada\",\"item\":\"https:\/\/laprensacristiana.com\/\"},{\"@type\":\"ListItem\",\"position\":2,\"name\":\"Visi\u00f3n Global Ministry International impacta Centroam\u00e9rica con la palabra de Dios\"}]},{\"@type\":\"WebSite\",\"@id\":\"https:\/\/laprensacristiana.com\/#website\",\"url\":\"https:\/\/laprensacristiana.com\/\",\"name\":\"La Prensa Cristiana\",\"description\":\"Anunciando Las Buenas Nuevas\",\"potentialAction\":[{\"@type\":\"SearchAction\",\"target\":{\"@type\":\"EntryPoint\",\"urlTemplate\":\"https:\/\/laprensacristiana.com\/?s={search_term_string}\"},\"query-input\":\"required name=search_term_string\"}],\"inLanguage\":\"es\"},{\"@type\":\"Person\",\"@id\":\"https:\/\/laprensacristiana.com\/#\/schema\/person\/3e7d82c6bfd6b1fa67010f8f7cd5256e\",\"name\":\"EDITOR\",\"image\":{\"@type\":\"ImageObject\",\"inLanguage\":\"es\",\"@id\":\"https:\/\/laprensacristiana.com\/#\/schema\/person\/image\/\",\"url\":\"https:\/\/secure.gravatar.com\/avatar\/72069dfb6c13772d9e8381e3638666d2?s=96&d=mm&r=g\",\"contentUrl\":\"https:\/\/secure.gravatar.com\/avatar\/72069dfb6c13772d9e8381e3638666d2?s=96&d=mm&r=g\",\"caption\":\"EDITOR\"},\"url\":\"https:\/\/laprensacristiana.com\/?author=3\"}]}<\/script>\n<!-- \/ Yoast SEO plugin. -->","yoast_head_json":{"title":"Visi\u00f3n Global Ministry International impacta Centroam\u00e9rica con la palabra de Dios - La Prensa Cristiana","robots":{"index":"index","follow":"follow","max-snippet":"max-snippet:-1","max-image-preview":"max-image-preview:large","max-video-preview":"max-video-preview:-1"},"canonical":"https:\/\/laprensacristiana.com\/?p=18341","og_locale":"es_ES","og_type":"article","og_title":"Visi\u00f3n Global Ministry International impacta Centroam\u00e9rica con la palabra de Dios - La Prensa Cristiana","og_description":"Los misioneros William Omar y Roxana Hern\u00e1ndez, fundadores de Visi\u00f3n Global Ministry International, quienes radican en Estados Unidos, se desplazaron a Centroam\u00e9rica durante el mes de noviembre para cumplir una serie de eventos, gestados con la intenci\u00f3n de llevar la palabra de Dios de distintas formas. La primera visita fue en Honduras, la cual incluy\u00f3 [&hellip;]","og_url":"https:\/\/laprensacristiana.com\/?p=18341","og_site_name":"La Prensa Cristiana","article_published_time":"2024-11-20T20:39:32+00:00","article_modified_time":"2024-11-20T20:39:33+00:00","og_image":[{"width":1280,"height":597,"url":"https:\/\/laprensacristiana.com\/wp-content\/uploads\/2024\/11\/IMAGEN-PRINCIPAL.jpeg","type":"image\/jpeg"}],"author":"EDITOR","twitter_card":"summary_large_image","twitter_misc":{"Escrito por":"EDITOR","Tiempo de lectura":"3 minutos"},"schema":{"@context":"https:\/\/schema.org","@graph":[{"@type":"WebPage","@id":"https:\/\/laprensacristiana.com\/?p=18341","url":"https:\/\/laprensacristiana.com\/?p=18341","name":"Visi\u00f3n Global Ministry International impacta Centroam\u00e9rica con la palabra de Dios - La Prensa Cristiana","isPartOf":{"@id":"https:\/\/laprensacristiana.com\/#website"},"datePublished":"2024-11-20T20:39:32+00:00","dateModified":"2024-11-20T20:39:33+00:00","author":{"@id":"https:\/\/laprensacristiana.com\/#\/schema\/person\/3e7d82c6bfd6b1fa67010f8f7cd5256e"},"breadcrumb":{"@id":"https:\/\/laprensacristiana.com\/?p=18341#breadcrumb"},"inLanguage":"es","potentialAction":[{"@type":"ReadAction","target":["https:\/\/laprensacristiana.com\/?p=18341"]}]},{"@type":"BreadcrumbList","@id":"https:\/\/laprensacristiana.com\/?p=18341#breadcrumb","itemListElement":[{"@type":"ListItem","position":1,"name":"Portada","item":"https:\/\/laprensacristiana.com\/"},{"@type":"ListItem","position":2,"name":"Visi\u00f3n Global Ministry International impacta Centroam\u00e9rica con la palabra de Dios"}]},{"@type":"WebSite","@id":"https:\/\/laprensacristiana.com\/#website","url":"https:\/\/laprensacristiana.com\/","name":"La Prensa Cristiana","description":"Anunciando Las Buenas Nuevas","potentialAction":[{"@type":"SearchAction","target":{"@type":"EntryPoint","urlTemplate":"https:\/\/laprensacristiana.com\/?s={search_term_string}"},"query-input":"required name=search_term_string"}],"inLanguage":"es"},{"@type":"Person","@id":"https:\/\/laprensacristiana.com\/#\/schema\/person\/3e7d82c6bfd6b1fa67010f8f7cd5256e","name":"EDITOR","image":{"@type":"ImageObject","inLanguage":"es","@id":"https:\/\/laprensacristiana.com\/#\/schema\/person\/image\/","url":"https:\/\/secure.gravatar.com\/avatar\/72069dfb6c13772d9e8381e3638666d2?s=96&d=mm&r=g","contentUrl":"https:\/\/secure.gravatar.com\/avatar\/72069dfb6c13772d9e8381e3638666d2?s=96&d=mm&r=g","caption":"EDITOR"},"url":"https:\/\/laprensacristiana.com\/?author=3"}]}},"_links":{"self":[{"href":"https:\/\/laprensacristiana.com\/index.php?rest_route=\/wp\/v2\/posts\/18341"}],"collection":[{"href":"https:\/\/laprensacristiana.com\/index.php?rest_route=\/wp\/v2\/posts"}],"about":[{"href":"https:\/\/laprensacristiana.com\/index.php?rest_route=\/wp\/v2\/types\/post"}],"author":[{"embeddable":true,"href":"https:\/\/laprensacristiana.com\/index.php?rest_route=\/wp\/v2\/users\/3"}],"replies":[{"embeddable":true,"href":"https:\/\/laprensacristiana.com\/index.php?rest_route=%2Fwp%2Fv2%2Fcomments&post=18341"}],"version-history":[{"count":1,"href":"https:\/\/laprensacristiana.com\/index.php?rest_route=\/wp\/v2\/posts\/18341\/revisions"}],"predecessor-version":[{"id":18347,"href":"https:\/\/laprensacristiana.com\/index.php?rest_route=\/wp\/v2\/posts\/18341\/revisions\/18347"}],"wp:featuredmedia":[{"embeddable":true,"href":"https:\/\/laprensacristiana.com\/index.php?rest_route=\/wp\/v2\/media\/18342"}],"wp:attachment":[{"href":"https:\/\/laprensacristiana.com\/index.php?rest_route=%2Fwp%2Fv2%2Fmedia&parent=18341"}],"wp:term":[{"taxonomy":"category","embeddable":true,"href":"https:\/\/laprensacristiana.com\/index.php?rest_route=%2Fwp%2Fv2%2Fcategories&post=18341"},{"taxonomy":"post_tag","embeddable":true,"href":"https:\/\/laprensacristiana.com\/index.php?rest_route=%2Fwp%2Fv2%2Ftags&post=18341"}],"curies":[{"name":"wp","href":"https:\/\/api.w.org\/{rel}","templated":true}]}}