{"id":18352,"date":"2024-11-21T22:42:41","date_gmt":"2024-11-21T22:42:41","guid":{"rendered":"https:\/\/laprensacristiana.com\/?p=18352"},"modified":"2024-11-21T22:42:42","modified_gmt":"2024-11-21T22:42:42","slug":"fundacion-calleja-entrega-donativo-a-iglesia-kemuel","status":"publish","type":"post","link":"https:\/\/laprensacristiana.com\/?p=18352","title":{"rendered":"Fundaci\u00f3n Calleja entrega donativo a Iglesia Kemuel"},"content":{"rendered":"\n<p>En horas de la ma\u00f1ana en las oficinas de Fundaci\u00f3n Calleja, en San Salvador, con la intenci\u00f3n de contribuir al desarrollo integral de los salvadore\u00f1os, realizaron la entrega de un donativo a Iglesia Kemuel.<\/p>\n\n\n\n<p>Fundaci\u00f3n Calleja, instituci\u00f3n que emana de S\u00faper Selectos como parte de su responsabilidad empresarial en alianza con el Comit\u00e9 Amigos Unidos Salvadore\u00f1os &#8211; Los \u00c1ngeles (CAUSA L.A.), entregaron una donaci\u00f3n de equipo de apoyo t\u00e9cnico para personas con alguna discapacidad, as\u00ed como equipo hospitalario.<\/p>\n\n\n\n<figure class=\"wp-block-image size-large\"><img decoding=\"async\" loading=\"lazy\" width=\"1024\" height=\"974\" src=\"https:\/\/laprensacristiana.com\/wp-content\/uploads\/2024\/11\/WhatsApp-Image-2024-11-21-at-16.35.32-1-1024x974.jpeg\" alt=\"\" class=\"wp-image-18354\" srcset=\"https:\/\/laprensacristiana.com\/wp-content\/uploads\/2024\/11\/WhatsApp-Image-2024-11-21-at-16.35.32-1-1024x974.jpeg 1024w, https:\/\/laprensacristiana.com\/wp-content\/uploads\/2024\/11\/WhatsApp-Image-2024-11-21-at-16.35.32-1-300x285.jpeg 300w, https:\/\/laprensacristiana.com\/wp-content\/uploads\/2024\/11\/WhatsApp-Image-2024-11-21-at-16.35.32-1-768x731.jpeg 768w, https:\/\/laprensacristiana.com\/wp-content\/uploads\/2024\/11\/WhatsApp-Image-2024-11-21-at-16.35.32-1-1536x1461.jpeg 1536w, https:\/\/laprensacristiana.com\/wp-content\/uploads\/2024\/11\/WhatsApp-Image-2024-11-21-at-16.35.32-1-696x662.jpeg 696w, https:\/\/laprensacristiana.com\/wp-content\/uploads\/2024\/11\/WhatsApp-Image-2024-11-21-at-16.35.32-1-1068x1016.jpeg 1068w, https:\/\/laprensacristiana.com\/wp-content\/uploads\/2024\/11\/WhatsApp-Image-2024-11-21-at-16.35.32-1-600x571.jpeg 600w, https:\/\/laprensacristiana.com\/wp-content\/uploads\/2024\/11\/WhatsApp-Image-2024-11-21-at-16.35.32-1.jpeg 1600w\" sizes=\"(max-width: 1024px) 100vw, 1024px\" \/><\/figure>\n\n\n\n<p>El pastor Juan Carlos Hasbun, de Iglesia Kemuel explic\u00f3 que cuentan con un ministerio de acci\u00f3n social, que cada semana visita personas de la tercera edad que cuentan con diversas necesidades, y que donativos de esta naturaleza se convierten en respuesta para estas personas; adem\u00e1s de dirigir el grupo de pastores y ministerios: \u201cPr\u00f3ximo Paso\u201d, organizaciones a trav\u00e9s de las cuales ser\u00e1 canalizada la ayuda recibida.<\/p>\n\n\n\n<p>\u201cNos llena de satisfacci\u00f3n realizar acciones que mejoran la calidad de vida de muchos salvadore\u00f1os\u201d, indicaron en su intervenci\u00f3n los representantes de Fundaci\u00f3n Calleja.<\/p>\n\n\n\n<figure class=\"wp-block-image size-large\"><img decoding=\"async\" loading=\"lazy\" width=\"1024\" height=\"938\" src=\"https:\/\/laprensacristiana.com\/wp-content\/uploads\/2024\/11\/WhatsApp-Image-2024-11-21-at-16.35.33-1-1024x938.jpeg\" alt=\"\" class=\"wp-image-18355\" srcset=\"https:\/\/laprensacristiana.com\/wp-content\/uploads\/2024\/11\/WhatsApp-Image-2024-11-21-at-16.35.33-1-1024x938.jpeg 1024w, https:\/\/laprensacristiana.com\/wp-content\/uploads\/2024\/11\/WhatsApp-Image-2024-11-21-at-16.35.33-1-300x275.jpeg 300w, https:\/\/laprensacristiana.com\/wp-content\/uploads\/2024\/11\/WhatsApp-Image-2024-11-21-at-16.35.33-1-768x704.jpeg 768w, https:\/\/laprensacristiana.com\/wp-content\/uploads\/2024\/11\/WhatsApp-Image-2024-11-21-at-16.35.33-1-1536x1407.jpeg 1536w, https:\/\/laprensacristiana.com\/wp-content\/uploads\/2024\/11\/WhatsApp-Image-2024-11-21-at-16.35.33-1-696x638.jpeg 696w, https:\/\/laprensacristiana.com\/wp-content\/uploads\/2024\/11\/WhatsApp-Image-2024-11-21-at-16.35.33-1-1068x979.jpeg 1068w, https:\/\/laprensacristiana.com\/wp-content\/uploads\/2024\/11\/WhatsApp-Image-2024-11-21-at-16.35.33-1-600x550.jpeg 600w, https:\/\/laprensacristiana.com\/wp-content\/uploads\/2024\/11\/WhatsApp-Image-2024-11-21-at-16.35.33-1.jpeg 1600w\" sizes=\"(max-width: 1024px) 100vw, 1024px\" \/><\/figure>\n","protected":false},"excerpt":{"rendered":"<p>En horas de la ma\u00f1ana en las oficinas de Fundaci\u00f3n Calleja, en San Salvador, con la intenci\u00f3n de contribuir al desarrollo integral de los salvadore\u00f1os, realizaron la entrega de un donativo a Iglesia Kemuel. Fundaci\u00f3n Calleja, instituci\u00f3n que emana de S\u00faper Selectos como parte de su responsabilidad empresarial en alianza con el Comit\u00e9 Amigos Unidos [&hellip;]<\/p>\n","protected":false},"author":3,"featured_media":18353,"comment_status":"open","ping_status":"open","sticky":false,"template":"","format":"standard","meta":[],"categories":[56],"tags":[],"yoast_head":"<!-- This site is optimized with the Yoast SEO plugin v20.8 - https:\/\/yoast.com\/wordpress\/plugins\/seo\/ -->\n<title>Fundaci\u00f3n Calleja entrega donativo a Iglesia Kemuel - La Prensa Cristiana<\/title>\n<meta name=\"robots\" content=\"index, follow, max-snippet:-1, max-image-preview:large, max-video-preview:-1\" \/>\n<link rel=\"canonical\" href=\"https:\/\/laprensacristiana.com\/?p=18352\" \/>\n<meta property=\"og:locale\" content=\"es_ES\" \/>\n<meta property=\"og:type\" content=\"article\" \/>\n<meta property=\"og:title\" content=\"Fundaci\u00f3n Calleja entrega donativo a Iglesia Kemuel - La Prensa Cristiana\" \/>\n<meta property=\"og:description\" content=\"En horas de la ma\u00f1ana en las oficinas de Fundaci\u00f3n Calleja, en San Salvador, con la intenci\u00f3n de contribuir al desarrollo integral de los salvadore\u00f1os, realizaron la entrega de un donativo a Iglesia Kemuel. Fundaci\u00f3n Calleja, instituci\u00f3n que emana de S\u00faper Selectos como parte de su responsabilidad empresarial en alianza con el Comit\u00e9 Amigos Unidos [&hellip;]\" \/>\n<meta property=\"og:url\" content=\"https:\/\/laprensacristiana.com\/?p=18352\" \/>\n<meta property=\"og:site_name\" content=\"La Prensa Cristiana\" \/>\n<meta property=\"article:published_time\" content=\"2024-11-21T22:42:41+00:00\" \/>\n<meta property=\"article:modified_time\" content=\"2024-11-21T22:42:42+00:00\" \/>\n<meta property=\"og:image\" content=\"https:\/\/laprensacristiana.com\/wp-content\/uploads\/2024\/11\/WhatsApp-Image-2024-11-21-at-16.35.32.jpeg\" \/>\n\t<meta property=\"og:image:width\" content=\"1600\" \/>\n\t<meta property=\"og:image:height\" content=\"952\" \/>\n\t<meta property=\"og:image:type\" content=\"image\/jpeg\" \/>\n<meta name=\"author\" content=\"EDITOR\" \/>\n<meta name=\"twitter:card\" content=\"summary_large_image\" \/>\n<meta name=\"twitter:label1\" content=\"Escrito por\" \/>\n\t<meta name=\"twitter:data1\" content=\"EDITOR\" \/>\n\t<meta name=\"twitter:label2\" content=\"Tiempo de lectura\" \/>\n\t<meta name=\"twitter:data2\" content=\"2 minutos\" \/>\n<script type=\"application\/ld+json\" class=\"yoast-schema-graph\">{\"@context\":\"https:\/\/schema.org\",\"@graph\":[{\"@type\":\"WebPage\",\"@id\":\"https:\/\/laprensacristiana.com\/?p=18352\",\"url\":\"https:\/\/laprensacristiana.com\/?p=18352\",\"name\":\"Fundaci\u00f3n Calleja entrega donativo a Iglesia Kemuel - La Prensa Cristiana\",\"isPartOf\":{\"@id\":\"https:\/\/laprensacristiana.com\/#website\"},\"datePublished\":\"2024-11-21T22:42:41+00:00\",\"dateModified\":\"2024-11-21T22:42:42+00:00\",\"author\":{\"@id\":\"https:\/\/laprensacristiana.com\/#\/schema\/person\/3e7d82c6bfd6b1fa67010f8f7cd5256e\"},\"breadcrumb\":{\"@id\":\"https:\/\/laprensacristiana.com\/?p=18352#breadcrumb\"},\"inLanguage\":\"es\",\"potentialAction\":[{\"@type\":\"ReadAction\",\"target\":[\"https:\/\/laprensacristiana.com\/?p=18352\"]}]},{\"@type\":\"BreadcrumbList\",\"@id\":\"https:\/\/laprensacristiana.com\/?p=18352#breadcrumb\",\"itemListElement\":[{\"@type\":\"ListItem\",\"position\":1,\"name\":\"Portada\",\"item\":\"https:\/\/laprensacristiana.com\/\"},{\"@type\":\"ListItem\",\"position\":2,\"name\":\"Fundaci\u00f3n Calleja entrega donativo a Iglesia Kemuel\"}]},{\"@type\":\"WebSite\",\"@id\":\"https:\/\/laprensacristiana.com\/#website\",\"url\":\"https:\/\/laprensacristiana.com\/\",\"name\":\"La Prensa Cristiana\",\"description\":\"Anunciando Las Buenas Nuevas\",\"potentialAction\":[{\"@type\":\"SearchAction\",\"target\":{\"@type\":\"EntryPoint\",\"urlTemplate\":\"https:\/\/laprensacristiana.com\/?s={search_term_string}\"},\"query-input\":\"required name=search_term_string\"}],\"inLanguage\":\"es\"},{\"@type\":\"Person\",\"@id\":\"https:\/\/laprensacristiana.com\/#\/schema\/person\/3e7d82c6bfd6b1fa67010f8f7cd5256e\",\"name\":\"EDITOR\",\"image\":{\"@type\":\"ImageObject\",\"inLanguage\":\"es\",\"@id\":\"https:\/\/laprensacristiana.com\/#\/schema\/person\/image\/\",\"url\":\"https:\/\/secure.gravatar.com\/avatar\/72069dfb6c13772d9e8381e3638666d2?s=96&d=mm&r=g\",\"contentUrl\":\"https:\/\/secure.gravatar.com\/avatar\/72069dfb6c13772d9e8381e3638666d2?s=96&d=mm&r=g\",\"caption\":\"EDITOR\"},\"url\":\"https:\/\/laprensacristiana.com\/?author=3\"}]}<\/script>\n<!-- \/ Yoast SEO plugin. -->","yoast_head_json":{"title":"Fundaci\u00f3n Calleja entrega donativo a Iglesia Kemuel - La Prensa Cristiana","robots":{"index":"index","follow":"follow","max-snippet":"max-snippet:-1","max-image-preview":"max-image-preview:large","max-video-preview":"max-video-preview:-1"},"canonical":"https:\/\/laprensacristiana.com\/?p=18352","og_locale":"es_ES","og_type":"article","og_title":"Fundaci\u00f3n Calleja entrega donativo a Iglesia Kemuel - La Prensa Cristiana","og_description":"En horas de la ma\u00f1ana en las oficinas de Fundaci\u00f3n Calleja, en San Salvador, con la intenci\u00f3n de contribuir al desarrollo integral de los salvadore\u00f1os, realizaron la entrega de un donativo a Iglesia Kemuel. Fundaci\u00f3n Calleja, instituci\u00f3n que emana de S\u00faper Selectos como parte de su responsabilidad empresarial en alianza con el Comit\u00e9 Amigos Unidos [&hellip;]","og_url":"https:\/\/laprensacristiana.com\/?p=18352","og_site_name":"La Prensa Cristiana","article_published_time":"2024-11-21T22:42:41+00:00","article_modified_time":"2024-11-21T22:42:42+00:00","og_image":[{"width":1600,"height":952,"url":"https:\/\/laprensacristiana.com\/wp-content\/uploads\/2024\/11\/WhatsApp-Image-2024-11-21-at-16.35.32.jpeg","type":"image\/jpeg"}],"author":"EDITOR","twitter_card":"summary_large_image","twitter_misc":{"Escrito por":"EDITOR","Tiempo de lectura":"2 minutos"},"schema":{"@context":"https:\/\/schema.org","@graph":[{"@type":"WebPage","@id":"https:\/\/laprensacristiana.com\/?p=18352","url":"https:\/\/laprensacristiana.com\/?p=18352","name":"Fundaci\u00f3n Calleja entrega donativo a Iglesia Kemuel - La Prensa Cristiana","isPartOf":{"@id":"https:\/\/laprensacristiana.com\/#website"},"datePublished":"2024-11-21T22:42:41+00:00","dateModified":"2024-11-21T22:42:42+00:00","author":{"@id":"https:\/\/laprensacristiana.com\/#\/schema\/person\/3e7d82c6bfd6b1fa67010f8f7cd5256e"},"breadcrumb":{"@id":"https:\/\/laprensacristiana.com\/?p=18352#breadcrumb"},"inLanguage":"es","potentialAction":[{"@type":"ReadAction","target":["https:\/\/laprensacristiana.com\/?p=18352"]}]},{"@type":"BreadcrumbList","@id":"https:\/\/laprensacristiana.com\/?p=18352#breadcrumb","itemListElement":[{"@type":"ListItem","position":1,"name":"Portada","item":"https:\/\/laprensacristiana.com\/"},{"@type":"ListItem","position":2,"name":"Fundaci\u00f3n Calleja entrega donativo a Iglesia Kemuel"}]},{"@type":"WebSite","@id":"https:\/\/laprensacristiana.com\/#website","url":"https:\/\/laprensacristiana.com\/","name":"La Prensa Cristiana","description":"Anunciando Las Buenas Nuevas","potentialAction":[{"@type":"SearchAction","target":{"@type":"EntryPoint","urlTemplate":"https:\/\/laprensacristiana.com\/?s={search_term_string}"},"query-input":"required name=search_term_string"}],"inLanguage":"es"},{"@type":"Person","@id":"https:\/\/laprensacristiana.com\/#\/schema\/person\/3e7d82c6bfd6b1fa67010f8f7cd5256e","name":"EDITOR","image":{"@type":"ImageObject","inLanguage":"es","@id":"https:\/\/laprensacristiana.com\/#\/schema\/person\/image\/","url":"https:\/\/secure.gravatar.com\/avatar\/72069dfb6c13772d9e8381e3638666d2?s=96&d=mm&r=g","contentUrl":"https:\/\/secure.gravatar.com\/avatar\/72069dfb6c13772d9e8381e3638666d2?s=96&d=mm&r=g","caption":"EDITOR"},"url":"https:\/\/laprensacristiana.com\/?author=3"}]}},"_links":{"self":[{"href":"https:\/\/laprensacristiana.com\/index.php?rest_route=\/wp\/v2\/posts\/18352"}],"collection":[{"href":"https:\/\/laprensacristiana.com\/index.php?rest_route=\/wp\/v2\/posts"}],"about":[{"href":"https:\/\/laprensacristiana.com\/index.php?rest_route=\/wp\/v2\/types\/post"}],"author":[{"embeddable":true,"href":"https:\/\/laprensacristiana.com\/index.php?rest_route=\/wp\/v2\/users\/3"}],"replies":[{"embeddable":true,"href":"https:\/\/laprensacristiana.com\/index.php?rest_route=%2Fwp%2Fv2%2Fcomments&post=18352"}],"version-history":[{"count":1,"href":"https:\/\/laprensacristiana.com\/index.php?rest_route=\/wp\/v2\/posts\/18352\/revisions"}],"predecessor-version":[{"id":18356,"href":"https:\/\/laprensacristiana.com\/index.php?rest_route=\/wp\/v2\/posts\/18352\/revisions\/18356"}],"wp:featuredmedia":[{"embeddable":true,"href":"https:\/\/laprensacristiana.com\/index.php?rest_route=\/wp\/v2\/media\/18353"}],"wp:attachment":[{"href":"https:\/\/laprensacristiana.com\/index.php?rest_route=%2Fwp%2Fv2%2Fmedia&parent=18352"}],"wp:term":[{"taxonomy":"category","embeddable":true,"href":"https:\/\/laprensacristiana.com\/index.php?rest_route=%2Fwp%2Fv2%2Fcategories&post=18352"},{"taxonomy":"post_tag","embeddable":true,"href":"https:\/\/laprensacristiana.com\/index.php?rest_route=%2Fwp%2Fv2%2Ftags&post=18352"}],"curies":[{"name":"wp","href":"https:\/\/api.w.org\/{rel}","templated":true}]}}