{"id":18363,"date":"2024-11-26T14:17:49","date_gmt":"2024-11-26T14:17:49","guid":{"rendered":"https:\/\/laprensacristiana.com\/?p=18363"},"modified":"2024-11-26T14:28:47","modified_gmt":"2024-11-26T14:28:47","slug":"celebran-dia-nacional-de-la-oracion","status":"publish","type":"post","link":"https:\/\/laprensacristiana.com\/?p=18363","title":{"rendered":"Celebran D\u00eda Nacional de la Oraci\u00f3n"},"content":{"rendered":"\n<p>Desde hace 21 a\u00f1os, al interior de la Iglesia Evang\u00e9lica, se form\u00f3 una comisi\u00f3n que se encarga de organizar la celebraci\u00f3n del D\u00eda Nacional de la Oraci\u00f3n, presidida por el pastor Luis Linares.<\/p>\n\n\n\n<p>Este a\u00f1o no fue la excepci\u00f3n y desde 3 puntos distintos del pa\u00eds, miles de personas se unieron para elevar un clamor a Dios, la Plaza Libertad en San Salvador, el estadio Oscar Quite\u00f1o en Santa Ana, y diferentes plazas p\u00fablicas en San Miguel, se convirtieron en un altar a Dios.<\/p>\n\n\n\n<p>\u201cAmo a Dios y a mi pa\u00eds, siempre he sido persistente porque quiero que Dios siga bendiciendo nuestro pa\u00eds, estamos agradeciendo a Dios por lo que ha hecho y por lo que viene\u201d, expres\u00f3 el pastor Luis Linares, Coordinador Nacional del D\u00eda Nacional de la Oraci\u00f3n.<\/p>\n\n\n\n<figure class=\"wp-block-image size-large\"><img decoding=\"async\" loading=\"lazy\" width=\"1024\" height=\"683\" src=\"https:\/\/laprensacristiana.com\/wp-content\/uploads\/2024\/11\/468102781_122234522126030344_8930749541861430075_n-1024x683.jpg\" alt=\"\" class=\"wp-image-18371\" srcset=\"https:\/\/laprensacristiana.com\/wp-content\/uploads\/2024\/11\/468102781_122234522126030344_8930749541861430075_n-1024x683.jpg 1024w, https:\/\/laprensacristiana.com\/wp-content\/uploads\/2024\/11\/468102781_122234522126030344_8930749541861430075_n-300x200.jpg 300w, https:\/\/laprensacristiana.com\/wp-content\/uploads\/2024\/11\/468102781_122234522126030344_8930749541861430075_n-768x512.jpg 768w, https:\/\/laprensacristiana.com\/wp-content\/uploads\/2024\/11\/468102781_122234522126030344_8930749541861430075_n-1536x1024.jpg 1536w, https:\/\/laprensacristiana.com\/wp-content\/uploads\/2024\/11\/468102781_122234522126030344_8930749541861430075_n-696x464.jpg 696w, https:\/\/laprensacristiana.com\/wp-content\/uploads\/2024\/11\/468102781_122234522126030344_8930749541861430075_n-1068x712.jpg 1068w, https:\/\/laprensacristiana.com\/wp-content\/uploads\/2024\/11\/468102781_122234522126030344_8930749541861430075_n-1920x1280.jpg 1920w, https:\/\/laprensacristiana.com\/wp-content\/uploads\/2024\/11\/468102781_122234522126030344_8930749541861430075_n-600x400.jpg 600w, https:\/\/laprensacristiana.com\/wp-content\/uploads\/2024\/11\/468102781_122234522126030344_8930749541861430075_n.jpg 2048w\" sizes=\"(max-width: 1024px) 100vw, 1024px\" \/><figcaption class=\"wp-element-caption\">Luis Linares, Coordinador Nacional del D\u00eda Nacional de la Oraci\u00f3n.<\/figcaption><\/figure>\n\n\n\n<p>En la celebraci\u00f3n en la Plaza Libertad, tuvo la asistencia de pastores de diferentes denominaciones, como de iglesias independientes, quienes tuvieron participaci\u00f3n, a trav\u00e9s de la oraci\u00f3n, haciendo alusi\u00f3n al d\u00eda, y a la celebraci\u00f3n, en la que cada l\u00edder cont\u00f3 con un espacio para orar por un tema en particular.<\/p>\n\n\n\n<p>\u201cBendecimos a los emprendedores, bendecimos a los empresarios, oramos para que les de gracia ante sus empleadores, ante sus clientes, ante sus proveedores, hoy oramos para que bendigas y hagas prosperar cada empresa salvadore\u00f1a\u201d, resalt\u00f3 el pastor Samuel Mart\u00ednez, Supervisor Nacional de Iglesia de Dios en El Salvador.<\/p>\n\n\n\n<figure class=\"wp-block-image size-large\"><img decoding=\"async\" loading=\"lazy\" width=\"1024\" height=\"683\" src=\"https:\/\/laprensacristiana.com\/wp-content\/uploads\/2024\/11\/468216377_990295533117403_8227034661807375316_n-1024x683.jpg\" alt=\"\" class=\"wp-image-18372\" srcset=\"https:\/\/laprensacristiana.com\/wp-content\/uploads\/2024\/11\/468216377_990295533117403_8227034661807375316_n-1024x683.jpg 1024w, https:\/\/laprensacristiana.com\/wp-content\/uploads\/2024\/11\/468216377_990295533117403_8227034661807375316_n-300x200.jpg 300w, https:\/\/laprensacristiana.com\/wp-content\/uploads\/2024\/11\/468216377_990295533117403_8227034661807375316_n-768x512.jpg 768w, https:\/\/laprensacristiana.com\/wp-content\/uploads\/2024\/11\/468216377_990295533117403_8227034661807375316_n-696x464.jpg 696w, https:\/\/laprensacristiana.com\/wp-content\/uploads\/2024\/11\/468216377_990295533117403_8227034661807375316_n-1068x712.jpg 1068w, https:\/\/laprensacristiana.com\/wp-content\/uploads\/2024\/11\/468216377_990295533117403_8227034661807375316_n-600x400.jpg 600w, https:\/\/laprensacristiana.com\/wp-content\/uploads\/2024\/11\/468216377_990295533117403_8227034661807375316_n.jpg 1440w\" sizes=\"(max-width: 1024px) 100vw, 1024px\" \/><figcaption class=\"wp-element-caption\">En la imagen principal destaca el pastor Samuel Mart\u00ednez, Supervisor Nacional de Iglesia de Dios en El Salvador.<\/figcaption><\/figure>\n\n\n\n<p>Entre los organizadores destacan el pastor Omar Marinero del Ministerio Internacional Rio de Gloria, pastor Alexander Pachecho del Ministerio la Gloria de Dios Manifestada, el pastor Nelson Novoa de Iglesia Ancla de Fe, el salmista Bryan Mu\u00f1oz, quien tambi\u00e9n tuvo una participaci\u00f3n especial en el \u00e1rea musical durante el evento, entre otros ministerios. Cabe destacar que este es un esfuerzo articulado de diferentes pastores e iglesias y que su planificaci\u00f3n es constante cada martes en iglesia Fe y Poder.<\/p>\n\n\n\n<figure class=\"wp-block-image size-large\"><img decoding=\"async\" loading=\"lazy\" width=\"1024\" height=\"683\" src=\"https:\/\/laprensacristiana.com\/wp-content\/uploads\/2024\/11\/b41e30c7-ce50-4a02-928a-bc3e48f358d5-1024x683.jpg\" alt=\"\" class=\"wp-image-18366\" srcset=\"https:\/\/laprensacristiana.com\/wp-content\/uploads\/2024\/11\/b41e30c7-ce50-4a02-928a-bc3e48f358d5-1024x683.jpg 1024w, https:\/\/laprensacristiana.com\/wp-content\/uploads\/2024\/11\/b41e30c7-ce50-4a02-928a-bc3e48f358d5-300x200.jpg 300w, https:\/\/laprensacristiana.com\/wp-content\/uploads\/2024\/11\/b41e30c7-ce50-4a02-928a-bc3e48f358d5-768x512.jpg 768w, https:\/\/laprensacristiana.com\/wp-content\/uploads\/2024\/11\/b41e30c7-ce50-4a02-928a-bc3e48f358d5-696x464.jpg 696w, https:\/\/laprensacristiana.com\/wp-content\/uploads\/2024\/11\/b41e30c7-ce50-4a02-928a-bc3e48f358d5-1068x712.jpg 1068w, https:\/\/laprensacristiana.com\/wp-content\/uploads\/2024\/11\/b41e30c7-ce50-4a02-928a-bc3e48f358d5-600x400.jpg 600w, https:\/\/laprensacristiana.com\/wp-content\/uploads\/2024\/11\/b41e30c7-ce50-4a02-928a-bc3e48f358d5.jpg 1080w\" sizes=\"(max-width: 1024px) 100vw, 1024px\" \/><figcaption class=\"wp-element-caption\"> Pastor Omar Marinero, Ministerio Internacional Rio de Gloria.<\/figcaption><\/figure>\n\n\n\n<p>\u201cHemos venido a orarle a un Dios real, el nombre de Jes\u00fas tiene el poder de la unidad, \u00e9l dijo: la gloria que tu me has dado tambi\u00e9n d\u00e1selas a ellos para que sean uno, estamos unidos por el nombre de Jesucristo\u201d, enfatiz\u00f3 el pastor Omar Marinero en el momento de reflexi\u00f3n.<\/p>\n\n\n\n<p>En el acto se hizo entrega de reconocimientos a diferentes actores de la vida nacional, que en sus funciones han contribuido para la ejecuci\u00f3n de proyectos y avance del evangelio, este fue el caso del Dr. Edgardo Cardoza, Comisionado Nacional de Valores: \u201cLa libertad de culto de la que hoy gozamos es gracias a Dios y al Presidente Nayib Bukele, es falso que el alcalde de San Salvador Mario Dur\u00e1n est\u00e9 prohibiendo la predicaci\u00f3n del evangelio en las plazas p\u00fablicas y ejemplo de ello es la presente actividad en la que se nos concedi\u00f3&nbsp; el permiso y adem\u00e1s se nos facilit\u00f3 la seguridad del CAM\u201d, indic\u00f3.<\/p>\n\n\n\n<figure class=\"wp-block-image size-large\"><img decoding=\"async\" loading=\"lazy\" width=\"1024\" height=\"682\" src=\"https:\/\/laprensacristiana.com\/wp-content\/uploads\/2024\/11\/e056daa9-de3a-44c8-b4b0-6ac14414e75d-1024x682.jpg\" alt=\"\" class=\"wp-image-18364\" srcset=\"https:\/\/laprensacristiana.com\/wp-content\/uploads\/2024\/11\/e056daa9-de3a-44c8-b4b0-6ac14414e75d-1024x682.jpg 1024w, https:\/\/laprensacristiana.com\/wp-content\/uploads\/2024\/11\/e056daa9-de3a-44c8-b4b0-6ac14414e75d-300x200.jpg 300w, https:\/\/laprensacristiana.com\/wp-content\/uploads\/2024\/11\/e056daa9-de3a-44c8-b4b0-6ac14414e75d-768x512.jpg 768w, https:\/\/laprensacristiana.com\/wp-content\/uploads\/2024\/11\/e056daa9-de3a-44c8-b4b0-6ac14414e75d-696x464.jpg 696w, https:\/\/laprensacristiana.com\/wp-content\/uploads\/2024\/11\/e056daa9-de3a-44c8-b4b0-6ac14414e75d-1068x712.jpg 1068w, https:\/\/laprensacristiana.com\/wp-content\/uploads\/2024\/11\/e056daa9-de3a-44c8-b4b0-6ac14414e75d-600x400.jpg 600w, https:\/\/laprensacristiana.com\/wp-content\/uploads\/2024\/11\/e056daa9-de3a-44c8-b4b0-6ac14414e75d.jpg 1280w\" sizes=\"(max-width: 1024px) 100vw, 1024px\" \/><figcaption class=\"wp-element-caption\">De izquierda a derecha: Dr. Edgardo Cardoza, Comisionado Nacional de Valores, Luis y Sonia Linares, organizadores del D\u00eda Nacional de la Oraci\u00f3n. <\/figcaption><\/figure>\n\n\n\n<p>En la diversidad de oraciones que se suscitaron durante el acto de celebraci\u00f3n se enmarc\u00f3 la importancia que tiene esta practica constante, para que aquello que con oraci\u00f3n se logra, sea sostenido de la misma forma.<\/p>\n\n\n\n<figure class=\"wp-block-image size-large is-resized\"><img decoding=\"async\" loading=\"lazy\" src=\"https:\/\/laprensacristiana.com\/wp-content\/uploads\/2024\/11\/468014849_122234519600030344_5158662458064875843_n-1024x683.jpg\" alt=\"\" class=\"wp-image-18365\" width=\"748\" height=\"498\" srcset=\"https:\/\/laprensacristiana.com\/wp-content\/uploads\/2024\/11\/468014849_122234519600030344_5158662458064875843_n-1024x683.jpg 1024w, https:\/\/laprensacristiana.com\/wp-content\/uploads\/2024\/11\/468014849_122234519600030344_5158662458064875843_n-300x200.jpg 300w, https:\/\/laprensacristiana.com\/wp-content\/uploads\/2024\/11\/468014849_122234519600030344_5158662458064875843_n-768x512.jpg 768w, https:\/\/laprensacristiana.com\/wp-content\/uploads\/2024\/11\/468014849_122234519600030344_5158662458064875843_n-1536x1024.jpg 1536w, https:\/\/laprensacristiana.com\/wp-content\/uploads\/2024\/11\/468014849_122234519600030344_5158662458064875843_n-696x464.jpg 696w, https:\/\/laprensacristiana.com\/wp-content\/uploads\/2024\/11\/468014849_122234519600030344_5158662458064875843_n-1068x712.jpg 1068w, https:\/\/laprensacristiana.com\/wp-content\/uploads\/2024\/11\/468014849_122234519600030344_5158662458064875843_n-1920x1280.jpg 1920w, https:\/\/laprensacristiana.com\/wp-content\/uploads\/2024\/11\/468014849_122234519600030344_5158662458064875843_n-600x400.jpg 600w, https:\/\/laprensacristiana.com\/wp-content\/uploads\/2024\/11\/468014849_122234519600030344_5158662458064875843_n.jpg 2048w\" sizes=\"(max-width: 748px) 100vw, 748px\" \/><figcaption class=\"wp-element-caption\">Pastor Alexander Pacheco, miembro del comit\u00e9 organizador.<\/figcaption><\/figure>\n\n\n\n<p>\u201cHemos vivido una fiesta de celebraci\u00f3n, se ha visto la unidad entre el cuerpo de Cristo, hemos agradecido por nuestro pa\u00eds, hemos agradecido por el tiempo que estamos viviendo\u201d, concluy\u00f3 el pastor Alexander Pacheco, miembro del comit\u00e9 organizador.<\/p>\n\n\n\n<figure class=\"wp-block-gallery has-nested-images columns-default is-cropped wp-block-gallery-1 is-layout-flex\">\n<figure class=\"wp-block-image size-large\"><img decoding=\"async\" loading=\"lazy\" width=\"1024\" height=\"683\" data-id=\"18367\"  src=\"https:\/\/laprensacristiana.com\/wp-content\/uploads\/2024\/11\/c147e52f-08d2-44c2-b8f8-a97100a3d1a6-1024x683.jpg\" alt=\"\" class=\"wp-image-18367\" srcset=\"https:\/\/laprensacristiana.com\/wp-content\/uploads\/2024\/11\/c147e52f-08d2-44c2-b8f8-a97100a3d1a6-1024x683.jpg 1024w, https:\/\/laprensacristiana.com\/wp-content\/uploads\/2024\/11\/c147e52f-08d2-44c2-b8f8-a97100a3d1a6-300x200.jpg 300w, https:\/\/laprensacristiana.com\/wp-content\/uploads\/2024\/11\/c147e52f-08d2-44c2-b8f8-a97100a3d1a6-768x512.jpg 768w, https:\/\/laprensacristiana.com\/wp-content\/uploads\/2024\/11\/c147e52f-08d2-44c2-b8f8-a97100a3d1a6-696x464.jpg 696w, https:\/\/laprensacristiana.com\/wp-content\/uploads\/2024\/11\/c147e52f-08d2-44c2-b8f8-a97100a3d1a6-1068x712.jpg 1068w, https:\/\/laprensacristiana.com\/wp-content\/uploads\/2024\/11\/c147e52f-08d2-44c2-b8f8-a97100a3d1a6-600x400.jpg 600w, https:\/\/laprensacristiana.com\/wp-content\/uploads\/2024\/11\/c147e52f-08d2-44c2-b8f8-a97100a3d1a6.jpg 1440w\" sizes=\"(max-width: 1024px) 100vw, 1024px\" \/><\/figure>\n\n\n\n<figure class=\"wp-block-image size-large\"><img decoding=\"async\" loading=\"lazy\" width=\"1024\" height=\"683\" data-id=\"18369\"  src=\"https:\/\/laprensacristiana.com\/wp-content\/uploads\/2024\/11\/003f32f1-8e20-4411-9115-9b9e815f02ba-1024x683.jpg\" alt=\"\" class=\"wp-image-18369\" srcset=\"https:\/\/laprensacristiana.com\/wp-content\/uploads\/2024\/11\/003f32f1-8e20-4411-9115-9b9e815f02ba-1024x683.jpg 1024w, https:\/\/laprensacristiana.com\/wp-content\/uploads\/2024\/11\/003f32f1-8e20-4411-9115-9b9e815f02ba-300x200.jpg 300w, https:\/\/laprensacristiana.com\/wp-content\/uploads\/2024\/11\/003f32f1-8e20-4411-9115-9b9e815f02ba-768x512.jpg 768w, https:\/\/laprensacristiana.com\/wp-content\/uploads\/2024\/11\/003f32f1-8e20-4411-9115-9b9e815f02ba-696x464.jpg 696w, https:\/\/laprensacristiana.com\/wp-content\/uploads\/2024\/11\/003f32f1-8e20-4411-9115-9b9e815f02ba-1068x712.jpg 1068w, https:\/\/laprensacristiana.com\/wp-content\/uploads\/2024\/11\/003f32f1-8e20-4411-9115-9b9e815f02ba-600x400.jpg 600w, https:\/\/laprensacristiana.com\/wp-content\/uploads\/2024\/11\/003f32f1-8e20-4411-9115-9b9e815f02ba.jpg 1440w\" sizes=\"(max-width: 1024px) 100vw, 1024px\" \/><\/figure>\n\n\n\n<figure class=\"wp-block-image size-large\"><img decoding=\"async\" loading=\"lazy\" width=\"1024\" height=\"683\" data-id=\"18368\"  src=\"https:\/\/laprensacristiana.com\/wp-content\/uploads\/2024\/11\/bddecc76-603e-4591-97ed-17397bcd177d-1024x683.jpg\" alt=\"\" class=\"wp-image-18368\" srcset=\"https:\/\/laprensacristiana.com\/wp-content\/uploads\/2024\/11\/bddecc76-603e-4591-97ed-17397bcd177d-1024x683.jpg 1024w, https:\/\/laprensacristiana.com\/wp-content\/uploads\/2024\/11\/bddecc76-603e-4591-97ed-17397bcd177d-300x200.jpg 300w, https:\/\/laprensacristiana.com\/wp-content\/uploads\/2024\/11\/bddecc76-603e-4591-97ed-17397bcd177d-768x512.jpg 768w, https:\/\/laprensacristiana.com\/wp-content\/uploads\/2024\/11\/bddecc76-603e-4591-97ed-17397bcd177d-696x464.jpg 696w, https:\/\/laprensacristiana.com\/wp-content\/uploads\/2024\/11\/bddecc76-603e-4591-97ed-17397bcd177d-1068x712.jpg 1068w, https:\/\/laprensacristiana.com\/wp-content\/uploads\/2024\/11\/bddecc76-603e-4591-97ed-17397bcd177d-600x400.jpg 600w, https:\/\/laprensacristiana.com\/wp-content\/uploads\/2024\/11\/bddecc76-603e-4591-97ed-17397bcd177d.jpg 1440w\" sizes=\"(max-width: 1024px) 100vw, 1024px\" \/><\/figure>\n\n\n\n<figure class=\"wp-block-image size-large\"><img decoding=\"async\" loading=\"lazy\" width=\"1024\" height=\"683\" data-id=\"18370\"  src=\"https:\/\/laprensacristiana.com\/wp-content\/uploads\/2024\/11\/e46f89a7-4ed2-42a0-825d-e40d0ed9e67c-1024x683.jpg\" alt=\"\" class=\"wp-image-18370\" srcset=\"https:\/\/laprensacristiana.com\/wp-content\/uploads\/2024\/11\/e46f89a7-4ed2-42a0-825d-e40d0ed9e67c-1024x683.jpg 1024w, https:\/\/laprensacristiana.com\/wp-content\/uploads\/2024\/11\/e46f89a7-4ed2-42a0-825d-e40d0ed9e67c-300x200.jpg 300w, https:\/\/laprensacristiana.com\/wp-content\/uploads\/2024\/11\/e46f89a7-4ed2-42a0-825d-e40d0ed9e67c-768x512.jpg 768w, https:\/\/laprensacristiana.com\/wp-content\/uploads\/2024\/11\/e46f89a7-4ed2-42a0-825d-e40d0ed9e67c-696x464.jpg 696w, https:\/\/laprensacristiana.com\/wp-content\/uploads\/2024\/11\/e46f89a7-4ed2-42a0-825d-e40d0ed9e67c-1068x712.jpg 1068w, https:\/\/laprensacristiana.com\/wp-content\/uploads\/2024\/11\/e46f89a7-4ed2-42a0-825d-e40d0ed9e67c-600x400.jpg 600w, https:\/\/laprensacristiana.com\/wp-content\/uploads\/2024\/11\/e46f89a7-4ed2-42a0-825d-e40d0ed9e67c.jpg 1440w\" sizes=\"(max-width: 1024px) 100vw, 1024px\" \/><\/figure>\n<\/figure>\n","protected":false},"excerpt":{"rendered":"<p>Desde hace 21 a\u00f1os, al interior de la Iglesia Evang\u00e9lica, se form\u00f3 una comisi\u00f3n que se encarga de organizar la celebraci\u00f3n del D\u00eda Nacional de la Oraci\u00f3n, presidida por el pastor Luis Linares. Este a\u00f1o no fue la excepci\u00f3n y desde 3 puntos distintos del pa\u00eds, miles de personas se unieron para elevar un clamor [&hellip;]<\/p>\n","protected":false},"author":3,"featured_media":18373,"comment_status":"open","ping_status":"open","sticky":false,"template":"","format":"standard","meta":[],"categories":[56],"tags":[],"yoast_head":"<!-- This site is optimized with the Yoast SEO plugin v20.8 - https:\/\/yoast.com\/wordpress\/plugins\/seo\/ -->\n<title>Celebran D\u00eda Nacional de la Oraci\u00f3n - La Prensa Cristiana<\/title>\n<meta name=\"robots\" content=\"index, follow, max-snippet:-1, max-image-preview:large, max-video-preview:-1\" \/>\n<link rel=\"canonical\" href=\"https:\/\/laprensacristiana.com\/?p=18363\" \/>\n<meta property=\"og:locale\" content=\"es_ES\" \/>\n<meta property=\"og:type\" content=\"article\" \/>\n<meta property=\"og:title\" content=\"Celebran D\u00eda Nacional de la Oraci\u00f3n - La Prensa Cristiana\" \/>\n<meta property=\"og:description\" content=\"Desde hace 21 a\u00f1os, al interior de la Iglesia Evang\u00e9lica, se form\u00f3 una comisi\u00f3n que se encarga de organizar la celebraci\u00f3n del D\u00eda Nacional de la Oraci\u00f3n, presidida por el pastor Luis Linares. Este a\u00f1o no fue la excepci\u00f3n y desde 3 puntos distintos del pa\u00eds, miles de personas se unieron para elevar un clamor [&hellip;]\" \/>\n<meta property=\"og:url\" content=\"https:\/\/laprensacristiana.com\/?p=18363\" \/>\n<meta property=\"og:site_name\" content=\"La Prensa Cristiana\" \/>\n<meta property=\"article:published_time\" content=\"2024-11-26T14:17:49+00:00\" \/>\n<meta property=\"article:modified_time\" content=\"2024-11-26T14:28:47+00:00\" \/>\n<meta property=\"og:image\" content=\"https:\/\/laprensacristiana.com\/wp-content\/uploads\/2024\/11\/a0896ae1-2710-4b54-91b7-af98c37146a6.jpg\" \/>\n\t<meta property=\"og:image:width\" content=\"1440\" \/>\n\t<meta property=\"og:image:height\" content=\"960\" \/>\n\t<meta property=\"og:image:type\" content=\"image\/jpeg\" \/>\n<meta name=\"author\" content=\"EDITOR\" \/>\n<meta name=\"twitter:card\" content=\"summary_large_image\" \/>\n<meta name=\"twitter:label1\" content=\"Escrito por\" \/>\n\t<meta name=\"twitter:data1\" content=\"EDITOR\" \/>\n\t<meta name=\"twitter:label2\" content=\"Tiempo de lectura\" \/>\n\t<meta name=\"twitter:data2\" content=\"5 minutos\" \/>\n<script type=\"application\/ld+json\" class=\"yoast-schema-graph\">{\"@context\":\"https:\/\/schema.org\",\"@graph\":[{\"@type\":\"WebPage\",\"@id\":\"https:\/\/laprensacristiana.com\/?p=18363\",\"url\":\"https:\/\/laprensacristiana.com\/?p=18363\",\"name\":\"Celebran D\u00eda Nacional de la Oraci\u00f3n - La Prensa Cristiana\",\"isPartOf\":{\"@id\":\"https:\/\/laprensacristiana.com\/#website\"},\"datePublished\":\"2024-11-26T14:17:49+00:00\",\"dateModified\":\"2024-11-26T14:28:47+00:00\",\"author\":{\"@id\":\"https:\/\/laprensacristiana.com\/#\/schema\/person\/3e7d82c6bfd6b1fa67010f8f7cd5256e\"},\"breadcrumb\":{\"@id\":\"https:\/\/laprensacristiana.com\/?p=18363#breadcrumb\"},\"inLanguage\":\"es\",\"potentialAction\":[{\"@type\":\"ReadAction\",\"target\":[\"https:\/\/laprensacristiana.com\/?p=18363\"]}]},{\"@type\":\"BreadcrumbList\",\"@id\":\"https:\/\/laprensacristiana.com\/?p=18363#breadcrumb\",\"itemListElement\":[{\"@type\":\"ListItem\",\"position\":1,\"name\":\"Portada\",\"item\":\"https:\/\/laprensacristiana.com\/\"},{\"@type\":\"ListItem\",\"position\":2,\"name\":\"Celebran D\u00eda Nacional de la Oraci\u00f3n\"}]},{\"@type\":\"WebSite\",\"@id\":\"https:\/\/laprensacristiana.com\/#website\",\"url\":\"https:\/\/laprensacristiana.com\/\",\"name\":\"La Prensa Cristiana\",\"description\":\"Anunciando Las Buenas Nuevas\",\"potentialAction\":[{\"@type\":\"SearchAction\",\"target\":{\"@type\":\"EntryPoint\",\"urlTemplate\":\"https:\/\/laprensacristiana.com\/?s={search_term_string}\"},\"query-input\":\"required name=search_term_string\"}],\"inLanguage\":\"es\"},{\"@type\":\"Person\",\"@id\":\"https:\/\/laprensacristiana.com\/#\/schema\/person\/3e7d82c6bfd6b1fa67010f8f7cd5256e\",\"name\":\"EDITOR\",\"image\":{\"@type\":\"ImageObject\",\"inLanguage\":\"es\",\"@id\":\"https:\/\/laprensacristiana.com\/#\/schema\/person\/image\/\",\"url\":\"https:\/\/secure.gravatar.com\/avatar\/72069dfb6c13772d9e8381e3638666d2?s=96&d=mm&r=g\",\"contentUrl\":\"https:\/\/secure.gravatar.com\/avatar\/72069dfb6c13772d9e8381e3638666d2?s=96&d=mm&r=g\",\"caption\":\"EDITOR\"},\"url\":\"https:\/\/laprensacristiana.com\/?author=3\"}]}<\/script>\n<!-- \/ Yoast SEO plugin. -->","yoast_head_json":{"title":"Celebran D\u00eda Nacional de la Oraci\u00f3n - La Prensa Cristiana","robots":{"index":"index","follow":"follow","max-snippet":"max-snippet:-1","max-image-preview":"max-image-preview:large","max-video-preview":"max-video-preview:-1"},"canonical":"https:\/\/laprensacristiana.com\/?p=18363","og_locale":"es_ES","og_type":"article","og_title":"Celebran D\u00eda Nacional de la Oraci\u00f3n - La Prensa Cristiana","og_description":"Desde hace 21 a\u00f1os, al interior de la Iglesia Evang\u00e9lica, se form\u00f3 una comisi\u00f3n que se encarga de organizar la celebraci\u00f3n del D\u00eda Nacional de la Oraci\u00f3n, presidida por el pastor Luis Linares. Este a\u00f1o no fue la excepci\u00f3n y desde 3 puntos distintos del pa\u00eds, miles de personas se unieron para elevar un clamor [&hellip;]","og_url":"https:\/\/laprensacristiana.com\/?p=18363","og_site_name":"La Prensa Cristiana","article_published_time":"2024-11-26T14:17:49+00:00","article_modified_time":"2024-11-26T14:28:47+00:00","og_image":[{"width":1440,"height":960,"url":"https:\/\/laprensacristiana.com\/wp-content\/uploads\/2024\/11\/a0896ae1-2710-4b54-91b7-af98c37146a6.jpg","type":"image\/jpeg"}],"author":"EDITOR","twitter_card":"summary_large_image","twitter_misc":{"Escrito por":"EDITOR","Tiempo de lectura":"5 minutos"},"schema":{"@context":"https:\/\/schema.org","@graph":[{"@type":"WebPage","@id":"https:\/\/laprensacristiana.com\/?p=18363","url":"https:\/\/laprensacristiana.com\/?p=18363","name":"Celebran D\u00eda Nacional de la Oraci\u00f3n - La Prensa Cristiana","isPartOf":{"@id":"https:\/\/laprensacristiana.com\/#website"},"datePublished":"2024-11-26T14:17:49+00:00","dateModified":"2024-11-26T14:28:47+00:00","author":{"@id":"https:\/\/laprensacristiana.com\/#\/schema\/person\/3e7d82c6bfd6b1fa67010f8f7cd5256e"},"breadcrumb":{"@id":"https:\/\/laprensacristiana.com\/?p=18363#breadcrumb"},"inLanguage":"es","potentialAction":[{"@type":"ReadAction","target":["https:\/\/laprensacristiana.com\/?p=18363"]}]},{"@type":"BreadcrumbList","@id":"https:\/\/laprensacristiana.com\/?p=18363#breadcrumb","itemListElement":[{"@type":"ListItem","position":1,"name":"Portada","item":"https:\/\/laprensacristiana.com\/"},{"@type":"ListItem","position":2,"name":"Celebran D\u00eda Nacional de la Oraci\u00f3n"}]},{"@type":"WebSite","@id":"https:\/\/laprensacristiana.com\/#website","url":"https:\/\/laprensacristiana.com\/","name":"La Prensa Cristiana","description":"Anunciando Las Buenas Nuevas","potentialAction":[{"@type":"SearchAction","target":{"@type":"EntryPoint","urlTemplate":"https:\/\/laprensacristiana.com\/?s={search_term_string}"},"query-input":"required name=search_term_string"}],"inLanguage":"es"},{"@type":"Person","@id":"https:\/\/laprensacristiana.com\/#\/schema\/person\/3e7d82c6bfd6b1fa67010f8f7cd5256e","name":"EDITOR","image":{"@type":"ImageObject","inLanguage":"es","@id":"https:\/\/laprensacristiana.com\/#\/schema\/person\/image\/","url":"https:\/\/secure.gravatar.com\/avatar\/72069dfb6c13772d9e8381e3638666d2?s=96&d=mm&r=g","contentUrl":"https:\/\/secure.gravatar.com\/avatar\/72069dfb6c13772d9e8381e3638666d2?s=96&d=mm&r=g","caption":"EDITOR"},"url":"https:\/\/laprensacristiana.com\/?author=3"}]}},"_links":{"self":[{"href":"https:\/\/laprensacristiana.com\/index.php?rest_route=\/wp\/v2\/posts\/18363"}],"collection":[{"href":"https:\/\/laprensacristiana.com\/index.php?rest_route=\/wp\/v2\/posts"}],"about":[{"href":"https:\/\/laprensacristiana.com\/index.php?rest_route=\/wp\/v2\/types\/post"}],"author":[{"embeddable":true,"href":"https:\/\/laprensacristiana.com\/index.php?rest_route=\/wp\/v2\/users\/3"}],"replies":[{"embeddable":true,"href":"https:\/\/laprensacristiana.com\/index.php?rest_route=%2Fwp%2Fv2%2Fcomments&post=18363"}],"version-history":[{"count":4,"href":"https:\/\/laprensacristiana.com\/index.php?rest_route=\/wp\/v2\/posts\/18363\/revisions"}],"predecessor-version":[{"id":18377,"href":"https:\/\/laprensacristiana.com\/index.php?rest_route=\/wp\/v2\/posts\/18363\/revisions\/18377"}],"wp:featuredmedia":[{"embeddable":true,"href":"https:\/\/laprensacristiana.com\/index.php?rest_route=\/wp\/v2\/media\/18373"}],"wp:attachment":[{"href":"https:\/\/laprensacristiana.com\/index.php?rest_route=%2Fwp%2Fv2%2Fmedia&parent=18363"}],"wp:term":[{"taxonomy":"category","embeddable":true,"href":"https:\/\/laprensacristiana.com\/index.php?rest_route=%2Fwp%2Fv2%2Fcategories&post=18363"},{"taxonomy":"post_tag","embeddable":true,"href":"https:\/\/laprensacristiana.com\/index.php?rest_route=%2Fwp%2Fv2%2Ftags&post=18363"}],"curies":[{"name":"wp","href":"https:\/\/api.w.org\/{rel}","templated":true}]}}