{"id":18378,"date":"2024-11-27T21:55:00","date_gmt":"2024-11-27T21:55:00","guid":{"rendered":"https:\/\/laprensacristiana.com\/?p=18378"},"modified":"2024-11-27T21:55:01","modified_gmt":"2024-11-27T21:55:01","slug":"realizan-seminario-efectivo-para-la-iglesia-de-hoy","status":"publish","type":"post","link":"https:\/\/laprensacristiana.com\/?p=18378","title":{"rendered":"Realizan seminario efectivo para la iglesia de hoy"},"content":{"rendered":"\n<p>En las instalaciones del Hotel Santa Mar\u00eda, en el departamento de Ahuachap\u00e1n se reuni\u00f3 un grupo de pastores y l\u00edderes con el fin de ser instruidos en el desarrollo de un servicio efectivo para quienes lo reciben.<\/p>\n\n\n\n<p>Ha tempranas horas del s\u00e1bado, dieron apertura las tem\u00e1ticas, que son creadas por el Ministerio de Capacitaci\u00f3n B\u00edblica para Pastores y L\u00edderes El Salvador, dirigida por los pastores Luis Gilberto Pineda y Jos\u00e9 Luis Trejo.<\/p>\n\n\n\n<figure class=\"wp-block-image size-large\"><img decoding=\"async\" loading=\"lazy\" width=\"1024\" height=\"683\" src=\"https:\/\/laprensacristiana.com\/wp-content\/uploads\/2024\/11\/IMG_7163-1024x683.jpg\" alt=\"\" class=\"wp-image-18380\" srcset=\"https:\/\/laprensacristiana.com\/wp-content\/uploads\/2024\/11\/IMG_7163-1024x683.jpg 1024w, https:\/\/laprensacristiana.com\/wp-content\/uploads\/2024\/11\/IMG_7163-300x200.jpg 300w, https:\/\/laprensacristiana.com\/wp-content\/uploads\/2024\/11\/IMG_7163-768x512.jpg 768w, https:\/\/laprensacristiana.com\/wp-content\/uploads\/2024\/11\/IMG_7163-1536x1024.jpg 1536w, https:\/\/laprensacristiana.com\/wp-content\/uploads\/2024\/11\/IMG_7163-2048x1365.jpg 2048w, https:\/\/laprensacristiana.com\/wp-content\/uploads\/2024\/11\/IMG_7163-696x464.jpg 696w, https:\/\/laprensacristiana.com\/wp-content\/uploads\/2024\/11\/IMG_7163-1068x712.jpg 1068w, https:\/\/laprensacristiana.com\/wp-content\/uploads\/2024\/11\/IMG_7163-1920x1280.jpg 1920w, https:\/\/laprensacristiana.com\/wp-content\/uploads\/2024\/11\/IMG_7163-600x400.jpg 600w\" sizes=\"(max-width: 1024px) 100vw, 1024px\" \/><figcaption class=\"wp-element-caption\">Lic. Luis Gilberto Pineda. <\/figcaption><\/figure>\n\n\n\n<p>\u201cEl trabajo que hacemos es con el fin de fortalecer la iglesia local, estamos reforzando algunas \u00e1reas para el buen desempe\u00f1o de su iglesia\u201d, expres\u00f3 el Lic. Luis Gilberto Pineda.<\/p>\n\n\n\n<p>Los principales elementos que ense\u00f1aron en el seminario fueron: Liderazgo efectivo y Estrategia de crecimiento para la iglesia de hoy. \u00a0<\/p>\n\n\n\n<figure class=\"wp-block-image size-large\"><img decoding=\"async\" loading=\"lazy\" width=\"1024\" height=\"683\" src=\"https:\/\/laprensacristiana.com\/wp-content\/uploads\/2024\/11\/IMG_7371-1024x683.jpg\" alt=\"\" class=\"wp-image-18381\" srcset=\"https:\/\/laprensacristiana.com\/wp-content\/uploads\/2024\/11\/IMG_7371-1024x683.jpg 1024w, https:\/\/laprensacristiana.com\/wp-content\/uploads\/2024\/11\/IMG_7371-300x200.jpg 300w, https:\/\/laprensacristiana.com\/wp-content\/uploads\/2024\/11\/IMG_7371-768x512.jpg 768w, https:\/\/laprensacristiana.com\/wp-content\/uploads\/2024\/11\/IMG_7371-1536x1024.jpg 1536w, https:\/\/laprensacristiana.com\/wp-content\/uploads\/2024\/11\/IMG_7371-2048x1365.jpg 2048w, https:\/\/laprensacristiana.com\/wp-content\/uploads\/2024\/11\/IMG_7371-696x464.jpg 696w, https:\/\/laprensacristiana.com\/wp-content\/uploads\/2024\/11\/IMG_7371-1068x712.jpg 1068w, https:\/\/laprensacristiana.com\/wp-content\/uploads\/2024\/11\/IMG_7371-1920x1280.jpg 1920w, https:\/\/laprensacristiana.com\/wp-content\/uploads\/2024\/11\/IMG_7371-600x400.jpg 600w\" sizes=\"(max-width: 1024px) 100vw, 1024px\" \/><figcaption class=\"wp-element-caption\">Pastor Jos\u00e9 Luis Trejo. <\/figcaption><\/figure>\n\n\n\n<p>\u201cEstamos para capacitar a lideres y pastores que necesitan ser alimentados y tener m\u00e1s herramientas para el crecimiento de la obra del Se\u00f1or\u201d, acot\u00f3 el Pastor Jos\u00e9 Luis Trejo.<\/p>\n\n\n\n<p><strong>El testimonio<\/strong><\/p>\n\n\n\n<p>El evento cont\u00f3 con el apoyo y la participaci\u00f3n especial del empresario cristiano, Jos\u00e9 Gregg G\u00e1mez, mejor conocido como \u201cM\u00edster G\u00e1mez\u201d, quien a trav\u00e9s de su testimonio explic\u00f3 como Dios hab\u00eda edificado a trav\u00e9s de su persona una empresa, recursos que en gran medida son destinados para sembrar y fortalecer el crecimiento y avance de la obra de Dios.<\/p>\n\n\n\n<figure class=\"wp-block-image size-large\"><img decoding=\"async\" loading=\"lazy\" width=\"1024\" height=\"683\" src=\"https:\/\/laprensacristiana.com\/wp-content\/uploads\/2024\/11\/IMG_7286-1024x683.jpg\" alt=\"\" class=\"wp-image-18382\" srcset=\"https:\/\/laprensacristiana.com\/wp-content\/uploads\/2024\/11\/IMG_7286-1024x683.jpg 1024w, https:\/\/laprensacristiana.com\/wp-content\/uploads\/2024\/11\/IMG_7286-300x200.jpg 300w, https:\/\/laprensacristiana.com\/wp-content\/uploads\/2024\/11\/IMG_7286-768x512.jpg 768w, https:\/\/laprensacristiana.com\/wp-content\/uploads\/2024\/11\/IMG_7286-1536x1024.jpg 1536w, https:\/\/laprensacristiana.com\/wp-content\/uploads\/2024\/11\/IMG_7286-2048x1365.jpg 2048w, https:\/\/laprensacristiana.com\/wp-content\/uploads\/2024\/11\/IMG_7286-696x464.jpg 696w, https:\/\/laprensacristiana.com\/wp-content\/uploads\/2024\/11\/IMG_7286-1068x712.jpg 1068w, https:\/\/laprensacristiana.com\/wp-content\/uploads\/2024\/11\/IMG_7286-1920x1280.jpg 1920w, https:\/\/laprensacristiana.com\/wp-content\/uploads\/2024\/11\/IMG_7286-600x400.jpg 600w\" sizes=\"(max-width: 1024px) 100vw, 1024px\" \/><figcaption class=\"wp-element-caption\">Empresario Cristiano Jos\u00e9 Gregg G\u00e1mez, mejor conocido como: \u00abMister Gam\u00e9z\u00bb. <\/figcaption><\/figure>\n\n\n\n<p>\u201cEste seminario ha venido a refrescarnos las caracter\u00edsticas que un l\u00edder debe tener, hay elementos que debemos ir puliendo, entre ellos la paciencia, escuchar a los miembros, ser compasivos, creemos que son convenientes estos seminarios\u201d, indic\u00f3Jos\u00e9 Gregg G\u00e1mez.<\/p>\n\n\n\n<p>El empresario ha fundado un \u00e1rea de ayuda que lleva por nombre: GRUPO DE APOYO MINISTERIAL Y EVANG\u00c9LICO SALVADORE\u00d1O (GAMES), a trav\u00e9s del cual est\u00e1 canalizando todo el aporte que realizan, de su empresa Distribuidora Delmys.<\/p>\n\n\n\n<p>En su testimonio destac\u00f3: \u201cUnas hermanas me dec\u00edan que no me afligiera por lo que estaba pasando, porque Dios iba a incrementar mi fe, ahora comprendo que todos los procesos fueron para madurar mi fe, para fortalecerme y para confiar m\u00e1s en \u00e9l, en las dificultades es donde m\u00e1s se conoce de Dios, para la gloria de Dios ya llevamos 4 a\u00f1os con la empresa de exportaci\u00f3n, y las bendiciones que \u00e9l nos da lo estamos invirtiendo en el reino de Dios\u201d, concluy\u00f3.<\/p>\n\n\n\n<figure class=\"wp-block-image size-large\"><img decoding=\"async\" loading=\"lazy\" width=\"1024\" height=\"683\" src=\"https:\/\/laprensacristiana.com\/wp-content\/uploads\/2024\/11\/IMG_7468-1024x683.jpg\" alt=\"\" class=\"wp-image-18383\" srcset=\"https:\/\/laprensacristiana.com\/wp-content\/uploads\/2024\/11\/IMG_7468-1024x683.jpg 1024w, https:\/\/laprensacristiana.com\/wp-content\/uploads\/2024\/11\/IMG_7468-300x200.jpg 300w, https:\/\/laprensacristiana.com\/wp-content\/uploads\/2024\/11\/IMG_7468-768x512.jpg 768w, https:\/\/laprensacristiana.com\/wp-content\/uploads\/2024\/11\/IMG_7468-1536x1024.jpg 1536w, https:\/\/laprensacristiana.com\/wp-content\/uploads\/2024\/11\/IMG_7468-2048x1365.jpg 2048w, https:\/\/laprensacristiana.com\/wp-content\/uploads\/2024\/11\/IMG_7468-696x464.jpg 696w, https:\/\/laprensacristiana.com\/wp-content\/uploads\/2024\/11\/IMG_7468-1068x712.jpg 1068w, https:\/\/laprensacristiana.com\/wp-content\/uploads\/2024\/11\/IMG_7468-1920x1280.jpg 1920w, https:\/\/laprensacristiana.com\/wp-content\/uploads\/2024\/11\/IMG_7468-600x400.jpg 600w\" sizes=\"(max-width: 1024px) 100vw, 1024px\" \/><figcaption class=\"wp-element-caption\">Mister G\u00e1mez compartiendo su testimonio. <\/figcaption><\/figure>\n\n\n\n<p>Para el cierre se realiz\u00f3 la entrega de diplomas a cada uno de los participantes que hace constar haber recibido el SeminarioEfectivo para la Iglesia de Hoy.<\/p>\n\n\n\n<p>\u201cHa sido una experiencia muy agradable, estoy satisfecho con las ense\u00f1anzas, y con el testimonio de este hombre de Dios (M\u00edster G\u00e1mez), alguien que en lo natural estaba en fuerzas especiales y hoy Dios le da la oportunidad de llamarlo a su ejercito y ahora es un empresario muy importante para este pa\u00eds, que est\u00e1 bendiciendo la vida de muchos pastores y lideres en el departamento de Ahuachap\u00e1n\u201d, refiri\u00f3 el pastor Mauricio Granados, de Iglesia Casa de Dios.<\/p>\n\n\n\n<figure class=\"wp-block-image size-large\"><img decoding=\"async\" loading=\"lazy\" width=\"1024\" height=\"683\" src=\"https:\/\/laprensacristiana.com\/wp-content\/uploads\/2024\/11\/IMG_7563-1024x683.jpg\" alt=\"\" class=\"wp-image-18384\" srcset=\"https:\/\/laprensacristiana.com\/wp-content\/uploads\/2024\/11\/IMG_7563-1024x683.jpg 1024w, https:\/\/laprensacristiana.com\/wp-content\/uploads\/2024\/11\/IMG_7563-300x200.jpg 300w, https:\/\/laprensacristiana.com\/wp-content\/uploads\/2024\/11\/IMG_7563-768x512.jpg 768w, https:\/\/laprensacristiana.com\/wp-content\/uploads\/2024\/11\/IMG_7563-1536x1024.jpg 1536w, https:\/\/laprensacristiana.com\/wp-content\/uploads\/2024\/11\/IMG_7563-2048x1365.jpg 2048w, https:\/\/laprensacristiana.com\/wp-content\/uploads\/2024\/11\/IMG_7563-696x464.jpg 696w, https:\/\/laprensacristiana.com\/wp-content\/uploads\/2024\/11\/IMG_7563-1068x712.jpg 1068w, https:\/\/laprensacristiana.com\/wp-content\/uploads\/2024\/11\/IMG_7563-1920x1280.jpg 1920w, https:\/\/laprensacristiana.com\/wp-content\/uploads\/2024\/11\/IMG_7563-600x400.jpg 600w\" sizes=\"(max-width: 1024px) 100vw, 1024px\" \/><figcaption class=\"wp-element-caption\">Mister G\u00e1mez recibiendo diploma de participaci\u00f3n. <\/figcaption><\/figure>\n","protected":false},"excerpt":{"rendered":"<p>En las instalaciones del Hotel Santa Mar\u00eda, en el departamento de Ahuachap\u00e1n se reuni\u00f3 un grupo de pastores y l\u00edderes con el fin de ser instruidos en el desarrollo de un servicio efectivo para quienes lo reciben. Ha tempranas horas del s\u00e1bado, dieron apertura las tem\u00e1ticas, que son creadas por el Ministerio de Capacitaci\u00f3n B\u00edblica [&hellip;]<\/p>\n","protected":false},"author":3,"featured_media":18379,"comment_status":"open","ping_status":"open","sticky":false,"template":"","format":"standard","meta":[],"categories":[56],"tags":[],"yoast_head":"<!-- This site is optimized with the Yoast SEO plugin v20.8 - https:\/\/yoast.com\/wordpress\/plugins\/seo\/ -->\n<title>Realizan seminario efectivo para la iglesia de hoy - La Prensa Cristiana<\/title>\n<meta name=\"robots\" content=\"index, follow, max-snippet:-1, max-image-preview:large, max-video-preview:-1\" \/>\n<link rel=\"canonical\" href=\"https:\/\/laprensacristiana.com\/?p=18378\" \/>\n<meta property=\"og:locale\" content=\"es_ES\" \/>\n<meta property=\"og:type\" content=\"article\" \/>\n<meta property=\"og:title\" content=\"Realizan seminario efectivo para la iglesia de hoy - La Prensa Cristiana\" \/>\n<meta property=\"og:description\" content=\"En las instalaciones del Hotel Santa Mar\u00eda, en el departamento de Ahuachap\u00e1n se reuni\u00f3 un grupo de pastores y l\u00edderes con el fin de ser instruidos en el desarrollo de un servicio efectivo para quienes lo reciben. Ha tempranas horas del s\u00e1bado, dieron apertura las tem\u00e1ticas, que son creadas por el Ministerio de Capacitaci\u00f3n B\u00edblica [&hellip;]\" \/>\n<meta property=\"og:url\" content=\"https:\/\/laprensacristiana.com\/?p=18378\" \/>\n<meta property=\"og:site_name\" content=\"La Prensa Cristiana\" \/>\n<meta property=\"article:published_time\" content=\"2024-11-27T21:55:00+00:00\" \/>\n<meta property=\"article:modified_time\" content=\"2024-11-27T21:55:01+00:00\" \/>\n<meta property=\"og:image\" content=\"https:\/\/laprensacristiana.com\/wp-content\/uploads\/2024\/11\/DSC00940-scaled.jpg\" \/>\n\t<meta property=\"og:image:width\" content=\"2560\" \/>\n\t<meta property=\"og:image:height\" content=\"1707\" \/>\n\t<meta property=\"og:image:type\" content=\"image\/jpeg\" \/>\n<meta name=\"author\" content=\"EDITOR\" \/>\n<meta name=\"twitter:card\" content=\"summary_large_image\" \/>\n<meta name=\"twitter:label1\" content=\"Escrito por\" \/>\n\t<meta name=\"twitter:data1\" content=\"EDITOR\" \/>\n\t<meta name=\"twitter:label2\" content=\"Tiempo de lectura\" \/>\n\t<meta name=\"twitter:data2\" content=\"4 minutos\" \/>\n<script type=\"application\/ld+json\" class=\"yoast-schema-graph\">{\"@context\":\"https:\/\/schema.org\",\"@graph\":[{\"@type\":\"WebPage\",\"@id\":\"https:\/\/laprensacristiana.com\/?p=18378\",\"url\":\"https:\/\/laprensacristiana.com\/?p=18378\",\"name\":\"Realizan seminario efectivo para la iglesia de hoy - La Prensa Cristiana\",\"isPartOf\":{\"@id\":\"https:\/\/laprensacristiana.com\/#website\"},\"datePublished\":\"2024-11-27T21:55:00+00:00\",\"dateModified\":\"2024-11-27T21:55:01+00:00\",\"author\":{\"@id\":\"https:\/\/laprensacristiana.com\/#\/schema\/person\/3e7d82c6bfd6b1fa67010f8f7cd5256e\"},\"breadcrumb\":{\"@id\":\"https:\/\/laprensacristiana.com\/?p=18378#breadcrumb\"},\"inLanguage\":\"es\",\"potentialAction\":[{\"@type\":\"ReadAction\",\"target\":[\"https:\/\/laprensacristiana.com\/?p=18378\"]}]},{\"@type\":\"BreadcrumbList\",\"@id\":\"https:\/\/laprensacristiana.com\/?p=18378#breadcrumb\",\"itemListElement\":[{\"@type\":\"ListItem\",\"position\":1,\"name\":\"Portada\",\"item\":\"https:\/\/laprensacristiana.com\/\"},{\"@type\":\"ListItem\",\"position\":2,\"name\":\"Realizan seminario efectivo para la iglesia de hoy\"}]},{\"@type\":\"WebSite\",\"@id\":\"https:\/\/laprensacristiana.com\/#website\",\"url\":\"https:\/\/laprensacristiana.com\/\",\"name\":\"La Prensa Cristiana\",\"description\":\"Anunciando Las Buenas Nuevas\",\"potentialAction\":[{\"@type\":\"SearchAction\",\"target\":{\"@type\":\"EntryPoint\",\"urlTemplate\":\"https:\/\/laprensacristiana.com\/?s={search_term_string}\"},\"query-input\":\"required name=search_term_string\"}],\"inLanguage\":\"es\"},{\"@type\":\"Person\",\"@id\":\"https:\/\/laprensacristiana.com\/#\/schema\/person\/3e7d82c6bfd6b1fa67010f8f7cd5256e\",\"name\":\"EDITOR\",\"image\":{\"@type\":\"ImageObject\",\"inLanguage\":\"es\",\"@id\":\"https:\/\/laprensacristiana.com\/#\/schema\/person\/image\/\",\"url\":\"https:\/\/secure.gravatar.com\/avatar\/72069dfb6c13772d9e8381e3638666d2?s=96&d=mm&r=g\",\"contentUrl\":\"https:\/\/secure.gravatar.com\/avatar\/72069dfb6c13772d9e8381e3638666d2?s=96&d=mm&r=g\",\"caption\":\"EDITOR\"},\"url\":\"https:\/\/laprensacristiana.com\/?author=3\"}]}<\/script>\n<!-- \/ Yoast SEO plugin. -->","yoast_head_json":{"title":"Realizan seminario efectivo para la iglesia de hoy - La Prensa Cristiana","robots":{"index":"index","follow":"follow","max-snippet":"max-snippet:-1","max-image-preview":"max-image-preview:large","max-video-preview":"max-video-preview:-1"},"canonical":"https:\/\/laprensacristiana.com\/?p=18378","og_locale":"es_ES","og_type":"article","og_title":"Realizan seminario efectivo para la iglesia de hoy - La Prensa Cristiana","og_description":"En las instalaciones del Hotel Santa Mar\u00eda, en el departamento de Ahuachap\u00e1n se reuni\u00f3 un grupo de pastores y l\u00edderes con el fin de ser instruidos en el desarrollo de un servicio efectivo para quienes lo reciben. Ha tempranas horas del s\u00e1bado, dieron apertura las tem\u00e1ticas, que son creadas por el Ministerio de Capacitaci\u00f3n B\u00edblica [&hellip;]","og_url":"https:\/\/laprensacristiana.com\/?p=18378","og_site_name":"La Prensa Cristiana","article_published_time":"2024-11-27T21:55:00+00:00","article_modified_time":"2024-11-27T21:55:01+00:00","og_image":[{"width":2560,"height":1707,"url":"https:\/\/laprensacristiana.com\/wp-content\/uploads\/2024\/11\/DSC00940-scaled.jpg","type":"image\/jpeg"}],"author":"EDITOR","twitter_card":"summary_large_image","twitter_misc":{"Escrito por":"EDITOR","Tiempo de lectura":"4 minutos"},"schema":{"@context":"https:\/\/schema.org","@graph":[{"@type":"WebPage","@id":"https:\/\/laprensacristiana.com\/?p=18378","url":"https:\/\/laprensacristiana.com\/?p=18378","name":"Realizan seminario efectivo para la iglesia de hoy - La Prensa Cristiana","isPartOf":{"@id":"https:\/\/laprensacristiana.com\/#website"},"datePublished":"2024-11-27T21:55:00+00:00","dateModified":"2024-11-27T21:55:01+00:00","author":{"@id":"https:\/\/laprensacristiana.com\/#\/schema\/person\/3e7d82c6bfd6b1fa67010f8f7cd5256e"},"breadcrumb":{"@id":"https:\/\/laprensacristiana.com\/?p=18378#breadcrumb"},"inLanguage":"es","potentialAction":[{"@type":"ReadAction","target":["https:\/\/laprensacristiana.com\/?p=18378"]}]},{"@type":"BreadcrumbList","@id":"https:\/\/laprensacristiana.com\/?p=18378#breadcrumb","itemListElement":[{"@type":"ListItem","position":1,"name":"Portada","item":"https:\/\/laprensacristiana.com\/"},{"@type":"ListItem","position":2,"name":"Realizan seminario efectivo para la iglesia de hoy"}]},{"@type":"WebSite","@id":"https:\/\/laprensacristiana.com\/#website","url":"https:\/\/laprensacristiana.com\/","name":"La Prensa Cristiana","description":"Anunciando Las Buenas Nuevas","potentialAction":[{"@type":"SearchAction","target":{"@type":"EntryPoint","urlTemplate":"https:\/\/laprensacristiana.com\/?s={search_term_string}"},"query-input":"required name=search_term_string"}],"inLanguage":"es"},{"@type":"Person","@id":"https:\/\/laprensacristiana.com\/#\/schema\/person\/3e7d82c6bfd6b1fa67010f8f7cd5256e","name":"EDITOR","image":{"@type":"ImageObject","inLanguage":"es","@id":"https:\/\/laprensacristiana.com\/#\/schema\/person\/image\/","url":"https:\/\/secure.gravatar.com\/avatar\/72069dfb6c13772d9e8381e3638666d2?s=96&d=mm&r=g","contentUrl":"https:\/\/secure.gravatar.com\/avatar\/72069dfb6c13772d9e8381e3638666d2?s=96&d=mm&r=g","caption":"EDITOR"},"url":"https:\/\/laprensacristiana.com\/?author=3"}]}},"_links":{"self":[{"href":"https:\/\/laprensacristiana.com\/index.php?rest_route=\/wp\/v2\/posts\/18378"}],"collection":[{"href":"https:\/\/laprensacristiana.com\/index.php?rest_route=\/wp\/v2\/posts"}],"about":[{"href":"https:\/\/laprensacristiana.com\/index.php?rest_route=\/wp\/v2\/types\/post"}],"author":[{"embeddable":true,"href":"https:\/\/laprensacristiana.com\/index.php?rest_route=\/wp\/v2\/users\/3"}],"replies":[{"embeddable":true,"href":"https:\/\/laprensacristiana.com\/index.php?rest_route=%2Fwp%2Fv2%2Fcomments&post=18378"}],"version-history":[{"count":1,"href":"https:\/\/laprensacristiana.com\/index.php?rest_route=\/wp\/v2\/posts\/18378\/revisions"}],"predecessor-version":[{"id":18385,"href":"https:\/\/laprensacristiana.com\/index.php?rest_route=\/wp\/v2\/posts\/18378\/revisions\/18385"}],"wp:featuredmedia":[{"embeddable":true,"href":"https:\/\/laprensacristiana.com\/index.php?rest_route=\/wp\/v2\/media\/18379"}],"wp:attachment":[{"href":"https:\/\/laprensacristiana.com\/index.php?rest_route=%2Fwp%2Fv2%2Fmedia&parent=18378"}],"wp:term":[{"taxonomy":"category","embeddable":true,"href":"https:\/\/laprensacristiana.com\/index.php?rest_route=%2Fwp%2Fv2%2Fcategories&post=18378"},{"taxonomy":"post_tag","embeddable":true,"href":"https:\/\/laprensacristiana.com\/index.php?rest_route=%2Fwp%2Fv2%2Ftags&post=18378"}],"curies":[{"name":"wp","href":"https:\/\/api.w.org\/{rel}","templated":true}]}}