{"id":18386,"date":"2024-11-28T16:48:28","date_gmt":"2024-11-28T16:48:28","guid":{"rendered":"https:\/\/laprensacristiana.com\/?p=18386"},"modified":"2024-11-28T16:48:28","modified_gmt":"2024-11-28T16:48:28","slug":"ucad-invita-a-la-comunidad-a-su-v-feria-cultural-de-proyectos-aulicos","status":"publish","type":"post","link":"https:\/\/laprensacristiana.com\/?p=18386","title":{"rendered":"UCAD Invita a la Comunidad a su V Feria Cultural de Proyectos \u00c1ulicos"},"content":{"rendered":"\n<p>Este 30 de noviembre, la Universidad Cristiana de las Asambleas de Dios (UCAD) celebrar\u00e1 la quinta edici\u00f3n de su Feria Cultural de Proyectos \u00c1ulicos. Este evento ser\u00e1 un espacio abierto y amigable donde los estudiantes de la UCAD presentar\u00e1n sus proyectos, mostrando las habilidades y conocimientos que han ido adquiriendo a lo largo de su formaci\u00f3n.<\/p>\n\n\n\n<p>Organizada por la Direcci\u00f3n de Investigaci\u00f3n junto con la Direcci\u00f3n de Servicio Social y Proyecci\u00f3n Social, esta feria es el resultado del trabajo en equipo y el esfuerzo de estudiantes y docentes. Aqu\u00ed se mostrar\u00e1 c\u00f3mo las diferentes c\u00e1tedras de han desarrollado proyectos que buscan aportar soluciones a problemas de la comunidad, desde un enfoque pr\u00e1ctico y orientado a servir a los dem\u00e1s.<\/p>\n\n\n\n<figure class=\"wp-block-image size-large\"><img decoding=\"async\" loading=\"lazy\" width=\"1024\" height=\"606\" src=\"https:\/\/laprensacristiana.com\/wp-content\/uploads\/2024\/11\/IMAGEN-2-1024x606.jpg\" alt=\"\" class=\"wp-image-18388\" srcset=\"https:\/\/laprensacristiana.com\/wp-content\/uploads\/2024\/11\/IMAGEN-2-1024x606.jpg 1024w, https:\/\/laprensacristiana.com\/wp-content\/uploads\/2024\/11\/IMAGEN-2-300x177.jpg 300w, https:\/\/laprensacristiana.com\/wp-content\/uploads\/2024\/11\/IMAGEN-2-768x454.jpg 768w, https:\/\/laprensacristiana.com\/wp-content\/uploads\/2024\/11\/IMAGEN-2-1536x908.jpg 1536w, https:\/\/laprensacristiana.com\/wp-content\/uploads\/2024\/11\/IMAGEN-2-696x412.jpg 696w, https:\/\/laprensacristiana.com\/wp-content\/uploads\/2024\/11\/IMAGEN-2-1068x632.jpg 1068w, https:\/\/laprensacristiana.com\/wp-content\/uploads\/2024\/11\/IMAGEN-2-1920x1135.jpg 1920w, https:\/\/laprensacristiana.com\/wp-content\/uploads\/2024\/11\/IMAGEN-2-600x355.jpg 600w, https:\/\/laprensacristiana.com\/wp-content\/uploads\/2024\/11\/IMAGEN-2.jpg 2048w\" sizes=\"(max-width: 1024px) 100vw, 1024px\" \/><\/figure>\n\n\n\n<p><strong>Un Espacio para Compartir y Aprender<\/strong><\/p>\n\n\n\n<p>La feria contar\u00e1 con diversos stands donde los estudiantes presentar\u00e1n sus proyectos al p\u00fablico de forma cercana y accesible, explicando sus ideas y los pasos que siguieron para llevarlas a cabo. Habr\u00e1 proyectos sobre temas variados, todos con un enfoque de servicio social, que buscan responder a necesidades concretas de la sociedad salvadore\u00f1a.<\/p>\n\n\n\n<p>Adem\u00e1s, un jurado conformado por docentes y expertos en cada \u00e1rea evaluar\u00e1 los proyectos en aspectos como creatividad, impacto social y claridad de ideas, reconociendo el esfuerzo de los estudiantes y alent\u00e1ndolos a seguir aplicando sus conocimientos para hacer una diferencia.<\/p>\n\n\n\n<figure class=\"wp-block-image size-large\"><img decoding=\"async\" loading=\"lazy\" width=\"1024\" height=\"768\" src=\"https:\/\/laprensacristiana.com\/wp-content\/uploads\/2024\/11\/IMAGEN-3-1024x768.jpg\" alt=\"\" class=\"wp-image-18389\" srcset=\"https:\/\/laprensacristiana.com\/wp-content\/uploads\/2024\/11\/IMAGEN-3-1024x768.jpg 1024w, https:\/\/laprensacristiana.com\/wp-content\/uploads\/2024\/11\/IMAGEN-3-300x225.jpg 300w, https:\/\/laprensacristiana.com\/wp-content\/uploads\/2024\/11\/IMAGEN-3-768x576.jpg 768w, https:\/\/laprensacristiana.com\/wp-content\/uploads\/2024\/11\/IMAGEN-3-1536x1152.jpg 1536w, https:\/\/laprensacristiana.com\/wp-content\/uploads\/2024\/11\/IMAGEN-3-696x522.jpg 696w, https:\/\/laprensacristiana.com\/wp-content\/uploads\/2024\/11\/IMAGEN-3-1068x801.jpg 1068w, https:\/\/laprensacristiana.com\/wp-content\/uploads\/2024\/11\/IMAGEN-3-1920x1440.jpg 1920w, https:\/\/laprensacristiana.com\/wp-content\/uploads\/2024\/11\/IMAGEN-3-600x450.jpg 600w, https:\/\/laprensacristiana.com\/wp-content\/uploads\/2024\/11\/IMAGEN-3.jpg 2048w\" sizes=\"(max-width: 1024px) 100vw, 1024px\" \/><\/figure>\n\n\n\n<p><strong>Formaci\u00f3n con Prop\u00f3sito<\/strong><\/p>\n\n\n\n<p>La feria representa una excelente oportunidad para que los estudiantes muestren su trabajo y se conecten con la comunidad que buscan apoyar. En este espacio no solo se valoran sus habilidades acad\u00e9micas, sino tambi\u00e9n su capacidad de empat\u00eda y su compromiso con construir un futuro mejor.<\/p>\n\n\n\n<p>Esta jornada ser\u00e1 una ventana para que familiares, amigos y el p\u00fablico en general conozcan m\u00e1s sobre el talento de los j\u00f3venes de UCAD y el enfoque integral de su educaci\u00f3n. Para los estudiantes, este evento es una oportunidad para poner en pr\u00e1ctica lo aprendido en las aulas, enfrentarse a retos reales y aprender de la experiencia de compartir su trabajo con los dem\u00e1s.<\/p>\n\n\n\n<p>A trav\u00e9s de este evento, la UCAD reafirma su misi\u00f3n de formar profesionales comprometidos con la sociedad, que no solo busquen desarrollarse en sus \u00e1reas, sino que tambi\u00e9n deseen aportar a su comunidad desde sus valores y principios cristianos. Esta quinta feria es una invitaci\u00f3n a ver el esfuerzo, dedicaci\u00f3n y el impacto positivo que los estudiantes de UCAD quieren tener en el mundo.<\/p>\n\n\n\n<figure class=\"wp-block-image size-large\"><img decoding=\"async\" loading=\"lazy\" width=\"1024\" height=\"649\" src=\"https:\/\/laprensacristiana.com\/wp-content\/uploads\/2024\/11\/PUBLICIDAD-LA-PRENSA-CRISTIANA-1024x649.jpg\" alt=\"\" class=\"wp-image-18390\" srcset=\"https:\/\/laprensacristiana.com\/wp-content\/uploads\/2024\/11\/PUBLICIDAD-LA-PRENSA-CRISTIANA-1024x649.jpg 1024w, https:\/\/laprensacristiana.com\/wp-content\/uploads\/2024\/11\/PUBLICIDAD-LA-PRENSA-CRISTIANA-300x190.jpg 300w, https:\/\/laprensacristiana.com\/wp-content\/uploads\/2024\/11\/PUBLICIDAD-LA-PRENSA-CRISTIANA-768x487.jpg 768w, https:\/\/laprensacristiana.com\/wp-content\/uploads\/2024\/11\/PUBLICIDAD-LA-PRENSA-CRISTIANA-1536x974.jpg 1536w, https:\/\/laprensacristiana.com\/wp-content\/uploads\/2024\/11\/PUBLICIDAD-LA-PRENSA-CRISTIANA-2048x1299.jpg 2048w, https:\/\/laprensacristiana.com\/wp-content\/uploads\/2024\/11\/PUBLICIDAD-LA-PRENSA-CRISTIANA-696x441.jpg 696w, https:\/\/laprensacristiana.com\/wp-content\/uploads\/2024\/11\/PUBLICIDAD-LA-PRENSA-CRISTIANA-1068x677.jpg 1068w, https:\/\/laprensacristiana.com\/wp-content\/uploads\/2024\/11\/PUBLICIDAD-LA-PRENSA-CRISTIANA-1920x1218.jpg 1920w, https:\/\/laprensacristiana.com\/wp-content\/uploads\/2024\/11\/PUBLICIDAD-LA-PRENSA-CRISTIANA-600x380.jpg 600w\" sizes=\"(max-width: 1024px) 100vw, 1024px\" \/><\/figure>\n","protected":false},"excerpt":{"rendered":"<p>Este 30 de noviembre, la Universidad Cristiana de las Asambleas de Dios (UCAD) celebrar\u00e1 la quinta edici\u00f3n de su Feria Cultural de Proyectos \u00c1ulicos. Este evento ser\u00e1 un espacio abierto y amigable donde los estudiantes de la UCAD presentar\u00e1n sus proyectos, mostrando las habilidades y conocimientos que han ido adquiriendo a lo largo de su [&hellip;]<\/p>\n","protected":false},"author":3,"featured_media":18387,"comment_status":"open","ping_status":"open","sticky":false,"template":"","format":"standard","meta":[],"categories":[56],"tags":[],"yoast_head":"<!-- This site is optimized with the Yoast SEO plugin v20.8 - https:\/\/yoast.com\/wordpress\/plugins\/seo\/ -->\n<title>UCAD Invita a la Comunidad a su V Feria Cultural de Proyectos \u00c1ulicos - La Prensa Cristiana<\/title>\n<meta name=\"robots\" content=\"index, follow, max-snippet:-1, max-image-preview:large, max-video-preview:-1\" \/>\n<link rel=\"canonical\" href=\"https:\/\/laprensacristiana.com\/?p=18386\" \/>\n<meta property=\"og:locale\" content=\"es_ES\" \/>\n<meta property=\"og:type\" content=\"article\" \/>\n<meta property=\"og:title\" content=\"UCAD Invita a la Comunidad a su V Feria Cultural de Proyectos \u00c1ulicos - La Prensa Cristiana\" \/>\n<meta property=\"og:description\" content=\"Este 30 de noviembre, la Universidad Cristiana de las Asambleas de Dios (UCAD) celebrar\u00e1 la quinta edici\u00f3n de su Feria Cultural de Proyectos \u00c1ulicos. Este evento ser\u00e1 un espacio abierto y amigable donde los estudiantes de la UCAD presentar\u00e1n sus proyectos, mostrando las habilidades y conocimientos que han ido adquiriendo a lo largo de su [&hellip;]\" \/>\n<meta property=\"og:url\" content=\"https:\/\/laprensacristiana.com\/?p=18386\" \/>\n<meta property=\"og:site_name\" content=\"La Prensa Cristiana\" \/>\n<meta property=\"article:published_time\" content=\"2024-11-28T16:48:28+00:00\" \/>\n<meta property=\"og:image\" content=\"https:\/\/laprensacristiana.com\/wp-content\/uploads\/2024\/11\/IMAGEN-1.jpg\" \/>\n\t<meta property=\"og:image:width\" content=\"2048\" \/>\n\t<meta property=\"og:image:height\" content=\"1365\" \/>\n\t<meta property=\"og:image:type\" content=\"image\/jpeg\" \/>\n<meta name=\"author\" content=\"EDITOR\" \/>\n<meta name=\"twitter:card\" content=\"summary_large_image\" \/>\n<meta name=\"twitter:label1\" content=\"Escrito por\" \/>\n\t<meta name=\"twitter:data1\" content=\"EDITOR\" \/>\n\t<meta name=\"twitter:label2\" content=\"Tiempo de lectura\" \/>\n\t<meta name=\"twitter:data2\" content=\"3 minutos\" \/>\n<script type=\"application\/ld+json\" class=\"yoast-schema-graph\">{\"@context\":\"https:\/\/schema.org\",\"@graph\":[{\"@type\":\"WebPage\",\"@id\":\"https:\/\/laprensacristiana.com\/?p=18386\",\"url\":\"https:\/\/laprensacristiana.com\/?p=18386\",\"name\":\"UCAD Invita a la Comunidad a su V Feria Cultural de Proyectos \u00c1ulicos - La Prensa Cristiana\",\"isPartOf\":{\"@id\":\"https:\/\/laprensacristiana.com\/#website\"},\"datePublished\":\"2024-11-28T16:48:28+00:00\",\"dateModified\":\"2024-11-28T16:48:28+00:00\",\"author\":{\"@id\":\"https:\/\/laprensacristiana.com\/#\/schema\/person\/3e7d82c6bfd6b1fa67010f8f7cd5256e\"},\"breadcrumb\":{\"@id\":\"https:\/\/laprensacristiana.com\/?p=18386#breadcrumb\"},\"inLanguage\":\"es\",\"potentialAction\":[{\"@type\":\"ReadAction\",\"target\":[\"https:\/\/laprensacristiana.com\/?p=18386\"]}]},{\"@type\":\"BreadcrumbList\",\"@id\":\"https:\/\/laprensacristiana.com\/?p=18386#breadcrumb\",\"itemListElement\":[{\"@type\":\"ListItem\",\"position\":1,\"name\":\"Portada\",\"item\":\"https:\/\/laprensacristiana.com\/\"},{\"@type\":\"ListItem\",\"position\":2,\"name\":\"UCAD Invita a la Comunidad a su V Feria Cultural de Proyectos \u00c1ulicos\"}]},{\"@type\":\"WebSite\",\"@id\":\"https:\/\/laprensacristiana.com\/#website\",\"url\":\"https:\/\/laprensacristiana.com\/\",\"name\":\"La Prensa Cristiana\",\"description\":\"Anunciando Las Buenas Nuevas\",\"potentialAction\":[{\"@type\":\"SearchAction\",\"target\":{\"@type\":\"EntryPoint\",\"urlTemplate\":\"https:\/\/laprensacristiana.com\/?s={search_term_string}\"},\"query-input\":\"required name=search_term_string\"}],\"inLanguage\":\"es\"},{\"@type\":\"Person\",\"@id\":\"https:\/\/laprensacristiana.com\/#\/schema\/person\/3e7d82c6bfd6b1fa67010f8f7cd5256e\",\"name\":\"EDITOR\",\"image\":{\"@type\":\"ImageObject\",\"inLanguage\":\"es\",\"@id\":\"https:\/\/laprensacristiana.com\/#\/schema\/person\/image\/\",\"url\":\"https:\/\/secure.gravatar.com\/avatar\/72069dfb6c13772d9e8381e3638666d2?s=96&d=mm&r=g\",\"contentUrl\":\"https:\/\/secure.gravatar.com\/avatar\/72069dfb6c13772d9e8381e3638666d2?s=96&d=mm&r=g\",\"caption\":\"EDITOR\"},\"url\":\"https:\/\/laprensacristiana.com\/?author=3\"}]}<\/script>\n<!-- \/ Yoast SEO plugin. -->","yoast_head_json":{"title":"UCAD Invita a la Comunidad a su V Feria Cultural de Proyectos \u00c1ulicos - La Prensa Cristiana","robots":{"index":"index","follow":"follow","max-snippet":"max-snippet:-1","max-image-preview":"max-image-preview:large","max-video-preview":"max-video-preview:-1"},"canonical":"https:\/\/laprensacristiana.com\/?p=18386","og_locale":"es_ES","og_type":"article","og_title":"UCAD Invita a la Comunidad a su V Feria Cultural de Proyectos \u00c1ulicos - La Prensa Cristiana","og_description":"Este 30 de noviembre, la Universidad Cristiana de las Asambleas de Dios (UCAD) celebrar\u00e1 la quinta edici\u00f3n de su Feria Cultural de Proyectos \u00c1ulicos. Este evento ser\u00e1 un espacio abierto y amigable donde los estudiantes de la UCAD presentar\u00e1n sus proyectos, mostrando las habilidades y conocimientos que han ido adquiriendo a lo largo de su [&hellip;]","og_url":"https:\/\/laprensacristiana.com\/?p=18386","og_site_name":"La Prensa Cristiana","article_published_time":"2024-11-28T16:48:28+00:00","og_image":[{"width":2048,"height":1365,"url":"https:\/\/laprensacristiana.com\/wp-content\/uploads\/2024\/11\/IMAGEN-1.jpg","type":"image\/jpeg"}],"author":"EDITOR","twitter_card":"summary_large_image","twitter_misc":{"Escrito por":"EDITOR","Tiempo de lectura":"3 minutos"},"schema":{"@context":"https:\/\/schema.org","@graph":[{"@type":"WebPage","@id":"https:\/\/laprensacristiana.com\/?p=18386","url":"https:\/\/laprensacristiana.com\/?p=18386","name":"UCAD Invita a la Comunidad a su V Feria Cultural de Proyectos \u00c1ulicos - La Prensa Cristiana","isPartOf":{"@id":"https:\/\/laprensacristiana.com\/#website"},"datePublished":"2024-11-28T16:48:28+00:00","dateModified":"2024-11-28T16:48:28+00:00","author":{"@id":"https:\/\/laprensacristiana.com\/#\/schema\/person\/3e7d82c6bfd6b1fa67010f8f7cd5256e"},"breadcrumb":{"@id":"https:\/\/laprensacristiana.com\/?p=18386#breadcrumb"},"inLanguage":"es","potentialAction":[{"@type":"ReadAction","target":["https:\/\/laprensacristiana.com\/?p=18386"]}]},{"@type":"BreadcrumbList","@id":"https:\/\/laprensacristiana.com\/?p=18386#breadcrumb","itemListElement":[{"@type":"ListItem","position":1,"name":"Portada","item":"https:\/\/laprensacristiana.com\/"},{"@type":"ListItem","position":2,"name":"UCAD Invita a la Comunidad a su V Feria Cultural de Proyectos \u00c1ulicos"}]},{"@type":"WebSite","@id":"https:\/\/laprensacristiana.com\/#website","url":"https:\/\/laprensacristiana.com\/","name":"La Prensa Cristiana","description":"Anunciando Las Buenas Nuevas","potentialAction":[{"@type":"SearchAction","target":{"@type":"EntryPoint","urlTemplate":"https:\/\/laprensacristiana.com\/?s={search_term_string}"},"query-input":"required name=search_term_string"}],"inLanguage":"es"},{"@type":"Person","@id":"https:\/\/laprensacristiana.com\/#\/schema\/person\/3e7d82c6bfd6b1fa67010f8f7cd5256e","name":"EDITOR","image":{"@type":"ImageObject","inLanguage":"es","@id":"https:\/\/laprensacristiana.com\/#\/schema\/person\/image\/","url":"https:\/\/secure.gravatar.com\/avatar\/72069dfb6c13772d9e8381e3638666d2?s=96&d=mm&r=g","contentUrl":"https:\/\/secure.gravatar.com\/avatar\/72069dfb6c13772d9e8381e3638666d2?s=96&d=mm&r=g","caption":"EDITOR"},"url":"https:\/\/laprensacristiana.com\/?author=3"}]}},"_links":{"self":[{"href":"https:\/\/laprensacristiana.com\/index.php?rest_route=\/wp\/v2\/posts\/18386"}],"collection":[{"href":"https:\/\/laprensacristiana.com\/index.php?rest_route=\/wp\/v2\/posts"}],"about":[{"href":"https:\/\/laprensacristiana.com\/index.php?rest_route=\/wp\/v2\/types\/post"}],"author":[{"embeddable":true,"href":"https:\/\/laprensacristiana.com\/index.php?rest_route=\/wp\/v2\/users\/3"}],"replies":[{"embeddable":true,"href":"https:\/\/laprensacristiana.com\/index.php?rest_route=%2Fwp%2Fv2%2Fcomments&post=18386"}],"version-history":[{"count":1,"href":"https:\/\/laprensacristiana.com\/index.php?rest_route=\/wp\/v2\/posts\/18386\/revisions"}],"predecessor-version":[{"id":18391,"href":"https:\/\/laprensacristiana.com\/index.php?rest_route=\/wp\/v2\/posts\/18386\/revisions\/18391"}],"wp:featuredmedia":[{"embeddable":true,"href":"https:\/\/laprensacristiana.com\/index.php?rest_route=\/wp\/v2\/media\/18387"}],"wp:attachment":[{"href":"https:\/\/laprensacristiana.com\/index.php?rest_route=%2Fwp%2Fv2%2Fmedia&parent=18386"}],"wp:term":[{"taxonomy":"category","embeddable":true,"href":"https:\/\/laprensacristiana.com\/index.php?rest_route=%2Fwp%2Fv2%2Fcategories&post=18386"},{"taxonomy":"post_tag","embeddable":true,"href":"https:\/\/laprensacristiana.com\/index.php?rest_route=%2Fwp%2Fv2%2Ftags&post=18386"}],"curies":[{"name":"wp","href":"https:\/\/api.w.org\/{rel}","templated":true}]}}