{"id":18392,"date":"2024-11-28T17:45:30","date_gmt":"2024-11-28T17:45:30","guid":{"rendered":"https:\/\/laprensacristiana.com\/?p=18392"},"modified":"2024-11-28T17:45:30","modified_gmt":"2024-11-28T17:45:30","slug":"donde-estas-tu","status":"publish","type":"post","link":"https:\/\/laprensacristiana.com\/?p=18392","title":{"rendered":"\u00bfD\u00f3nde est\u00e1s t\u00fa?"},"content":{"rendered":"\n<p><em>Por: Dr. Edgar L\u00f3pez Bertrand Jr. | Pastor General Tabern\u00e1culo B\u00edblico Bautista Amigos de Israel<\/em>\u00a0<\/p>\n\n\n\n<p>Esa fue la pregunta de Dios para con su creaci\u00f3n en el huerto del ed\u00e9n; tr\u00e1gica pregunta, tr\u00e1gica situaci\u00f3n. El hombre se hab\u00eda movido del lugar que Dios le hab\u00eda asignado en el huerto; la&nbsp;<em>Koinonia<\/em>&nbsp;se rompi\u00f3 a consecuencia de la desobediencia al mandato divino.<\/p>\n\n\n\n<p>\u00a1Que nervios! Escuchar a Dios llamarte por tu nombre ha de ser algo dif\u00edcil de afrontar. \u00a1Wow! Puedo apenas imaginar la sensaci\u00f3n de escuchar esa voz \u00fanica del Creador mencionando mi nombre. Creo que, en lo personal, estar\u00eda muerto de temor; quiz\u00e1 avergonzado o confrontado por mis acciones.<\/p>\n\n\n\n<p>Pero la pregunta de Dios fue clara, dijo: \u00bfD\u00f3nde est\u00e1s t\u00fa? Y esa es la pregunta que deseo que respondamos hoy. Dios nos confronta en esta etapa de vida y nos cuestiona para bendici\u00f3n nuestra, su intenci\u00f3n no es castigar, es conocer d\u00f3nde, en qu\u00e9 lugar estamos parados.<\/p>\n\n\n\n<p>Este es el espejo de Dios, esa sencilla pregunta nos permitir\u00e1 conocer qu\u00e9 somos, qu\u00e9 hacemos, qu\u00e9 deseamos, qu\u00e9 tenemos y para d\u00f3nde vamos. Es bastante para masticar de una sola vez, pero vamos a intentar responder de la manera m\u00e1s clara y transparente:<\/p>\n\n\n\n<p>\u00bfEst\u00e1s hoy bajo la cobertura de Dios? \u00bfEst\u00e1s siendo obediente a la palabra de Dios? \u00bfEst\u00e1s guardando sus mandamientos? \u00bfEst\u00e1s caminando por buen camino? En lo personal no cumplo algunas de estas preguntas, pero me alegra saber que Dios ser\u00e1 quien me ayude en mi debilidad.<\/p>\n\n\n\n<p>Lo mismo har\u00e1 contigo, pero eso s\u00ed, debes ser honesto y transparente en todo sentido; Dios es tu ayudador, Dios es tu Salvador, Dios es tu gu\u00eda. \u00bfTe gustar\u00eda volver al lugar donde Dios te plant\u00f3? Esa ser\u00eda la mejor decisi\u00f3n que hoy puedes tomar: volver a tu lugar original y desarrollar tu potencial al m\u00e1ximo en compa\u00f1\u00eda de tu creador y Dios.<\/p>\n\n\n\n<p>Si est\u00e1s perdido, desanimado, frustrado, enojado, abatido: \u00a1Este es tu d\u00eda! Hoy volveremos al lugar donde Dios te plant\u00f3 y permaneceremos ah\u00ed. Vamos a sacar de nosotros toda frustraci\u00f3n y dolor y cantaremos victoria con ayuda de Dios. Y si escuchas la voz de Dios preguntar: \u00bfD\u00f3nde est\u00e1s t\u00fa? Podr\u00e1s responder \u201cAqu\u00ed a tus pies Se\u00f1or, esperando tu presencia y bendici\u00f3n\u201d<\/p>\n","protected":false},"excerpt":{"rendered":"<p>Por: Dr. Edgar L\u00f3pez Bertrand Jr. | Pastor General Tabern\u00e1culo B\u00edblico Bautista Amigos de Israel\u00a0 Esa fue la pregunta de Dios para con su creaci\u00f3n en el huerto del ed\u00e9n; tr\u00e1gica pregunta, tr\u00e1gica situaci\u00f3n. El hombre se hab\u00eda movido del lugar que Dios le hab\u00eda asignado en el huerto; la&nbsp;Koinonia&nbsp;se rompi\u00f3 a consecuencia de la [&hellip;]<\/p>\n","protected":false},"author":3,"featured_media":18393,"comment_status":"open","ping_status":"open","sticky":false,"template":"","format":"standard","meta":[],"categories":[23],"tags":[],"yoast_head":"<!-- This site is optimized with the Yoast SEO plugin v20.8 - https:\/\/yoast.com\/wordpress\/plugins\/seo\/ -->\n<title>\u00bfD\u00f3nde est\u00e1s t\u00fa? - La Prensa Cristiana<\/title>\n<meta name=\"robots\" content=\"index, follow, max-snippet:-1, max-image-preview:large, max-video-preview:-1\" \/>\n<link rel=\"canonical\" href=\"https:\/\/laprensacristiana.com\/?p=18392\" \/>\n<meta property=\"og:locale\" content=\"es_ES\" \/>\n<meta property=\"og:type\" content=\"article\" \/>\n<meta property=\"og:title\" content=\"\u00bfD\u00f3nde est\u00e1s t\u00fa? - La Prensa Cristiana\" \/>\n<meta property=\"og:description\" content=\"Por: Dr. Edgar L\u00f3pez Bertrand Jr. | Pastor General Tabern\u00e1culo B\u00edblico Bautista Amigos de Israel\u00a0 Esa fue la pregunta de Dios para con su creaci\u00f3n en el huerto del ed\u00e9n; tr\u00e1gica pregunta, tr\u00e1gica situaci\u00f3n. El hombre se hab\u00eda movido del lugar que Dios le hab\u00eda asignado en el huerto; la&nbsp;Koinonia&nbsp;se rompi\u00f3 a consecuencia de la [&hellip;]\" \/>\n<meta property=\"og:url\" content=\"https:\/\/laprensacristiana.com\/?p=18392\" \/>\n<meta property=\"og:site_name\" content=\"La Prensa Cristiana\" \/>\n<meta property=\"article:published_time\" content=\"2024-11-28T17:45:30+00:00\" \/>\n<meta property=\"og:image\" content=\"https:\/\/laprensacristiana.com\/wp-content\/uploads\/2024\/11\/OPINION.png\" \/>\n\t<meta property=\"og:image:width\" content=\"1258\" \/>\n\t<meta property=\"og:image:height\" content=\"945\" \/>\n\t<meta property=\"og:image:type\" content=\"image\/png\" \/>\n<meta name=\"author\" content=\"EDITOR\" \/>\n<meta name=\"twitter:card\" content=\"summary_large_image\" \/>\n<meta name=\"twitter:label1\" content=\"Escrito por\" \/>\n\t<meta name=\"twitter:data1\" content=\"EDITOR\" \/>\n\t<meta name=\"twitter:label2\" content=\"Tiempo de lectura\" \/>\n\t<meta name=\"twitter:data2\" content=\"2 minutos\" \/>\n<script type=\"application\/ld+json\" class=\"yoast-schema-graph\">{\"@context\":\"https:\/\/schema.org\",\"@graph\":[{\"@type\":\"WebPage\",\"@id\":\"https:\/\/laprensacristiana.com\/?p=18392\",\"url\":\"https:\/\/laprensacristiana.com\/?p=18392\",\"name\":\"\u00bfD\u00f3nde est\u00e1s t\u00fa? - La Prensa Cristiana\",\"isPartOf\":{\"@id\":\"https:\/\/laprensacristiana.com\/#website\"},\"datePublished\":\"2024-11-28T17:45:30+00:00\",\"dateModified\":\"2024-11-28T17:45:30+00:00\",\"author\":{\"@id\":\"https:\/\/laprensacristiana.com\/#\/schema\/person\/3e7d82c6bfd6b1fa67010f8f7cd5256e\"},\"breadcrumb\":{\"@id\":\"https:\/\/laprensacristiana.com\/?p=18392#breadcrumb\"},\"inLanguage\":\"es\",\"potentialAction\":[{\"@type\":\"ReadAction\",\"target\":[\"https:\/\/laprensacristiana.com\/?p=18392\"]}]},{\"@type\":\"BreadcrumbList\",\"@id\":\"https:\/\/laprensacristiana.com\/?p=18392#breadcrumb\",\"itemListElement\":[{\"@type\":\"ListItem\",\"position\":1,\"name\":\"Portada\",\"item\":\"https:\/\/laprensacristiana.com\/\"},{\"@type\":\"ListItem\",\"position\":2,\"name\":\"\u00bfD\u00f3nde est\u00e1s t\u00fa?\"}]},{\"@type\":\"WebSite\",\"@id\":\"https:\/\/laprensacristiana.com\/#website\",\"url\":\"https:\/\/laprensacristiana.com\/\",\"name\":\"La Prensa Cristiana\",\"description\":\"Anunciando Las Buenas Nuevas\",\"potentialAction\":[{\"@type\":\"SearchAction\",\"target\":{\"@type\":\"EntryPoint\",\"urlTemplate\":\"https:\/\/laprensacristiana.com\/?s={search_term_string}\"},\"query-input\":\"required name=search_term_string\"}],\"inLanguage\":\"es\"},{\"@type\":\"Person\",\"@id\":\"https:\/\/laprensacristiana.com\/#\/schema\/person\/3e7d82c6bfd6b1fa67010f8f7cd5256e\",\"name\":\"EDITOR\",\"image\":{\"@type\":\"ImageObject\",\"inLanguage\":\"es\",\"@id\":\"https:\/\/laprensacristiana.com\/#\/schema\/person\/image\/\",\"url\":\"https:\/\/secure.gravatar.com\/avatar\/72069dfb6c13772d9e8381e3638666d2?s=96&d=mm&r=g\",\"contentUrl\":\"https:\/\/secure.gravatar.com\/avatar\/72069dfb6c13772d9e8381e3638666d2?s=96&d=mm&r=g\",\"caption\":\"EDITOR\"},\"url\":\"https:\/\/laprensacristiana.com\/?author=3\"}]}<\/script>\n<!-- \/ Yoast SEO plugin. -->","yoast_head_json":{"title":"\u00bfD\u00f3nde est\u00e1s t\u00fa? - La Prensa Cristiana","robots":{"index":"index","follow":"follow","max-snippet":"max-snippet:-1","max-image-preview":"max-image-preview:large","max-video-preview":"max-video-preview:-1"},"canonical":"https:\/\/laprensacristiana.com\/?p=18392","og_locale":"es_ES","og_type":"article","og_title":"\u00bfD\u00f3nde est\u00e1s t\u00fa? - La Prensa Cristiana","og_description":"Por: Dr. Edgar L\u00f3pez Bertrand Jr. | Pastor General Tabern\u00e1culo B\u00edblico Bautista Amigos de Israel\u00a0 Esa fue la pregunta de Dios para con su creaci\u00f3n en el huerto del ed\u00e9n; tr\u00e1gica pregunta, tr\u00e1gica situaci\u00f3n. El hombre se hab\u00eda movido del lugar que Dios le hab\u00eda asignado en el huerto; la&nbsp;Koinonia&nbsp;se rompi\u00f3 a consecuencia de la [&hellip;]","og_url":"https:\/\/laprensacristiana.com\/?p=18392","og_site_name":"La Prensa Cristiana","article_published_time":"2024-11-28T17:45:30+00:00","og_image":[{"width":1258,"height":945,"url":"https:\/\/laprensacristiana.com\/wp-content\/uploads\/2024\/11\/OPINION.png","type":"image\/png"}],"author":"EDITOR","twitter_card":"summary_large_image","twitter_misc":{"Escrito por":"EDITOR","Tiempo de lectura":"2 minutos"},"schema":{"@context":"https:\/\/schema.org","@graph":[{"@type":"WebPage","@id":"https:\/\/laprensacristiana.com\/?p=18392","url":"https:\/\/laprensacristiana.com\/?p=18392","name":"\u00bfD\u00f3nde est\u00e1s t\u00fa? - La Prensa Cristiana","isPartOf":{"@id":"https:\/\/laprensacristiana.com\/#website"},"datePublished":"2024-11-28T17:45:30+00:00","dateModified":"2024-11-28T17:45:30+00:00","author":{"@id":"https:\/\/laprensacristiana.com\/#\/schema\/person\/3e7d82c6bfd6b1fa67010f8f7cd5256e"},"breadcrumb":{"@id":"https:\/\/laprensacristiana.com\/?p=18392#breadcrumb"},"inLanguage":"es","potentialAction":[{"@type":"ReadAction","target":["https:\/\/laprensacristiana.com\/?p=18392"]}]},{"@type":"BreadcrumbList","@id":"https:\/\/laprensacristiana.com\/?p=18392#breadcrumb","itemListElement":[{"@type":"ListItem","position":1,"name":"Portada","item":"https:\/\/laprensacristiana.com\/"},{"@type":"ListItem","position":2,"name":"\u00bfD\u00f3nde est\u00e1s t\u00fa?"}]},{"@type":"WebSite","@id":"https:\/\/laprensacristiana.com\/#website","url":"https:\/\/laprensacristiana.com\/","name":"La Prensa Cristiana","description":"Anunciando Las Buenas Nuevas","potentialAction":[{"@type":"SearchAction","target":{"@type":"EntryPoint","urlTemplate":"https:\/\/laprensacristiana.com\/?s={search_term_string}"},"query-input":"required name=search_term_string"}],"inLanguage":"es"},{"@type":"Person","@id":"https:\/\/laprensacristiana.com\/#\/schema\/person\/3e7d82c6bfd6b1fa67010f8f7cd5256e","name":"EDITOR","image":{"@type":"ImageObject","inLanguage":"es","@id":"https:\/\/laprensacristiana.com\/#\/schema\/person\/image\/","url":"https:\/\/secure.gravatar.com\/avatar\/72069dfb6c13772d9e8381e3638666d2?s=96&d=mm&r=g","contentUrl":"https:\/\/secure.gravatar.com\/avatar\/72069dfb6c13772d9e8381e3638666d2?s=96&d=mm&r=g","caption":"EDITOR"},"url":"https:\/\/laprensacristiana.com\/?author=3"}]}},"_links":{"self":[{"href":"https:\/\/laprensacristiana.com\/index.php?rest_route=\/wp\/v2\/posts\/18392"}],"collection":[{"href":"https:\/\/laprensacristiana.com\/index.php?rest_route=\/wp\/v2\/posts"}],"about":[{"href":"https:\/\/laprensacristiana.com\/index.php?rest_route=\/wp\/v2\/types\/post"}],"author":[{"embeddable":true,"href":"https:\/\/laprensacristiana.com\/index.php?rest_route=\/wp\/v2\/users\/3"}],"replies":[{"embeddable":true,"href":"https:\/\/laprensacristiana.com\/index.php?rest_route=%2Fwp%2Fv2%2Fcomments&post=18392"}],"version-history":[{"count":1,"href":"https:\/\/laprensacristiana.com\/index.php?rest_route=\/wp\/v2\/posts\/18392\/revisions"}],"predecessor-version":[{"id":18394,"href":"https:\/\/laprensacristiana.com\/index.php?rest_route=\/wp\/v2\/posts\/18392\/revisions\/18394"}],"wp:featuredmedia":[{"embeddable":true,"href":"https:\/\/laprensacristiana.com\/index.php?rest_route=\/wp\/v2\/media\/18393"}],"wp:attachment":[{"href":"https:\/\/laprensacristiana.com\/index.php?rest_route=%2Fwp%2Fv2%2Fmedia&parent=18392"}],"wp:term":[{"taxonomy":"category","embeddable":true,"href":"https:\/\/laprensacristiana.com\/index.php?rest_route=%2Fwp%2Fv2%2Fcategories&post=18392"},{"taxonomy":"post_tag","embeddable":true,"href":"https:\/\/laprensacristiana.com\/index.php?rest_route=%2Fwp%2Fv2%2Ftags&post=18392"}],"curies":[{"name":"wp","href":"https:\/\/api.w.org\/{rel}","templated":true}]}}