{"id":18395,"date":"2024-11-30T21:31:10","date_gmt":"2024-11-30T21:31:10","guid":{"rendered":"https:\/\/laprensacristiana.com\/?p=18395"},"modified":"2024-11-30T21:31:10","modified_gmt":"2024-11-30T21:31:10","slug":"palabra-de-dios-es-predicada-a-policias-e-integrantes-de-fuerzas-especiales","status":"publish","type":"post","link":"https:\/\/laprensacristiana.com\/?p=18395","title":{"rendered":"Palabra de Dios es predicada a Polic\u00edas e integrantes de Fuerzas Especiales"},"content":{"rendered":"\n<p>Con la plena claridad y certeza que la palabra de Dios trasciende barreras y llega a todas las personas, incluyendo aquellos que sirven en instituciones como la Polic\u00eda y las Fuerzas Especiales, el Pastor y Dr. Mauricio Navas Guzm\u00e1n comparti\u00f3 un mensaje de fe, fuerza y fortaleza.\u00a0<br><\/p>\n\n\n\n<figure class=\"wp-block-image size-large\"><img decoding=\"async\" loading=\"lazy\" width=\"1024\" height=\"683\" src=\"https:\/\/laprensacristiana.com\/wp-content\/uploads\/2024\/11\/9E82C863-D5CA-4636-8BD4-DE51F6050620-1024x683.jpeg\" alt=\"\" class=\"wp-image-18396\" srcset=\"https:\/\/laprensacristiana.com\/wp-content\/uploads\/2024\/11\/9E82C863-D5CA-4636-8BD4-DE51F6050620-1024x683.jpeg 1024w, https:\/\/laprensacristiana.com\/wp-content\/uploads\/2024\/11\/9E82C863-D5CA-4636-8BD4-DE51F6050620-300x200.jpeg 300w, https:\/\/laprensacristiana.com\/wp-content\/uploads\/2024\/11\/9E82C863-D5CA-4636-8BD4-DE51F6050620-768x512.jpeg 768w, https:\/\/laprensacristiana.com\/wp-content\/uploads\/2024\/11\/9E82C863-D5CA-4636-8BD4-DE51F6050620-1536x1024.jpeg 1536w, https:\/\/laprensacristiana.com\/wp-content\/uploads\/2024\/11\/9E82C863-D5CA-4636-8BD4-DE51F6050620-696x464.jpeg 696w, https:\/\/laprensacristiana.com\/wp-content\/uploads\/2024\/11\/9E82C863-D5CA-4636-8BD4-DE51F6050620-1068x712.jpeg 1068w, https:\/\/laprensacristiana.com\/wp-content\/uploads\/2024\/11\/9E82C863-D5CA-4636-8BD4-DE51F6050620-1920x1280.jpeg 1920w, https:\/\/laprensacristiana.com\/wp-content\/uploads\/2024\/11\/9E82C863-D5CA-4636-8BD4-DE51F6050620-600x400.jpeg 600w, https:\/\/laprensacristiana.com\/wp-content\/uploads\/2024\/11\/9E82C863-D5CA-4636-8BD4-DE51F6050620.jpeg 2048w\" sizes=\"(max-width: 1024px) 100vw, 1024px\" \/><\/figure>\n\n\n\n<p>En una actividad que tuvo lugar en horas de la ma\u00f1ana en Iglesia Del Camino, cientos de integrantes de las fuerzas de seguridad en El Salvador, fueron parte de un culto especial para cada uno de ellos, en agradecimiento por su servicio y pedir a Dios su protecci\u00f3n y sabidur\u00eda en sus funciones.\u00a0<br><\/p>\n\n\n\n<figure class=\"wp-block-image size-large\"><img decoding=\"async\" loading=\"lazy\" width=\"1024\" height=\"636\" src=\"https:\/\/laprensacristiana.com\/wp-content\/uploads\/2024\/11\/F5FB885E-A027-462A-9B2E-E922CD835962-1024x636.jpeg\" alt=\"\" class=\"wp-image-18397\" srcset=\"https:\/\/laprensacristiana.com\/wp-content\/uploads\/2024\/11\/F5FB885E-A027-462A-9B2E-E922CD835962-1024x636.jpeg 1024w, https:\/\/laprensacristiana.com\/wp-content\/uploads\/2024\/11\/F5FB885E-A027-462A-9B2E-E922CD835962-300x186.jpeg 300w, https:\/\/laprensacristiana.com\/wp-content\/uploads\/2024\/11\/F5FB885E-A027-462A-9B2E-E922CD835962-768x477.jpeg 768w, https:\/\/laprensacristiana.com\/wp-content\/uploads\/2024\/11\/F5FB885E-A027-462A-9B2E-E922CD835962-1536x954.jpeg 1536w, https:\/\/laprensacristiana.com\/wp-content\/uploads\/2024\/11\/F5FB885E-A027-462A-9B2E-E922CD835962-696x432.jpeg 696w, https:\/\/laprensacristiana.com\/wp-content\/uploads\/2024\/11\/F5FB885E-A027-462A-9B2E-E922CD835962-1068x663.jpeg 1068w, https:\/\/laprensacristiana.com\/wp-content\/uploads\/2024\/11\/F5FB885E-A027-462A-9B2E-E922CD835962-1920x1193.jpeg 1920w, https:\/\/laprensacristiana.com\/wp-content\/uploads\/2024\/11\/F5FB885E-A027-462A-9B2E-E922CD835962-600x373.jpeg 600w, https:\/\/laprensacristiana.com\/wp-content\/uploads\/2024\/11\/F5FB885E-A027-462A-9B2E-E922CD835962.jpeg 2048w\" sizes=\"(max-width: 1024px) 100vw, 1024px\" \/><\/figure>\n\n\n\n<p>\u201cEs motivo de gratitud ver c\u00f3mo Dios obra en sus vidas y c\u00f3mo ellos tambi\u00e9n le dan gracias por Su gu\u00eda y protecci\u00f3n a lo largo del a\u00f1o. Este tipo de encuentros fortalecen la fe y la unidad en Cristo. \u00a1Que sigan siendo de bendici\u00f3n para muchos!\u201d, indic\u00f3 el Dr. Mauricio Navas.&nbsp;<\/p>\n","protected":false},"excerpt":{"rendered":"<p>Con la plena claridad y certeza que la palabra de Dios trasciende barreras y llega a todas las personas, incluyendo aquellos que sirven en instituciones como la Polic\u00eda y las Fuerzas Especiales, el Pastor y Dr. Mauricio Navas Guzm\u00e1n comparti\u00f3 un mensaje de fe, fuerza y fortaleza.\u00a0 En una actividad que tuvo lugar en horas [&hellip;]<\/p>\n","protected":false},"author":3,"featured_media":18398,"comment_status":"open","ping_status":"open","sticky":false,"template":"","format":"standard","meta":[],"categories":[56],"tags":[],"yoast_head":"<!-- This site is optimized with the Yoast SEO plugin v20.8 - https:\/\/yoast.com\/wordpress\/plugins\/seo\/ -->\n<title>Palabra de Dios es predicada a Polic\u00edas e integrantes de Fuerzas Especiales - La Prensa Cristiana<\/title>\n<meta name=\"robots\" content=\"index, follow, max-snippet:-1, max-image-preview:large, max-video-preview:-1\" \/>\n<link rel=\"canonical\" href=\"https:\/\/laprensacristiana.com\/?p=18395\" \/>\n<meta property=\"og:locale\" content=\"es_ES\" \/>\n<meta property=\"og:type\" content=\"article\" \/>\n<meta property=\"og:title\" content=\"Palabra de Dios es predicada a Polic\u00edas e integrantes de Fuerzas Especiales - La Prensa Cristiana\" \/>\n<meta property=\"og:description\" content=\"Con la plena claridad y certeza que la palabra de Dios trasciende barreras y llega a todas las personas, incluyendo aquellos que sirven en instituciones como la Polic\u00eda y las Fuerzas Especiales, el Pastor y Dr. Mauricio Navas Guzm\u00e1n comparti\u00f3 un mensaje de fe, fuerza y fortaleza.\u00a0 En una actividad que tuvo lugar en horas [&hellip;]\" \/>\n<meta property=\"og:url\" content=\"https:\/\/laprensacristiana.com\/?p=18395\" \/>\n<meta property=\"og:site_name\" content=\"La Prensa Cristiana\" \/>\n<meta property=\"article:published_time\" content=\"2024-11-30T21:31:10+00:00\" \/>\n<meta property=\"og:image\" content=\"https:\/\/laprensacristiana.com\/wp-content\/uploads\/2024\/11\/0DEBBEDC-7343-4715-B26D-721ABFEA77BD.jpeg\" \/>\n\t<meta property=\"og:image:width\" content=\"1384\" \/>\n\t<meta property=\"og:image:height\" content=\"1361\" \/>\n\t<meta property=\"og:image:type\" content=\"image\/jpeg\" \/>\n<meta name=\"author\" content=\"EDITOR\" \/>\n<meta name=\"twitter:card\" content=\"summary_large_image\" \/>\n<meta name=\"twitter:label1\" content=\"Escrito por\" \/>\n\t<meta name=\"twitter:data1\" content=\"EDITOR\" \/>\n\t<meta name=\"twitter:label2\" content=\"Tiempo de lectura\" \/>\n\t<meta name=\"twitter:data2\" content=\"2 minutos\" \/>\n<script type=\"application\/ld+json\" class=\"yoast-schema-graph\">{\"@context\":\"https:\/\/schema.org\",\"@graph\":[{\"@type\":\"WebPage\",\"@id\":\"https:\/\/laprensacristiana.com\/?p=18395\",\"url\":\"https:\/\/laprensacristiana.com\/?p=18395\",\"name\":\"Palabra de Dios es predicada a Polic\u00edas e integrantes de Fuerzas Especiales - La Prensa Cristiana\",\"isPartOf\":{\"@id\":\"https:\/\/laprensacristiana.com\/#website\"},\"datePublished\":\"2024-11-30T21:31:10+00:00\",\"dateModified\":\"2024-11-30T21:31:10+00:00\",\"author\":{\"@id\":\"https:\/\/laprensacristiana.com\/#\/schema\/person\/3e7d82c6bfd6b1fa67010f8f7cd5256e\"},\"breadcrumb\":{\"@id\":\"https:\/\/laprensacristiana.com\/?p=18395#breadcrumb\"},\"inLanguage\":\"es\",\"potentialAction\":[{\"@type\":\"ReadAction\",\"target\":[\"https:\/\/laprensacristiana.com\/?p=18395\"]}]},{\"@type\":\"BreadcrumbList\",\"@id\":\"https:\/\/laprensacristiana.com\/?p=18395#breadcrumb\",\"itemListElement\":[{\"@type\":\"ListItem\",\"position\":1,\"name\":\"Portada\",\"item\":\"https:\/\/laprensacristiana.com\/\"},{\"@type\":\"ListItem\",\"position\":2,\"name\":\"Palabra de Dios es predicada a Polic\u00edas e integrantes de Fuerzas Especiales\"}]},{\"@type\":\"WebSite\",\"@id\":\"https:\/\/laprensacristiana.com\/#website\",\"url\":\"https:\/\/laprensacristiana.com\/\",\"name\":\"La Prensa Cristiana\",\"description\":\"Anunciando Las Buenas Nuevas\",\"potentialAction\":[{\"@type\":\"SearchAction\",\"target\":{\"@type\":\"EntryPoint\",\"urlTemplate\":\"https:\/\/laprensacristiana.com\/?s={search_term_string}\"},\"query-input\":\"required name=search_term_string\"}],\"inLanguage\":\"es\"},{\"@type\":\"Person\",\"@id\":\"https:\/\/laprensacristiana.com\/#\/schema\/person\/3e7d82c6bfd6b1fa67010f8f7cd5256e\",\"name\":\"EDITOR\",\"image\":{\"@type\":\"ImageObject\",\"inLanguage\":\"es\",\"@id\":\"https:\/\/laprensacristiana.com\/#\/schema\/person\/image\/\",\"url\":\"https:\/\/secure.gravatar.com\/avatar\/72069dfb6c13772d9e8381e3638666d2?s=96&d=mm&r=g\",\"contentUrl\":\"https:\/\/secure.gravatar.com\/avatar\/72069dfb6c13772d9e8381e3638666d2?s=96&d=mm&r=g\",\"caption\":\"EDITOR\"},\"url\":\"https:\/\/laprensacristiana.com\/?author=3\"}]}<\/script>\n<!-- \/ Yoast SEO plugin. -->","yoast_head_json":{"title":"Palabra de Dios es predicada a Polic\u00edas e integrantes de Fuerzas Especiales - La Prensa Cristiana","robots":{"index":"index","follow":"follow","max-snippet":"max-snippet:-1","max-image-preview":"max-image-preview:large","max-video-preview":"max-video-preview:-1"},"canonical":"https:\/\/laprensacristiana.com\/?p=18395","og_locale":"es_ES","og_type":"article","og_title":"Palabra de Dios es predicada a Polic\u00edas e integrantes de Fuerzas Especiales - La Prensa Cristiana","og_description":"Con la plena claridad y certeza que la palabra de Dios trasciende barreras y llega a todas las personas, incluyendo aquellos que sirven en instituciones como la Polic\u00eda y las Fuerzas Especiales, el Pastor y Dr. Mauricio Navas Guzm\u00e1n comparti\u00f3 un mensaje de fe, fuerza y fortaleza.\u00a0 En una actividad que tuvo lugar en horas [&hellip;]","og_url":"https:\/\/laprensacristiana.com\/?p=18395","og_site_name":"La Prensa Cristiana","article_published_time":"2024-11-30T21:31:10+00:00","og_image":[{"width":1384,"height":1361,"url":"https:\/\/laprensacristiana.com\/wp-content\/uploads\/2024\/11\/0DEBBEDC-7343-4715-B26D-721ABFEA77BD.jpeg","type":"image\/jpeg"}],"author":"EDITOR","twitter_card":"summary_large_image","twitter_misc":{"Escrito por":"EDITOR","Tiempo de lectura":"2 minutos"},"schema":{"@context":"https:\/\/schema.org","@graph":[{"@type":"WebPage","@id":"https:\/\/laprensacristiana.com\/?p=18395","url":"https:\/\/laprensacristiana.com\/?p=18395","name":"Palabra de Dios es predicada a Polic\u00edas e integrantes de Fuerzas Especiales - La Prensa Cristiana","isPartOf":{"@id":"https:\/\/laprensacristiana.com\/#website"},"datePublished":"2024-11-30T21:31:10+00:00","dateModified":"2024-11-30T21:31:10+00:00","author":{"@id":"https:\/\/laprensacristiana.com\/#\/schema\/person\/3e7d82c6bfd6b1fa67010f8f7cd5256e"},"breadcrumb":{"@id":"https:\/\/laprensacristiana.com\/?p=18395#breadcrumb"},"inLanguage":"es","potentialAction":[{"@type":"ReadAction","target":["https:\/\/laprensacristiana.com\/?p=18395"]}]},{"@type":"BreadcrumbList","@id":"https:\/\/laprensacristiana.com\/?p=18395#breadcrumb","itemListElement":[{"@type":"ListItem","position":1,"name":"Portada","item":"https:\/\/laprensacristiana.com\/"},{"@type":"ListItem","position":2,"name":"Palabra de Dios es predicada a Polic\u00edas e integrantes de Fuerzas Especiales"}]},{"@type":"WebSite","@id":"https:\/\/laprensacristiana.com\/#website","url":"https:\/\/laprensacristiana.com\/","name":"La Prensa Cristiana","description":"Anunciando Las Buenas Nuevas","potentialAction":[{"@type":"SearchAction","target":{"@type":"EntryPoint","urlTemplate":"https:\/\/laprensacristiana.com\/?s={search_term_string}"},"query-input":"required name=search_term_string"}],"inLanguage":"es"},{"@type":"Person","@id":"https:\/\/laprensacristiana.com\/#\/schema\/person\/3e7d82c6bfd6b1fa67010f8f7cd5256e","name":"EDITOR","image":{"@type":"ImageObject","inLanguage":"es","@id":"https:\/\/laprensacristiana.com\/#\/schema\/person\/image\/","url":"https:\/\/secure.gravatar.com\/avatar\/72069dfb6c13772d9e8381e3638666d2?s=96&d=mm&r=g","contentUrl":"https:\/\/secure.gravatar.com\/avatar\/72069dfb6c13772d9e8381e3638666d2?s=96&d=mm&r=g","caption":"EDITOR"},"url":"https:\/\/laprensacristiana.com\/?author=3"}]}},"_links":{"self":[{"href":"https:\/\/laprensacristiana.com\/index.php?rest_route=\/wp\/v2\/posts\/18395"}],"collection":[{"href":"https:\/\/laprensacristiana.com\/index.php?rest_route=\/wp\/v2\/posts"}],"about":[{"href":"https:\/\/laprensacristiana.com\/index.php?rest_route=\/wp\/v2\/types\/post"}],"author":[{"embeddable":true,"href":"https:\/\/laprensacristiana.com\/index.php?rest_route=\/wp\/v2\/users\/3"}],"replies":[{"embeddable":true,"href":"https:\/\/laprensacristiana.com\/index.php?rest_route=%2Fwp%2Fv2%2Fcomments&post=18395"}],"version-history":[{"count":1,"href":"https:\/\/laprensacristiana.com\/index.php?rest_route=\/wp\/v2\/posts\/18395\/revisions"}],"predecessor-version":[{"id":18399,"href":"https:\/\/laprensacristiana.com\/index.php?rest_route=\/wp\/v2\/posts\/18395\/revisions\/18399"}],"wp:featuredmedia":[{"embeddable":true,"href":"https:\/\/laprensacristiana.com\/index.php?rest_route=\/wp\/v2\/media\/18398"}],"wp:attachment":[{"href":"https:\/\/laprensacristiana.com\/index.php?rest_route=%2Fwp%2Fv2%2Fmedia&parent=18395"}],"wp:term":[{"taxonomy":"category","embeddable":true,"href":"https:\/\/laprensacristiana.com\/index.php?rest_route=%2Fwp%2Fv2%2Fcategories&post=18395"},{"taxonomy":"post_tag","embeddable":true,"href":"https:\/\/laprensacristiana.com\/index.php?rest_route=%2Fwp%2Fv2%2Ftags&post=18395"}],"curies":[{"name":"wp","href":"https:\/\/api.w.org\/{rel}","templated":true}]}}