{"id":18403,"date":"2024-12-04T20:28:52","date_gmt":"2024-12-04T20:28:52","guid":{"rendered":"https:\/\/laprensacristiana.com\/?p=18403"},"modified":"2024-12-04T20:28:53","modified_gmt":"2024-12-04T20:28:53","slug":"detras-de-la-neblina","status":"publish","type":"post","link":"https:\/\/laprensacristiana.com\/?p=18403","title":{"rendered":"Detr\u00e1s de la neblina"},"content":{"rendered":"\n<p><em>Por: Luis Medina, Director La Prensa Cristiana.<\/em><\/p>\n\n\n\n<p>Hace m\u00e1s de una d\u00e9cada, asist\u00eda en funci\u00f3n de reunificar una iglesia que por motivos ajenos se encontraba dispersa, pero cada visita, que era 3 veces por semana, era toda una traves\u00eda, porque para llegar hasta su ubicaci\u00f3n hab\u00eda que atravesar una carretera con infinidad de elementos, angosta, curvas pronunciadas, el retorno era altas horas de la noche por la distancia y la agravante es que siempre estaba llena de neblina por estar situada en un lugar alto.<\/p>\n\n\n\n<p>Lo curioso es que la traves\u00eda ten\u00eda un prop\u00f3sito especial, que al final se logr\u00f3 en reunir a los dispersos, pero para concretar la misi\u00f3n hab\u00eda que atravesar todas las vicisitudes antes mencionadas, hab\u00eda que atravesar la neblina.<\/p>\n\n\n\n<p>Cuando se va en medio de esa densa neblina, no hay claridad y los resultados pueden ser desastrosos, esto aplica no solo para esa carretera en cuesti\u00f3n, aplica tambi\u00e9n para la vida \u00bfQu\u00e9 se debe hacer cuando no se tiene claridad? Bajar la velocidad, ya sea por tener la esperanza o confianza que esa etapa de visi\u00f3n borrosa pasar\u00e1 pronto, o por el hecho que si se genera un impacto ser\u00e1 mucho m\u00e1s leve si se tiene la capacidad de mantener un ritmo lento, esto hasta parece l\u00f3gica simple, pero el af\u00e1n por llegar al destino puede jugar en contra y al aceptar esa presi\u00f3n se puede hacer todo lo inverso a la calma.<\/p>\n\n\n\n<p>La neblina en un sentido figurado en la vida llega de muchas formas, desde una enfermedad personal o de un familiar, recursos econ\u00f3micos limitados, metas distantes de las proyecciones, depresi\u00f3n, ansiedad, desconcentraci\u00f3n, y un sin n\u00famero de aspectos que cada uno puede enlistar, son aquellas cosas que no nos permiten concentrarnos, que nos distraen, que nos desenfocan, que nos hacen alejarnos de nuestro destino.<\/p>\n\n\n\n<p>Aquel camino descrito en la introducci\u00f3n nunca iba a cambiar, cuesta entenderlo, pero si cambi\u00f3 por completo nuestra capacidad de interpretaci\u00f3n, la transitamos tantas veces al punto que ya sab\u00edamos que hab\u00eda detr\u00e1s de cada curva, detr\u00e1s de la densa niebla, es como si la mente se acopla y ya no entra en p\u00e1nico, miedo o zozobra, sino que crea una nueva perspectiva. Cuantos caminos usted y yo ya tenemos ganados, que los conocemos a la perfecci\u00f3n, querido lector, aquellos que a\u00fan no conocemos no tengamos miedo de transitarlos, dentro de un tiempo esa densa neblina que se ve en el horizonte ser\u00e1 cruzada y llegaremos a nuestro punto final.<\/p>\n","protected":false},"excerpt":{"rendered":"<p>Por: Luis Medina, Director La Prensa Cristiana. Hace m\u00e1s de una d\u00e9cada, asist\u00eda en funci\u00f3n de reunificar una iglesia que por motivos ajenos se encontraba dispersa, pero cada visita, que era 3 veces por semana, era toda una traves\u00eda, porque para llegar hasta su ubicaci\u00f3n hab\u00eda que atravesar una carretera con infinidad de elementos, angosta, [&hellip;]<\/p>\n","protected":false},"author":3,"featured_media":18404,"comment_status":"open","ping_status":"open","sticky":false,"template":"","format":"standard","meta":[],"categories":[111],"tags":[],"yoast_head":"<!-- This site is optimized with the Yoast SEO plugin v20.8 - https:\/\/yoast.com\/wordpress\/plugins\/seo\/ -->\n<title>Detr\u00e1s de la neblina - La Prensa Cristiana<\/title>\n<meta name=\"robots\" content=\"index, follow, max-snippet:-1, max-image-preview:large, max-video-preview:-1\" \/>\n<link rel=\"canonical\" href=\"https:\/\/laprensacristiana.com\/?p=18403\" \/>\n<meta property=\"og:locale\" content=\"es_ES\" \/>\n<meta property=\"og:type\" content=\"article\" \/>\n<meta property=\"og:title\" content=\"Detr\u00e1s de la neblina - La Prensa Cristiana\" \/>\n<meta property=\"og:description\" content=\"Por: Luis Medina, Director La Prensa Cristiana. Hace m\u00e1s de una d\u00e9cada, asist\u00eda en funci\u00f3n de reunificar una iglesia que por motivos ajenos se encontraba dispersa, pero cada visita, que era 3 veces por semana, era toda una traves\u00eda, porque para llegar hasta su ubicaci\u00f3n hab\u00eda que atravesar una carretera con infinidad de elementos, angosta, [&hellip;]\" \/>\n<meta property=\"og:url\" content=\"https:\/\/laprensacristiana.com\/?p=18403\" \/>\n<meta property=\"og:site_name\" content=\"La Prensa Cristiana\" \/>\n<meta property=\"article:published_time\" content=\"2024-12-04T20:28:52+00:00\" \/>\n<meta property=\"article:modified_time\" content=\"2024-12-04T20:28:53+00:00\" \/>\n<meta property=\"og:image\" content=\"https:\/\/laprensacristiana.com\/wp-content\/uploads\/2024\/12\/Opinion.png\" \/>\n\t<meta property=\"og:image:width\" content=\"1528\" \/>\n\t<meta property=\"og:image:height\" content=\"1148\" \/>\n\t<meta property=\"og:image:type\" content=\"image\/png\" \/>\n<meta name=\"author\" content=\"EDITOR\" \/>\n<meta name=\"twitter:card\" content=\"summary_large_image\" \/>\n<meta name=\"twitter:label1\" content=\"Escrito por\" \/>\n\t<meta name=\"twitter:data1\" content=\"EDITOR\" \/>\n\t<meta name=\"twitter:label2\" content=\"Tiempo de lectura\" \/>\n\t<meta name=\"twitter:data2\" content=\"2 minutos\" \/>\n<script type=\"application\/ld+json\" class=\"yoast-schema-graph\">{\"@context\":\"https:\/\/schema.org\",\"@graph\":[{\"@type\":\"WebPage\",\"@id\":\"https:\/\/laprensacristiana.com\/?p=18403\",\"url\":\"https:\/\/laprensacristiana.com\/?p=18403\",\"name\":\"Detr\u00e1s de la neblina - La Prensa Cristiana\",\"isPartOf\":{\"@id\":\"https:\/\/laprensacristiana.com\/#website\"},\"datePublished\":\"2024-12-04T20:28:52+00:00\",\"dateModified\":\"2024-12-04T20:28:53+00:00\",\"author\":{\"@id\":\"https:\/\/laprensacristiana.com\/#\/schema\/person\/3e7d82c6bfd6b1fa67010f8f7cd5256e\"},\"breadcrumb\":{\"@id\":\"https:\/\/laprensacristiana.com\/?p=18403#breadcrumb\"},\"inLanguage\":\"es\",\"potentialAction\":[{\"@type\":\"ReadAction\",\"target\":[\"https:\/\/laprensacristiana.com\/?p=18403\"]}]},{\"@type\":\"BreadcrumbList\",\"@id\":\"https:\/\/laprensacristiana.com\/?p=18403#breadcrumb\",\"itemListElement\":[{\"@type\":\"ListItem\",\"position\":1,\"name\":\"Portada\",\"item\":\"https:\/\/laprensacristiana.com\/\"},{\"@type\":\"ListItem\",\"position\":2,\"name\":\"Detr\u00e1s de la neblina\"}]},{\"@type\":\"WebSite\",\"@id\":\"https:\/\/laprensacristiana.com\/#website\",\"url\":\"https:\/\/laprensacristiana.com\/\",\"name\":\"La Prensa Cristiana\",\"description\":\"Anunciando Las Buenas Nuevas\",\"potentialAction\":[{\"@type\":\"SearchAction\",\"target\":{\"@type\":\"EntryPoint\",\"urlTemplate\":\"https:\/\/laprensacristiana.com\/?s={search_term_string}\"},\"query-input\":\"required name=search_term_string\"}],\"inLanguage\":\"es\"},{\"@type\":\"Person\",\"@id\":\"https:\/\/laprensacristiana.com\/#\/schema\/person\/3e7d82c6bfd6b1fa67010f8f7cd5256e\",\"name\":\"EDITOR\",\"image\":{\"@type\":\"ImageObject\",\"inLanguage\":\"es\",\"@id\":\"https:\/\/laprensacristiana.com\/#\/schema\/person\/image\/\",\"url\":\"https:\/\/secure.gravatar.com\/avatar\/72069dfb6c13772d9e8381e3638666d2?s=96&d=mm&r=g\",\"contentUrl\":\"https:\/\/secure.gravatar.com\/avatar\/72069dfb6c13772d9e8381e3638666d2?s=96&d=mm&r=g\",\"caption\":\"EDITOR\"},\"url\":\"https:\/\/laprensacristiana.com\/?author=3\"}]}<\/script>\n<!-- \/ Yoast SEO plugin. -->","yoast_head_json":{"title":"Detr\u00e1s de la neblina - La Prensa Cristiana","robots":{"index":"index","follow":"follow","max-snippet":"max-snippet:-1","max-image-preview":"max-image-preview:large","max-video-preview":"max-video-preview:-1"},"canonical":"https:\/\/laprensacristiana.com\/?p=18403","og_locale":"es_ES","og_type":"article","og_title":"Detr\u00e1s de la neblina - La Prensa Cristiana","og_description":"Por: Luis Medina, Director La Prensa Cristiana. Hace m\u00e1s de una d\u00e9cada, asist\u00eda en funci\u00f3n de reunificar una iglesia que por motivos ajenos se encontraba dispersa, pero cada visita, que era 3 veces por semana, era toda una traves\u00eda, porque para llegar hasta su ubicaci\u00f3n hab\u00eda que atravesar una carretera con infinidad de elementos, angosta, [&hellip;]","og_url":"https:\/\/laprensacristiana.com\/?p=18403","og_site_name":"La Prensa Cristiana","article_published_time":"2024-12-04T20:28:52+00:00","article_modified_time":"2024-12-04T20:28:53+00:00","og_image":[{"width":1528,"height":1148,"url":"https:\/\/laprensacristiana.com\/wp-content\/uploads\/2024\/12\/Opinion.png","type":"image\/png"}],"author":"EDITOR","twitter_card":"summary_large_image","twitter_misc":{"Escrito por":"EDITOR","Tiempo de lectura":"2 minutos"},"schema":{"@context":"https:\/\/schema.org","@graph":[{"@type":"WebPage","@id":"https:\/\/laprensacristiana.com\/?p=18403","url":"https:\/\/laprensacristiana.com\/?p=18403","name":"Detr\u00e1s de la neblina - La Prensa Cristiana","isPartOf":{"@id":"https:\/\/laprensacristiana.com\/#website"},"datePublished":"2024-12-04T20:28:52+00:00","dateModified":"2024-12-04T20:28:53+00:00","author":{"@id":"https:\/\/laprensacristiana.com\/#\/schema\/person\/3e7d82c6bfd6b1fa67010f8f7cd5256e"},"breadcrumb":{"@id":"https:\/\/laprensacristiana.com\/?p=18403#breadcrumb"},"inLanguage":"es","potentialAction":[{"@type":"ReadAction","target":["https:\/\/laprensacristiana.com\/?p=18403"]}]},{"@type":"BreadcrumbList","@id":"https:\/\/laprensacristiana.com\/?p=18403#breadcrumb","itemListElement":[{"@type":"ListItem","position":1,"name":"Portada","item":"https:\/\/laprensacristiana.com\/"},{"@type":"ListItem","position":2,"name":"Detr\u00e1s de la neblina"}]},{"@type":"WebSite","@id":"https:\/\/laprensacristiana.com\/#website","url":"https:\/\/laprensacristiana.com\/","name":"La Prensa Cristiana","description":"Anunciando Las Buenas Nuevas","potentialAction":[{"@type":"SearchAction","target":{"@type":"EntryPoint","urlTemplate":"https:\/\/laprensacristiana.com\/?s={search_term_string}"},"query-input":"required name=search_term_string"}],"inLanguage":"es"},{"@type":"Person","@id":"https:\/\/laprensacristiana.com\/#\/schema\/person\/3e7d82c6bfd6b1fa67010f8f7cd5256e","name":"EDITOR","image":{"@type":"ImageObject","inLanguage":"es","@id":"https:\/\/laprensacristiana.com\/#\/schema\/person\/image\/","url":"https:\/\/secure.gravatar.com\/avatar\/72069dfb6c13772d9e8381e3638666d2?s=96&d=mm&r=g","contentUrl":"https:\/\/secure.gravatar.com\/avatar\/72069dfb6c13772d9e8381e3638666d2?s=96&d=mm&r=g","caption":"EDITOR"},"url":"https:\/\/laprensacristiana.com\/?author=3"}]}},"_links":{"self":[{"href":"https:\/\/laprensacristiana.com\/index.php?rest_route=\/wp\/v2\/posts\/18403"}],"collection":[{"href":"https:\/\/laprensacristiana.com\/index.php?rest_route=\/wp\/v2\/posts"}],"about":[{"href":"https:\/\/laprensacristiana.com\/index.php?rest_route=\/wp\/v2\/types\/post"}],"author":[{"embeddable":true,"href":"https:\/\/laprensacristiana.com\/index.php?rest_route=\/wp\/v2\/users\/3"}],"replies":[{"embeddable":true,"href":"https:\/\/laprensacristiana.com\/index.php?rest_route=%2Fwp%2Fv2%2Fcomments&post=18403"}],"version-history":[{"count":1,"href":"https:\/\/laprensacristiana.com\/index.php?rest_route=\/wp\/v2\/posts\/18403\/revisions"}],"predecessor-version":[{"id":18405,"href":"https:\/\/laprensacristiana.com\/index.php?rest_route=\/wp\/v2\/posts\/18403\/revisions\/18405"}],"wp:featuredmedia":[{"embeddable":true,"href":"https:\/\/laprensacristiana.com\/index.php?rest_route=\/wp\/v2\/media\/18404"}],"wp:attachment":[{"href":"https:\/\/laprensacristiana.com\/index.php?rest_route=%2Fwp%2Fv2%2Fmedia&parent=18403"}],"wp:term":[{"taxonomy":"category","embeddable":true,"href":"https:\/\/laprensacristiana.com\/index.php?rest_route=%2Fwp%2Fv2%2Fcategories&post=18403"},{"taxonomy":"post_tag","embeddable":true,"href":"https:\/\/laprensacristiana.com\/index.php?rest_route=%2Fwp%2Fv2%2Ftags&post=18403"}],"curies":[{"name":"wp","href":"https:\/\/api.w.org\/{rel}","templated":true}]}}