{"id":18408,"date":"2024-12-09T23:45:14","date_gmt":"2024-12-09T23:45:14","guid":{"rendered":"https:\/\/laprensacristiana.com\/?p=18408"},"modified":"2024-12-10T00:00:37","modified_gmt":"2024-12-10T00:00:37","slug":"pastor-isaac-rivas-obtiene-titulo-de-teologia-en-argentina","status":"publish","type":"post","link":"https:\/\/laprensacristiana.com\/?p=18408","title":{"rendered":"Pastor Isaac Rivas obtiene t\u00edtulo de teolog\u00eda en Argentina"},"content":{"rendered":"\n<p>Los estudios en teolog\u00eda son importantes para profundizar en la comprensi\u00f3n de las creencias practicas de fe, fortaleciendo la espiritualidad y el compromiso, este es el caso de Isaac Rivas, quien recientemente concluy\u00f3 sus estudios en teolog\u00eda. &nbsp;<\/p>\n\n\n\n<p>Isaac Rivas es hijo de los pastores generales de Iglesia COMPAZ, Esmeralda y Vladimir Rivas, y actualmente funge como pastor de j\u00f3venes en dicha congregaci\u00f3n.<\/p>\n\n\n\n<p>A\u00f1os atr\u00e1s continu\u00f3 su formaci\u00f3n acad\u00e9mica fuera de las fronteras salvadore\u00f1as e inici\u00f3 su formaci\u00f3n en el Instituto B\u00edblico Rio de la Plata, en Argentina, instituci\u00f3n con ra\u00edces de Asambleas de Dios.<\/p>\n\n\n\n<figure class=\"wp-block-image size-large\"><img decoding=\"async\" loading=\"lazy\" width=\"1024\" height=\"769\" src=\"https:\/\/laprensacristiana.com\/wp-content\/uploads\/2024\/12\/OPINION-1-1024x769.png\" alt=\"\" class=\"wp-image-18409\" srcset=\"https:\/\/laprensacristiana.com\/wp-content\/uploads\/2024\/12\/OPINION-1-1024x769.png 1024w, https:\/\/laprensacristiana.com\/wp-content\/uploads\/2024\/12\/OPINION-1-300x225.png 300w, https:\/\/laprensacristiana.com\/wp-content\/uploads\/2024\/12\/OPINION-1-768x577.png 768w, https:\/\/laprensacristiana.com\/wp-content\/uploads\/2024\/12\/OPINION-1-696x523.png 696w, https:\/\/laprensacristiana.com\/wp-content\/uploads\/2024\/12\/OPINION-1-1068x802.png 1068w, https:\/\/laprensacristiana.com\/wp-content\/uploads\/2024\/12\/OPINION-1-600x451.png 600w, https:\/\/laprensacristiana.com\/wp-content\/uploads\/2024\/12\/OPINION-1.png 1168w\" sizes=\"(max-width: 1024px) 100vw, 1024px\" \/><\/figure>\n\n\n\n<p>\u201cLa Iglesia COMPAZ hace 3 a\u00f1os se plante\u00f3 la idea de invertir en un pastor de j\u00f3venes y buscamos el mejor centro de estudios, por recomendaci\u00f3n del misionero Delonn Lynn Rance, en sus palabras el mejor instituto b\u00edblico de Asambleas de Dios est\u00e1 en Argentina, en Rio de la Plata, enviamos a Isaac a estudiar ah\u00ed, ha sido sorprendente verlo graduarse, estamos muy emocionados, mi esposa, mi hija, la iglesia, el liderazgo, creemos en la capacitaci\u00f3n, cuando una persona tiene el llamado, la mejor forma de honrar ese llamado es prepar\u00e1ndose, capacit\u00e1ndose, a Dios sea la gloria\u201d, indic\u00f3 el Dr. Vladimir Rivas, pastor general de Iglesia COMPAZ.<\/p>\n\n\n\n<figure class=\"wp-block-gallery has-nested-images columns-default is-cropped wp-block-gallery-1 is-layout-flex\">\n<figure class=\"wp-block-image size-large\"><img decoding=\"async\" loading=\"lazy\" width=\"819\" height=\"1024\" data-id=\"18411\"  src=\"https:\/\/laprensacristiana.com\/wp-content\/uploads\/2024\/12\/WhatsApp-Image-2024-12-06-at-22.09.07-819x1024.jpeg\" alt=\"\" class=\"wp-image-18411\" srcset=\"https:\/\/laprensacristiana.com\/wp-content\/uploads\/2024\/12\/WhatsApp-Image-2024-12-06-at-22.09.07-819x1024.jpeg 819w, https:\/\/laprensacristiana.com\/wp-content\/uploads\/2024\/12\/WhatsApp-Image-2024-12-06-at-22.09.07-240x300.jpeg 240w, https:\/\/laprensacristiana.com\/wp-content\/uploads\/2024\/12\/WhatsApp-Image-2024-12-06-at-22.09.07-768x960.jpeg 768w, https:\/\/laprensacristiana.com\/wp-content\/uploads\/2024\/12\/WhatsApp-Image-2024-12-06-at-22.09.07-1229x1536.jpeg 1229w, https:\/\/laprensacristiana.com\/wp-content\/uploads\/2024\/12\/WhatsApp-Image-2024-12-06-at-22.09.07-696x870.jpeg 696w, https:\/\/laprensacristiana.com\/wp-content\/uploads\/2024\/12\/WhatsApp-Image-2024-12-06-at-22.09.07-1068x1335.jpeg 1068w, https:\/\/laprensacristiana.com\/wp-content\/uploads\/2024\/12\/WhatsApp-Image-2024-12-06-at-22.09.07-600x750.jpeg 600w, https:\/\/laprensacristiana.com\/wp-content\/uploads\/2024\/12\/WhatsApp-Image-2024-12-06-at-22.09.07.jpeg 1280w\" sizes=\"(max-width: 819px) 100vw, 819px\" \/><\/figure>\n\n\n\n<figure class=\"wp-block-image size-large\"><img decoding=\"async\" loading=\"lazy\" width=\"819\" height=\"1024\" data-id=\"18410\"  src=\"https:\/\/laprensacristiana.com\/wp-content\/uploads\/2024\/12\/WhatsApp-Image-2024-12-06-at-22.09.14-819x1024.jpeg\" alt=\"\" class=\"wp-image-18410\" srcset=\"https:\/\/laprensacristiana.com\/wp-content\/uploads\/2024\/12\/WhatsApp-Image-2024-12-06-at-22.09.14-819x1024.jpeg 819w, https:\/\/laprensacristiana.com\/wp-content\/uploads\/2024\/12\/WhatsApp-Image-2024-12-06-at-22.09.14-240x300.jpeg 240w, https:\/\/laprensacristiana.com\/wp-content\/uploads\/2024\/12\/WhatsApp-Image-2024-12-06-at-22.09.14-768x960.jpeg 768w, https:\/\/laprensacristiana.com\/wp-content\/uploads\/2024\/12\/WhatsApp-Image-2024-12-06-at-22.09.14-1229x1536.jpeg 1229w, https:\/\/laprensacristiana.com\/wp-content\/uploads\/2024\/12\/WhatsApp-Image-2024-12-06-at-22.09.14-696x870.jpeg 696w, https:\/\/laprensacristiana.com\/wp-content\/uploads\/2024\/12\/WhatsApp-Image-2024-12-06-at-22.09.14-1068x1335.jpeg 1068w, https:\/\/laprensacristiana.com\/wp-content\/uploads\/2024\/12\/WhatsApp-Image-2024-12-06-at-22.09.14-600x750.jpeg 600w, https:\/\/laprensacristiana.com\/wp-content\/uploads\/2024\/12\/WhatsApp-Image-2024-12-06-at-22.09.14.jpeg 1280w\" sizes=\"(max-width: 819px) 100vw, 819px\" \/><\/figure>\n<\/figure>\n\n\n\n<p>A trav\u00e9s de redes sociales, las felicitaciones no se hicieron esperar, el cantante Joel Ruano expres\u00f3: \u201cFelicidades pastor Isaac Rivas, Dios le siga bendiciendo y usando poderosamente y le conceda muchos \u00e9xitos m\u00e1s\u201d, por su parte el pastor Luis Zarate escribi\u00f3: \u201cFelicidades Pastores Vladimir y Esmeralda por la Graduaci\u00f3n de su hijo Isaac, es un logro ganado para ustedes, tambi\u00e9n hacemos extensivo las felicitaciones para ti Isaac, por tu dedicaci\u00f3n y esfuerzo para alcanzar este logro tan importante para tu&nbsp;vida y tu familia y para la obra de Dios\u201d.<\/p>\n\n\n\n<p>Cabe destacar que la preparaci\u00f3n en esta rama del liderazgo es ideal para quienes est\u00e1n al frente de roles al interior de una congregaci\u00f3n porque la teolog\u00eda proporciona las herramientas necesarias para guiar y ense\u00f1ar a otros.<\/p>\n\n\n\n<p><em><span style=\"background-color:#909090\" class=\"td_text_highlight_marker\">Tambi\u00e9n te puede interesar:<\/span><span style=\"background-color:#fefefe\" class=\"td_text_highlight_marker\"> <\/span><\/em><\/p>\n\n\n\n<figure class=\"wp-block-embed is-type-wp-embed is-provider-la-prensa-cristiana wp-block-embed-la-prensa-cristiana\"><div class=\"wp-block-embed__wrapper\">\n<blockquote class=\"wp-embedded-content\" data-secret=\"kUpp2DuL2z\"><a href=\"https:\/\/laprensacristiana.com\/?p=926\">Delonn Lynn Rance<\/a><\/blockquote><iframe class=\"wp-embedded-content\" sandbox=\"allow-scripts\" security=\"restricted\" style=\"position: absolute; clip: rect(1px, 1px, 1px, 1px);\" title=\"\u00abDelonn Lynn Rance\u00bb \u2014 La Prensa Cristiana\" src=\"https:\/\/laprensacristiana.com\/?p=926&#038;embed=true#?secret=Hdbq34PA9x#?secret=kUpp2DuL2z\" data-secret=\"kUpp2DuL2z\" width=\"600\" height=\"338\" frameborder=\"0\" marginwidth=\"0\" marginheight=\"0\" scrolling=\"no\"><\/iframe>\n<\/div><\/figure>\n","protected":false},"excerpt":{"rendered":"<p>Los estudios en teolog\u00eda son importantes para profundizar en la comprensi\u00f3n de las creencias practicas de fe, fortaleciendo la espiritualidad y el compromiso, este es el caso de Isaac Rivas, quien recientemente concluy\u00f3 sus estudios en teolog\u00eda. &nbsp; Isaac Rivas es hijo de los pastores generales de Iglesia COMPAZ, Esmeralda y Vladimir Rivas, y actualmente [&hellip;]<\/p>\n","protected":false},"author":3,"featured_media":18412,"comment_status":"open","ping_status":"open","sticky":false,"template":"","format":"standard","meta":[],"categories":[56],"tags":[],"yoast_head":"<!-- This site is optimized with the Yoast SEO plugin v20.8 - https:\/\/yoast.com\/wordpress\/plugins\/seo\/ -->\n<title>Pastor Isaac Rivas obtiene t\u00edtulo de teolog\u00eda en Argentina - La Prensa Cristiana<\/title>\n<meta name=\"robots\" content=\"index, follow, max-snippet:-1, max-image-preview:large, max-video-preview:-1\" \/>\n<link rel=\"canonical\" href=\"https:\/\/laprensacristiana.com\/?p=18408\" \/>\n<meta property=\"og:locale\" content=\"es_ES\" \/>\n<meta property=\"og:type\" content=\"article\" \/>\n<meta property=\"og:title\" content=\"Pastor Isaac Rivas obtiene t\u00edtulo de teolog\u00eda en Argentina - La Prensa Cristiana\" \/>\n<meta property=\"og:description\" content=\"Los estudios en teolog\u00eda son importantes para profundizar en la comprensi\u00f3n de las creencias practicas de fe, fortaleciendo la espiritualidad y el compromiso, este es el caso de Isaac Rivas, quien recientemente concluy\u00f3 sus estudios en teolog\u00eda. &nbsp; Isaac Rivas es hijo de los pastores generales de Iglesia COMPAZ, Esmeralda y Vladimir Rivas, y actualmente [&hellip;]\" \/>\n<meta property=\"og:url\" content=\"https:\/\/laprensacristiana.com\/?p=18408\" \/>\n<meta property=\"og:site_name\" content=\"La Prensa Cristiana\" \/>\n<meta property=\"article:published_time\" content=\"2024-12-09T23:45:14+00:00\" \/>\n<meta property=\"article:modified_time\" content=\"2024-12-10T00:00:37+00:00\" \/>\n<meta property=\"og:image\" content=\"https:\/\/laprensacristiana.com\/wp-content\/uploads\/2024\/12\/Agregar-un-subtitulo-1024x614.png\" \/>\n\t<meta property=\"og:image:width\" content=\"1024\" \/>\n\t<meta property=\"og:image:height\" content=\"614\" \/>\n\t<meta property=\"og:image:type\" content=\"image\/png\" \/>\n<meta name=\"author\" content=\"EDITOR\" \/>\n<meta name=\"twitter:card\" content=\"summary_large_image\" \/>\n<meta name=\"twitter:label1\" content=\"Escrito por\" \/>\n\t<meta name=\"twitter:data1\" content=\"EDITOR\" \/>\n\t<meta name=\"twitter:label2\" content=\"Tiempo de lectura\" \/>\n\t<meta name=\"twitter:data2\" content=\"3 minutos\" \/>\n<script type=\"application\/ld+json\" class=\"yoast-schema-graph\">{\"@context\":\"https:\/\/schema.org\",\"@graph\":[{\"@type\":\"WebPage\",\"@id\":\"https:\/\/laprensacristiana.com\/?p=18408\",\"url\":\"https:\/\/laprensacristiana.com\/?p=18408\",\"name\":\"Pastor Isaac Rivas obtiene t\u00edtulo de teolog\u00eda en Argentina - La Prensa Cristiana\",\"isPartOf\":{\"@id\":\"https:\/\/laprensacristiana.com\/#website\"},\"datePublished\":\"2024-12-09T23:45:14+00:00\",\"dateModified\":\"2024-12-10T00:00:37+00:00\",\"author\":{\"@id\":\"https:\/\/laprensacristiana.com\/#\/schema\/person\/3e7d82c6bfd6b1fa67010f8f7cd5256e\"},\"breadcrumb\":{\"@id\":\"https:\/\/laprensacristiana.com\/?p=18408#breadcrumb\"},\"inLanguage\":\"es\",\"potentialAction\":[{\"@type\":\"ReadAction\",\"target\":[\"https:\/\/laprensacristiana.com\/?p=18408\"]}]},{\"@type\":\"BreadcrumbList\",\"@id\":\"https:\/\/laprensacristiana.com\/?p=18408#breadcrumb\",\"itemListElement\":[{\"@type\":\"ListItem\",\"position\":1,\"name\":\"Portada\",\"item\":\"https:\/\/laprensacristiana.com\/\"},{\"@type\":\"ListItem\",\"position\":2,\"name\":\"Pastor Isaac Rivas obtiene t\u00edtulo de teolog\u00eda en Argentina\"}]},{\"@type\":\"WebSite\",\"@id\":\"https:\/\/laprensacristiana.com\/#website\",\"url\":\"https:\/\/laprensacristiana.com\/\",\"name\":\"La Prensa Cristiana\",\"description\":\"Anunciando Las Buenas Nuevas\",\"potentialAction\":[{\"@type\":\"SearchAction\",\"target\":{\"@type\":\"EntryPoint\",\"urlTemplate\":\"https:\/\/laprensacristiana.com\/?s={search_term_string}\"},\"query-input\":\"required name=search_term_string\"}],\"inLanguage\":\"es\"},{\"@type\":\"Person\",\"@id\":\"https:\/\/laprensacristiana.com\/#\/schema\/person\/3e7d82c6bfd6b1fa67010f8f7cd5256e\",\"name\":\"EDITOR\",\"image\":{\"@type\":\"ImageObject\",\"inLanguage\":\"es\",\"@id\":\"https:\/\/laprensacristiana.com\/#\/schema\/person\/image\/\",\"url\":\"https:\/\/secure.gravatar.com\/avatar\/72069dfb6c13772d9e8381e3638666d2?s=96&d=mm&r=g\",\"contentUrl\":\"https:\/\/secure.gravatar.com\/avatar\/72069dfb6c13772d9e8381e3638666d2?s=96&d=mm&r=g\",\"caption\":\"EDITOR\"},\"url\":\"https:\/\/laprensacristiana.com\/?author=3\"}]}<\/script>\n<!-- \/ Yoast SEO plugin. -->","yoast_head_json":{"title":"Pastor Isaac Rivas obtiene t\u00edtulo de teolog\u00eda en Argentina - La Prensa Cristiana","robots":{"index":"index","follow":"follow","max-snippet":"max-snippet:-1","max-image-preview":"max-image-preview:large","max-video-preview":"max-video-preview:-1"},"canonical":"https:\/\/laprensacristiana.com\/?p=18408","og_locale":"es_ES","og_type":"article","og_title":"Pastor Isaac Rivas obtiene t\u00edtulo de teolog\u00eda en Argentina - La Prensa Cristiana","og_description":"Los estudios en teolog\u00eda son importantes para profundizar en la comprensi\u00f3n de las creencias practicas de fe, fortaleciendo la espiritualidad y el compromiso, este es el caso de Isaac Rivas, quien recientemente concluy\u00f3 sus estudios en teolog\u00eda. &nbsp; Isaac Rivas es hijo de los pastores generales de Iglesia COMPAZ, Esmeralda y Vladimir Rivas, y actualmente [&hellip;]","og_url":"https:\/\/laprensacristiana.com\/?p=18408","og_site_name":"La Prensa Cristiana","article_published_time":"2024-12-09T23:45:14+00:00","article_modified_time":"2024-12-10T00:00:37+00:00","og_image":[{"width":1024,"height":614,"url":"https:\/\/laprensacristiana.com\/wp-content\/uploads\/2024\/12\/Agregar-un-subtitulo-1024x614.png","type":"image\/png"}],"author":"EDITOR","twitter_card":"summary_large_image","twitter_misc":{"Escrito por":"EDITOR","Tiempo de lectura":"3 minutos"},"schema":{"@context":"https:\/\/schema.org","@graph":[{"@type":"WebPage","@id":"https:\/\/laprensacristiana.com\/?p=18408","url":"https:\/\/laprensacristiana.com\/?p=18408","name":"Pastor Isaac Rivas obtiene t\u00edtulo de teolog\u00eda en Argentina - La Prensa Cristiana","isPartOf":{"@id":"https:\/\/laprensacristiana.com\/#website"},"datePublished":"2024-12-09T23:45:14+00:00","dateModified":"2024-12-10T00:00:37+00:00","author":{"@id":"https:\/\/laprensacristiana.com\/#\/schema\/person\/3e7d82c6bfd6b1fa67010f8f7cd5256e"},"breadcrumb":{"@id":"https:\/\/laprensacristiana.com\/?p=18408#breadcrumb"},"inLanguage":"es","potentialAction":[{"@type":"ReadAction","target":["https:\/\/laprensacristiana.com\/?p=18408"]}]},{"@type":"BreadcrumbList","@id":"https:\/\/laprensacristiana.com\/?p=18408#breadcrumb","itemListElement":[{"@type":"ListItem","position":1,"name":"Portada","item":"https:\/\/laprensacristiana.com\/"},{"@type":"ListItem","position":2,"name":"Pastor Isaac Rivas obtiene t\u00edtulo de teolog\u00eda en Argentina"}]},{"@type":"WebSite","@id":"https:\/\/laprensacristiana.com\/#website","url":"https:\/\/laprensacristiana.com\/","name":"La Prensa Cristiana","description":"Anunciando Las Buenas Nuevas","potentialAction":[{"@type":"SearchAction","target":{"@type":"EntryPoint","urlTemplate":"https:\/\/laprensacristiana.com\/?s={search_term_string}"},"query-input":"required name=search_term_string"}],"inLanguage":"es"},{"@type":"Person","@id":"https:\/\/laprensacristiana.com\/#\/schema\/person\/3e7d82c6bfd6b1fa67010f8f7cd5256e","name":"EDITOR","image":{"@type":"ImageObject","inLanguage":"es","@id":"https:\/\/laprensacristiana.com\/#\/schema\/person\/image\/","url":"https:\/\/secure.gravatar.com\/avatar\/72069dfb6c13772d9e8381e3638666d2?s=96&d=mm&r=g","contentUrl":"https:\/\/secure.gravatar.com\/avatar\/72069dfb6c13772d9e8381e3638666d2?s=96&d=mm&r=g","caption":"EDITOR"},"url":"https:\/\/laprensacristiana.com\/?author=3"}]}},"_links":{"self":[{"href":"https:\/\/laprensacristiana.com\/index.php?rest_route=\/wp\/v2\/posts\/18408"}],"collection":[{"href":"https:\/\/laprensacristiana.com\/index.php?rest_route=\/wp\/v2\/posts"}],"about":[{"href":"https:\/\/laprensacristiana.com\/index.php?rest_route=\/wp\/v2\/types\/post"}],"author":[{"embeddable":true,"href":"https:\/\/laprensacristiana.com\/index.php?rest_route=\/wp\/v2\/users\/3"}],"replies":[{"embeddable":true,"href":"https:\/\/laprensacristiana.com\/index.php?rest_route=%2Fwp%2Fv2%2Fcomments&post=18408"}],"version-history":[{"count":5,"href":"https:\/\/laprensacristiana.com\/index.php?rest_route=\/wp\/v2\/posts\/18408\/revisions"}],"predecessor-version":[{"id":18417,"href":"https:\/\/laprensacristiana.com\/index.php?rest_route=\/wp\/v2\/posts\/18408\/revisions\/18417"}],"wp:featuredmedia":[{"embeddable":true,"href":"https:\/\/laprensacristiana.com\/index.php?rest_route=\/wp\/v2\/media\/18412"}],"wp:attachment":[{"href":"https:\/\/laprensacristiana.com\/index.php?rest_route=%2Fwp%2Fv2%2Fmedia&parent=18408"}],"wp:term":[{"taxonomy":"category","embeddable":true,"href":"https:\/\/laprensacristiana.com\/index.php?rest_route=%2Fwp%2Fv2%2Fcategories&post=18408"},{"taxonomy":"post_tag","embeddable":true,"href":"https:\/\/laprensacristiana.com\/index.php?rest_route=%2Fwp%2Fv2%2Ftags&post=18408"}],"curies":[{"name":"wp","href":"https:\/\/api.w.org\/{rel}","templated":true}]}}