{"id":18418,"date":"2024-12-10T21:23:07","date_gmt":"2024-12-10T21:23:07","guid":{"rendered":"https:\/\/laprensacristiana.com\/?p=18418"},"modified":"2024-12-10T21:23:07","modified_gmt":"2024-12-10T21:23:07","slug":"enfoque-o-desenfoque","status":"publish","type":"post","link":"https:\/\/laprensacristiana.com\/?p=18418","title":{"rendered":"Enfoque o desenfoque"},"content":{"rendered":"\n<p>\u201cPor tanto, id, y haced disc\u00edpulos a todas las naciones,&nbsp;bautiz\u00e1ndolos en el nombre del Padre, y del Hijo, y del Esp\u00edritu Santo\u201d, Mateo 28:19.<\/p>\n\n\n\n<p>Esa fue la gran comisi\u00f3n, y ese enfoque primario hizo que el Esp\u00edritu Santo comenzar\u00e1 a mover a todos los disc\u00edpulos por Judea, Samaria, todo el Imperio Romano de las regiones cercanas y distantes, y en la medida que el tiempo fue pasando y siendo entregada la estafeta a las distintas generaciones, el mundo fue cambiando.<\/p>\n\n\n\n<p>El cristianismo atraves\u00f3 etapas donde parec\u00eda que el control imperial tomaba determinaciones hacia ellos, donde las estructuras de incidencia religiosa prevalec\u00edan unas sobre otras hac\u00eda el cristianismo, y as\u00ed llegamos a nuestros d\u00edas, es importante establecer que el cristianismo siempre ha sido org\u00e1nico, por m\u00e1s estructura que se desee establecer, nunca debe dejar de ser org\u00e1nico, la inspiraci\u00f3n es aquello que nos permite mantenernos siempre enfocados en lo que somos, y debemos tener mucho cuidado que no muera esa inspiraci\u00f3n, al contrario, es importante que todo ser humano revise cu\u00e1l es su fuente de inspiraci\u00f3n. En cuanto a la fe, el Se\u00f1or estableci\u00f3 5 ministerios, no solo para las multitudes, no solo para los que estaban en el proceso de ser disc\u00edpulos, sino tambi\u00e9n para aquel hombre que decidi\u00f3 un d\u00eda creerle a Dios y caminar en el agua, aqu\u00ed es donde debemos recordar que el enfoque mayor es aquella semilla que el Esp\u00edritu Santo ha puesto en nuestro coraz\u00f3n sobre lo que debemos de hacer en el reino de los cielos, a unos constituy\u00f3 pastores, a otros ap\u00f3stoles, a otros profetas, a otros evangelistas, a otros maestros, y de aqu\u00ed salen tantas ramificaciones que al final tienen que ver con pluralidad del cristianismo.<\/p>\n\n\n\n<p>Desde hace a\u00f1os, se habla acerca de la importancia de las redes sociales, y para todos son importantes, plante\u00e1ndolo como el presente y el futuro, y en efecto es parte de la vida, sin embargo, hay personas que su ministerio no lo ejecutan a trav\u00e9s de redes sociales, y no por eso son anacr\u00f3nicos, est\u00e1n enfocados en lo que hacen, esa es la grandeza del cristianismo. La gran responsabilidad del liderazgo est\u00e1 en poder inspirar para que cada uno se enfoque en aquello hacia lo que siente la pasi\u00f3n, el llamado y lo desarrolle. \u201cDescendi\u00f3 lluvia, y vinieron r\u00edos, y soplaron vientos, y golpearon contra aquella casa; y no cay\u00f3, porque estaba fundada sobre la roca\u201d, Mateo 7:25. La fuerza misma para sostenerse est\u00e1 en lo que se hace, en la vida, en el d\u00eda a d\u00eda, conforme al llamamiento recibido de parte de Dios.<\/p>\n\n\n\n<p>El ap\u00f3stol Pablo es un ejemplo id\u00f3neo que se apega a la descripci\u00f3n del desarrollo al llamamiento, y al enfoque, conoci\u00f3 a Jes\u00fas a\u00f1os despu\u00e9s de los eventos narrados en los evangelios, y lo conoci\u00f3 inicialmente en una experiencia hacia Damasco, donde escuch\u00f3 la voz de Dios, dando su vida un giro, recibiendo un llamamiento directo: predicar a los no jud\u00edos,&nbsp; a todos los gentiles, que f\u00e1cil hubiera sido para el por la influencia que Pablo ten\u00eda poder acercarse a distintos grupos jud\u00edos para compartir el evangelio, pero el llamado de Dios fue ir a los no jud\u00edos, y eso hizo que se embarcara y tuviera no uno, ni dos, ni tres, sino cuatro viajes conocidos, que duraron largo tiempo para que el sembrara la semilla, de la cual todos los que no tienen ra\u00edces jud\u00edas en la sangre, en las venas, hoy se puede estar agradecido. Pablo estuvo enfocado, y tuvo problemas, \u201cPero vinieron&nbsp;algunos&nbsp;jud\u00edos de Antioqu\u00eda&nbsp;y de Iconio, y habiendo persuadido a la multitud, apedrearon a Pablo&nbsp;y lo arrastraron&nbsp;fuera de la ciudad, pensando que estaba muerto\u201d, Hechos 14:19. Cualquiera hubiera pensado que tales sufrimientos son suficientes, que era mejor regresarse a Jerusal\u00e9n.<\/p>\n\n\n\n<p>Ese enfoque hizo que mantuviera su rumbo, y le permiti\u00f3 saber que su cosecha ser\u00eda m\u00e1s grande que su propia vida, y as\u00ed es como \u00e9l establece este principio, de vital importancia para el presente, de no desenfocarnos en tantas cosas, que pueden ser interesantes, atractivas, emocionantes, pero no es lo que Dios nos llam\u00f3 a hacer.<\/p>\n","protected":false},"excerpt":{"rendered":"<p>\u201cPor tanto, id, y haced disc\u00edpulos a todas las naciones,&nbsp;bautiz\u00e1ndolos en el nombre del Padre, y del Hijo, y del Esp\u00edritu Santo\u201d, Mateo 28:19. Esa fue la gran comisi\u00f3n, y ese enfoque primario hizo que el Esp\u00edritu Santo comenzar\u00e1 a mover a todos los disc\u00edpulos por Judea, Samaria, todo el Imperio Romano de las regiones [&hellip;]<\/p>\n","protected":false},"author":3,"featured_media":18419,"comment_status":"open","ping_status":"open","sticky":false,"template":"","format":"standard","meta":[],"categories":[23],"tags":[],"yoast_head":"<!-- This site is optimized with the Yoast SEO plugin v20.8 - https:\/\/yoast.com\/wordpress\/plugins\/seo\/ -->\n<title>Enfoque o desenfoque - La Prensa Cristiana<\/title>\n<meta name=\"robots\" content=\"index, follow, max-snippet:-1, max-image-preview:large, max-video-preview:-1\" \/>\n<link rel=\"canonical\" href=\"https:\/\/laprensacristiana.com\/?p=18418\" \/>\n<meta property=\"og:locale\" content=\"es_ES\" \/>\n<meta property=\"og:type\" content=\"article\" \/>\n<meta property=\"og:title\" content=\"Enfoque o desenfoque - La Prensa Cristiana\" \/>\n<meta property=\"og:description\" content=\"\u201cPor tanto, id, y haced disc\u00edpulos a todas las naciones,&nbsp;bautiz\u00e1ndolos en el nombre del Padre, y del Hijo, y del Esp\u00edritu Santo\u201d, Mateo 28:19. Esa fue la gran comisi\u00f3n, y ese enfoque primario hizo que el Esp\u00edritu Santo comenzar\u00e1 a mover a todos los disc\u00edpulos por Judea, Samaria, todo el Imperio Romano de las regiones [&hellip;]\" \/>\n<meta property=\"og:url\" content=\"https:\/\/laprensacristiana.com\/?p=18418\" \/>\n<meta property=\"og:site_name\" content=\"La Prensa Cristiana\" \/>\n<meta property=\"article:published_time\" content=\"2024-12-10T21:23:07+00:00\" \/>\n<meta property=\"og:image\" content=\"https:\/\/laprensacristiana.com\/wp-content\/uploads\/2024\/12\/OPINION-1-1.png\" \/>\n\t<meta property=\"og:image:width\" content=\"719\" \/>\n\t<meta property=\"og:image:height\" content=\"540\" \/>\n\t<meta property=\"og:image:type\" content=\"image\/png\" \/>\n<meta name=\"author\" content=\"EDITOR\" \/>\n<meta name=\"twitter:card\" content=\"summary_large_image\" \/>\n<meta name=\"twitter:label1\" content=\"Escrito por\" \/>\n\t<meta name=\"twitter:data1\" content=\"EDITOR\" \/>\n\t<meta name=\"twitter:label2\" content=\"Tiempo de lectura\" \/>\n\t<meta name=\"twitter:data2\" content=\"4 minutos\" \/>\n<script type=\"application\/ld+json\" class=\"yoast-schema-graph\">{\"@context\":\"https:\/\/schema.org\",\"@graph\":[{\"@type\":\"WebPage\",\"@id\":\"https:\/\/laprensacristiana.com\/?p=18418\",\"url\":\"https:\/\/laprensacristiana.com\/?p=18418\",\"name\":\"Enfoque o desenfoque - La Prensa Cristiana\",\"isPartOf\":{\"@id\":\"https:\/\/laprensacristiana.com\/#website\"},\"datePublished\":\"2024-12-10T21:23:07+00:00\",\"dateModified\":\"2024-12-10T21:23:07+00:00\",\"author\":{\"@id\":\"https:\/\/laprensacristiana.com\/#\/schema\/person\/3e7d82c6bfd6b1fa67010f8f7cd5256e\"},\"breadcrumb\":{\"@id\":\"https:\/\/laprensacristiana.com\/?p=18418#breadcrumb\"},\"inLanguage\":\"es\",\"potentialAction\":[{\"@type\":\"ReadAction\",\"target\":[\"https:\/\/laprensacristiana.com\/?p=18418\"]}]},{\"@type\":\"BreadcrumbList\",\"@id\":\"https:\/\/laprensacristiana.com\/?p=18418#breadcrumb\",\"itemListElement\":[{\"@type\":\"ListItem\",\"position\":1,\"name\":\"Portada\",\"item\":\"https:\/\/laprensacristiana.com\/\"},{\"@type\":\"ListItem\",\"position\":2,\"name\":\"Enfoque o desenfoque\"}]},{\"@type\":\"WebSite\",\"@id\":\"https:\/\/laprensacristiana.com\/#website\",\"url\":\"https:\/\/laprensacristiana.com\/\",\"name\":\"La Prensa Cristiana\",\"description\":\"Anunciando Las Buenas Nuevas\",\"potentialAction\":[{\"@type\":\"SearchAction\",\"target\":{\"@type\":\"EntryPoint\",\"urlTemplate\":\"https:\/\/laprensacristiana.com\/?s={search_term_string}\"},\"query-input\":\"required name=search_term_string\"}],\"inLanguage\":\"es\"},{\"@type\":\"Person\",\"@id\":\"https:\/\/laprensacristiana.com\/#\/schema\/person\/3e7d82c6bfd6b1fa67010f8f7cd5256e\",\"name\":\"EDITOR\",\"image\":{\"@type\":\"ImageObject\",\"inLanguage\":\"es\",\"@id\":\"https:\/\/laprensacristiana.com\/#\/schema\/person\/image\/\",\"url\":\"https:\/\/secure.gravatar.com\/avatar\/72069dfb6c13772d9e8381e3638666d2?s=96&d=mm&r=g\",\"contentUrl\":\"https:\/\/secure.gravatar.com\/avatar\/72069dfb6c13772d9e8381e3638666d2?s=96&d=mm&r=g\",\"caption\":\"EDITOR\"},\"url\":\"https:\/\/laprensacristiana.com\/?author=3\"}]}<\/script>\n<!-- \/ Yoast SEO plugin. -->","yoast_head_json":{"title":"Enfoque o desenfoque - La Prensa Cristiana","robots":{"index":"index","follow":"follow","max-snippet":"max-snippet:-1","max-image-preview":"max-image-preview:large","max-video-preview":"max-video-preview:-1"},"canonical":"https:\/\/laprensacristiana.com\/?p=18418","og_locale":"es_ES","og_type":"article","og_title":"Enfoque o desenfoque - La Prensa Cristiana","og_description":"\u201cPor tanto, id, y haced disc\u00edpulos a todas las naciones,&nbsp;bautiz\u00e1ndolos en el nombre del Padre, y del Hijo, y del Esp\u00edritu Santo\u201d, Mateo 28:19. Esa fue la gran comisi\u00f3n, y ese enfoque primario hizo que el Esp\u00edritu Santo comenzar\u00e1 a mover a todos los disc\u00edpulos por Judea, Samaria, todo el Imperio Romano de las regiones [&hellip;]","og_url":"https:\/\/laprensacristiana.com\/?p=18418","og_site_name":"La Prensa Cristiana","article_published_time":"2024-12-10T21:23:07+00:00","og_image":[{"width":719,"height":540,"url":"https:\/\/laprensacristiana.com\/wp-content\/uploads\/2024\/12\/OPINION-1-1.png","type":"image\/png"}],"author":"EDITOR","twitter_card":"summary_large_image","twitter_misc":{"Escrito por":"EDITOR","Tiempo de lectura":"4 minutos"},"schema":{"@context":"https:\/\/schema.org","@graph":[{"@type":"WebPage","@id":"https:\/\/laprensacristiana.com\/?p=18418","url":"https:\/\/laprensacristiana.com\/?p=18418","name":"Enfoque o desenfoque - La Prensa Cristiana","isPartOf":{"@id":"https:\/\/laprensacristiana.com\/#website"},"datePublished":"2024-12-10T21:23:07+00:00","dateModified":"2024-12-10T21:23:07+00:00","author":{"@id":"https:\/\/laprensacristiana.com\/#\/schema\/person\/3e7d82c6bfd6b1fa67010f8f7cd5256e"},"breadcrumb":{"@id":"https:\/\/laprensacristiana.com\/?p=18418#breadcrumb"},"inLanguage":"es","potentialAction":[{"@type":"ReadAction","target":["https:\/\/laprensacristiana.com\/?p=18418"]}]},{"@type":"BreadcrumbList","@id":"https:\/\/laprensacristiana.com\/?p=18418#breadcrumb","itemListElement":[{"@type":"ListItem","position":1,"name":"Portada","item":"https:\/\/laprensacristiana.com\/"},{"@type":"ListItem","position":2,"name":"Enfoque o desenfoque"}]},{"@type":"WebSite","@id":"https:\/\/laprensacristiana.com\/#website","url":"https:\/\/laprensacristiana.com\/","name":"La Prensa Cristiana","description":"Anunciando Las Buenas Nuevas","potentialAction":[{"@type":"SearchAction","target":{"@type":"EntryPoint","urlTemplate":"https:\/\/laprensacristiana.com\/?s={search_term_string}"},"query-input":"required name=search_term_string"}],"inLanguage":"es"},{"@type":"Person","@id":"https:\/\/laprensacristiana.com\/#\/schema\/person\/3e7d82c6bfd6b1fa67010f8f7cd5256e","name":"EDITOR","image":{"@type":"ImageObject","inLanguage":"es","@id":"https:\/\/laprensacristiana.com\/#\/schema\/person\/image\/","url":"https:\/\/secure.gravatar.com\/avatar\/72069dfb6c13772d9e8381e3638666d2?s=96&d=mm&r=g","contentUrl":"https:\/\/secure.gravatar.com\/avatar\/72069dfb6c13772d9e8381e3638666d2?s=96&d=mm&r=g","caption":"EDITOR"},"url":"https:\/\/laprensacristiana.com\/?author=3"}]}},"_links":{"self":[{"href":"https:\/\/laprensacristiana.com\/index.php?rest_route=\/wp\/v2\/posts\/18418"}],"collection":[{"href":"https:\/\/laprensacristiana.com\/index.php?rest_route=\/wp\/v2\/posts"}],"about":[{"href":"https:\/\/laprensacristiana.com\/index.php?rest_route=\/wp\/v2\/types\/post"}],"author":[{"embeddable":true,"href":"https:\/\/laprensacristiana.com\/index.php?rest_route=\/wp\/v2\/users\/3"}],"replies":[{"embeddable":true,"href":"https:\/\/laprensacristiana.com\/index.php?rest_route=%2Fwp%2Fv2%2Fcomments&post=18418"}],"version-history":[{"count":1,"href":"https:\/\/laprensacristiana.com\/index.php?rest_route=\/wp\/v2\/posts\/18418\/revisions"}],"predecessor-version":[{"id":18420,"href":"https:\/\/laprensacristiana.com\/index.php?rest_route=\/wp\/v2\/posts\/18418\/revisions\/18420"}],"wp:featuredmedia":[{"embeddable":true,"href":"https:\/\/laprensacristiana.com\/index.php?rest_route=\/wp\/v2\/media\/18419"}],"wp:attachment":[{"href":"https:\/\/laprensacristiana.com\/index.php?rest_route=%2Fwp%2Fv2%2Fmedia&parent=18418"}],"wp:term":[{"taxonomy":"category","embeddable":true,"href":"https:\/\/laprensacristiana.com\/index.php?rest_route=%2Fwp%2Fv2%2Fcategories&post=18418"},{"taxonomy":"post_tag","embeddable":true,"href":"https:\/\/laprensacristiana.com\/index.php?rest_route=%2Fwp%2Fv2%2Ftags&post=18418"}],"curies":[{"name":"wp","href":"https:\/\/api.w.org\/{rel}","templated":true}]}}