{"id":18422,"date":"2024-12-14T00:57:31","date_gmt":"2024-12-14T00:57:31","guid":{"rendered":"https:\/\/laprensacristiana.com\/?p=18422"},"modified":"2024-12-14T00:57:32","modified_gmt":"2024-12-14T00:57:32","slug":"fundacion-el-gran-yo-soy-inicia-operacion-ninos-felices-en-navidad","status":"publish","type":"post","link":"https:\/\/laprensacristiana.com\/?p=18422","title":{"rendered":"Fundaci\u00f3n El Gran Yo Soy inicia \u00abOperaci\u00f3n Ni\u00f1os Felices en Navidad\u00bb"},"content":{"rendered":"\n<p>Desde el a\u00f1o 2019 la Fundaci\u00f3n El Gran Yo Soy tiene presencia en El Salvador, para regalar alegr\u00eda a ni\u00f1os de diferentes partes del pa\u00eds.<\/p>\n\n\n\n<p>Su fundador, Jefferson Flores, un fil\u00e1ntropo, con ra\u00edces salvadore\u00f1as, radicado en Estados Unidos, junto a su familia y donantes se organizan para aliviar las cargas de los dem\u00e1s y sacar una sonrisa a la ni\u00f1ez, con cada paquete que entregan con juguetes e insumos acordes a cada edad.<\/p>\n\n\n\n<p>\u201cEstamos muy contentos y agradecidos con Dios y con cada uno de los donantes, hemos dado inicio con las actividades que tenemos programadas, los ni\u00f1os est\u00e1n muy felices, les hemos tra\u00eddo, pi\u00f1atas, dulces, y la bolsa de la alegr\u00eda, para aportar a la felicidad de cada uno de ellos, somos los brazos de Jes\u00fas\u201d, indic\u00f3 Jefferson Flores, presidente de Fundaci\u00f3n El Gran Yo Soy.<\/p>\n\n\n\n<figure class=\"wp-block-image size-large\"><img decoding=\"async\" loading=\"lazy\" width=\"1024\" height=\"683\" src=\"https:\/\/laprensacristiana.com\/wp-content\/uploads\/2024\/12\/DSC01929-1024x683.jpg\" alt=\"\" class=\"wp-image-18424\" srcset=\"https:\/\/laprensacristiana.com\/wp-content\/uploads\/2024\/12\/DSC01929-1024x683.jpg 1024w, https:\/\/laprensacristiana.com\/wp-content\/uploads\/2024\/12\/DSC01929-300x200.jpg 300w, https:\/\/laprensacristiana.com\/wp-content\/uploads\/2024\/12\/DSC01929-768x512.jpg 768w, https:\/\/laprensacristiana.com\/wp-content\/uploads\/2024\/12\/DSC01929-1536x1024.jpg 1536w, https:\/\/laprensacristiana.com\/wp-content\/uploads\/2024\/12\/DSC01929-2048x1365.jpg 2048w, https:\/\/laprensacristiana.com\/wp-content\/uploads\/2024\/12\/DSC01929-696x464.jpg 696w, https:\/\/laprensacristiana.com\/wp-content\/uploads\/2024\/12\/DSC01929-1068x712.jpg 1068w, https:\/\/laprensacristiana.com\/wp-content\/uploads\/2024\/12\/DSC01929-1920x1280.jpg 1920w, https:\/\/laprensacristiana.com\/wp-content\/uploads\/2024\/12\/DSC01929-600x400.jpg 600w\" sizes=\"(max-width: 1024px) 100vw, 1024px\" \/><\/figure>\n\n\n\n<p>En esta ocasi\u00f3n han denominado a su gira: \u00abOperaci\u00f3n Ni\u00f1os Felices en Navidad\u00bb, dando inicio con los habitantes de Hacienda Escuintla, Cant\u00f3n Tierra Blanca, en el Municipio de La Paz Este, de la mano con la licenciada Mirna Pineda, colaboradora del equipo de Bienestar Social, se ha hecho entrega de la \u201cbolsa de la alegr\u00eda\u201d, que es la caracter\u00edstica bolsa de juguetes de la Fundaci\u00f3n El Gran Yo Soy bolsa, con una tarjeta de navidad con el texto b\u00edblico de Mateo 14:19: Dejad a los ni\u00f1os venir a m\u00ed, y no se lo impid\u00e1is; porque de los tales es el reino de los cielos.<\/p>\n\n\n\n<p>\u201cAgradecemos a la Fundaci\u00f3n El Gran Yo Soy por la ayuda que nos brindan, pues a\u00f1o con a\u00f1o hemos estado brindando felicidad a los ni\u00f1os de las comunidades m\u00e1s pobres de nuestro pa\u00eds\u201d, expres\u00f3 la licenciada Mirna Pineda, colaboradora de Bienestar Social.<\/p>\n\n\n\n<figure class=\"wp-block-image size-large\"><img decoding=\"async\" loading=\"lazy\" width=\"1024\" height=\"683\" src=\"https:\/\/laprensacristiana.com\/wp-content\/uploads\/2024\/12\/DSC01920-1024x683.jpg\" alt=\"\" class=\"wp-image-18425\" srcset=\"https:\/\/laprensacristiana.com\/wp-content\/uploads\/2024\/12\/DSC01920-1024x683.jpg 1024w, https:\/\/laprensacristiana.com\/wp-content\/uploads\/2024\/12\/DSC01920-300x200.jpg 300w, https:\/\/laprensacristiana.com\/wp-content\/uploads\/2024\/12\/DSC01920-768x512.jpg 768w, https:\/\/laprensacristiana.com\/wp-content\/uploads\/2024\/12\/DSC01920-1536x1024.jpg 1536w, https:\/\/laprensacristiana.com\/wp-content\/uploads\/2024\/12\/DSC01920-2048x1365.jpg 2048w, https:\/\/laprensacristiana.com\/wp-content\/uploads\/2024\/12\/DSC01920-696x464.jpg 696w, https:\/\/laprensacristiana.com\/wp-content\/uploads\/2024\/12\/DSC01920-1068x712.jpg 1068w, https:\/\/laprensacristiana.com\/wp-content\/uploads\/2024\/12\/DSC01920-1920x1280.jpg 1920w, https:\/\/laprensacristiana.com\/wp-content\/uploads\/2024\/12\/DSC01920-600x400.jpg 600w\" sizes=\"(max-width: 1024px) 100vw, 1024px\" \/><\/figure>\n\n\n\n<p>El recorrido continu\u00f3 y la fundaci\u00f3n se dirigi\u00f3 a la Iglesia Prof\u00e9tica La Voz del Hijo de Dios, en el Distrito de Olocuilta, de la Paz Oeste, iglesia que es dirigida por el pastor Elmer Segovia, ah\u00ed se hizo entrega de muchos juguetes.<\/p>\n\n\n\n<figure class=\"wp-block-image size-large\"><img decoding=\"async\" loading=\"lazy\" width=\"1024\" height=\"683\" src=\"https:\/\/laprensacristiana.com\/wp-content\/uploads\/2024\/12\/DSC02101-1024x683.jpg\" alt=\"\" class=\"wp-image-18426\" srcset=\"https:\/\/laprensacristiana.com\/wp-content\/uploads\/2024\/12\/DSC02101-1024x683.jpg 1024w, https:\/\/laprensacristiana.com\/wp-content\/uploads\/2024\/12\/DSC02101-300x200.jpg 300w, https:\/\/laprensacristiana.com\/wp-content\/uploads\/2024\/12\/DSC02101-768x512.jpg 768w, https:\/\/laprensacristiana.com\/wp-content\/uploads\/2024\/12\/DSC02101-1536x1024.jpg 1536w, https:\/\/laprensacristiana.com\/wp-content\/uploads\/2024\/12\/DSC02101-2048x1365.jpg 2048w, https:\/\/laprensacristiana.com\/wp-content\/uploads\/2024\/12\/DSC02101-696x464.jpg 696w, https:\/\/laprensacristiana.com\/wp-content\/uploads\/2024\/12\/DSC02101-1068x712.jpg 1068w, https:\/\/laprensacristiana.com\/wp-content\/uploads\/2024\/12\/DSC02101-1920x1280.jpg 1920w, https:\/\/laprensacristiana.com\/wp-content\/uploads\/2024\/12\/DSC02101-600x400.jpg 600w\" sizes=\"(max-width: 1024px) 100vw, 1024px\" \/><\/figure>\n\n\n\n<p>\u201cLe pedimos a Dios que siga bendiciendo grandemente a la Fundaci\u00f3n El Gran Yo Soy que siempre busca hacer lo que Cristo nos ense\u00f1\u00f3 y es trabajar para poder bendecir a otros\u201d, acot\u00f3 el pastor Elmer Segovia.<\/p>\n\n\n\n<p>Uno de los acompa\u00f1antes en la gira y colaboradores de la fundaci\u00f3n, el pastor Roberto Flores, del Ministerio Rey de Reyes, quien viaj\u00f3 para poder apoyar esta iniciativa de primera mano explic\u00f3: \u201cLe damos gracias a Dios por la oportunidad que nos da de poder estar aqu\u00ed en El Salvador compartiendo y trayendo un poco de alegr\u00eda a los ni\u00f1os\u201d.<\/p>\n\n\n\n<figure class=\"wp-block-image size-large\"><img decoding=\"async\" loading=\"lazy\" width=\"1024\" height=\"683\" src=\"https:\/\/laprensacristiana.com\/wp-content\/uploads\/2024\/12\/DSC01829-1024x683.jpg\" alt=\"\" class=\"wp-image-18427\" srcset=\"https:\/\/laprensacristiana.com\/wp-content\/uploads\/2024\/12\/DSC01829-1024x683.jpg 1024w, https:\/\/laprensacristiana.com\/wp-content\/uploads\/2024\/12\/DSC01829-300x200.jpg 300w, https:\/\/laprensacristiana.com\/wp-content\/uploads\/2024\/12\/DSC01829-768x512.jpg 768w, https:\/\/laprensacristiana.com\/wp-content\/uploads\/2024\/12\/DSC01829-1536x1024.jpg 1536w, https:\/\/laprensacristiana.com\/wp-content\/uploads\/2024\/12\/DSC01829-2048x1365.jpg 2048w, https:\/\/laprensacristiana.com\/wp-content\/uploads\/2024\/12\/DSC01829-696x464.jpg 696w, https:\/\/laprensacristiana.com\/wp-content\/uploads\/2024\/12\/DSC01829-1068x712.jpg 1068w, https:\/\/laprensacristiana.com\/wp-content\/uploads\/2024\/12\/DSC01829-1920x1280.jpg 1920w, https:\/\/laprensacristiana.com\/wp-content\/uploads\/2024\/12\/DSC01829-600x400.jpg 600w\" sizes=\"(max-width: 1024px) 100vw, 1024px\" \/><\/figure>\n","protected":false},"excerpt":{"rendered":"<p>Desde el a\u00f1o 2019 la Fundaci\u00f3n El Gran Yo Soy tiene presencia en El Salvador, para regalar alegr\u00eda a ni\u00f1os de diferentes partes del pa\u00eds. Su fundador, Jefferson Flores, un fil\u00e1ntropo, con ra\u00edces salvadore\u00f1as, radicado en Estados Unidos, junto a su familia y donantes se organizan para aliviar las cargas de los dem\u00e1s y sacar [&hellip;]<\/p>\n","protected":false},"author":3,"featured_media":18423,"comment_status":"open","ping_status":"open","sticky":false,"template":"","format":"standard","meta":[],"categories":[56],"tags":[],"yoast_head":"<!-- This site is optimized with the Yoast SEO plugin v20.8 - https:\/\/yoast.com\/wordpress\/plugins\/seo\/ -->\n<title>Fundaci\u00f3n El Gran Yo Soy inicia \u00abOperaci\u00f3n Ni\u00f1os Felices en Navidad\u00bb - La Prensa Cristiana<\/title>\n<meta name=\"robots\" content=\"index, follow, max-snippet:-1, max-image-preview:large, max-video-preview:-1\" \/>\n<link rel=\"canonical\" href=\"https:\/\/laprensacristiana.com\/?p=18422\" \/>\n<meta property=\"og:locale\" content=\"es_ES\" \/>\n<meta property=\"og:type\" content=\"article\" \/>\n<meta property=\"og:title\" content=\"Fundaci\u00f3n El Gran Yo Soy inicia \u00abOperaci\u00f3n Ni\u00f1os Felices en Navidad\u00bb - La Prensa Cristiana\" \/>\n<meta property=\"og:description\" content=\"Desde el a\u00f1o 2019 la Fundaci\u00f3n El Gran Yo Soy tiene presencia en El Salvador, para regalar alegr\u00eda a ni\u00f1os de diferentes partes del pa\u00eds. Su fundador, Jefferson Flores, un fil\u00e1ntropo, con ra\u00edces salvadore\u00f1as, radicado en Estados Unidos, junto a su familia y donantes se organizan para aliviar las cargas de los dem\u00e1s y sacar [&hellip;]\" \/>\n<meta property=\"og:url\" content=\"https:\/\/laprensacristiana.com\/?p=18422\" \/>\n<meta property=\"og:site_name\" content=\"La Prensa Cristiana\" \/>\n<meta property=\"article:published_time\" content=\"2024-12-14T00:57:31+00:00\" \/>\n<meta property=\"article:modified_time\" content=\"2024-12-14T00:57:32+00:00\" \/>\n<meta property=\"og:image\" content=\"https:\/\/laprensacristiana.com\/wp-content\/uploads\/2024\/12\/DSC01910-scaled.jpg\" \/>\n\t<meta property=\"og:image:width\" content=\"2560\" \/>\n\t<meta property=\"og:image:height\" content=\"1707\" \/>\n\t<meta property=\"og:image:type\" content=\"image\/jpeg\" \/>\n<meta name=\"author\" content=\"EDITOR\" \/>\n<meta name=\"twitter:card\" content=\"summary_large_image\" \/>\n<meta name=\"twitter:label1\" content=\"Escrito por\" \/>\n\t<meta name=\"twitter:data1\" content=\"EDITOR\" \/>\n\t<meta name=\"twitter:label2\" content=\"Tiempo de lectura\" \/>\n\t<meta name=\"twitter:data2\" content=\"3 minutos\" \/>\n<script type=\"application\/ld+json\" class=\"yoast-schema-graph\">{\"@context\":\"https:\/\/schema.org\",\"@graph\":[{\"@type\":\"WebPage\",\"@id\":\"https:\/\/laprensacristiana.com\/?p=18422\",\"url\":\"https:\/\/laprensacristiana.com\/?p=18422\",\"name\":\"Fundaci\u00f3n El Gran Yo Soy inicia \u00abOperaci\u00f3n Ni\u00f1os Felices en Navidad\u00bb - La Prensa Cristiana\",\"isPartOf\":{\"@id\":\"https:\/\/laprensacristiana.com\/#website\"},\"datePublished\":\"2024-12-14T00:57:31+00:00\",\"dateModified\":\"2024-12-14T00:57:32+00:00\",\"author\":{\"@id\":\"https:\/\/laprensacristiana.com\/#\/schema\/person\/3e7d82c6bfd6b1fa67010f8f7cd5256e\"},\"breadcrumb\":{\"@id\":\"https:\/\/laprensacristiana.com\/?p=18422#breadcrumb\"},\"inLanguage\":\"es\",\"potentialAction\":[{\"@type\":\"ReadAction\",\"target\":[\"https:\/\/laprensacristiana.com\/?p=18422\"]}]},{\"@type\":\"BreadcrumbList\",\"@id\":\"https:\/\/laprensacristiana.com\/?p=18422#breadcrumb\",\"itemListElement\":[{\"@type\":\"ListItem\",\"position\":1,\"name\":\"Portada\",\"item\":\"https:\/\/laprensacristiana.com\/\"},{\"@type\":\"ListItem\",\"position\":2,\"name\":\"Fundaci\u00f3n El Gran Yo Soy inicia \u00abOperaci\u00f3n Ni\u00f1os Felices en Navidad\u00bb\"}]},{\"@type\":\"WebSite\",\"@id\":\"https:\/\/laprensacristiana.com\/#website\",\"url\":\"https:\/\/laprensacristiana.com\/\",\"name\":\"La Prensa Cristiana\",\"description\":\"Anunciando Las Buenas Nuevas\",\"potentialAction\":[{\"@type\":\"SearchAction\",\"target\":{\"@type\":\"EntryPoint\",\"urlTemplate\":\"https:\/\/laprensacristiana.com\/?s={search_term_string}\"},\"query-input\":\"required name=search_term_string\"}],\"inLanguage\":\"es\"},{\"@type\":\"Person\",\"@id\":\"https:\/\/laprensacristiana.com\/#\/schema\/person\/3e7d82c6bfd6b1fa67010f8f7cd5256e\",\"name\":\"EDITOR\",\"image\":{\"@type\":\"ImageObject\",\"inLanguage\":\"es\",\"@id\":\"https:\/\/laprensacristiana.com\/#\/schema\/person\/image\/\",\"url\":\"https:\/\/secure.gravatar.com\/avatar\/72069dfb6c13772d9e8381e3638666d2?s=96&d=mm&r=g\",\"contentUrl\":\"https:\/\/secure.gravatar.com\/avatar\/72069dfb6c13772d9e8381e3638666d2?s=96&d=mm&r=g\",\"caption\":\"EDITOR\"},\"url\":\"https:\/\/laprensacristiana.com\/?author=3\"}]}<\/script>\n<!-- \/ Yoast SEO plugin. -->","yoast_head_json":{"title":"Fundaci\u00f3n El Gran Yo Soy inicia \u00abOperaci\u00f3n Ni\u00f1os Felices en Navidad\u00bb - La Prensa Cristiana","robots":{"index":"index","follow":"follow","max-snippet":"max-snippet:-1","max-image-preview":"max-image-preview:large","max-video-preview":"max-video-preview:-1"},"canonical":"https:\/\/laprensacristiana.com\/?p=18422","og_locale":"es_ES","og_type":"article","og_title":"Fundaci\u00f3n El Gran Yo Soy inicia \u00abOperaci\u00f3n Ni\u00f1os Felices en Navidad\u00bb - La Prensa Cristiana","og_description":"Desde el a\u00f1o 2019 la Fundaci\u00f3n El Gran Yo Soy tiene presencia en El Salvador, para regalar alegr\u00eda a ni\u00f1os de diferentes partes del pa\u00eds. Su fundador, Jefferson Flores, un fil\u00e1ntropo, con ra\u00edces salvadore\u00f1as, radicado en Estados Unidos, junto a su familia y donantes se organizan para aliviar las cargas de los dem\u00e1s y sacar [&hellip;]","og_url":"https:\/\/laprensacristiana.com\/?p=18422","og_site_name":"La Prensa Cristiana","article_published_time":"2024-12-14T00:57:31+00:00","article_modified_time":"2024-12-14T00:57:32+00:00","og_image":[{"width":2560,"height":1707,"url":"https:\/\/laprensacristiana.com\/wp-content\/uploads\/2024\/12\/DSC01910-scaled.jpg","type":"image\/jpeg"}],"author":"EDITOR","twitter_card":"summary_large_image","twitter_misc":{"Escrito por":"EDITOR","Tiempo de lectura":"3 minutos"},"schema":{"@context":"https:\/\/schema.org","@graph":[{"@type":"WebPage","@id":"https:\/\/laprensacristiana.com\/?p=18422","url":"https:\/\/laprensacristiana.com\/?p=18422","name":"Fundaci\u00f3n El Gran Yo Soy inicia \u00abOperaci\u00f3n Ni\u00f1os Felices en Navidad\u00bb - La Prensa Cristiana","isPartOf":{"@id":"https:\/\/laprensacristiana.com\/#website"},"datePublished":"2024-12-14T00:57:31+00:00","dateModified":"2024-12-14T00:57:32+00:00","author":{"@id":"https:\/\/laprensacristiana.com\/#\/schema\/person\/3e7d82c6bfd6b1fa67010f8f7cd5256e"},"breadcrumb":{"@id":"https:\/\/laprensacristiana.com\/?p=18422#breadcrumb"},"inLanguage":"es","potentialAction":[{"@type":"ReadAction","target":["https:\/\/laprensacristiana.com\/?p=18422"]}]},{"@type":"BreadcrumbList","@id":"https:\/\/laprensacristiana.com\/?p=18422#breadcrumb","itemListElement":[{"@type":"ListItem","position":1,"name":"Portada","item":"https:\/\/laprensacristiana.com\/"},{"@type":"ListItem","position":2,"name":"Fundaci\u00f3n El Gran Yo Soy inicia \u00abOperaci\u00f3n Ni\u00f1os Felices en Navidad\u00bb"}]},{"@type":"WebSite","@id":"https:\/\/laprensacristiana.com\/#website","url":"https:\/\/laprensacristiana.com\/","name":"La Prensa Cristiana","description":"Anunciando Las Buenas Nuevas","potentialAction":[{"@type":"SearchAction","target":{"@type":"EntryPoint","urlTemplate":"https:\/\/laprensacristiana.com\/?s={search_term_string}"},"query-input":"required name=search_term_string"}],"inLanguage":"es"},{"@type":"Person","@id":"https:\/\/laprensacristiana.com\/#\/schema\/person\/3e7d82c6bfd6b1fa67010f8f7cd5256e","name":"EDITOR","image":{"@type":"ImageObject","inLanguage":"es","@id":"https:\/\/laprensacristiana.com\/#\/schema\/person\/image\/","url":"https:\/\/secure.gravatar.com\/avatar\/72069dfb6c13772d9e8381e3638666d2?s=96&d=mm&r=g","contentUrl":"https:\/\/secure.gravatar.com\/avatar\/72069dfb6c13772d9e8381e3638666d2?s=96&d=mm&r=g","caption":"EDITOR"},"url":"https:\/\/laprensacristiana.com\/?author=3"}]}},"_links":{"self":[{"href":"https:\/\/laprensacristiana.com\/index.php?rest_route=\/wp\/v2\/posts\/18422"}],"collection":[{"href":"https:\/\/laprensacristiana.com\/index.php?rest_route=\/wp\/v2\/posts"}],"about":[{"href":"https:\/\/laprensacristiana.com\/index.php?rest_route=\/wp\/v2\/types\/post"}],"author":[{"embeddable":true,"href":"https:\/\/laprensacristiana.com\/index.php?rest_route=\/wp\/v2\/users\/3"}],"replies":[{"embeddable":true,"href":"https:\/\/laprensacristiana.com\/index.php?rest_route=%2Fwp%2Fv2%2Fcomments&post=18422"}],"version-history":[{"count":1,"href":"https:\/\/laprensacristiana.com\/index.php?rest_route=\/wp\/v2\/posts\/18422\/revisions"}],"predecessor-version":[{"id":18428,"href":"https:\/\/laprensacristiana.com\/index.php?rest_route=\/wp\/v2\/posts\/18422\/revisions\/18428"}],"wp:featuredmedia":[{"embeddable":true,"href":"https:\/\/laprensacristiana.com\/index.php?rest_route=\/wp\/v2\/media\/18423"}],"wp:attachment":[{"href":"https:\/\/laprensacristiana.com\/index.php?rest_route=%2Fwp%2Fv2%2Fmedia&parent=18422"}],"wp:term":[{"taxonomy":"category","embeddable":true,"href":"https:\/\/laprensacristiana.com\/index.php?rest_route=%2Fwp%2Fv2%2Fcategories&post=18422"},{"taxonomy":"post_tag","embeddable":true,"href":"https:\/\/laprensacristiana.com\/index.php?rest_route=%2Fwp%2Fv2%2Ftags&post=18422"}],"curies":[{"name":"wp","href":"https:\/\/api.w.org\/{rel}","templated":true}]}}