{"id":18463,"date":"2024-12-31T19:11:18","date_gmt":"2024-12-31T19:11:18","guid":{"rendered":"https:\/\/laprensacristiana.com\/?p=18463"},"modified":"2024-12-31T19:11:18","modified_gmt":"2024-12-31T19:11:18","slug":"renuncio","status":"publish","type":"post","link":"https:\/\/laprensacristiana.com\/?p=18463","title":{"rendered":"\u00a1\u00a1Renuncio!!"},"content":{"rendered":"\n<p>Un a\u00f1o termina, y con \u00e9l cerramos un ciclo, pero tambi\u00e9n&nbsp;iniciamos&nbsp;uno nuevo: una oportunidad fresca, una nueva temporada.<\/p>\n\n\n\n<p>Conf\u00edo en que este a\u00f1o que concluye haya sido bueno para ti y, si no fue as\u00ed, que haya dejado en tu vida reflexiones que te fortalezcan para este nuevo comienzo.<\/p>\n\n\n\n<p>Dar gracias por todo no siempre es f\u00e1cil. Hay momentos duros que no entendemos. Sin embargo, al reconocer que todo viene de Dios, nuestro esp\u00edritu encuentra fuerza para superar cualquier circunstancia.<\/p>\n\n\n\n<p>2024 lleg\u00f3 a su fin.<\/p>\n\n\n\n<p>Fue un a\u00f1o intenso y lleno de retos para muchos.<\/p>\n\n\n\n<p>Para otros, trajo triunfos y sabores agradables como fruto de su esfuerzo.<\/p>\n\n\n\n<p>Y s\u00ed, tambi\u00e9n hubo l\u00e1grimas y momentos dif\u00edciles. Pero, aun en medio de todo, agradecemos a Dios por la vida, porque seguimos aqu\u00ed, con la oportunidad de trabajar y ser mejores cada d\u00eda.<\/p>\n\n\n\n<p>Como comunicador, mantengo mi esperanza y mi oraci\u00f3n de que El Salvador siga mejorando, construyendo un presente s\u00f3lido y un futuro extraordinario. Deseo que todo lo alcanzado permanezca, beneficie a las generaciones futuras y se convierta en un legado.<\/p>\n\n\n\n<p>Que el esfuerzo, la honestidad y la convicci\u00f3n sean parte de nuestra identidad.<\/p>\n\n\n\n<p>Que cada visi\u00f3n est\u00e9 puesta en Dios, quien abre los caminos y nos da prop\u00f3sito.<\/p>\n\n\n\n<p>El a\u00f1o que termina deja aprendizajes y experiencias valiosas, pero tambi\u00e9n nos llena de expectativa por lo que viene. Iniciar un nuevo ciclo nos invita a asumir retos con mejor actitud, disciplina y responsabilidad.<\/p>\n\n\n\n<p>Desde esta perspectiva, queridos amigos lectores, quiero compartirles algo:<\/p>\n\n\n\n<p>\u00a1Renuncio!<\/p>\n\n\n\n<p>S\u00ed, renuncio.<\/p>\n\n\n\n<p>Renuncio a desanimarme. Cada nuevo d\u00eda es un regalo de Dios, y as\u00ed lo recibir\u00e9.<\/p>\n\n\n\n<p>Renuncio a no dar mi mejor esfuerzo para que ni\u00f1os, j\u00f3venes y adultos conozcan su palabra y entiendan que la familia es su modelo eterno.<\/p>\n\n\n\n<p>Renuncio a perder la confianza en lo bueno.<\/p>\n\n\n\n<p>Renuncio a negar&nbsp;a Dios como Padre, a Jes\u00fas como Hijo y al Esp\u00edritu Santo como Consolador.<\/p>\n\n\n\n<p>Renuncio al pesimismo y el desorden.<\/p>\n\n\n\n<p>Renuncio a los pleitos, los rumores y la murmuraci\u00f3n.<\/p>\n\n\n\n<p>Renuncio a cargar&nbsp;con todo aquello que no suma en mi vida.<\/p>\n\n\n\n<p>Renuncio a la inconformidad y, en su lugar, me comprometo a esforzarme al m\u00e1ximo para cumplir mi prop\u00f3sito.<\/p>\n\n\n\n<p>Te invito a que t\u00fa tambi\u00e9n renuncies a lo que no te sirve. Deja atr\u00e1s todo lo que no necesitas llevar en este viaje hacia el nuevo a\u00f1o.<\/p>\n\n\n\n<p>Este 2025 estar\u00e1 lleno de oportunidades. No las dejemos pasar. Renovemos nuestra mentalidad, alejados de pasiones extremas, buscando siempre lo mejor para todos.<\/p>\n\n\n\n<p>Deseo de coraz\u00f3n que lo que viene sea bueno, pr\u00f3spero, positivo y extraordinario.<\/p>\n","protected":false},"excerpt":{"rendered":"<p>Un a\u00f1o termina, y con \u00e9l cerramos un ciclo, pero tambi\u00e9n&nbsp;iniciamos&nbsp;uno nuevo: una oportunidad fresca, una nueva temporada. Conf\u00edo en que este a\u00f1o que concluye haya sido bueno para ti y, si no fue as\u00ed, que haya dejado en tu vida reflexiones que te fortalezcan para este nuevo comienzo. Dar gracias por todo no siempre [&hellip;]<\/p>\n","protected":false},"author":3,"featured_media":18464,"comment_status":"open","ping_status":"open","sticky":false,"template":"","format":"standard","meta":[],"categories":[125],"tags":[],"yoast_head":"<!-- This site is optimized with the Yoast SEO plugin v20.8 - https:\/\/yoast.com\/wordpress\/plugins\/seo\/ -->\n<title>\u00a1\u00a1Renuncio!! - La Prensa Cristiana<\/title>\n<meta name=\"robots\" content=\"index, follow, max-snippet:-1, max-image-preview:large, max-video-preview:-1\" \/>\n<link rel=\"canonical\" href=\"https:\/\/laprensacristiana.com\/?p=18463\" \/>\n<meta property=\"og:locale\" content=\"es_ES\" \/>\n<meta property=\"og:type\" content=\"article\" \/>\n<meta property=\"og:title\" content=\"\u00a1\u00a1Renuncio!! - La Prensa Cristiana\" \/>\n<meta property=\"og:description\" content=\"Un a\u00f1o termina, y con \u00e9l cerramos un ciclo, pero tambi\u00e9n&nbsp;iniciamos&nbsp;uno nuevo: una oportunidad fresca, una nueva temporada. Conf\u00edo en que este a\u00f1o que concluye haya sido bueno para ti y, si no fue as\u00ed, que haya dejado en tu vida reflexiones que te fortalezcan para este nuevo comienzo. Dar gracias por todo no siempre [&hellip;]\" \/>\n<meta property=\"og:url\" content=\"https:\/\/laprensacristiana.com\/?p=18463\" \/>\n<meta property=\"og:site_name\" content=\"La Prensa Cristiana\" \/>\n<meta property=\"article:published_time\" content=\"2024-12-31T19:11:18+00:00\" \/>\n<meta property=\"og:image\" content=\"https:\/\/laprensacristiana.com\/wp-content\/uploads\/2024\/12\/D9A7D4B4-E7E5-4854-9ED1-99BD4286300A.png\" \/>\n\t<meta property=\"og:image:width\" content=\"719\" \/>\n\t<meta property=\"og:image:height\" content=\"540\" \/>\n\t<meta property=\"og:image:type\" content=\"image\/png\" \/>\n<meta name=\"author\" content=\"EDITOR\" \/>\n<meta name=\"twitter:card\" content=\"summary_large_image\" \/>\n<meta name=\"twitter:label1\" content=\"Escrito por\" \/>\n\t<meta name=\"twitter:data1\" content=\"EDITOR\" \/>\n\t<meta name=\"twitter:label2\" content=\"Tiempo de lectura\" \/>\n\t<meta name=\"twitter:data2\" content=\"2 minutos\" \/>\n<script type=\"application\/ld+json\" class=\"yoast-schema-graph\">{\"@context\":\"https:\/\/schema.org\",\"@graph\":[{\"@type\":\"WebPage\",\"@id\":\"https:\/\/laprensacristiana.com\/?p=18463\",\"url\":\"https:\/\/laprensacristiana.com\/?p=18463\",\"name\":\"\u00a1\u00a1Renuncio!! - La Prensa Cristiana\",\"isPartOf\":{\"@id\":\"https:\/\/laprensacristiana.com\/#website\"},\"datePublished\":\"2024-12-31T19:11:18+00:00\",\"dateModified\":\"2024-12-31T19:11:18+00:00\",\"author\":{\"@id\":\"https:\/\/laprensacristiana.com\/#\/schema\/person\/3e7d82c6bfd6b1fa67010f8f7cd5256e\"},\"breadcrumb\":{\"@id\":\"https:\/\/laprensacristiana.com\/?p=18463#breadcrumb\"},\"inLanguage\":\"es\",\"potentialAction\":[{\"@type\":\"ReadAction\",\"target\":[\"https:\/\/laprensacristiana.com\/?p=18463\"]}]},{\"@type\":\"BreadcrumbList\",\"@id\":\"https:\/\/laprensacristiana.com\/?p=18463#breadcrumb\",\"itemListElement\":[{\"@type\":\"ListItem\",\"position\":1,\"name\":\"Portada\",\"item\":\"https:\/\/laprensacristiana.com\/\"},{\"@type\":\"ListItem\",\"position\":2,\"name\":\"\u00a1\u00a1Renuncio!!\"}]},{\"@type\":\"WebSite\",\"@id\":\"https:\/\/laprensacristiana.com\/#website\",\"url\":\"https:\/\/laprensacristiana.com\/\",\"name\":\"La Prensa Cristiana\",\"description\":\"Anunciando Las Buenas Nuevas\",\"potentialAction\":[{\"@type\":\"SearchAction\",\"target\":{\"@type\":\"EntryPoint\",\"urlTemplate\":\"https:\/\/laprensacristiana.com\/?s={search_term_string}\"},\"query-input\":\"required name=search_term_string\"}],\"inLanguage\":\"es\"},{\"@type\":\"Person\",\"@id\":\"https:\/\/laprensacristiana.com\/#\/schema\/person\/3e7d82c6bfd6b1fa67010f8f7cd5256e\",\"name\":\"EDITOR\",\"image\":{\"@type\":\"ImageObject\",\"inLanguage\":\"es\",\"@id\":\"https:\/\/laprensacristiana.com\/#\/schema\/person\/image\/\",\"url\":\"https:\/\/secure.gravatar.com\/avatar\/72069dfb6c13772d9e8381e3638666d2?s=96&d=mm&r=g\",\"contentUrl\":\"https:\/\/secure.gravatar.com\/avatar\/72069dfb6c13772d9e8381e3638666d2?s=96&d=mm&r=g\",\"caption\":\"EDITOR\"},\"url\":\"https:\/\/laprensacristiana.com\/?author=3\"}]}<\/script>\n<!-- \/ Yoast SEO plugin. -->","yoast_head_json":{"title":"\u00a1\u00a1Renuncio!! - La Prensa Cristiana","robots":{"index":"index","follow":"follow","max-snippet":"max-snippet:-1","max-image-preview":"max-image-preview:large","max-video-preview":"max-video-preview:-1"},"canonical":"https:\/\/laprensacristiana.com\/?p=18463","og_locale":"es_ES","og_type":"article","og_title":"\u00a1\u00a1Renuncio!! - La Prensa Cristiana","og_description":"Un a\u00f1o termina, y con \u00e9l cerramos un ciclo, pero tambi\u00e9n&nbsp;iniciamos&nbsp;uno nuevo: una oportunidad fresca, una nueva temporada. Conf\u00edo en que este a\u00f1o que concluye haya sido bueno para ti y, si no fue as\u00ed, que haya dejado en tu vida reflexiones que te fortalezcan para este nuevo comienzo. Dar gracias por todo no siempre [&hellip;]","og_url":"https:\/\/laprensacristiana.com\/?p=18463","og_site_name":"La Prensa Cristiana","article_published_time":"2024-12-31T19:11:18+00:00","og_image":[{"width":719,"height":540,"url":"https:\/\/laprensacristiana.com\/wp-content\/uploads\/2024\/12\/D9A7D4B4-E7E5-4854-9ED1-99BD4286300A.png","type":"image\/png"}],"author":"EDITOR","twitter_card":"summary_large_image","twitter_misc":{"Escrito por":"EDITOR","Tiempo de lectura":"2 minutos"},"schema":{"@context":"https:\/\/schema.org","@graph":[{"@type":"WebPage","@id":"https:\/\/laprensacristiana.com\/?p=18463","url":"https:\/\/laprensacristiana.com\/?p=18463","name":"\u00a1\u00a1Renuncio!! - La Prensa Cristiana","isPartOf":{"@id":"https:\/\/laprensacristiana.com\/#website"},"datePublished":"2024-12-31T19:11:18+00:00","dateModified":"2024-12-31T19:11:18+00:00","author":{"@id":"https:\/\/laprensacristiana.com\/#\/schema\/person\/3e7d82c6bfd6b1fa67010f8f7cd5256e"},"breadcrumb":{"@id":"https:\/\/laprensacristiana.com\/?p=18463#breadcrumb"},"inLanguage":"es","potentialAction":[{"@type":"ReadAction","target":["https:\/\/laprensacristiana.com\/?p=18463"]}]},{"@type":"BreadcrumbList","@id":"https:\/\/laprensacristiana.com\/?p=18463#breadcrumb","itemListElement":[{"@type":"ListItem","position":1,"name":"Portada","item":"https:\/\/laprensacristiana.com\/"},{"@type":"ListItem","position":2,"name":"\u00a1\u00a1Renuncio!!"}]},{"@type":"WebSite","@id":"https:\/\/laprensacristiana.com\/#website","url":"https:\/\/laprensacristiana.com\/","name":"La Prensa Cristiana","description":"Anunciando Las Buenas Nuevas","potentialAction":[{"@type":"SearchAction","target":{"@type":"EntryPoint","urlTemplate":"https:\/\/laprensacristiana.com\/?s={search_term_string}"},"query-input":"required name=search_term_string"}],"inLanguage":"es"},{"@type":"Person","@id":"https:\/\/laprensacristiana.com\/#\/schema\/person\/3e7d82c6bfd6b1fa67010f8f7cd5256e","name":"EDITOR","image":{"@type":"ImageObject","inLanguage":"es","@id":"https:\/\/laprensacristiana.com\/#\/schema\/person\/image\/","url":"https:\/\/secure.gravatar.com\/avatar\/72069dfb6c13772d9e8381e3638666d2?s=96&d=mm&r=g","contentUrl":"https:\/\/secure.gravatar.com\/avatar\/72069dfb6c13772d9e8381e3638666d2?s=96&d=mm&r=g","caption":"EDITOR"},"url":"https:\/\/laprensacristiana.com\/?author=3"}]}},"_links":{"self":[{"href":"https:\/\/laprensacristiana.com\/index.php?rest_route=\/wp\/v2\/posts\/18463"}],"collection":[{"href":"https:\/\/laprensacristiana.com\/index.php?rest_route=\/wp\/v2\/posts"}],"about":[{"href":"https:\/\/laprensacristiana.com\/index.php?rest_route=\/wp\/v2\/types\/post"}],"author":[{"embeddable":true,"href":"https:\/\/laprensacristiana.com\/index.php?rest_route=\/wp\/v2\/users\/3"}],"replies":[{"embeddable":true,"href":"https:\/\/laprensacristiana.com\/index.php?rest_route=%2Fwp%2Fv2%2Fcomments&post=18463"}],"version-history":[{"count":1,"href":"https:\/\/laprensacristiana.com\/index.php?rest_route=\/wp\/v2\/posts\/18463\/revisions"}],"predecessor-version":[{"id":18465,"href":"https:\/\/laprensacristiana.com\/index.php?rest_route=\/wp\/v2\/posts\/18463\/revisions\/18465"}],"wp:featuredmedia":[{"embeddable":true,"href":"https:\/\/laprensacristiana.com\/index.php?rest_route=\/wp\/v2\/media\/18464"}],"wp:attachment":[{"href":"https:\/\/laprensacristiana.com\/index.php?rest_route=%2Fwp%2Fv2%2Fmedia&parent=18463"}],"wp:term":[{"taxonomy":"category","embeddable":true,"href":"https:\/\/laprensacristiana.com\/index.php?rest_route=%2Fwp%2Fv2%2Fcategories&post=18463"},{"taxonomy":"post_tag","embeddable":true,"href":"https:\/\/laprensacristiana.com\/index.php?rest_route=%2Fwp%2Fv2%2Ftags&post=18463"}],"curies":[{"name":"wp","href":"https:\/\/api.w.org\/{rel}","templated":true}]}}