{"id":18567,"date":"2025-02-17T17:58:59","date_gmt":"2025-02-17T17:58:59","guid":{"rendered":"https:\/\/laprensacristiana.com\/?p=18567"},"modified":"2025-02-17T17:58:59","modified_gmt":"2025-02-17T17:58:59","slug":"yo-miro-tu-gloria-la-nueva-produccion-de-luis-gerardo-aquino","status":"publish","type":"post","link":"https:\/\/laprensacristiana.com\/?p=18567","title":{"rendered":"\u00abYo miro tu gloria\u00bb la nueva producci\u00f3n de Luis Gerardo Aquino"},"content":{"rendered":"\n<p>El pastor y salmista Luis Gerardo Aquino, es un compositor y productor musical con una trayectoria de m\u00e1s de 20 a\u00f1os. Ha grabado cinco producciones de alabanza y adoraci\u00f3n: Tiempo de resplandecer (2010), Rey de las naciones (2014), Sesiones ac\u00fasticas (2015), Bajo la orden de Jehov\u00e1 (2017), y Yo miro tu gloria, que es su m\u00e1s reciente producci\u00f3n.<\/p>\n\n\n\n<p>\u201cEl \u00e1lbum \u00abYo miro tu gloria\u00bb celebra la exaltaci\u00f3n de Dios desde nuestra humanidad limitada hacia su infinita excelencia y majestad. A trav\u00e9s de las canciones, se busca transmitir el mensaje de un Dios trascendente que se hace inmanente, permiti\u00e9ndonos experimentar su gloria y su presencia en nuestras vidas cotidianas\u201d resalta Aquino.<\/p>\n\n\n\n<figure class=\"wp-block-image size-large\"><img decoding=\"async\" loading=\"lazy\" width=\"1024\" height=\"1024\" src=\"https:\/\/laprensacristiana.com\/wp-content\/uploads\/2025\/02\/LUIS-AQUINO-1-1024x1024.jpg\" alt=\"\" class=\"wp-image-18570\" srcset=\"https:\/\/laprensacristiana.com\/wp-content\/uploads\/2025\/02\/LUIS-AQUINO-1-1024x1024.jpg 1024w, https:\/\/laprensacristiana.com\/wp-content\/uploads\/2025\/02\/LUIS-AQUINO-1-300x300.jpg 300w, https:\/\/laprensacristiana.com\/wp-content\/uploads\/2025\/02\/LUIS-AQUINO-1-150x150.jpg 150w, https:\/\/laprensacristiana.com\/wp-content\/uploads\/2025\/02\/LUIS-AQUINO-1-768x768.jpg 768w, https:\/\/laprensacristiana.com\/wp-content\/uploads\/2025\/02\/LUIS-AQUINO-1-1536x1536.jpg 1536w, https:\/\/laprensacristiana.com\/wp-content\/uploads\/2025\/02\/LUIS-AQUINO-1-2048x2048.jpg 2048w, https:\/\/laprensacristiana.com\/wp-content\/uploads\/2025\/02\/LUIS-AQUINO-1-696x696.jpg 696w, https:\/\/laprensacristiana.com\/wp-content\/uploads\/2025\/02\/LUIS-AQUINO-1-1068x1068.jpg 1068w, https:\/\/laprensacristiana.com\/wp-content\/uploads\/2025\/02\/LUIS-AQUINO-1-1920x1920.jpg 1920w, https:\/\/laprensacristiana.com\/wp-content\/uploads\/2025\/02\/LUIS-AQUINO-1-600x600.jpg 600w, https:\/\/laprensacristiana.com\/wp-content\/uploads\/2025\/02\/LUIS-AQUINO-1-100x100.jpg 100w\" sizes=\"(max-width: 1024px) 100vw, 1024px\" \/><\/figure>\n\n\n\n<p>El proyecto consta de 13 tracks, que incluyen 9 canciones, 2 pistas instrumentales y una lectura b\u00edblica de Isa\u00edas 6. A lo largo de estos tracks, se narra un viaje espiritual que refleja c\u00f3mo Dios nos lleva a una nueva temporada de adoraci\u00f3n y comprensi\u00f3n de su inmenso amor y plan para nuestras vidas. Este \u00e1lbum adora la excelencia y la majestad de Cristo, mientras explora el poder prof\u00e9tico en la vida de la Iglesia.<\/p>\n\n\n\n<p>Cabe destacar que el salmista cuenta con otros proyectos que est\u00e1n pensados en expandir el mensaje de salvaci\u00f3n, para ello ha creado el Podcast: \u201cCon sonido de alabanza\u201d, que seg\u00fan explica es un podcast que trasciende la adoraci\u00f3n para explorar temas clave de la vida cristiana, como la iglesia, el ministerio y el llamado. A trav\u00e9s de ense\u00f1anzas, testimonios e<br>inspiraci\u00f3n b\u00edblica.<\/p>\n\n\n\n<figure class=\"wp-block-image size-large\"><img decoding=\"async\" loading=\"lazy\" width=\"1024\" height=\"1024\" src=\"https:\/\/laprensacristiana.com\/wp-content\/uploads\/2025\/02\/PORTADA-YO-MIRO-TU-GLORIA-1024x1024.jpg\" alt=\"\" class=\"wp-image-18569\" srcset=\"https:\/\/laprensacristiana.com\/wp-content\/uploads\/2025\/02\/PORTADA-YO-MIRO-TU-GLORIA-1024x1024.jpg 1024w, https:\/\/laprensacristiana.com\/wp-content\/uploads\/2025\/02\/PORTADA-YO-MIRO-TU-GLORIA-300x300.jpg 300w, https:\/\/laprensacristiana.com\/wp-content\/uploads\/2025\/02\/PORTADA-YO-MIRO-TU-GLORIA-150x150.jpg 150w, https:\/\/laprensacristiana.com\/wp-content\/uploads\/2025\/02\/PORTADA-YO-MIRO-TU-GLORIA-768x768.jpg 768w, https:\/\/laprensacristiana.com\/wp-content\/uploads\/2025\/02\/PORTADA-YO-MIRO-TU-GLORIA-1536x1536.jpg 1536w, https:\/\/laprensacristiana.com\/wp-content\/uploads\/2025\/02\/PORTADA-YO-MIRO-TU-GLORIA-2048x2048.jpg 2048w, https:\/\/laprensacristiana.com\/wp-content\/uploads\/2025\/02\/PORTADA-YO-MIRO-TU-GLORIA-696x696.jpg 696w, https:\/\/laprensacristiana.com\/wp-content\/uploads\/2025\/02\/PORTADA-YO-MIRO-TU-GLORIA-1068x1068.jpg 1068w, https:\/\/laprensacristiana.com\/wp-content\/uploads\/2025\/02\/PORTADA-YO-MIRO-TU-GLORIA-1920x1920.jpg 1920w, https:\/\/laprensacristiana.com\/wp-content\/uploads\/2025\/02\/PORTADA-YO-MIRO-TU-GLORIA-600x600.jpg 600w, https:\/\/laprensacristiana.com\/wp-content\/uploads\/2025\/02\/PORTADA-YO-MIRO-TU-GLORIA-100x100.jpg 100w\" sizes=\"(max-width: 1024px) 100vw, 1024px\" \/><\/figure>\n\n\n\n<p>&nbsp;\u201cAyudamos a los oyentes a comprender el prop\u00f3sito y el impacto de su fe en su relaci\u00f3n con Dios y en su entorno. Adem\u00e1s, invitamos a personas con un llamado poderoso para compartir sus experiencias y brindar inspiraci\u00f3n pr\u00e1ctica para vivir con prop\u00f3sito, pasi\u00f3n y una conexi\u00f3n profunda con el cielo\u201d, enfatiz\u00f3.<\/p>\n\n\n\n<p>Puedes contactarlo a trav\u00e9s de su n\u00famero telef\u00f3nico +503 7722 5016 o a trav\u00e9s de su correo: luisgerardoaquinocontacto<strong>@gmail.com<\/strong><\/p>\n\n\n\n<figure class=\"wp-block-embed is-type-video is-provider-youtube wp-block-embed-youtube wp-embed-aspect-16-9 wp-has-aspect-ratio\"><div class=\"wp-block-embed__wrapper\">\n<div class=\"youtube-embed\" data-video_id=\"a0Kkav5jy6U\"><iframe loading=\"lazy\" title=\"Luis Gerardo Aquino - Yo miro tu gloria (Video Oficial)\" width=\"696\" height=\"392\" src=\"https:\/\/www.youtube.com\/embed\/a0Kkav5jy6U?feature=oembed&#038;enablejsapi=1\" frameborder=\"0\" allow=\"accelerometer; autoplay; clipboard-write; encrypted-media; gyroscope; picture-in-picture; web-share\" referrerpolicy=\"strict-origin-when-cross-origin\" allowfullscreen><\/iframe><\/div>\n<\/div><\/figure>\n","protected":false},"excerpt":{"rendered":"<p>El pastor y salmista Luis Gerardo Aquino, es un compositor y productor musical con una trayectoria de m\u00e1s de 20 a\u00f1os. Ha grabado cinco producciones de alabanza y adoraci\u00f3n: Tiempo de resplandecer (2010), Rey de las naciones (2014), Sesiones ac\u00fasticas (2015), Bajo la orden de Jehov\u00e1 (2017), y Yo miro tu gloria, que es su [&hellip;]<\/p>\n","protected":false},"author":3,"featured_media":18568,"comment_status":"open","ping_status":"open","sticky":false,"template":"","format":"standard","meta":[],"categories":[114],"tags":[],"yoast_head":"<!-- This site is optimized with the Yoast SEO plugin v20.8 - https:\/\/yoast.com\/wordpress\/plugins\/seo\/ -->\n<title>\u00abYo miro tu gloria\u00bb la nueva producci\u00f3n de Luis Gerardo Aquino - La Prensa Cristiana<\/title>\n<meta name=\"robots\" content=\"index, follow, max-snippet:-1, max-image-preview:large, max-video-preview:-1\" \/>\n<link rel=\"canonical\" href=\"https:\/\/laprensacristiana.com\/?p=18567\" \/>\n<meta property=\"og:locale\" content=\"es_ES\" \/>\n<meta property=\"og:type\" content=\"article\" \/>\n<meta property=\"og:title\" content=\"\u00abYo miro tu gloria\u00bb la nueva producci\u00f3n de Luis Gerardo Aquino - La Prensa Cristiana\" \/>\n<meta property=\"og:description\" content=\"El pastor y salmista Luis Gerardo Aquino, es un compositor y productor musical con una trayectoria de m\u00e1s de 20 a\u00f1os. Ha grabado cinco producciones de alabanza y adoraci\u00f3n: Tiempo de resplandecer (2010), Rey de las naciones (2014), Sesiones ac\u00fasticas (2015), Bajo la orden de Jehov\u00e1 (2017), y Yo miro tu gloria, que es su [&hellip;]\" \/>\n<meta property=\"og:url\" content=\"https:\/\/laprensacristiana.com\/?p=18567\" \/>\n<meta property=\"og:site_name\" content=\"La Prensa Cristiana\" \/>\n<meta property=\"article:published_time\" content=\"2025-02-17T17:58:59+00:00\" \/>\n<meta property=\"og:image\" content=\"https:\/\/laprensacristiana.com\/wp-content\/uploads\/2025\/02\/FOTO-1-scaled.jpg\" \/>\n\t<meta property=\"og:image:width\" content=\"2560\" \/>\n\t<meta property=\"og:image:height\" content=\"1616\" \/>\n\t<meta property=\"og:image:type\" content=\"image\/jpeg\" \/>\n<meta name=\"author\" content=\"EDITOR\" \/>\n<meta name=\"twitter:card\" content=\"summary_large_image\" \/>\n<meta name=\"twitter:label1\" content=\"Escrito por\" \/>\n\t<meta name=\"twitter:data1\" content=\"EDITOR\" \/>\n\t<meta name=\"twitter:label2\" content=\"Tiempo de lectura\" \/>\n\t<meta name=\"twitter:data2\" content=\"2 minutos\" \/>\n<script type=\"application\/ld+json\" class=\"yoast-schema-graph\">{\"@context\":\"https:\/\/schema.org\",\"@graph\":[{\"@type\":\"WebPage\",\"@id\":\"https:\/\/laprensacristiana.com\/?p=18567\",\"url\":\"https:\/\/laprensacristiana.com\/?p=18567\",\"name\":\"\u00abYo miro tu gloria\u00bb la nueva producci\u00f3n de Luis Gerardo Aquino - La Prensa Cristiana\",\"isPartOf\":{\"@id\":\"https:\/\/laprensacristiana.com\/#website\"},\"datePublished\":\"2025-02-17T17:58:59+00:00\",\"dateModified\":\"2025-02-17T17:58:59+00:00\",\"author\":{\"@id\":\"https:\/\/laprensacristiana.com\/#\/schema\/person\/3e7d82c6bfd6b1fa67010f8f7cd5256e\"},\"breadcrumb\":{\"@id\":\"https:\/\/laprensacristiana.com\/?p=18567#breadcrumb\"},\"inLanguage\":\"es\",\"potentialAction\":[{\"@type\":\"ReadAction\",\"target\":[\"https:\/\/laprensacristiana.com\/?p=18567\"]}]},{\"@type\":\"BreadcrumbList\",\"@id\":\"https:\/\/laprensacristiana.com\/?p=18567#breadcrumb\",\"itemListElement\":[{\"@type\":\"ListItem\",\"position\":1,\"name\":\"Portada\",\"item\":\"https:\/\/laprensacristiana.com\/\"},{\"@type\":\"ListItem\",\"position\":2,\"name\":\"\u00abYo miro tu gloria\u00bb la nueva producci\u00f3n de Luis Gerardo Aquino\"}]},{\"@type\":\"WebSite\",\"@id\":\"https:\/\/laprensacristiana.com\/#website\",\"url\":\"https:\/\/laprensacristiana.com\/\",\"name\":\"La Prensa Cristiana\",\"description\":\"Anunciando Las Buenas Nuevas\",\"potentialAction\":[{\"@type\":\"SearchAction\",\"target\":{\"@type\":\"EntryPoint\",\"urlTemplate\":\"https:\/\/laprensacristiana.com\/?s={search_term_string}\"},\"query-input\":\"required name=search_term_string\"}],\"inLanguage\":\"es\"},{\"@type\":\"Person\",\"@id\":\"https:\/\/laprensacristiana.com\/#\/schema\/person\/3e7d82c6bfd6b1fa67010f8f7cd5256e\",\"name\":\"EDITOR\",\"image\":{\"@type\":\"ImageObject\",\"inLanguage\":\"es\",\"@id\":\"https:\/\/laprensacristiana.com\/#\/schema\/person\/image\/\",\"url\":\"https:\/\/secure.gravatar.com\/avatar\/72069dfb6c13772d9e8381e3638666d2?s=96&d=mm&r=g\",\"contentUrl\":\"https:\/\/secure.gravatar.com\/avatar\/72069dfb6c13772d9e8381e3638666d2?s=96&d=mm&r=g\",\"caption\":\"EDITOR\"},\"url\":\"https:\/\/laprensacristiana.com\/?author=3\"}]}<\/script>\n<!-- \/ Yoast SEO plugin. -->","yoast_head_json":{"title":"\u00abYo miro tu gloria\u00bb la nueva producci\u00f3n de Luis Gerardo Aquino - La Prensa Cristiana","robots":{"index":"index","follow":"follow","max-snippet":"max-snippet:-1","max-image-preview":"max-image-preview:large","max-video-preview":"max-video-preview:-1"},"canonical":"https:\/\/laprensacristiana.com\/?p=18567","og_locale":"es_ES","og_type":"article","og_title":"\u00abYo miro tu gloria\u00bb la nueva producci\u00f3n de Luis Gerardo Aquino - La Prensa Cristiana","og_description":"El pastor y salmista Luis Gerardo Aquino, es un compositor y productor musical con una trayectoria de m\u00e1s de 20 a\u00f1os. Ha grabado cinco producciones de alabanza y adoraci\u00f3n: Tiempo de resplandecer (2010), Rey de las naciones (2014), Sesiones ac\u00fasticas (2015), Bajo la orden de Jehov\u00e1 (2017), y Yo miro tu gloria, que es su [&hellip;]","og_url":"https:\/\/laprensacristiana.com\/?p=18567","og_site_name":"La Prensa Cristiana","article_published_time":"2025-02-17T17:58:59+00:00","og_image":[{"width":2560,"height":1616,"url":"https:\/\/laprensacristiana.com\/wp-content\/uploads\/2025\/02\/FOTO-1-scaled.jpg","type":"image\/jpeg"}],"author":"EDITOR","twitter_card":"summary_large_image","twitter_misc":{"Escrito por":"EDITOR","Tiempo de lectura":"2 minutos"},"schema":{"@context":"https:\/\/schema.org","@graph":[{"@type":"WebPage","@id":"https:\/\/laprensacristiana.com\/?p=18567","url":"https:\/\/laprensacristiana.com\/?p=18567","name":"\u00abYo miro tu gloria\u00bb la nueva producci\u00f3n de Luis Gerardo Aquino - La Prensa Cristiana","isPartOf":{"@id":"https:\/\/laprensacristiana.com\/#website"},"datePublished":"2025-02-17T17:58:59+00:00","dateModified":"2025-02-17T17:58:59+00:00","author":{"@id":"https:\/\/laprensacristiana.com\/#\/schema\/person\/3e7d82c6bfd6b1fa67010f8f7cd5256e"},"breadcrumb":{"@id":"https:\/\/laprensacristiana.com\/?p=18567#breadcrumb"},"inLanguage":"es","potentialAction":[{"@type":"ReadAction","target":["https:\/\/laprensacristiana.com\/?p=18567"]}]},{"@type":"BreadcrumbList","@id":"https:\/\/laprensacristiana.com\/?p=18567#breadcrumb","itemListElement":[{"@type":"ListItem","position":1,"name":"Portada","item":"https:\/\/laprensacristiana.com\/"},{"@type":"ListItem","position":2,"name":"\u00abYo miro tu gloria\u00bb la nueva producci\u00f3n de Luis Gerardo Aquino"}]},{"@type":"WebSite","@id":"https:\/\/laprensacristiana.com\/#website","url":"https:\/\/laprensacristiana.com\/","name":"La Prensa Cristiana","description":"Anunciando Las Buenas Nuevas","potentialAction":[{"@type":"SearchAction","target":{"@type":"EntryPoint","urlTemplate":"https:\/\/laprensacristiana.com\/?s={search_term_string}"},"query-input":"required name=search_term_string"}],"inLanguage":"es"},{"@type":"Person","@id":"https:\/\/laprensacristiana.com\/#\/schema\/person\/3e7d82c6bfd6b1fa67010f8f7cd5256e","name":"EDITOR","image":{"@type":"ImageObject","inLanguage":"es","@id":"https:\/\/laprensacristiana.com\/#\/schema\/person\/image\/","url":"https:\/\/secure.gravatar.com\/avatar\/72069dfb6c13772d9e8381e3638666d2?s=96&d=mm&r=g","contentUrl":"https:\/\/secure.gravatar.com\/avatar\/72069dfb6c13772d9e8381e3638666d2?s=96&d=mm&r=g","caption":"EDITOR"},"url":"https:\/\/laprensacristiana.com\/?author=3"}]}},"_links":{"self":[{"href":"https:\/\/laprensacristiana.com\/index.php?rest_route=\/wp\/v2\/posts\/18567"}],"collection":[{"href":"https:\/\/laprensacristiana.com\/index.php?rest_route=\/wp\/v2\/posts"}],"about":[{"href":"https:\/\/laprensacristiana.com\/index.php?rest_route=\/wp\/v2\/types\/post"}],"author":[{"embeddable":true,"href":"https:\/\/laprensacristiana.com\/index.php?rest_route=\/wp\/v2\/users\/3"}],"replies":[{"embeddable":true,"href":"https:\/\/laprensacristiana.com\/index.php?rest_route=%2Fwp%2Fv2%2Fcomments&post=18567"}],"version-history":[{"count":1,"href":"https:\/\/laprensacristiana.com\/index.php?rest_route=\/wp\/v2\/posts\/18567\/revisions"}],"predecessor-version":[{"id":18571,"href":"https:\/\/laprensacristiana.com\/index.php?rest_route=\/wp\/v2\/posts\/18567\/revisions\/18571"}],"wp:featuredmedia":[{"embeddable":true,"href":"https:\/\/laprensacristiana.com\/index.php?rest_route=\/wp\/v2\/media\/18568"}],"wp:attachment":[{"href":"https:\/\/laprensacristiana.com\/index.php?rest_route=%2Fwp%2Fv2%2Fmedia&parent=18567"}],"wp:term":[{"taxonomy":"category","embeddable":true,"href":"https:\/\/laprensacristiana.com\/index.php?rest_route=%2Fwp%2Fv2%2Fcategories&post=18567"},{"taxonomy":"post_tag","embeddable":true,"href":"https:\/\/laprensacristiana.com\/index.php?rest_route=%2Fwp%2Fv2%2Ftags&post=18567"}],"curies":[{"name":"wp","href":"https:\/\/api.w.org\/{rel}","templated":true}]}}