{"id":1858,"date":"2016-11-03T22:21:04","date_gmt":"2016-11-03T22:21:04","guid":{"rendered":"https:\/\/laprensacristiana.com\/?p=1858"},"modified":"2020-07-02T01:32:31","modified_gmt":"2020-07-02T01:32:31","slug":"3er-congreso-avivamiento-el-salvador","status":"publish","type":"post","link":"https:\/\/laprensacristiana.com\/?p=1858","title":{"rendered":"3er Congreso avivamiento El Salvador"},"content":{"rendered":"<p>El martes en las instalaciones del Centro de Ferias y Convenciones (CIFCO), se desarroll\u00f3 por tercera ocasi\u00f3n el Congreso de avivamiento para El Salvador, dentro del cual, se reunieron iglesias de diferentes denominaciones como Cana\u00e1n, Rey David, Asambleas de Dios, Misi\u00f3n Cristiana Shekin\u00e1, etc.<\/p>\n<p><img decoding=\"async\" loading=\"lazy\" class=\"size-medium wp-image-1862 aligncenter\" src=\"https:\/\/laprensacristiana.com\/wp-content\/uploads\/2016\/11\/3-CONGRESO-2-300x180.jpg\" alt=\"3 CONGRESO 2\" width=\"300\" height=\"180\" srcset=\"https:\/\/laprensacristiana.com\/wp-content\/uploads\/2016\/11\/3-CONGRESO-2-300x180.jpg 300w, https:\/\/laprensacristiana.com\/wp-content\/uploads\/2016\/11\/3-CONGRESO-2-600x360.jpg 600w, https:\/\/laprensacristiana.com\/wp-content\/uploads\/2016\/11\/3-CONGRESO-2-768x461.jpg 768w, https:\/\/laprensacristiana.com\/wp-content\/uploads\/2016\/11\/3-CONGRESO-2-1024x614.jpg 1024w, https:\/\/laprensacristiana.com\/wp-content\/uploads\/2016\/11\/3-CONGRESO-2-696x417.jpg 696w, https:\/\/laprensacristiana.com\/wp-content\/uploads\/2016\/11\/3-CONGRESO-2-700x420.jpg 700w, https:\/\/laprensacristiana.com\/wp-content\/uploads\/2016\/11\/3-CONGRESO-2.jpg 1067w\" sizes=\"(max-width: 300px) 100vw, 300px\" \/>Teniendo un solo objetivo, avivar la fe que tiene la iglesia evang\u00e9lica en el pa\u00eds y que est\u00e1 crezca en compromiso con Dios. En este evento hubo predicas, oraciones y alabanzas.<img decoding=\"async\" loading=\"lazy\" class=\"size-medium wp-image-1863 aligncenter\" src=\"https:\/\/laprensacristiana.com\/wp-content\/uploads\/2016\/11\/3-CONGRESO-3-300x209.jpg\" alt=\"3 CONGRESO 3\" width=\"300\" height=\"209\" srcset=\"https:\/\/laprensacristiana.com\/wp-content\/uploads\/2016\/11\/3-CONGRESO-3-300x209.jpg 300w, https:\/\/laprensacristiana.com\/wp-content\/uploads\/2016\/11\/3-CONGRESO-3-600x418.jpg 600w, https:\/\/laprensacristiana.com\/wp-content\/uploads\/2016\/11\/3-CONGRESO-3-768x535.jpg 768w, https:\/\/laprensacristiana.com\/wp-content\/uploads\/2016\/11\/3-CONGRESO-3-100x70.jpg 100w, https:\/\/laprensacristiana.com\/wp-content\/uploads\/2016\/11\/3-CONGRESO-3-696x484.jpg 696w, https:\/\/laprensacristiana.com\/wp-content\/uploads\/2016\/11\/3-CONGRESO-3-603x420.jpg 603w, https:\/\/laprensacristiana.com\/wp-content\/uploads\/2016\/11\/3-CONGRESO-3.jpg 987w\" sizes=\"(max-width: 300px) 100vw, 300px\" \/><\/p>\n<p>Adem\u00e1s se cont\u00f3 con la presencia de conferencistas invitados, como Vadim Pekum desde Rusia y Marilyn Galeano, \u00a0del pa\u00eds hermano, Honduras.<\/p>\n<figure id=\"attachment_1860\" aria-describedby=\"caption-attachment-1860\" style=\"width: 300px\" class=\"wp-caption alignleft\"><img decoding=\"async\" loading=\"lazy\" class=\"size-medium wp-image-1860\" src=\"https:\/\/laprensacristiana.com\/wp-content\/uploads\/2016\/11\/3-CONGRESO-4-300x292.jpg\" alt=\"Neftal\u00ed Alvarenga \" width=\"300\" height=\"292\" srcset=\"https:\/\/laprensacristiana.com\/wp-content\/uploads\/2016\/11\/3-CONGRESO-4-300x292.jpg 300w, https:\/\/laprensacristiana.com\/wp-content\/uploads\/2016\/11\/3-CONGRESO-4-600x584.jpg 600w, https:\/\/laprensacristiana.com\/wp-content\/uploads\/2016\/11\/3-CONGRESO-4-768x747.jpg 768w, https:\/\/laprensacristiana.com\/wp-content\/uploads\/2016\/11\/3-CONGRESO-4-696x677.jpg 696w, https:\/\/laprensacristiana.com\/wp-content\/uploads\/2016\/11\/3-CONGRESO-4-432x420.jpg 432w, https:\/\/laprensacristiana.com\/wp-content\/uploads\/2016\/11\/3-CONGRESO-4.jpg 840w\" sizes=\"(max-width: 300px) 100vw, 300px\" \/><figcaption id=\"caption-attachment-1860\" class=\"wp-caption-text\">Neftal\u00ed Alvarenga<\/figcaption><\/figure>\n<p>El Pastor Neftal\u00ed Alvarenga de Misi\u00f3n Cristiana Shekin\u00e1, comparte la motivaci\u00f3n de esta actividad y es: \u201cActivar a la iglesia a que se mas adoradora y que por supuesto influya m\u00e1s en la naci\u00f3n. Por esta raz\u00f3n estamos convocando pastores, l\u00edderes y hermanos que realmente aman al pa\u00eds\u201d.<\/p>\n<p>&nbsp;<\/p>\n<p>&nbsp;<\/p>\n<figure id=\"attachment_1829\" aria-describedby=\"caption-attachment-1829\" style=\"width: 280px\" class=\"wp-caption alignright\"><img decoding=\"async\" loading=\"lazy\" class=\"size-medium wp-image-1829\" src=\"https:\/\/laprensacristiana.com\/wp-content\/uploads\/2016\/11\/JOSUE-ANAYA-280x300.jpg\" alt=\"Josu\u00e9 Anaya\" width=\"280\" height=\"300\" srcset=\"https:\/\/laprensacristiana.com\/wp-content\/uploads\/2016\/11\/JOSUE-ANAYA-280x300.jpg 280w, https:\/\/laprensacristiana.com\/wp-content\/uploads\/2016\/11\/JOSUE-ANAYA-600x642.jpg 600w, https:\/\/laprensacristiana.com\/wp-content\/uploads\/2016\/11\/JOSUE-ANAYA-768x822.jpg 768w, https:\/\/laprensacristiana.com\/wp-content\/uploads\/2016\/11\/JOSUE-ANAYA-696x745.jpg 696w, https:\/\/laprensacristiana.com\/wp-content\/uploads\/2016\/11\/JOSUE-ANAYA-392x420.jpg 392w, https:\/\/laprensacristiana.com\/wp-content\/uploads\/2016\/11\/JOSUE-ANAYA.jpg 808w\" sizes=\"(max-width: 280px) 100vw, 280px\" \/><figcaption id=\"caption-attachment-1829\" class=\"wp-caption-text\">Josu\u00e9 Anaya<\/figcaption><\/figure>\n<p>\u201cQue la iglesia viva o reviva, pareciera que la iglesia se ha estancado, queremos que la iglesia enfrente un nuevo despertar\u201d. Dijo el Pastor David Anaya, de la Iglesia Rey David. Con esta actividad, se pretendi\u00f3 proveer las herramientas para un crecimiento espiritual y num\u00e9rico.<\/p>\n<p>Cada Pastor asistente, paso al frente a orar, entre las peticiones al Se\u00f1or estuvieron: un cese a la delincuencia, el perd\u00f3n por los Pastores,la uni\u00f3n del pa\u00eds y por el levantamiento de la iglesia.<\/p>\n<p>Mario Granados, Pastor del Ministerio Cristiano Cana\u00e1n Soyapango, menciona que \u201ceste acto fue la continuidad en estos tiempos finales, donde se ha perdido bastante la visi\u00f3n de la gran comisi\u00f3n evang\u00e9lica; ya que el enemigo ha estado deteniendo la labor de los cristianos\u201d.<\/p>\n<figure id=\"attachment_1861\" aria-describedby=\"caption-attachment-1861\" style=\"width: 183px\" class=\"wp-caption aligncenter\"><img decoding=\"async\" loading=\"lazy\" class=\"size-medium wp-image-1861\" src=\"https:\/\/laprensacristiana.com\/wp-content\/uploads\/2016\/11\/IMG_0600-183x300.jpg\" alt=\"Mario Granados\" width=\"183\" height=\"300\" srcset=\"https:\/\/laprensacristiana.com\/wp-content\/uploads\/2016\/11\/IMG_0600-183x300.jpg 183w, https:\/\/laprensacristiana.com\/wp-content\/uploads\/2016\/11\/IMG_0600-600x982.jpg 600w, https:\/\/laprensacristiana.com\/wp-content\/uploads\/2016\/11\/IMG_0600-626x1024.jpg 626w, https:\/\/laprensacristiana.com\/wp-content\/uploads\/2016\/11\/IMG_0600-257x420.jpg 257w, https:\/\/laprensacristiana.com\/wp-content\/uploads\/2016\/11\/IMG_0600.jpg 651w\" sizes=\"(max-width: 183px) 100vw, 183px\" \/><figcaption id=\"caption-attachment-1861\" class=\"wp-caption-text\">Mario Granados<\/figcaption><\/figure>\n<p>&nbsp;<\/p>\n","protected":false},"excerpt":{"rendered":"<p>El martes en las instalaciones del Centro de Ferias y Convenciones (CIFCO), se desarroll\u00f3 por tercera ocasi\u00f3n el Congreso de avivamiento para El Salvador, dentro del cual, se reunieron iglesias de diferentes denominaciones como Cana\u00e1n, Rey David, Asambleas de Dios, Misi\u00f3n Cristiana Shekin\u00e1, etc. Teniendo un solo objetivo, avivar la fe que tiene la iglesia [&hellip;]<\/p>\n","protected":false},"author":3,"featured_media":1859,"comment_status":"open","ping_status":"open","sticky":false,"template":"","format":"standard","meta":[],"categories":[56],"tags":[],"yoast_head":"<!-- This site is optimized with the Yoast SEO plugin v20.8 - https:\/\/yoast.com\/wordpress\/plugins\/seo\/ -->\n<title>3er Congreso avivamiento El Salvador - La Prensa Cristiana<\/title>\n<meta name=\"robots\" content=\"index, follow, max-snippet:-1, max-image-preview:large, max-video-preview:-1\" \/>\n<link rel=\"canonical\" href=\"https:\/\/laprensacristiana.com\/?p=1858\" \/>\n<meta property=\"og:locale\" content=\"es_ES\" \/>\n<meta property=\"og:type\" content=\"article\" \/>\n<meta property=\"og:title\" content=\"3er Congreso avivamiento El Salvador - La Prensa Cristiana\" \/>\n<meta property=\"og:description\" content=\"El martes en las instalaciones del Centro de Ferias y Convenciones (CIFCO), se desarroll\u00f3 por tercera ocasi\u00f3n el Congreso de avivamiento para El Salvador, dentro del cual, se reunieron iglesias de diferentes denominaciones como Cana\u00e1n, Rey David, Asambleas de Dios, Misi\u00f3n Cristiana Shekin\u00e1, etc. Teniendo un solo objetivo, avivar la fe que tiene la iglesia [&hellip;]\" \/>\n<meta property=\"og:url\" content=\"https:\/\/laprensacristiana.com\/?p=1858\" \/>\n<meta property=\"og:site_name\" content=\"La Prensa Cristiana\" \/>\n<meta property=\"article:published_time\" content=\"2016-11-03T22:21:04+00:00\" \/>\n<meta property=\"article:modified_time\" content=\"2020-07-02T01:32:31+00:00\" \/>\n<meta property=\"og:image\" content=\"https:\/\/laprensacristiana.com\/wp-content\/uploads\/2016\/11\/3-CONGRESO-1.jpg\" \/>\n\t<meta property=\"og:image:width\" content=\"984\" \/>\n\t<meta property=\"og:image:height\" content=\"699\" \/>\n\t<meta property=\"og:image:type\" content=\"image\/jpeg\" \/>\n<meta name=\"author\" content=\"EDITOR\" \/>\n<meta name=\"twitter:card\" content=\"summary_large_image\" \/>\n<meta name=\"twitter:label1\" content=\"Escrito por\" \/>\n\t<meta name=\"twitter:data1\" content=\"EDITOR\" \/>\n\t<meta name=\"twitter:label2\" content=\"Tiempo de lectura\" \/>\n\t<meta name=\"twitter:data2\" content=\"2 minutos\" \/>\n<script type=\"application\/ld+json\" class=\"yoast-schema-graph\">{\"@context\":\"https:\/\/schema.org\",\"@graph\":[{\"@type\":\"WebPage\",\"@id\":\"https:\/\/laprensacristiana.com\/?p=1858\",\"url\":\"https:\/\/laprensacristiana.com\/?p=1858\",\"name\":\"3er Congreso avivamiento El Salvador - La Prensa Cristiana\",\"isPartOf\":{\"@id\":\"https:\/\/laprensacristiana.com\/#website\"},\"datePublished\":\"2016-11-03T22:21:04+00:00\",\"dateModified\":\"2020-07-02T01:32:31+00:00\",\"author\":{\"@id\":\"https:\/\/laprensacristiana.com\/#\/schema\/person\/3e7d82c6bfd6b1fa67010f8f7cd5256e\"},\"breadcrumb\":{\"@id\":\"https:\/\/laprensacristiana.com\/?p=1858#breadcrumb\"},\"inLanguage\":\"es\",\"potentialAction\":[{\"@type\":\"ReadAction\",\"target\":[\"https:\/\/laprensacristiana.com\/?p=1858\"]}]},{\"@type\":\"BreadcrumbList\",\"@id\":\"https:\/\/laprensacristiana.com\/?p=1858#breadcrumb\",\"itemListElement\":[{\"@type\":\"ListItem\",\"position\":1,\"name\":\"Portada\",\"item\":\"https:\/\/laprensacristiana.com\/\"},{\"@type\":\"ListItem\",\"position\":2,\"name\":\"3er Congreso avivamiento El Salvador\"}]},{\"@type\":\"WebSite\",\"@id\":\"https:\/\/laprensacristiana.com\/#website\",\"url\":\"https:\/\/laprensacristiana.com\/\",\"name\":\"La Prensa Cristiana\",\"description\":\"Anunciando Las Buenas Nuevas\",\"potentialAction\":[{\"@type\":\"SearchAction\",\"target\":{\"@type\":\"EntryPoint\",\"urlTemplate\":\"https:\/\/laprensacristiana.com\/?s={search_term_string}\"},\"query-input\":\"required name=search_term_string\"}],\"inLanguage\":\"es\"},{\"@type\":\"Person\",\"@id\":\"https:\/\/laprensacristiana.com\/#\/schema\/person\/3e7d82c6bfd6b1fa67010f8f7cd5256e\",\"name\":\"EDITOR\",\"image\":{\"@type\":\"ImageObject\",\"inLanguage\":\"es\",\"@id\":\"https:\/\/laprensacristiana.com\/#\/schema\/person\/image\/\",\"url\":\"https:\/\/secure.gravatar.com\/avatar\/72069dfb6c13772d9e8381e3638666d2?s=96&d=mm&r=g\",\"contentUrl\":\"https:\/\/secure.gravatar.com\/avatar\/72069dfb6c13772d9e8381e3638666d2?s=96&d=mm&r=g\",\"caption\":\"EDITOR\"},\"url\":\"https:\/\/laprensacristiana.com\/?author=3\"}]}<\/script>\n<!-- \/ Yoast SEO plugin. -->","yoast_head_json":{"title":"3er Congreso avivamiento El Salvador - La Prensa Cristiana","robots":{"index":"index","follow":"follow","max-snippet":"max-snippet:-1","max-image-preview":"max-image-preview:large","max-video-preview":"max-video-preview:-1"},"canonical":"https:\/\/laprensacristiana.com\/?p=1858","og_locale":"es_ES","og_type":"article","og_title":"3er Congreso avivamiento El Salvador - La Prensa Cristiana","og_description":"El martes en las instalaciones del Centro de Ferias y Convenciones (CIFCO), se desarroll\u00f3 por tercera ocasi\u00f3n el Congreso de avivamiento para El Salvador, dentro del cual, se reunieron iglesias de diferentes denominaciones como Cana\u00e1n, Rey David, Asambleas de Dios, Misi\u00f3n Cristiana Shekin\u00e1, etc. Teniendo un solo objetivo, avivar la fe que tiene la iglesia [&hellip;]","og_url":"https:\/\/laprensacristiana.com\/?p=1858","og_site_name":"La Prensa Cristiana","article_published_time":"2016-11-03T22:21:04+00:00","article_modified_time":"2020-07-02T01:32:31+00:00","og_image":[{"width":984,"height":699,"url":"https:\/\/laprensacristiana.com\/wp-content\/uploads\/2016\/11\/3-CONGRESO-1.jpg","type":"image\/jpeg"}],"author":"EDITOR","twitter_card":"summary_large_image","twitter_misc":{"Escrito por":"EDITOR","Tiempo de lectura":"2 minutos"},"schema":{"@context":"https:\/\/schema.org","@graph":[{"@type":"WebPage","@id":"https:\/\/laprensacristiana.com\/?p=1858","url":"https:\/\/laprensacristiana.com\/?p=1858","name":"3er Congreso avivamiento El Salvador - La Prensa Cristiana","isPartOf":{"@id":"https:\/\/laprensacristiana.com\/#website"},"datePublished":"2016-11-03T22:21:04+00:00","dateModified":"2020-07-02T01:32:31+00:00","author":{"@id":"https:\/\/laprensacristiana.com\/#\/schema\/person\/3e7d82c6bfd6b1fa67010f8f7cd5256e"},"breadcrumb":{"@id":"https:\/\/laprensacristiana.com\/?p=1858#breadcrumb"},"inLanguage":"es","potentialAction":[{"@type":"ReadAction","target":["https:\/\/laprensacristiana.com\/?p=1858"]}]},{"@type":"BreadcrumbList","@id":"https:\/\/laprensacristiana.com\/?p=1858#breadcrumb","itemListElement":[{"@type":"ListItem","position":1,"name":"Portada","item":"https:\/\/laprensacristiana.com\/"},{"@type":"ListItem","position":2,"name":"3er Congreso avivamiento El Salvador"}]},{"@type":"WebSite","@id":"https:\/\/laprensacristiana.com\/#website","url":"https:\/\/laprensacristiana.com\/","name":"La Prensa Cristiana","description":"Anunciando Las Buenas Nuevas","potentialAction":[{"@type":"SearchAction","target":{"@type":"EntryPoint","urlTemplate":"https:\/\/laprensacristiana.com\/?s={search_term_string}"},"query-input":"required name=search_term_string"}],"inLanguage":"es"},{"@type":"Person","@id":"https:\/\/laprensacristiana.com\/#\/schema\/person\/3e7d82c6bfd6b1fa67010f8f7cd5256e","name":"EDITOR","image":{"@type":"ImageObject","inLanguage":"es","@id":"https:\/\/laprensacristiana.com\/#\/schema\/person\/image\/","url":"https:\/\/secure.gravatar.com\/avatar\/72069dfb6c13772d9e8381e3638666d2?s=96&d=mm&r=g","contentUrl":"https:\/\/secure.gravatar.com\/avatar\/72069dfb6c13772d9e8381e3638666d2?s=96&d=mm&r=g","caption":"EDITOR"},"url":"https:\/\/laprensacristiana.com\/?author=3"}]}},"_links":{"self":[{"href":"https:\/\/laprensacristiana.com\/index.php?rest_route=\/wp\/v2\/posts\/1858"}],"collection":[{"href":"https:\/\/laprensacristiana.com\/index.php?rest_route=\/wp\/v2\/posts"}],"about":[{"href":"https:\/\/laprensacristiana.com\/index.php?rest_route=\/wp\/v2\/types\/post"}],"author":[{"embeddable":true,"href":"https:\/\/laprensacristiana.com\/index.php?rest_route=\/wp\/v2\/users\/3"}],"replies":[{"embeddable":true,"href":"https:\/\/laprensacristiana.com\/index.php?rest_route=%2Fwp%2Fv2%2Fcomments&post=1858"}],"version-history":[{"count":2,"href":"https:\/\/laprensacristiana.com\/index.php?rest_route=\/wp\/v2\/posts\/1858\/revisions"}],"predecessor-version":[{"id":1865,"href":"https:\/\/laprensacristiana.com\/index.php?rest_route=\/wp\/v2\/posts\/1858\/revisions\/1865"}],"wp:featuredmedia":[{"embeddable":true,"href":"https:\/\/laprensacristiana.com\/index.php?rest_route=\/wp\/v2\/media\/1859"}],"wp:attachment":[{"href":"https:\/\/laprensacristiana.com\/index.php?rest_route=%2Fwp%2Fv2%2Fmedia&parent=1858"}],"wp:term":[{"taxonomy":"category","embeddable":true,"href":"https:\/\/laprensacristiana.com\/index.php?rest_route=%2Fwp%2Fv2%2Fcategories&post=1858"},{"taxonomy":"post_tag","embeddable":true,"href":"https:\/\/laprensacristiana.com\/index.php?rest_route=%2Fwp%2Fv2%2Ftags&post=1858"}],"curies":[{"name":"wp","href":"https:\/\/api.w.org\/{rel}","templated":true}]}}