{"id":18583,"date":"2025-02-18T22:06:17","date_gmt":"2025-02-18T22:06:17","guid":{"rendered":"https:\/\/laprensacristiana.com\/?p=18583"},"modified":"2025-02-18T22:06:18","modified_gmt":"2025-02-18T22:06:18","slug":"obed-moran-lanza-dios-de-milagros","status":"publish","type":"post","link":"https:\/\/laprensacristiana.com\/?p=18583","title":{"rendered":"Obed Mor\u00e1n lanza: \u201cDios de Milagros\u201d"},"content":{"rendered":"\n<p>Obed Mor\u00e1n es un apasionado pastor, compositor y cantante cristiano salvadore\u00f1o. Como hijo de pastores, creci\u00f3 en un hogar fundamentado en el amor y los valores cristianos, lo que molde\u00f3 su vocaci\u00f3n por llevar el mensaje de esperanza y transformaci\u00f3n a trav\u00e9s del<br>Evangelio.<\/p>\n\n\n\n<p>Hace unos a\u00f1os, su vida dio un giro inesperado cuando sufri\u00f3 un aparatoso accidente de tr\u00e1nsito. Este evento no solo marc\u00f3 un antes y un despu\u00e9s en su trayectoria, sino que tambi\u00e9n se convirti\u00f3 en un poderoso testimonio de la gracia y el poder restaurador de Dios. Su recuperaci\u00f3n, considerada un milagro, le permiti\u00f3 seguir cumpliendo su misi\u00f3n de inspirar a otros.<\/p>\n\n\n\n<p>En ese contexto, Obed lanza su nuevo single Dios de Milagros, una balada rock que combina intensidad emocional con arreglos contempor\u00e1neos. Este tema, que Obed compuso con el apoyo incondicional y estrat\u00e9gico de su amigo, el reconocido cantautor santaneco Antonio S\u00e1nchez, surge de su experiencia personal y busca ser un himno de esperanza para todos los que atraviesan dificultades.<\/p>\n\n\n\n<figure class=\"wp-block-image size-large\"><img decoding=\"async\" loading=\"lazy\" width=\"1024\" height=\"1018\" src=\"https:\/\/laprensacristiana.com\/wp-content\/uploads\/2025\/02\/Portada-single-Dios-de-Milagros-2025-1024x1018.jpg\" alt=\"\" class=\"wp-image-18585\" srcset=\"https:\/\/laprensacristiana.com\/wp-content\/uploads\/2025\/02\/Portada-single-Dios-de-Milagros-2025-1024x1018.jpg 1024w, https:\/\/laprensacristiana.com\/wp-content\/uploads\/2025\/02\/Portada-single-Dios-de-Milagros-2025-300x298.jpg 300w, https:\/\/laprensacristiana.com\/wp-content\/uploads\/2025\/02\/Portada-single-Dios-de-Milagros-2025-150x150.jpg 150w, https:\/\/laprensacristiana.com\/wp-content\/uploads\/2025\/02\/Portada-single-Dios-de-Milagros-2025-768x763.jpg 768w, https:\/\/laprensacristiana.com\/wp-content\/uploads\/2025\/02\/Portada-single-Dios-de-Milagros-2025-1536x1527.jpg 1536w, https:\/\/laprensacristiana.com\/wp-content\/uploads\/2025\/02\/Portada-single-Dios-de-Milagros-2025-2048x2036.jpg 2048w, https:\/\/laprensacristiana.com\/wp-content\/uploads\/2025\/02\/Portada-single-Dios-de-Milagros-2025-696x692.jpg 696w, https:\/\/laprensacristiana.com\/wp-content\/uploads\/2025\/02\/Portada-single-Dios-de-Milagros-2025-1068x1062.jpg 1068w, https:\/\/laprensacristiana.com\/wp-content\/uploads\/2025\/02\/Portada-single-Dios-de-Milagros-2025-1920x1909.jpg 1920w, https:\/\/laprensacristiana.com\/wp-content\/uploads\/2025\/02\/Portada-single-Dios-de-Milagros-2025-600x596.jpg 600w, https:\/\/laprensacristiana.com\/wp-content\/uploads\/2025\/02\/Portada-single-Dios-de-Milagros-2025-100x100.jpg 100w\" sizes=\"(max-width: 1024px) 100vw, 1024px\" \/><\/figure>\n\n\n\n<p>\u00abDios de Milagros es un recordatorio de que en los momentos m\u00e1s oscuros, Dios sigue obrando, gui\u00e1ndonos hacia su prop\u00f3sito. Es mi manera de compartir con el mundo la esperanza que \u00c9l me dio\u00bb, comenta Obed sobre la canci\u00f3n.<\/p>\n\n\n\n<p>La producci\u00f3n musical de Dios de Milagros estuvo a cargo de Roberto \u00abTito\u00bb Mart\u00ednez en Genuino Estudio, quien tambi\u00e9n trabaj\u00f3 con Obed en su primer \u00e1lbum, Padre de Amor. Este single captura la esencia de la experiencia personal de Obed y la convierte en una alabanza que cualquier creyente puede hacer suya.<\/p>\n\n\n\n<p>La letra de Dios de Milagros conmueve profundamente, con versos como:<br>\u00abDios de milagros, en ti confiar\u00e9.<br>Eres soberano, a ti me aferrar\u00e9.<br>En ti yo esperar\u00e9, t\u00fa permaneces fiel.\u00bb<\/p>\n\n\n\n<p>El videoclip oficial de Dios de Milagros fue grabado y producido por Rafael Garc\u00eda (Red films) en un entorno de bosques y agradable clima, en la caba\u00f1a Alpine House en la ciudad de Metap\u00e1n, Santa Ana. Este escenario natural, junto con los elementos visuales cuidadosamente dise\u00f1ados, refuerza la intensidad y espiritualidad del mensaje, ofreciendo una experiencia \u00fanica.<\/p>\n\n\n\n<p>Dios de Milagros es un lanzamiento independiente de Obed Mor\u00e1n y ya est\u00e1 disponible en todas las plataformas digitales. El videoclip oficial puede disfrutarse en el canal de YouTube de Obed, donde sigue compartiendo su ministerio a trav\u00e9s de la m\u00fasica.<\/p>\n\n\n\n<p>Para invitaciones puede comunicarse al: +503 7231 5292<\/p>\n\n\n\n<figure class=\"wp-block-embed is-type-video is-provider-youtube wp-block-embed-youtube wp-embed-aspect-16-9 wp-has-aspect-ratio\"><div class=\"wp-block-embed__wrapper\">\n<div class=\"youtube-embed\" data-video_id=\"YNL_sQtLJmY\"><iframe loading=\"lazy\" title=\"Dios de Milagros\" width=\"696\" height=\"392\" src=\"https:\/\/www.youtube.com\/embed\/YNL_sQtLJmY?feature=oembed&#038;enablejsapi=1\" frameborder=\"0\" allow=\"accelerometer; autoplay; clipboard-write; encrypted-media; gyroscope; picture-in-picture; web-share\" referrerpolicy=\"strict-origin-when-cross-origin\" allowfullscreen><\/iframe><\/div>\n<\/div><\/figure>\n","protected":false},"excerpt":{"rendered":"<p>Obed Mor\u00e1n es un apasionado pastor, compositor y cantante cristiano salvadore\u00f1o. Como hijo de pastores, creci\u00f3 en un hogar fundamentado en el amor y los valores cristianos, lo que molde\u00f3 su vocaci\u00f3n por llevar el mensaje de esperanza y transformaci\u00f3n a trav\u00e9s delEvangelio. Hace unos a\u00f1os, su vida dio un giro inesperado cuando sufri\u00f3 un [&hellip;]<\/p>\n","protected":false},"author":3,"featured_media":18584,"comment_status":"open","ping_status":"open","sticky":false,"template":"","format":"standard","meta":[],"categories":[114],"tags":[],"yoast_head":"<!-- This site is optimized with the Yoast SEO plugin v20.8 - https:\/\/yoast.com\/wordpress\/plugins\/seo\/ -->\n<title>Obed Mor\u00e1n lanza: \u201cDios de Milagros\u201d - La Prensa Cristiana<\/title>\n<meta name=\"robots\" content=\"index, follow, max-snippet:-1, max-image-preview:large, max-video-preview:-1\" \/>\n<link rel=\"canonical\" href=\"https:\/\/laprensacristiana.com\/?p=18583\" \/>\n<meta property=\"og:locale\" content=\"es_ES\" \/>\n<meta property=\"og:type\" content=\"article\" \/>\n<meta property=\"og:title\" content=\"Obed Mor\u00e1n lanza: \u201cDios de Milagros\u201d - La Prensa Cristiana\" \/>\n<meta property=\"og:description\" content=\"Obed Mor\u00e1n es un apasionado pastor, compositor y cantante cristiano salvadore\u00f1o. Como hijo de pastores, creci\u00f3 en un hogar fundamentado en el amor y los valores cristianos, lo que molde\u00f3 su vocaci\u00f3n por llevar el mensaje de esperanza y transformaci\u00f3n a trav\u00e9s delEvangelio. Hace unos a\u00f1os, su vida dio un giro inesperado cuando sufri\u00f3 un [&hellip;]\" \/>\n<meta property=\"og:url\" content=\"https:\/\/laprensacristiana.com\/?p=18583\" \/>\n<meta property=\"og:site_name\" content=\"La Prensa Cristiana\" \/>\n<meta property=\"article:published_time\" content=\"2025-02-18T22:06:17+00:00\" \/>\n<meta property=\"article:modified_time\" content=\"2025-02-18T22:06:18+00:00\" \/>\n<meta property=\"og:image\" content=\"https:\/\/laprensacristiana.com\/wp-content\/uploads\/2025\/02\/Obed4-scaled.jpg\" \/>\n\t<meta property=\"og:image:width\" content=\"2560\" \/>\n\t<meta property=\"og:image:height\" content=\"1707\" \/>\n\t<meta property=\"og:image:type\" content=\"image\/jpeg\" \/>\n<meta name=\"author\" content=\"EDITOR\" \/>\n<meta name=\"twitter:card\" content=\"summary_large_image\" \/>\n<meta name=\"twitter:label1\" content=\"Escrito por\" \/>\n\t<meta name=\"twitter:data1\" content=\"EDITOR\" \/>\n\t<meta name=\"twitter:label2\" content=\"Tiempo de lectura\" \/>\n\t<meta name=\"twitter:data2\" content=\"3 minutos\" \/>\n<script type=\"application\/ld+json\" class=\"yoast-schema-graph\">{\"@context\":\"https:\/\/schema.org\",\"@graph\":[{\"@type\":\"WebPage\",\"@id\":\"https:\/\/laprensacristiana.com\/?p=18583\",\"url\":\"https:\/\/laprensacristiana.com\/?p=18583\",\"name\":\"Obed Mor\u00e1n lanza: \u201cDios de Milagros\u201d - La Prensa Cristiana\",\"isPartOf\":{\"@id\":\"https:\/\/laprensacristiana.com\/#website\"},\"datePublished\":\"2025-02-18T22:06:17+00:00\",\"dateModified\":\"2025-02-18T22:06:18+00:00\",\"author\":{\"@id\":\"https:\/\/laprensacristiana.com\/#\/schema\/person\/3e7d82c6bfd6b1fa67010f8f7cd5256e\"},\"breadcrumb\":{\"@id\":\"https:\/\/laprensacristiana.com\/?p=18583#breadcrumb\"},\"inLanguage\":\"es\",\"potentialAction\":[{\"@type\":\"ReadAction\",\"target\":[\"https:\/\/laprensacristiana.com\/?p=18583\"]}]},{\"@type\":\"BreadcrumbList\",\"@id\":\"https:\/\/laprensacristiana.com\/?p=18583#breadcrumb\",\"itemListElement\":[{\"@type\":\"ListItem\",\"position\":1,\"name\":\"Portada\",\"item\":\"https:\/\/laprensacristiana.com\/\"},{\"@type\":\"ListItem\",\"position\":2,\"name\":\"Obed Mor\u00e1n lanza: \u201cDios de Milagros\u201d\"}]},{\"@type\":\"WebSite\",\"@id\":\"https:\/\/laprensacristiana.com\/#website\",\"url\":\"https:\/\/laprensacristiana.com\/\",\"name\":\"La Prensa Cristiana\",\"description\":\"Anunciando Las Buenas Nuevas\",\"potentialAction\":[{\"@type\":\"SearchAction\",\"target\":{\"@type\":\"EntryPoint\",\"urlTemplate\":\"https:\/\/laprensacristiana.com\/?s={search_term_string}\"},\"query-input\":\"required name=search_term_string\"}],\"inLanguage\":\"es\"},{\"@type\":\"Person\",\"@id\":\"https:\/\/laprensacristiana.com\/#\/schema\/person\/3e7d82c6bfd6b1fa67010f8f7cd5256e\",\"name\":\"EDITOR\",\"image\":{\"@type\":\"ImageObject\",\"inLanguage\":\"es\",\"@id\":\"https:\/\/laprensacristiana.com\/#\/schema\/person\/image\/\",\"url\":\"https:\/\/secure.gravatar.com\/avatar\/72069dfb6c13772d9e8381e3638666d2?s=96&d=mm&r=g\",\"contentUrl\":\"https:\/\/secure.gravatar.com\/avatar\/72069dfb6c13772d9e8381e3638666d2?s=96&d=mm&r=g\",\"caption\":\"EDITOR\"},\"url\":\"https:\/\/laprensacristiana.com\/?author=3\"}]}<\/script>\n<!-- \/ Yoast SEO plugin. -->","yoast_head_json":{"title":"Obed Mor\u00e1n lanza: \u201cDios de Milagros\u201d - La Prensa Cristiana","robots":{"index":"index","follow":"follow","max-snippet":"max-snippet:-1","max-image-preview":"max-image-preview:large","max-video-preview":"max-video-preview:-1"},"canonical":"https:\/\/laprensacristiana.com\/?p=18583","og_locale":"es_ES","og_type":"article","og_title":"Obed Mor\u00e1n lanza: \u201cDios de Milagros\u201d - La Prensa Cristiana","og_description":"Obed Mor\u00e1n es un apasionado pastor, compositor y cantante cristiano salvadore\u00f1o. Como hijo de pastores, creci\u00f3 en un hogar fundamentado en el amor y los valores cristianos, lo que molde\u00f3 su vocaci\u00f3n por llevar el mensaje de esperanza y transformaci\u00f3n a trav\u00e9s delEvangelio. Hace unos a\u00f1os, su vida dio un giro inesperado cuando sufri\u00f3 un [&hellip;]","og_url":"https:\/\/laprensacristiana.com\/?p=18583","og_site_name":"La Prensa Cristiana","article_published_time":"2025-02-18T22:06:17+00:00","article_modified_time":"2025-02-18T22:06:18+00:00","og_image":[{"width":2560,"height":1707,"url":"https:\/\/laprensacristiana.com\/wp-content\/uploads\/2025\/02\/Obed4-scaled.jpg","type":"image\/jpeg"}],"author":"EDITOR","twitter_card":"summary_large_image","twitter_misc":{"Escrito por":"EDITOR","Tiempo de lectura":"3 minutos"},"schema":{"@context":"https:\/\/schema.org","@graph":[{"@type":"WebPage","@id":"https:\/\/laprensacristiana.com\/?p=18583","url":"https:\/\/laprensacristiana.com\/?p=18583","name":"Obed Mor\u00e1n lanza: \u201cDios de Milagros\u201d - La Prensa Cristiana","isPartOf":{"@id":"https:\/\/laprensacristiana.com\/#website"},"datePublished":"2025-02-18T22:06:17+00:00","dateModified":"2025-02-18T22:06:18+00:00","author":{"@id":"https:\/\/laprensacristiana.com\/#\/schema\/person\/3e7d82c6bfd6b1fa67010f8f7cd5256e"},"breadcrumb":{"@id":"https:\/\/laprensacristiana.com\/?p=18583#breadcrumb"},"inLanguage":"es","potentialAction":[{"@type":"ReadAction","target":["https:\/\/laprensacristiana.com\/?p=18583"]}]},{"@type":"BreadcrumbList","@id":"https:\/\/laprensacristiana.com\/?p=18583#breadcrumb","itemListElement":[{"@type":"ListItem","position":1,"name":"Portada","item":"https:\/\/laprensacristiana.com\/"},{"@type":"ListItem","position":2,"name":"Obed Mor\u00e1n lanza: \u201cDios de Milagros\u201d"}]},{"@type":"WebSite","@id":"https:\/\/laprensacristiana.com\/#website","url":"https:\/\/laprensacristiana.com\/","name":"La Prensa Cristiana","description":"Anunciando Las Buenas Nuevas","potentialAction":[{"@type":"SearchAction","target":{"@type":"EntryPoint","urlTemplate":"https:\/\/laprensacristiana.com\/?s={search_term_string}"},"query-input":"required name=search_term_string"}],"inLanguage":"es"},{"@type":"Person","@id":"https:\/\/laprensacristiana.com\/#\/schema\/person\/3e7d82c6bfd6b1fa67010f8f7cd5256e","name":"EDITOR","image":{"@type":"ImageObject","inLanguage":"es","@id":"https:\/\/laprensacristiana.com\/#\/schema\/person\/image\/","url":"https:\/\/secure.gravatar.com\/avatar\/72069dfb6c13772d9e8381e3638666d2?s=96&d=mm&r=g","contentUrl":"https:\/\/secure.gravatar.com\/avatar\/72069dfb6c13772d9e8381e3638666d2?s=96&d=mm&r=g","caption":"EDITOR"},"url":"https:\/\/laprensacristiana.com\/?author=3"}]}},"_links":{"self":[{"href":"https:\/\/laprensacristiana.com\/index.php?rest_route=\/wp\/v2\/posts\/18583"}],"collection":[{"href":"https:\/\/laprensacristiana.com\/index.php?rest_route=\/wp\/v2\/posts"}],"about":[{"href":"https:\/\/laprensacristiana.com\/index.php?rest_route=\/wp\/v2\/types\/post"}],"author":[{"embeddable":true,"href":"https:\/\/laprensacristiana.com\/index.php?rest_route=\/wp\/v2\/users\/3"}],"replies":[{"embeddable":true,"href":"https:\/\/laprensacristiana.com\/index.php?rest_route=%2Fwp%2Fv2%2Fcomments&post=18583"}],"version-history":[{"count":1,"href":"https:\/\/laprensacristiana.com\/index.php?rest_route=\/wp\/v2\/posts\/18583\/revisions"}],"predecessor-version":[{"id":18586,"href":"https:\/\/laprensacristiana.com\/index.php?rest_route=\/wp\/v2\/posts\/18583\/revisions\/18586"}],"wp:featuredmedia":[{"embeddable":true,"href":"https:\/\/laprensacristiana.com\/index.php?rest_route=\/wp\/v2\/media\/18584"}],"wp:attachment":[{"href":"https:\/\/laprensacristiana.com\/index.php?rest_route=%2Fwp%2Fv2%2Fmedia&parent=18583"}],"wp:term":[{"taxonomy":"category","embeddable":true,"href":"https:\/\/laprensacristiana.com\/index.php?rest_route=%2Fwp%2Fv2%2Fcategories&post=18583"},{"taxonomy":"post_tag","embeddable":true,"href":"https:\/\/laprensacristiana.com\/index.php?rest_route=%2Fwp%2Fv2%2Ftags&post=18583"}],"curies":[{"name":"wp","href":"https:\/\/api.w.org\/{rel}","templated":true}]}}