{"id":18587,"date":"2025-02-19T17:05:03","date_gmt":"2025-02-19T17:05:03","guid":{"rendered":"https:\/\/laprensacristiana.com\/?p=18587"},"modified":"2025-02-19T17:05:03","modified_gmt":"2025-02-19T17:05:03","slug":"cautiverio-por-eleccion-o-imposicion","status":"publish","type":"post","link":"https:\/\/laprensacristiana.com\/?p=18587","title":{"rendered":"Cautiverio: Por elecci\u00f3n o imposici\u00f3n"},"content":{"rendered":"\n<p class=\"wp-block-paragraph\">El 21 de febrero se cumplir\u00e1n 22 a\u00f1os desde que la excandidata a la presidencia de Colombia, Ingrid Betancourt, fue secuestrada por guerrilleros de las Fuerzas Armadas Revolucionarias de Colombia (FARC). Betancourt vivi\u00f3 6 a\u00f1os y 5 meses de un cautiverio despiadado, enfrentando la incertidumbre de cada hora y cada d\u00eda, sin saber si saldr\u00eda con vida.<\/p>\n\n\n\n<p class=\"wp-block-paragraph\">En su libro Cartas a mam\u00e1 desde el infierno, Ingrid relata lo que signific\u00f3 sobrevivir en las entra\u00f1as de la selva colombiana, donde la privaci\u00f3n de libertad, la violencia y el sufrimiento marcaron su existencia.<\/p>\n\n\n\n<p class=\"wp-block-paragraph\">El secuestro es un tipo de cautiverio forzado, en el que una persona es privada de su libertad mediante amenazas, enga\u00f1os o fuerza bruta. En el caso de Ingrid, su cautiverio no fue una elecci\u00f3n, sino una imposici\u00f3n.<\/p>\n\n\n\n<p class=\"wp-block-paragraph\">Sin embargo, no todos los cautiverios son impuestos. Muchas personas eligen voluntariamente vivir como prisioneras de sus propios vicios, miedos o depresiones. Este tipo de cautiverio, aunque invisible, es igual de opresivo.<\/p>\n\n\n\n<p class=\"wp-block-paragraph\">Mientras que unos, como Ingrid, enfrentan la p\u00e9rdida de su libertad por causas externas, otros la entregan sin resistencia, atrapados en cadenas internas que ellos mismos forjan.<\/p>\n\n\n\n<p class=\"wp-block-paragraph\">En las Escrituras, tambi\u00e9n encontramos relatos de cautiverios que reflejan estas realidades.<\/p>\n\n\n\n<p class=\"wp-block-paragraph\">Jos\u00e9, vendido como esclavo por sus propios hermanos, fue llevado a Egipto donde vivi\u00f3 a\u00f1os de sufrimiento injusto (G\u00e9nesis 37). Sin embargo, en medio de su aflicci\u00f3n, mantuvo su fe y fue exaltado por Dios como gobernador.<\/p>\n\n\n\n<p class=\"wp-block-paragraph\">Otro ejemplo es el del profeta Daniel, quien junto con el pueblo de Israel fue llevado cautivo a Babilonia. Daniel no solo enfrent\u00f3 la p\u00e9rdida de su patria, sino que tambi\u00e9n vivi\u00f3 bajo presi\u00f3n para abandonar su fe.<\/p>\n\n\n\n<p class=\"wp-block-paragraph\">A pesar de ello, persever\u00f3 y fue testigo de c\u00f3mo Dios le dio sabidur\u00eda y favor ante los reyes babilonios (Daniel 1-6).<\/p>\n\n\n\n<p class=\"wp-block-paragraph\">El cautiverio, ya sea impuesto o elegido, pone a prueba el car\u00e1cter humano.<\/p>\n\n\n\n<p class=\"wp-block-paragraph\">Ingrid Betancourt, logr\u00f3 transformar su experiencia en un testimonio de resistencia y fortaleza. Al igual que Jos\u00e9 y Daniel, sus historias nos recuerdan que incluso en las peores circunstancias, hay esperanza de libertad.<\/p>\n\n\n\n<p class=\"wp-block-paragraph\">Hoy, reflexionemos: \u00bfQu\u00e9 tipo de cautiverio vives? \u00bfEs impuesto por las circunstancias o elegido por ti mismo?<\/p>\n\n\n\n<p class=\"wp-block-paragraph\">La verdadera libertad no depende \u00fanicamente del entorno, sino de la persona que decides ser dentro de \u00e9l.<\/p>\n\n\n\n<p class=\"wp-block-paragraph\">Ingrid relata en su libro c\u00f3mo, en muchas ocasiones, lleg\u00f3 a pensar que la muerte parec\u00eda casi una dulce escapatoria. Agotada de sufrir d\u00eda tras d\u00eda y de repetirse mentiras, creyendo que su cautiverio terminar\u00eda pronto, la realidad la golpeaba: nada cambiaba. Los d\u00edas eran iguales o, en el peor de los casos, a\u00fan m\u00e1s dif\u00edciles que el anterior.<\/p>\n\n\n\n<p class=\"wp-block-paragraph\">Ingrid Betancourt fue liberada en julio de 2008 y mientras estuvo cautiva, el amor a su madre e hijos y su fe que lo plasma en sus cartas la mantuvo hasta el \u00faltimo momento.<\/p>\n\n\n\n<p class=\"wp-block-paragraph\">Porque incluso en la mayor oscuridad, siempre existe la posibilidad de caminar hacia la luz.<\/p>\n","protected":false},"excerpt":{"rendered":"<p>El 21 de febrero se cumplir\u00e1n 22 a\u00f1os desde que la excandidata a la presidencia de Colombia, Ingrid Betancourt, fue secuestrada por guerrilleros de las Fuerzas Armadas Revolucionarias de Colombia (FARC). Betancourt vivi\u00f3 6 a\u00f1os y 5 meses de un cautiverio despiadado, enfrentando la incertidumbre de cada hora y cada d\u00eda, sin saber si saldr\u00eda [&hellip;]<\/p>\n","protected":false},"author":3,"featured_media":18588,"comment_status":"open","ping_status":"open","sticky":false,"template":"","format":"standard","meta":{"_exactmetrics_skip_tracking":false,"footnotes":""},"categories":[125],"tags":[],"class_list":["post-18587","post","type-post","status-publish","format-standard","has-post-thumbnail","category-desde-adentro"],"yoast_head":"<!-- This site is optimized with the Yoast SEO plugin v28.3 - https:\/\/yoast.com\/product\/yoast-seo-wordpress\/ -->\n<title>Cautiverio: Por elecci\u00f3n o imposici\u00f3n - La Prensa Cristiana<\/title>\n<meta name=\"robots\" content=\"index, follow, max-snippet:-1, max-image-preview:large, max-video-preview:-1\" \/>\n<link rel=\"canonical\" href=\"https:\/\/laprensacristiana.com\/?p=18587\" \/>\n<meta property=\"og:locale\" content=\"es_ES\" \/>\n<meta property=\"og:type\" content=\"article\" \/>\n<meta property=\"og:title\" content=\"Cautiverio: Por elecci\u00f3n o imposici\u00f3n - La Prensa Cristiana\" \/>\n<meta property=\"og:description\" content=\"El 21 de febrero se cumplir\u00e1n 22 a\u00f1os desde que la excandidata a la presidencia de Colombia, Ingrid Betancourt, fue secuestrada por guerrilleros de las Fuerzas Armadas Revolucionarias de Colombia (FARC). Betancourt vivi\u00f3 6 a\u00f1os y 5 meses de un cautiverio despiadado, enfrentando la incertidumbre de cada hora y cada d\u00eda, sin saber si saldr\u00eda [&hellip;]\" \/>\n<meta property=\"og:url\" content=\"https:\/\/laprensacristiana.com\/?p=18587\" \/>\n<meta property=\"og:site_name\" content=\"La Prensa Cristiana\" \/>\n<meta property=\"article:published_time\" content=\"2025-02-19T17:05:03+00:00\" \/>\n<meta property=\"og:image\" content=\"https:\/\/laprensacristiana.com\/wp-content\/uploads\/2025\/02\/Copia-de-OPINION-5-1.png\" \/>\n\t<meta property=\"og:image:width\" content=\"1168\" \/>\n\t<meta property=\"og:image:height\" content=\"878\" \/>\n\t<meta property=\"og:image:type\" content=\"image\/png\" \/>\n<meta name=\"author\" content=\"EDITOR\" \/>\n<meta name=\"twitter:card\" content=\"summary_large_image\" \/>\n<meta name=\"twitter:label1\" content=\"Escrito por\" \/>\n\t<meta name=\"twitter:data1\" content=\"EDITOR\" \/>\n\t<meta name=\"twitter:label2\" content=\"Tiempo de lectura\" \/>\n\t<meta name=\"twitter:data2\" content=\"3 minutos\" \/>\n<script type=\"application\/ld+json\" class=\"yoast-schema-graph\">{\"@context\":\"https:\\\/\\\/schema.org\",\"@graph\":[{\"@type\":\"Article\",\"@id\":\"https:\\\/\\\/laprensacristiana.com\\\/?p=18587#article\",\"isPartOf\":{\"@id\":\"https:\\\/\\\/laprensacristiana.com\\\/?p=18587\"},\"author\":{\"name\":\"EDITOR\",\"@id\":\"https:\\\/\\\/laprensacristiana.com\\\/#\\\/schema\\\/person\\\/3e7d82c6bfd6b1fa67010f8f7cd5256e\"},\"headline\":\"Cautiverio: Por elecci\u00f3n o imposici\u00f3n\",\"datePublished\":\"2025-02-19T17:05:03+00:00\",\"mainEntityOfPage\":{\"@id\":\"https:\\\/\\\/laprensacristiana.com\\\/?p=18587\"},\"wordCount\":518,\"commentCount\":0,\"image\":{\"@id\":\"https:\\\/\\\/laprensacristiana.com\\\/?p=18587#primaryimage\"},\"thumbnailUrl\":\"https:\\\/\\\/laprensacristiana.com\\\/wp-content\\\/uploads\\\/2025\\\/02\\\/Copia-de-OPINION-5-1.png\",\"articleSection\":[\"DESDE ADENTRO\"],\"inLanguage\":\"es\",\"potentialAction\":[{\"@type\":\"CommentAction\",\"name\":\"Comment\",\"target\":[\"https:\\\/\\\/laprensacristiana.com\\\/?p=18587#respond\"]}]},{\"@type\":\"WebPage\",\"@id\":\"https:\\\/\\\/laprensacristiana.com\\\/?p=18587\",\"url\":\"https:\\\/\\\/laprensacristiana.com\\\/?p=18587\",\"name\":\"Cautiverio: Por elecci\u00f3n o imposici\u00f3n - La Prensa Cristiana\",\"isPartOf\":{\"@id\":\"https:\\\/\\\/laprensacristiana.com\\\/#website\"},\"primaryImageOfPage\":{\"@id\":\"https:\\\/\\\/laprensacristiana.com\\\/?p=18587#primaryimage\"},\"image\":{\"@id\":\"https:\\\/\\\/laprensacristiana.com\\\/?p=18587#primaryimage\"},\"thumbnailUrl\":\"https:\\\/\\\/laprensacristiana.com\\\/wp-content\\\/uploads\\\/2025\\\/02\\\/Copia-de-OPINION-5-1.png\",\"datePublished\":\"2025-02-19T17:05:03+00:00\",\"author\":{\"@id\":\"https:\\\/\\\/laprensacristiana.com\\\/#\\\/schema\\\/person\\\/3e7d82c6bfd6b1fa67010f8f7cd5256e\"},\"breadcrumb\":{\"@id\":\"https:\\\/\\\/laprensacristiana.com\\\/?p=18587#breadcrumb\"},\"inLanguage\":\"es\",\"potentialAction\":[{\"@type\":\"ReadAction\",\"target\":[\"https:\\\/\\\/laprensacristiana.com\\\/?p=18587\"]}]},{\"@type\":\"ImageObject\",\"inLanguage\":\"es\",\"@id\":\"https:\\\/\\\/laprensacristiana.com\\\/?p=18587#primaryimage\",\"url\":\"https:\\\/\\\/laprensacristiana.com\\\/wp-content\\\/uploads\\\/2025\\\/02\\\/Copia-de-OPINION-5-1.png\",\"contentUrl\":\"https:\\\/\\\/laprensacristiana.com\\\/wp-content\\\/uploads\\\/2025\\\/02\\\/Copia-de-OPINION-5-1.png\",\"width\":1168,\"height\":878},{\"@type\":\"BreadcrumbList\",\"@id\":\"https:\\\/\\\/laprensacristiana.com\\\/?p=18587#breadcrumb\",\"itemListElement\":[{\"@type\":\"ListItem\",\"position\":1,\"name\":\"Portada\",\"item\":\"https:\\\/\\\/laprensacristiana.com\\\/\"},{\"@type\":\"ListItem\",\"position\":2,\"name\":\"Cautiverio: Por elecci\u00f3n o imposici\u00f3n\"}]},{\"@type\":\"WebSite\",\"@id\":\"https:\\\/\\\/laprensacristiana.com\\\/#website\",\"url\":\"https:\\\/\\\/laprensacristiana.com\\\/\",\"name\":\"La Prensa Cristiana\",\"description\":\"Anunciando Las Buenas Nuevas\",\"potentialAction\":[{\"@type\":\"SearchAction\",\"target\":{\"@type\":\"EntryPoint\",\"urlTemplate\":\"https:\\\/\\\/laprensacristiana.com\\\/?s={search_term_string}\"},\"query-input\":{\"@type\":\"PropertyValueSpecification\",\"valueRequired\":true,\"valueName\":\"search_term_string\"}}],\"inLanguage\":\"es\"},{\"@type\":\"Person\",\"@id\":\"https:\\\/\\\/laprensacristiana.com\\\/#\\\/schema\\\/person\\\/3e7d82c6bfd6b1fa67010f8f7cd5256e\",\"name\":\"EDITOR\",\"image\":{\"@type\":\"ImageObject\",\"inLanguage\":\"es\",\"@id\":\"https:\\\/\\\/secure.gravatar.com\\\/avatar\\\/2a6f80452f67b1b479b9184ac2138e768f5787dfe822c833f9a911d355587161?s=96&d=mm&r=g\",\"url\":\"https:\\\/\\\/secure.gravatar.com\\\/avatar\\\/2a6f80452f67b1b479b9184ac2138e768f5787dfe822c833f9a911d355587161?s=96&d=mm&r=g\",\"contentUrl\":\"https:\\\/\\\/secure.gravatar.com\\\/avatar\\\/2a6f80452f67b1b479b9184ac2138e768f5787dfe822c833f9a911d355587161?s=96&d=mm&r=g\",\"caption\":\"EDITOR\"},\"url\":\"https:\\\/\\\/laprensacristiana.com\\\/?author=3\"}]}<\/script>\n<!-- \/ Yoast SEO plugin. -->","yoast_head_json":{"title":"Cautiverio: Por elecci\u00f3n o imposici\u00f3n - La Prensa Cristiana","robots":{"index":"index","follow":"follow","max-snippet":"max-snippet:-1","max-image-preview":"max-image-preview:large","max-video-preview":"max-video-preview:-1"},"canonical":"https:\/\/laprensacristiana.com\/?p=18587","og_locale":"es_ES","og_type":"article","og_title":"Cautiverio: Por elecci\u00f3n o imposici\u00f3n - La Prensa Cristiana","og_description":"El 21 de febrero se cumplir\u00e1n 22 a\u00f1os desde que la excandidata a la presidencia de Colombia, Ingrid Betancourt, fue secuestrada por guerrilleros de las Fuerzas Armadas Revolucionarias de Colombia (FARC). Betancourt vivi\u00f3 6 a\u00f1os y 5 meses de un cautiverio despiadado, enfrentando la incertidumbre de cada hora y cada d\u00eda, sin saber si saldr\u00eda [&hellip;]","og_url":"https:\/\/laprensacristiana.com\/?p=18587","og_site_name":"La Prensa Cristiana","article_published_time":"2025-02-19T17:05:03+00:00","og_image":[{"width":1168,"height":878,"url":"https:\/\/laprensacristiana.com\/wp-content\/uploads\/2025\/02\/Copia-de-OPINION-5-1.png","type":"image\/png"}],"author":"EDITOR","twitter_card":"summary_large_image","twitter_misc":{"Escrito por":"EDITOR","Tiempo de lectura":"3 minutos"},"schema":{"@context":"https:\/\/schema.org","@graph":[{"@type":"Article","@id":"https:\/\/laprensacristiana.com\/?p=18587#article","isPartOf":{"@id":"https:\/\/laprensacristiana.com\/?p=18587"},"author":{"name":"EDITOR","@id":"https:\/\/laprensacristiana.com\/#\/schema\/person\/3e7d82c6bfd6b1fa67010f8f7cd5256e"},"headline":"Cautiverio: Por elecci\u00f3n o imposici\u00f3n","datePublished":"2025-02-19T17:05:03+00:00","mainEntityOfPage":{"@id":"https:\/\/laprensacristiana.com\/?p=18587"},"wordCount":518,"commentCount":0,"image":{"@id":"https:\/\/laprensacristiana.com\/?p=18587#primaryimage"},"thumbnailUrl":"https:\/\/laprensacristiana.com\/wp-content\/uploads\/2025\/02\/Copia-de-OPINION-5-1.png","articleSection":["DESDE ADENTRO"],"inLanguage":"es","potentialAction":[{"@type":"CommentAction","name":"Comment","target":["https:\/\/laprensacristiana.com\/?p=18587#respond"]}]},{"@type":"WebPage","@id":"https:\/\/laprensacristiana.com\/?p=18587","url":"https:\/\/laprensacristiana.com\/?p=18587","name":"Cautiverio: Por elecci\u00f3n o imposici\u00f3n - La Prensa Cristiana","isPartOf":{"@id":"https:\/\/laprensacristiana.com\/#website"},"primaryImageOfPage":{"@id":"https:\/\/laprensacristiana.com\/?p=18587#primaryimage"},"image":{"@id":"https:\/\/laprensacristiana.com\/?p=18587#primaryimage"},"thumbnailUrl":"https:\/\/laprensacristiana.com\/wp-content\/uploads\/2025\/02\/Copia-de-OPINION-5-1.png","datePublished":"2025-02-19T17:05:03+00:00","author":{"@id":"https:\/\/laprensacristiana.com\/#\/schema\/person\/3e7d82c6bfd6b1fa67010f8f7cd5256e"},"breadcrumb":{"@id":"https:\/\/laprensacristiana.com\/?p=18587#breadcrumb"},"inLanguage":"es","potentialAction":[{"@type":"ReadAction","target":["https:\/\/laprensacristiana.com\/?p=18587"]}]},{"@type":"ImageObject","inLanguage":"es","@id":"https:\/\/laprensacristiana.com\/?p=18587#primaryimage","url":"https:\/\/laprensacristiana.com\/wp-content\/uploads\/2025\/02\/Copia-de-OPINION-5-1.png","contentUrl":"https:\/\/laprensacristiana.com\/wp-content\/uploads\/2025\/02\/Copia-de-OPINION-5-1.png","width":1168,"height":878},{"@type":"BreadcrumbList","@id":"https:\/\/laprensacristiana.com\/?p=18587#breadcrumb","itemListElement":[{"@type":"ListItem","position":1,"name":"Portada","item":"https:\/\/laprensacristiana.com\/"},{"@type":"ListItem","position":2,"name":"Cautiverio: Por elecci\u00f3n o imposici\u00f3n"}]},{"@type":"WebSite","@id":"https:\/\/laprensacristiana.com\/#website","url":"https:\/\/laprensacristiana.com\/","name":"La Prensa Cristiana","description":"Anunciando Las Buenas Nuevas","potentialAction":[{"@type":"SearchAction","target":{"@type":"EntryPoint","urlTemplate":"https:\/\/laprensacristiana.com\/?s={search_term_string}"},"query-input":{"@type":"PropertyValueSpecification","valueRequired":true,"valueName":"search_term_string"}}],"inLanguage":"es"},{"@type":"Person","@id":"https:\/\/laprensacristiana.com\/#\/schema\/person\/3e7d82c6bfd6b1fa67010f8f7cd5256e","name":"EDITOR","image":{"@type":"ImageObject","inLanguage":"es","@id":"https:\/\/secure.gravatar.com\/avatar\/2a6f80452f67b1b479b9184ac2138e768f5787dfe822c833f9a911d355587161?s=96&d=mm&r=g","url":"https:\/\/secure.gravatar.com\/avatar\/2a6f80452f67b1b479b9184ac2138e768f5787dfe822c833f9a911d355587161?s=96&d=mm&r=g","contentUrl":"https:\/\/secure.gravatar.com\/avatar\/2a6f80452f67b1b479b9184ac2138e768f5787dfe822c833f9a911d355587161?s=96&d=mm&r=g","caption":"EDITOR"},"url":"https:\/\/laprensacristiana.com\/?author=3"}]}},"_links":{"self":[{"href":"https:\/\/laprensacristiana.com\/index.php?rest_route=\/wp\/v2\/posts\/18587","targetHints":{"allow":["GET"]}}],"collection":[{"href":"https:\/\/laprensacristiana.com\/index.php?rest_route=\/wp\/v2\/posts"}],"about":[{"href":"https:\/\/laprensacristiana.com\/index.php?rest_route=\/wp\/v2\/types\/post"}],"author":[{"embeddable":true,"href":"https:\/\/laprensacristiana.com\/index.php?rest_route=\/wp\/v2\/users\/3"}],"replies":[{"embeddable":true,"href":"https:\/\/laprensacristiana.com\/index.php?rest_route=%2Fwp%2Fv2%2Fcomments&post=18587"}],"version-history":[{"count":1,"href":"https:\/\/laprensacristiana.com\/index.php?rest_route=\/wp\/v2\/posts\/18587\/revisions"}],"predecessor-version":[{"id":18589,"href":"https:\/\/laprensacristiana.com\/index.php?rest_route=\/wp\/v2\/posts\/18587\/revisions\/18589"}],"wp:featuredmedia":[{"embeddable":true,"href":"https:\/\/laprensacristiana.com\/index.php?rest_route=\/wp\/v2\/media\/18588"}],"wp:attachment":[{"href":"https:\/\/laprensacristiana.com\/index.php?rest_route=%2Fwp%2Fv2%2Fmedia&parent=18587"}],"wp:term":[{"taxonomy":"category","embeddable":true,"href":"https:\/\/laprensacristiana.com\/index.php?rest_route=%2Fwp%2Fv2%2Fcategories&post=18587"},{"taxonomy":"post_tag","embeddable":true,"href":"https:\/\/laprensacristiana.com\/index.php?rest_route=%2Fwp%2Fv2%2Ftags&post=18587"}],"curies":[{"name":"wp","href":"https:\/\/api.w.org\/{rel}","templated":true}]}}