{"id":18676,"date":"2025-04-19T23:54:55","date_gmt":"2025-04-19T23:54:55","guid":{"rendered":"https:\/\/laprensacristiana.com\/?p=18676"},"modified":"2025-04-20T00:00:15","modified_gmt":"2025-04-20T00:00:15","slug":"beak-one-lanza-ay-de-mi","status":"publish","type":"post","link":"https:\/\/laprensacristiana.com\/?p=18676","title":{"rendered":"Beak One lanza: \u00a1Ay de m\u00ed!"},"content":{"rendered":"\n<p>\u201cBeak One\u201d es el nombre art\u00edstico de Francisco Hern\u00e1ndez, un joven que cuenta con m\u00e1s de 15 a\u00f1os de carrera, entre grafitty, rap, su talento destaca, el cual utiliza para servir a Dios.<\/p>\n\n\n\n<p>Recientemente lanz\u00f3 su nueva canci\u00f3n titulada: \u00a1Ay de m\u00ed!, \u201cLa expresi\u00f3n \u00a1AY DE MI! Del Ap\u00f3stol Pablo no es una palabra as\u00ed por as\u00ed&#8230; su trasfondo es de dolor por la falta de predicaci\u00f3n a la gente, por la falta de cercan\u00eda a Jes\u00fas&#8230; \u00a1AY DE MI! \u00a1AY DE USTED! \u00a1AY DE VOS! sino anunciamos a Jes\u00fas\u201d, indic\u00f3 el artista.<\/p>\n\n\n\n<figure class=\"wp-block-image size-large\"><img decoding=\"async\" loading=\"lazy\" width=\"819\" height=\"1024\" src=\"https:\/\/laprensacristiana.com\/wp-content\/uploads\/2025\/04\/WhatsApp-Image-2025-04-19-at-5.13.34-PM-819x1024.jpeg\" alt=\"\" class=\"wp-image-18677\" srcset=\"https:\/\/laprensacristiana.com\/wp-content\/uploads\/2025\/04\/WhatsApp-Image-2025-04-19-at-5.13.34-PM-819x1024.jpeg 819w, https:\/\/laprensacristiana.com\/wp-content\/uploads\/2025\/04\/WhatsApp-Image-2025-04-19-at-5.13.34-PM-240x300.jpeg 240w, https:\/\/laprensacristiana.com\/wp-content\/uploads\/2025\/04\/WhatsApp-Image-2025-04-19-at-5.13.34-PM-768x960.jpeg 768w, https:\/\/laprensacristiana.com\/wp-content\/uploads\/2025\/04\/WhatsApp-Image-2025-04-19-at-5.13.34-PM-1229x1536.jpeg 1229w, https:\/\/laprensacristiana.com\/wp-content\/uploads\/2025\/04\/WhatsApp-Image-2025-04-19-at-5.13.34-PM-696x870.jpeg 696w, https:\/\/laprensacristiana.com\/wp-content\/uploads\/2025\/04\/WhatsApp-Image-2025-04-19-at-5.13.34-PM-1068x1335.jpeg 1068w, https:\/\/laprensacristiana.com\/wp-content\/uploads\/2025\/04\/WhatsApp-Image-2025-04-19-at-5.13.34-PM-600x750.jpeg 600w, https:\/\/laprensacristiana.com\/wp-content\/uploads\/2025\/04\/WhatsApp-Image-2025-04-19-at-5.13.34-PM.jpeg 1280w\" sizes=\"(max-width: 819px) 100vw, 819px\" \/><\/figure>\n\n\n\n<p>Esta canci\u00f3n seg\u00fan nos explica fue escrita hace 8 a\u00f1os, por una inquietud que el Se\u00f1or puso en su coraz\u00f3n, como un deber que tiene desde hace d\u00e9cada y media con el evangelio, persigue con su m\u00fasica hablar y cantar sobre la cruz, inspira cada letra con la Biblia, con el fin de acercar a las personas al coraz\u00f3n de Jes\u00fas. &nbsp;<\/p>\n\n\n\n<p>\u201cEl objetivo de la canci\u00f3n es concientizar a todas las personas que prediquemos el evangelio de Jes\u00fas a todo tipo de persona, sea quien sea, tiene el mandato espec\u00edfico de dar a conocer a Jes\u00fas de todas las formas posibles\u201d, acot\u00f3 Beak One.<\/p>\n\n\n\n<figure class=\"wp-block-image size-full\"><img decoding=\"async\" loading=\"lazy\" width=\"1020\" height=\"1020\" src=\"https:\/\/laprensacristiana.com\/wp-content\/uploads\/2025\/04\/WhatsApp-Image-2025-04-19-at-5.58.53-PM.jpeg\" alt=\"\" class=\"wp-image-18680\" srcset=\"https:\/\/laprensacristiana.com\/wp-content\/uploads\/2025\/04\/WhatsApp-Image-2025-04-19-at-5.58.53-PM.jpeg 1020w, https:\/\/laprensacristiana.com\/wp-content\/uploads\/2025\/04\/WhatsApp-Image-2025-04-19-at-5.58.53-PM-300x300.jpeg 300w, https:\/\/laprensacristiana.com\/wp-content\/uploads\/2025\/04\/WhatsApp-Image-2025-04-19-at-5.58.53-PM-150x150.jpeg 150w, https:\/\/laprensacristiana.com\/wp-content\/uploads\/2025\/04\/WhatsApp-Image-2025-04-19-at-5.58.53-PM-768x768.jpeg 768w, https:\/\/laprensacristiana.com\/wp-content\/uploads\/2025\/04\/WhatsApp-Image-2025-04-19-at-5.58.53-PM-696x696.jpeg 696w, https:\/\/laprensacristiana.com\/wp-content\/uploads\/2025\/04\/WhatsApp-Image-2025-04-19-at-5.58.53-PM-600x600.jpeg 600w, https:\/\/laprensacristiana.com\/wp-content\/uploads\/2025\/04\/WhatsApp-Image-2025-04-19-at-5.58.53-PM-100x100.jpeg 100w\" sizes=\"(max-width: 1020px) 100vw, 1020px\" \/><\/figure>\n\n\n\n<p>El vers\u00edculo lema de este tema es 1 Corintios 9:16: &nbsp;\u201cPues si anuncio el evangelio, no tengo por qu\u00e9 gloriarme; porque me es impuesta necesidad; y \u00a1ay de m\u00ed si no anunciare el evangelio!\u201d<\/p>\n\n\n\n<p>Puede seguir al artista en todas sus redes sociales: <a href=\"https:\/\/www.facebook.com\/share\/1ULviUPGex\/\">https:\/\/www.facebook.com\/share\/1ULviUPGex\/<\/a> <a href=\"https:\/\/youtube.com\/@beakonee?si=ozyIm1cnybzk-uj3\">https:\/\/youtube.com\/@beakonee?si=ozyIm1cnybzk-uj3<\/a> <a href=\"https:\/\/www.tiktok.com\/@beak.one?_t=ZM-8vfveXu9tFX&amp;_r=1\">https:\/\/www.tiktok.com\/@beak.one?_t=ZM-8vfveXu9tFX&amp;_r=1<\/a> <a href=\"https:\/\/www.instagram.com\/beakonee?igsh=eHFicWt1Znd3ZnBi\">https:\/\/www.instagram.com\/beakonee?igsh=eHFicWt1Znd3ZnBi<\/a> <\/p>\n\n\n\n<p>En el video se puede ver como por medio de la entrega de alimentos a personas en situaci\u00f3n de calle, se puede orar o compartir de Jes\u00fas con los dem\u00e1s, video que ya est\u00e1 disponible y compartimos a continuaci\u00f3n:<\/p>\n\n\n\n<figure class=\"wp-block-embed is-type-video is-provider-youtube wp-block-embed-youtube wp-embed-aspect-16-9 wp-has-aspect-ratio\"><div class=\"wp-block-embed__wrapper\">\n<iframe loading=\"lazy\" title=\"\u00a1AY DE M\u00cd! - BEAK ONE (VIDEO OFICIAL)\" width=\"696\" height=\"392\" src=\"https:\/\/www.youtube.com\/embed\/LL1XWrK14wk?feature=oembed\" frameborder=\"0\" allow=\"accelerometer; autoplay; clipboard-write; encrypted-media; gyroscope; picture-in-picture; web-share\" referrerpolicy=\"strict-origin-when-cross-origin\" allowfullscreen><\/iframe>\n<\/div><\/figure>\n","protected":false},"excerpt":{"rendered":"<p>\u201cBeak One\u201d es el nombre art\u00edstico de Francisco Hern\u00e1ndez, un joven que cuenta con m\u00e1s de 15 a\u00f1os de carrera, entre grafitty, rap, su talento destaca, el cual utiliza para servir a Dios. Recientemente lanz\u00f3 su nueva canci\u00f3n titulada: \u00a1Ay de m\u00ed!, \u201cLa expresi\u00f3n \u00a1AY DE MI! Del Ap\u00f3stol Pablo no es una palabra as\u00ed [&hellip;]<\/p>\n","protected":false},"author":3,"featured_media":18678,"comment_status":"open","ping_status":"open","sticky":false,"template":"","format":"standard","meta":[],"categories":[114],"tags":[],"yoast_head":"<!-- This site is optimized with the Yoast SEO plugin v20.8 - https:\/\/yoast.com\/wordpress\/plugins\/seo\/ -->\n<title>Beak One lanza: \u00a1Ay de m\u00ed! - La Prensa Cristiana<\/title>\n<meta name=\"robots\" content=\"index, follow, max-snippet:-1, max-image-preview:large, max-video-preview:-1\" \/>\n<link rel=\"canonical\" href=\"https:\/\/laprensacristiana.com\/?p=18676\" \/>\n<meta property=\"og:locale\" content=\"es_ES\" \/>\n<meta property=\"og:type\" content=\"article\" \/>\n<meta property=\"og:title\" content=\"Beak One lanza: \u00a1Ay de m\u00ed! - La Prensa Cristiana\" \/>\n<meta property=\"og:description\" content=\"\u201cBeak One\u201d es el nombre art\u00edstico de Francisco Hern\u00e1ndez, un joven que cuenta con m\u00e1s de 15 a\u00f1os de carrera, entre grafitty, rap, su talento destaca, el cual utiliza para servir a Dios. Recientemente lanz\u00f3 su nueva canci\u00f3n titulada: \u00a1Ay de m\u00ed!, \u201cLa expresi\u00f3n \u00a1AY DE MI! Del Ap\u00f3stol Pablo no es una palabra as\u00ed [&hellip;]\" \/>\n<meta property=\"og:url\" content=\"https:\/\/laprensacristiana.com\/?p=18676\" \/>\n<meta property=\"og:site_name\" content=\"La Prensa Cristiana\" \/>\n<meta property=\"article:published_time\" content=\"2025-04-19T23:54:55+00:00\" \/>\n<meta property=\"article:modified_time\" content=\"2025-04-20T00:00:15+00:00\" \/>\n<meta property=\"og:image\" content=\"https:\/\/laprensacristiana.com\/wp-content\/uploads\/2025\/04\/WhatsApp-Image-2025-04-19-at-5.51.48-PM.jpeg\" \/>\n\t<meta property=\"og:image:width\" content=\"1124\" \/>\n\t<meta property=\"og:image:height\" content=\"586\" \/>\n\t<meta property=\"og:image:type\" content=\"image\/jpeg\" \/>\n<meta name=\"author\" content=\"EDITOR\" \/>\n<meta name=\"twitter:card\" content=\"summary_large_image\" \/>\n<meta name=\"twitter:label1\" content=\"Escrito por\" \/>\n\t<meta name=\"twitter:data1\" content=\"EDITOR\" \/>\n\t<meta name=\"twitter:label2\" content=\"Tiempo de lectura\" \/>\n\t<meta name=\"twitter:data2\" content=\"2 minutos\" \/>\n<script type=\"application\/ld+json\" class=\"yoast-schema-graph\">{\"@context\":\"https:\/\/schema.org\",\"@graph\":[{\"@type\":\"WebPage\",\"@id\":\"https:\/\/laprensacristiana.com\/?p=18676\",\"url\":\"https:\/\/laprensacristiana.com\/?p=18676\",\"name\":\"Beak One lanza: \u00a1Ay de m\u00ed! - La Prensa Cristiana\",\"isPartOf\":{\"@id\":\"https:\/\/laprensacristiana.com\/#website\"},\"datePublished\":\"2025-04-19T23:54:55+00:00\",\"dateModified\":\"2025-04-20T00:00:15+00:00\",\"author\":{\"@id\":\"https:\/\/laprensacristiana.com\/#\/schema\/person\/3e7d82c6bfd6b1fa67010f8f7cd5256e\"},\"breadcrumb\":{\"@id\":\"https:\/\/laprensacristiana.com\/?p=18676#breadcrumb\"},\"inLanguage\":\"es\",\"potentialAction\":[{\"@type\":\"ReadAction\",\"target\":[\"https:\/\/laprensacristiana.com\/?p=18676\"]}]},{\"@type\":\"BreadcrumbList\",\"@id\":\"https:\/\/laprensacristiana.com\/?p=18676#breadcrumb\",\"itemListElement\":[{\"@type\":\"ListItem\",\"position\":1,\"name\":\"Portada\",\"item\":\"https:\/\/laprensacristiana.com\/\"},{\"@type\":\"ListItem\",\"position\":2,\"name\":\"Beak One lanza: \u00a1Ay de m\u00ed!\"}]},{\"@type\":\"WebSite\",\"@id\":\"https:\/\/laprensacristiana.com\/#website\",\"url\":\"https:\/\/laprensacristiana.com\/\",\"name\":\"La Prensa Cristiana\",\"description\":\"Anunciando Las Buenas Nuevas\",\"potentialAction\":[{\"@type\":\"SearchAction\",\"target\":{\"@type\":\"EntryPoint\",\"urlTemplate\":\"https:\/\/laprensacristiana.com\/?s={search_term_string}\"},\"query-input\":\"required name=search_term_string\"}],\"inLanguage\":\"es\"},{\"@type\":\"Person\",\"@id\":\"https:\/\/laprensacristiana.com\/#\/schema\/person\/3e7d82c6bfd6b1fa67010f8f7cd5256e\",\"name\":\"EDITOR\",\"image\":{\"@type\":\"ImageObject\",\"inLanguage\":\"es\",\"@id\":\"https:\/\/laprensacristiana.com\/#\/schema\/person\/image\/\",\"url\":\"https:\/\/secure.gravatar.com\/avatar\/72069dfb6c13772d9e8381e3638666d2?s=96&d=mm&r=g\",\"contentUrl\":\"https:\/\/secure.gravatar.com\/avatar\/72069dfb6c13772d9e8381e3638666d2?s=96&d=mm&r=g\",\"caption\":\"EDITOR\"},\"url\":\"https:\/\/laprensacristiana.com\/?author=3\"}]}<\/script>\n<!-- \/ Yoast SEO plugin. -->","yoast_head_json":{"title":"Beak One lanza: \u00a1Ay de m\u00ed! - La Prensa Cristiana","robots":{"index":"index","follow":"follow","max-snippet":"max-snippet:-1","max-image-preview":"max-image-preview:large","max-video-preview":"max-video-preview:-1"},"canonical":"https:\/\/laprensacristiana.com\/?p=18676","og_locale":"es_ES","og_type":"article","og_title":"Beak One lanza: \u00a1Ay de m\u00ed! - La Prensa Cristiana","og_description":"\u201cBeak One\u201d es el nombre art\u00edstico de Francisco Hern\u00e1ndez, un joven que cuenta con m\u00e1s de 15 a\u00f1os de carrera, entre grafitty, rap, su talento destaca, el cual utiliza para servir a Dios. Recientemente lanz\u00f3 su nueva canci\u00f3n titulada: \u00a1Ay de m\u00ed!, \u201cLa expresi\u00f3n \u00a1AY DE MI! Del Ap\u00f3stol Pablo no es una palabra as\u00ed [&hellip;]","og_url":"https:\/\/laprensacristiana.com\/?p=18676","og_site_name":"La Prensa Cristiana","article_published_time":"2025-04-19T23:54:55+00:00","article_modified_time":"2025-04-20T00:00:15+00:00","og_image":[{"width":1124,"height":586,"url":"https:\/\/laprensacristiana.com\/wp-content\/uploads\/2025\/04\/WhatsApp-Image-2025-04-19-at-5.51.48-PM.jpeg","type":"image\/jpeg"}],"author":"EDITOR","twitter_card":"summary_large_image","twitter_misc":{"Escrito por":"EDITOR","Tiempo de lectura":"2 minutos"},"schema":{"@context":"https:\/\/schema.org","@graph":[{"@type":"WebPage","@id":"https:\/\/laprensacristiana.com\/?p=18676","url":"https:\/\/laprensacristiana.com\/?p=18676","name":"Beak One lanza: \u00a1Ay de m\u00ed! - La Prensa Cristiana","isPartOf":{"@id":"https:\/\/laprensacristiana.com\/#website"},"datePublished":"2025-04-19T23:54:55+00:00","dateModified":"2025-04-20T00:00:15+00:00","author":{"@id":"https:\/\/laprensacristiana.com\/#\/schema\/person\/3e7d82c6bfd6b1fa67010f8f7cd5256e"},"breadcrumb":{"@id":"https:\/\/laprensacristiana.com\/?p=18676#breadcrumb"},"inLanguage":"es","potentialAction":[{"@type":"ReadAction","target":["https:\/\/laprensacristiana.com\/?p=18676"]}]},{"@type":"BreadcrumbList","@id":"https:\/\/laprensacristiana.com\/?p=18676#breadcrumb","itemListElement":[{"@type":"ListItem","position":1,"name":"Portada","item":"https:\/\/laprensacristiana.com\/"},{"@type":"ListItem","position":2,"name":"Beak One lanza: \u00a1Ay de m\u00ed!"}]},{"@type":"WebSite","@id":"https:\/\/laprensacristiana.com\/#website","url":"https:\/\/laprensacristiana.com\/","name":"La Prensa Cristiana","description":"Anunciando Las Buenas Nuevas","potentialAction":[{"@type":"SearchAction","target":{"@type":"EntryPoint","urlTemplate":"https:\/\/laprensacristiana.com\/?s={search_term_string}"},"query-input":"required name=search_term_string"}],"inLanguage":"es"},{"@type":"Person","@id":"https:\/\/laprensacristiana.com\/#\/schema\/person\/3e7d82c6bfd6b1fa67010f8f7cd5256e","name":"EDITOR","image":{"@type":"ImageObject","inLanguage":"es","@id":"https:\/\/laprensacristiana.com\/#\/schema\/person\/image\/","url":"https:\/\/secure.gravatar.com\/avatar\/72069dfb6c13772d9e8381e3638666d2?s=96&d=mm&r=g","contentUrl":"https:\/\/secure.gravatar.com\/avatar\/72069dfb6c13772d9e8381e3638666d2?s=96&d=mm&r=g","caption":"EDITOR"},"url":"https:\/\/laprensacristiana.com\/?author=3"}]}},"_links":{"self":[{"href":"https:\/\/laprensacristiana.com\/index.php?rest_route=\/wp\/v2\/posts\/18676"}],"collection":[{"href":"https:\/\/laprensacristiana.com\/index.php?rest_route=\/wp\/v2\/posts"}],"about":[{"href":"https:\/\/laprensacristiana.com\/index.php?rest_route=\/wp\/v2\/types\/post"}],"author":[{"embeddable":true,"href":"https:\/\/laprensacristiana.com\/index.php?rest_route=\/wp\/v2\/users\/3"}],"replies":[{"embeddable":true,"href":"https:\/\/laprensacristiana.com\/index.php?rest_route=%2Fwp%2Fv2%2Fcomments&post=18676"}],"version-history":[{"count":3,"href":"https:\/\/laprensacristiana.com\/index.php?rest_route=\/wp\/v2\/posts\/18676\/revisions"}],"predecessor-version":[{"id":18682,"href":"https:\/\/laprensacristiana.com\/index.php?rest_route=\/wp\/v2\/posts\/18676\/revisions\/18682"}],"wp:featuredmedia":[{"embeddable":true,"href":"https:\/\/laprensacristiana.com\/index.php?rest_route=\/wp\/v2\/media\/18678"}],"wp:attachment":[{"href":"https:\/\/laprensacristiana.com\/index.php?rest_route=%2Fwp%2Fv2%2Fmedia&parent=18676"}],"wp:term":[{"taxonomy":"category","embeddable":true,"href":"https:\/\/laprensacristiana.com\/index.php?rest_route=%2Fwp%2Fv2%2Fcategories&post=18676"},{"taxonomy":"post_tag","embeddable":true,"href":"https:\/\/laprensacristiana.com\/index.php?rest_route=%2Fwp%2Fv2%2Ftags&post=18676"}],"curies":[{"name":"wp","href":"https:\/\/api.w.org\/{rel}","templated":true}]}}