{"id":18705,"date":"2025-04-25T21:43:31","date_gmt":"2025-04-25T21:43:31","guid":{"rendered":"https:\/\/laprensacristiana.com\/?p=18705"},"modified":"2025-04-25T21:47:22","modified_gmt":"2025-04-25T21:47:22","slug":"liceo-getsemani-40-anos-formando-generaciones-con-excelencia","status":"publish","type":"post","link":"https:\/\/laprensacristiana.com\/?p=18705","title":{"rendered":"Liceo Getseman\u00ed \u00ab40 a\u00f1os formando generaciones con excelencia\u00bb"},"content":{"rendered":"\n<p>Durante 40 a\u00f1os (1985-2025) el <strong><em>ministerio educativo del Liceo Getseman\u00ed <\/em><\/strong>(LG) ha trabajado con tenacidad, perseverancia y de la mano de la Iglesia Bautista Miramonte para proveer adem\u00e1s de la educaci\u00f3n formal conforme a los requerimientos del Ministerio de Educaci\u00f3n, tambi\u00e9n una formaci\u00f3n espiritual con valores y principios b\u00edblicos fundamentados en la persona de Cristo Jes\u00fas. Desde entonces y hasta la fecha, estos dos pilares han sido la fortaleza de la instituci\u00f3n.<\/p>\n\n\n\n<p>Se puede sumar a estos elementos, otros de car\u00e1cter filos\u00f3fico como: regirse por <strong><em>un esp\u00edritu de servicio <\/em><\/strong>sin fines de lucro para diferenciarse de otras instituciones, procurando establecer tarifarios que est\u00e9n dentro de los m\u00e1rgenes del mercado para promover el desarrollo acad\u00e9mico entre una poblaci\u00f3n que es un tanto vulnerable y que desea superarse intelectualmente.<\/p>\n\n\n\n<figure class=\"wp-block-gallery has-nested-images columns-default is-cropped wp-block-gallery-1 is-layout-flex\">\n<figure class=\"wp-block-image size-large\"><img decoding=\"async\" loading=\"lazy\" width=\"1024\" height=\"705\" data-id=\"18708\"  src=\"https:\/\/laprensacristiana.com\/wp-content\/uploads\/2025\/04\/Foto-grupal-LG-80\u00b4s-1024x705.png\" alt=\"\" class=\"wp-image-18708\" srcset=\"https:\/\/laprensacristiana.com\/wp-content\/uploads\/2025\/04\/Foto-grupal-LG-80\u00b4s-1024x705.png 1024w, https:\/\/laprensacristiana.com\/wp-content\/uploads\/2025\/04\/Foto-grupal-LG-80\u00b4s-300x207.png 300w, https:\/\/laprensacristiana.com\/wp-content\/uploads\/2025\/04\/Foto-grupal-LG-80\u00b4s-768x529.png 768w, https:\/\/laprensacristiana.com\/wp-content\/uploads\/2025\/04\/Foto-grupal-LG-80\u00b4s-1536x1058.png 1536w, https:\/\/laprensacristiana.com\/wp-content\/uploads\/2025\/04\/Foto-grupal-LG-80\u00b4s-218x150.png 218w, https:\/\/laprensacristiana.com\/wp-content\/uploads\/2025\/04\/Foto-grupal-LG-80\u00b4s-696x479.png 696w, https:\/\/laprensacristiana.com\/wp-content\/uploads\/2025\/04\/Foto-grupal-LG-80\u00b4s-1068x736.png 1068w, https:\/\/laprensacristiana.com\/wp-content\/uploads\/2025\/04\/Foto-grupal-LG-80\u00b4s-600x413.png 600w, https:\/\/laprensacristiana.com\/wp-content\/uploads\/2025\/04\/Foto-grupal-LG-80\u00b4s.png 1696w\" sizes=\"(max-width: 1024px) 100vw, 1024px\" \/><figcaption class=\"wp-element-caption\">Foto grupal de primeros estudiantes en 1980<\/figcaption><\/figure>\n\n\n\n<figure class=\"wp-block-image size-large\"><img decoding=\"async\" loading=\"lazy\" width=\"1024\" height=\"768\" data-id=\"18707\"  src=\"https:\/\/laprensacristiana.com\/wp-content\/uploads\/2025\/04\/Foto-grupal-LG-actual-1-1024x768.jpg\" alt=\"\" class=\"wp-image-18707\" srcset=\"https:\/\/laprensacristiana.com\/wp-content\/uploads\/2025\/04\/Foto-grupal-LG-actual-1-1024x768.jpg 1024w, https:\/\/laprensacristiana.com\/wp-content\/uploads\/2025\/04\/Foto-grupal-LG-actual-1-300x225.jpg 300w, https:\/\/laprensacristiana.com\/wp-content\/uploads\/2025\/04\/Foto-grupal-LG-actual-1-768x576.jpg 768w, https:\/\/laprensacristiana.com\/wp-content\/uploads\/2025\/04\/Foto-grupal-LG-actual-1-1536x1152.jpg 1536w, https:\/\/laprensacristiana.com\/wp-content\/uploads\/2025\/04\/Foto-grupal-LG-actual-1-696x522.jpg 696w, https:\/\/laprensacristiana.com\/wp-content\/uploads\/2025\/04\/Foto-grupal-LG-actual-1-1068x801.jpg 1068w, https:\/\/laprensacristiana.com\/wp-content\/uploads\/2025\/04\/Foto-grupal-LG-actual-1-1920x1440.jpg 1920w, https:\/\/laprensacristiana.com\/wp-content\/uploads\/2025\/04\/Foto-grupal-LG-actual-1-600x450.jpg 600w, https:\/\/laprensacristiana.com\/wp-content\/uploads\/2025\/04\/Foto-grupal-LG-actual-1.jpg 2048w\" sizes=\"(max-width: 1024px) 100vw, 1024px\" \/><figcaption class=\"wp-element-caption\">Foto grupal grupo de estudiantes en 2025<\/figcaption><\/figure>\n<\/figure>\n\n\n\n<p>Tambi\u00e9n, como parte del perfil filos\u00f3fico est\u00e1 el involucramiento de todo <strong><em>un equipo de trabajo<\/em><\/strong>, personal administrativo, docentes, directores, personal de limpieza, entre otros, que tienen un arraigo espiritual y ministerial comprobado dentro de sus iglesias, con la finalidad de revestir todos los procesos acad\u00e9micos y administrativos con una m\u00edstica espiritual de trabajo, de tal manera que cada estudiante pueda recibir una influencia positiva y retadora para buscar a Dios y servirle de forma genuina en las diferentes iglesias y ambientes de donde proceden los estudiantes que han conformado las diferentes cohortes que a lo largo de la historia del LG se han venido formando y capacitando.<\/p>\n\n\n\n<figure class=\"wp-block-gallery has-nested-images columns-default is-cropped wp-block-gallery-3 is-layout-flex\">\n<figure class=\"wp-block-image size-large\"><img decoding=\"async\" loading=\"lazy\" width=\"906\" height=\"1024\" data-id=\"18715\"  src=\"https:\/\/laprensacristiana.com\/wp-content\/uploads\/2025\/04\/WhatsApp-Image-2025-04-24-at-7.48.13-PM-1-906x1024.jpeg\" alt=\"\" class=\"wp-image-18715\" srcset=\"https:\/\/laprensacristiana.com\/wp-content\/uploads\/2025\/04\/WhatsApp-Image-2025-04-24-at-7.48.13-PM-1-906x1024.jpeg 906w, https:\/\/laprensacristiana.com\/wp-content\/uploads\/2025\/04\/WhatsApp-Image-2025-04-24-at-7.48.13-PM-1-265x300.jpeg 265w, https:\/\/laprensacristiana.com\/wp-content\/uploads\/2025\/04\/WhatsApp-Image-2025-04-24-at-7.48.13-PM-1-768x868.jpeg 768w, https:\/\/laprensacristiana.com\/wp-content\/uploads\/2025\/04\/WhatsApp-Image-2025-04-24-at-7.48.13-PM-1-1358x1536.jpeg 1358w, https:\/\/laprensacristiana.com\/wp-content\/uploads\/2025\/04\/WhatsApp-Image-2025-04-24-at-7.48.13-PM-1-696x787.jpeg 696w, https:\/\/laprensacristiana.com\/wp-content\/uploads\/2025\/04\/WhatsApp-Image-2025-04-24-at-7.48.13-PM-1-1068x1208.jpeg 1068w, https:\/\/laprensacristiana.com\/wp-content\/uploads\/2025\/04\/WhatsApp-Image-2025-04-24-at-7.48.13-PM-1-600x678.jpeg 600w, https:\/\/laprensacristiana.com\/wp-content\/uploads\/2025\/04\/WhatsApp-Image-2025-04-24-at-7.48.13-PM-1.jpeg 1415w\" sizes=\"(max-width: 906px) 100vw, 906px\" \/><\/figure>\n\n\n\n<figure class=\"wp-block-image size-large\"><img decoding=\"async\" loading=\"lazy\" width=\"480\" height=\"720\" data-id=\"18714\"  src=\"https:\/\/laprensacristiana.com\/wp-content\/uploads\/2025\/04\/IMG_0016-1-rotated.jpg\" alt=\"\" class=\"wp-image-18714\" srcset=\"https:\/\/laprensacristiana.com\/wp-content\/uploads\/2025\/04\/IMG_0016-1-rotated.jpg 480w, https:\/\/laprensacristiana.com\/wp-content\/uploads\/2025\/04\/IMG_0016-1-200x300.jpg 200w\" sizes=\"(max-width: 480px) 100vw, 480px\" \/><\/figure>\n<\/figure>\n\n\n\n<figure class=\"wp-block-image size-large\"><img decoding=\"async\" loading=\"lazy\" width=\"1024\" height=\"683\" src=\"https:\/\/laprensacristiana.com\/wp-content\/uploads\/2025\/04\/IMG_8752-1024x683.jpg\" alt=\"\" class=\"wp-image-18710\" srcset=\"https:\/\/laprensacristiana.com\/wp-content\/uploads\/2025\/04\/IMG_8752-1024x683.jpg 1024w, https:\/\/laprensacristiana.com\/wp-content\/uploads\/2025\/04\/IMG_8752-300x200.jpg 300w, https:\/\/laprensacristiana.com\/wp-content\/uploads\/2025\/04\/IMG_8752-768x512.jpg 768w, https:\/\/laprensacristiana.com\/wp-content\/uploads\/2025\/04\/IMG_8752-1536x1024.jpg 1536w, https:\/\/laprensacristiana.com\/wp-content\/uploads\/2025\/04\/IMG_8752-2048x1365.jpg 2048w, https:\/\/laprensacristiana.com\/wp-content\/uploads\/2025\/04\/IMG_8752-696x464.jpg 696w, https:\/\/laprensacristiana.com\/wp-content\/uploads\/2025\/04\/IMG_8752-1068x712.jpg 1068w, https:\/\/laprensacristiana.com\/wp-content\/uploads\/2025\/04\/IMG_8752-1920x1280.jpg 1920w, https:\/\/laprensacristiana.com\/wp-content\/uploads\/2025\/04\/IMG_8752-600x400.jpg 600w\" sizes=\"(max-width: 1024px) 100vw, 1024px\" \/><\/figure>\n\n\n\n<p>El <strong><em>discipulado formativo<\/em><\/strong>, ha sido uno de los programas emblem\u00e1ticos que intencionalmente han procurado darle impulso y atenci\u00f3n. Tanto desde la plataforma docente\/acad\u00e9mica con sus programas de integraci\u00f3n b\u00edblica en cada una de las materias y con la asesor\u00eda de instituciones paralelas que velan por estas \u00e1reas como la Asociaci\u00f3n Internacional de Escuelas Cristianas (A.C.S.I.) que en diferentes momentos ha sido uno de los aliados m\u00e1s importantes para la instituci\u00f3n que se ha dedicado a asesorar para la formaci\u00f3n de valores espirituales. Adem\u00e1s de contar con una planta docente totalmente cristiana evang\u00e9lica, ha sido otro de los distintivos que ha caracterizado el equipo de personas que han ejercido mucha influencia de forma integral en la vida de cada estudiante, de tal manera que muchos de los ex alumnos, ahora pueden dar testimonio de c\u00f3mo esta influencia positiva ha permanecido a lo largo de sus vidas para fortalecerles y guiarles en las decisiones trascendentales que tienen por delante.<\/p>\n\n\n\n<figure class=\"wp-block-image size-large\"><img decoding=\"async\" loading=\"lazy\" width=\"1024\" height=\"678\" src=\"https:\/\/laprensacristiana.com\/wp-content\/uploads\/2025\/04\/Promo24Despedida-21-1024x678.jpg\" alt=\"\" class=\"wp-image-18711\" srcset=\"https:\/\/laprensacristiana.com\/wp-content\/uploads\/2025\/04\/Promo24Despedida-21-1024x678.jpg 1024w, https:\/\/laprensacristiana.com\/wp-content\/uploads\/2025\/04\/Promo24Despedida-21-300x200.jpg 300w, https:\/\/laprensacristiana.com\/wp-content\/uploads\/2025\/04\/Promo24Despedida-21-768x509.jpg 768w, https:\/\/laprensacristiana.com\/wp-content\/uploads\/2025\/04\/Promo24Despedida-21-1536x1017.jpg 1536w, https:\/\/laprensacristiana.com\/wp-content\/uploads\/2025\/04\/Promo24Despedida-21-2048x1356.jpg 2048w, https:\/\/laprensacristiana.com\/wp-content\/uploads\/2025\/04\/Promo24Despedida-21-696x461.jpg 696w, https:\/\/laprensacristiana.com\/wp-content\/uploads\/2025\/04\/Promo24Despedida-21-1068x707.jpg 1068w, https:\/\/laprensacristiana.com\/wp-content\/uploads\/2025\/04\/Promo24Despedida-21-1920x1272.jpg 1920w, https:\/\/laprensacristiana.com\/wp-content\/uploads\/2025\/04\/Promo24Despedida-21-600x397.jpg 600w\" sizes=\"(max-width: 1024px) 100vw, 1024px\" \/><\/figure>\n\n\n\n<p><strong><em>Un equipo ministerial <\/em><\/strong>robusto e \u00edntegro que incluye: pastores, di\u00e1conos, maestros, l\u00edderes<br>ministeriales, personal de apoyo administrativo en la log\u00edstica y otros que le ha dado la direcci\u00f3n en aspectos claves de la vida del LG durante estos 40 a\u00f1os de funcionamiento. Este equipo, no solo vela porque el LG tenga una direcci\u00f3n pertinente y relevante sino, sobre todo, transformadora conforme a las Sagradas Escrituras. Este equipo administra, decide, valora, impulsa las decisiones que van a repercutir en el mejor desarrollo y desempe\u00f1o de cada uno de los programas educativos de la iglesia, incluyendo al LG. Sin escatimar esfuerzos, se dedica a buscar las mejores soluciones ante las diferentes situaciones que el Liceo enfrenta, con la \u00fanica finalidad de bendecir a centenares de ni\u00f1os, adolescentes y j\u00f3venes que pasan por el proceso acad\u00e9mico de tal manera que cuando egresan de la instituci\u00f3n sean dignos representantes de todo un esquema de trabajo que lo \u00fanico que persigue adem\u00e1s de formar hombres de bien y de valor para la sociedad salvadore\u00f1a es: \u201c<strong><em>hacer disc\u00edpulos que den fruto<\/em><\/strong>\u201d. \u00a1Una palabra de \u00e1nimo y gratitud para todo ese equipo!<\/p>\n\n\n\n<figure class=\"wp-block-image size-large\"><img decoding=\"async\" loading=\"lazy\" width=\"1024\" height=\"768\" src=\"https:\/\/laprensacristiana.com\/wp-content\/uploads\/2025\/04\/WhatsApp-Image-2025-04-24-at-7.48.14-PM-1024x768.jpeg\" alt=\"\" class=\"wp-image-18709\" srcset=\"https:\/\/laprensacristiana.com\/wp-content\/uploads\/2025\/04\/WhatsApp-Image-2025-04-24-at-7.48.14-PM-1024x768.jpeg 1024w, https:\/\/laprensacristiana.com\/wp-content\/uploads\/2025\/04\/WhatsApp-Image-2025-04-24-at-7.48.14-PM-300x225.jpeg 300w, https:\/\/laprensacristiana.com\/wp-content\/uploads\/2025\/04\/WhatsApp-Image-2025-04-24-at-7.48.14-PM-768x576.jpeg 768w, https:\/\/laprensacristiana.com\/wp-content\/uploads\/2025\/04\/WhatsApp-Image-2025-04-24-at-7.48.14-PM-1536x1152.jpeg 1536w, https:\/\/laprensacristiana.com\/wp-content\/uploads\/2025\/04\/WhatsApp-Image-2025-04-24-at-7.48.14-PM-696x522.jpeg 696w, https:\/\/laprensacristiana.com\/wp-content\/uploads\/2025\/04\/WhatsApp-Image-2025-04-24-at-7.48.14-PM-1068x801.jpeg 1068w, https:\/\/laprensacristiana.com\/wp-content\/uploads\/2025\/04\/WhatsApp-Image-2025-04-24-at-7.48.14-PM-600x450.jpeg 600w, https:\/\/laprensacristiana.com\/wp-content\/uploads\/2025\/04\/WhatsApp-Image-2025-04-24-at-7.48.14-PM.jpeg 1600w\" sizes=\"(max-width: 1024px) 100vw, 1024px\" \/><\/figure>\n\n\n\n<p><strong><em>El LG en cuanto a oferta acad\u00e9mica<\/em><\/strong>, ha venido de menos a m\u00e1s, desde su fundaci\u00f3n en 1985 cuando comenz\u00f3 su carrera de servicio a la comunidad con una parvularia, primero y segundo ciclos muy b\u00e1sicos, luego, aument\u00f3 el tercer ciclo en el a\u00f1o 1987, y en el 1991 el bachillerato, en medio de situaciones adversas como la guerra civil que dur\u00f3 m\u00e1s de una d\u00e9cada, en medio de cat\u00e1strofes nacionales como terremotos, problemas econ\u00f3micos. Adem\u00e1s, ha venido creciendo no solo en n\u00fameros de estudiantes, sino tambi\u00e9n en cuanto a infraestructura con un edificio dedicado espec\u00edficamente a la parte educativa, contando con salones, oficinas, \u00e1rea de recreaci\u00f3n y parqueos suficientes con una capacidad instalada de hasta 600 estudiantes, ahora cuenta con servicios diversos como el bachillerato general, laboratorios, sala cuna para educaci\u00f3n temprana inicial, computaci\u00f3n, rob\u00f3tica, ingl\u00e9s como segunda lengua en todos los niveles, educaci\u00f3n cristiana, clubes, entre otros.<\/p>\n\n\n\n<figure class=\"wp-block-image size-large\"><img decoding=\"async\" loading=\"lazy\" width=\"1024\" height=\"678\" src=\"https:\/\/laprensacristiana.com\/wp-content\/uploads\/2025\/04\/DSC_3625-1-1024x678.jpg\" alt=\"\" class=\"wp-image-18716\" srcset=\"https:\/\/laprensacristiana.com\/wp-content\/uploads\/2025\/04\/DSC_3625-1-1024x678.jpg 1024w, https:\/\/laprensacristiana.com\/wp-content\/uploads\/2025\/04\/DSC_3625-1-300x200.jpg 300w, https:\/\/laprensacristiana.com\/wp-content\/uploads\/2025\/04\/DSC_3625-1-768x509.jpg 768w, https:\/\/laprensacristiana.com\/wp-content\/uploads\/2025\/04\/DSC_3625-1-1536x1017.jpg 1536w, https:\/\/laprensacristiana.com\/wp-content\/uploads\/2025\/04\/DSC_3625-1-2048x1356.jpg 2048w, https:\/\/laprensacristiana.com\/wp-content\/uploads\/2025\/04\/DSC_3625-1-696x461.jpg 696w, https:\/\/laprensacristiana.com\/wp-content\/uploads\/2025\/04\/DSC_3625-1-1068x707.jpg 1068w, https:\/\/laprensacristiana.com\/wp-content\/uploads\/2025\/04\/DSC_3625-1-1920x1272.jpg 1920w, https:\/\/laprensacristiana.com\/wp-content\/uploads\/2025\/04\/DSC_3625-1-600x397.jpg 600w\" sizes=\"(max-width: 1024px) 100vw, 1024px\" \/><\/figure>\n\n\n\n<p><strong><em>De cara al futuro los desaf\u00edos son muy interesantes<\/em><\/strong>. Uno de ellos es lograr posicionarse dentro de un selecto grupo de colegios cristianos que gocen de una <strong><em>acreditaci\u00f3n internacional <\/em><\/strong>que ponga al colegio dentro de est\u00e1ndares de calidad en diversos aspectos, como la administraci\u00f3n escolar, la supervisi\u00f3n, la evaluaci\u00f3n, la calidad acad\u00e9mica, la metodolog\u00eda, a tal grado que el estudiante que sale como un producto de la instituci\u00f3n pueda contar con todo el respaldo acad\u00e9mico que le faculte para integrarse a otros ambientes de car\u00e1cter acad\u00e9mico en diferentes lugares del mundo, universidades, seminarios, instituciones t\u00e9cnicas, y otros, contando con un nivel de calidad que lo ponga a la altura de las demandas del nuevo milenio.<\/p>\n\n\n\n<p>Por si esto fuera poco, el LG trabaja en un <strong><em>proyecto de integraci\u00f3n al mundo biling\u00fce <\/em><\/strong>de manera escalonada, de tal forma que en el pr\u00f3ximo quinquenio se pueda consolidar el ingl\u00e9s como idioma acreditado oficialmente en todos los niveles comenzando desde parvularia hasta bachillerato, todo esto con la ayuda por supuesto de aliados estrat\u00e9gicos expertos en el tema.<\/p>\n\n\n\n<figure class=\"wp-block-image size-large\"><img decoding=\"async\" loading=\"lazy\" width=\"1024\" height=\"678\" src=\"https:\/\/laprensacristiana.com\/wp-content\/uploads\/2025\/04\/DSC_3482-1024x678.jpg\" alt=\"\" class=\"wp-image-18717\" srcset=\"https:\/\/laprensacristiana.com\/wp-content\/uploads\/2025\/04\/DSC_3482-1024x678.jpg 1024w, https:\/\/laprensacristiana.com\/wp-content\/uploads\/2025\/04\/DSC_3482-300x200.jpg 300w, https:\/\/laprensacristiana.com\/wp-content\/uploads\/2025\/04\/DSC_3482-768x509.jpg 768w, https:\/\/laprensacristiana.com\/wp-content\/uploads\/2025\/04\/DSC_3482-1536x1017.jpg 1536w, https:\/\/laprensacristiana.com\/wp-content\/uploads\/2025\/04\/DSC_3482-2048x1356.jpg 2048w, https:\/\/laprensacristiana.com\/wp-content\/uploads\/2025\/04\/DSC_3482-696x461.jpg 696w, https:\/\/laprensacristiana.com\/wp-content\/uploads\/2025\/04\/DSC_3482-1068x707.jpg 1068w, https:\/\/laprensacristiana.com\/wp-content\/uploads\/2025\/04\/DSC_3482-1920x1272.jpg 1920w, https:\/\/laprensacristiana.com\/wp-content\/uploads\/2025\/04\/DSC_3482-600x397.jpg 600w\" sizes=\"(max-width: 1024px) 100vw, 1024px\" \/><\/figure>\n\n\n\n<p><strong><em>En el \u00e1rea de la investigaci\u00f3n cient\u00edfica<\/em><\/strong>, igualmente, cada estudiante que se grad\u00faa es desafiado a realizar su propio trabajo de investigaci\u00f3n en diferentes temas de la realidad salvadore\u00f1a para contribuir al saber por medio de un estudio monogr\u00e1fico que es evaluado por t\u00e9cnicos y profesionales que contribuyen con sus conocimientos para afinar las habilidades y conocimientos de los futuros profesionales.<\/p>\n\n\n\n<figure class=\"wp-block-image size-large\"><img decoding=\"async\" loading=\"lazy\" width=\"1024\" height=\"576\" src=\"https:\/\/laprensacristiana.com\/wp-content\/uploads\/2025\/04\/20241010_105445-1024x576.jpg\" alt=\"\" class=\"wp-image-18719\" srcset=\"https:\/\/laprensacristiana.com\/wp-content\/uploads\/2025\/04\/20241010_105445-1024x576.jpg 1024w, https:\/\/laprensacristiana.com\/wp-content\/uploads\/2025\/04\/20241010_105445-300x169.jpg 300w, https:\/\/laprensacristiana.com\/wp-content\/uploads\/2025\/04\/20241010_105445-768x432.jpg 768w, https:\/\/laprensacristiana.com\/wp-content\/uploads\/2025\/04\/20241010_105445-1536x864.jpg 1536w, https:\/\/laprensacristiana.com\/wp-content\/uploads\/2025\/04\/20241010_105445-2048x1152.jpg 2048w, https:\/\/laprensacristiana.com\/wp-content\/uploads\/2025\/04\/20241010_105445-696x392.jpg 696w, https:\/\/laprensacristiana.com\/wp-content\/uploads\/2025\/04\/20241010_105445-1068x601.jpg 1068w, https:\/\/laprensacristiana.com\/wp-content\/uploads\/2025\/04\/20241010_105445-1920x1080.jpg 1920w, https:\/\/laprensacristiana.com\/wp-content\/uploads\/2025\/04\/20241010_105445-600x338.jpg 600w\" sizes=\"(max-width: 1024px) 100vw, 1024px\" \/><\/figure>\n\n\n\n<p>Finalmente, como parte de las <strong><em>mejoras continuas<\/em><\/strong>, viene para el pr\u00f3ximo quinquenio una<br><strong><em>reestructuraci\u00f3n de la parvularia<\/em><\/strong>, no solo en cuanto a imagen y mobiliario, sino tambi\u00e9n en cuanto a metodolog\u00eda y modelo de ense\u00f1anza, adem\u00e1s de hacer un esfuerzo para la <strong><em>actualizaci\u00f3n de las aulas de ense\u00f1anza <\/em><\/strong>para volverlas competitivas en relaci\u00f3n a las demandas tecnol\u00f3gicas de esta nueva era con el uso de herramientas que faciliten al docente y al estudiante el proceso de ense\u00f1anza y aprendizaje, junto una renovaci\u00f3n del centro de inform\u00e1tica, rob\u00f3tica y la inteligencia artificial orientada hacia el uso adecuado y \u00e9tico para el bien de la poblaci\u00f3n estudiantil y la sociedad.<\/p>\n\n\n\n<figure class=\"wp-block-image size-large\"><img decoding=\"async\" loading=\"lazy\" width=\"1024\" height=\"576\" src=\"https:\/\/laprensacristiana.com\/wp-content\/uploads\/2025\/04\/20241009_100343-1024x576.jpg\" alt=\"\" class=\"wp-image-18720\" srcset=\"https:\/\/laprensacristiana.com\/wp-content\/uploads\/2025\/04\/20241009_100343-1024x576.jpg 1024w, https:\/\/laprensacristiana.com\/wp-content\/uploads\/2025\/04\/20241009_100343-300x169.jpg 300w, https:\/\/laprensacristiana.com\/wp-content\/uploads\/2025\/04\/20241009_100343-768x432.jpg 768w, https:\/\/laprensacristiana.com\/wp-content\/uploads\/2025\/04\/20241009_100343-1536x864.jpg 1536w, https:\/\/laprensacristiana.com\/wp-content\/uploads\/2025\/04\/20241009_100343-2048x1152.jpg 2048w, https:\/\/laprensacristiana.com\/wp-content\/uploads\/2025\/04\/20241009_100343-696x392.jpg 696w, https:\/\/laprensacristiana.com\/wp-content\/uploads\/2025\/04\/20241009_100343-1068x601.jpg 1068w, https:\/\/laprensacristiana.com\/wp-content\/uploads\/2025\/04\/20241009_100343-1920x1080.jpg 1920w, https:\/\/laprensacristiana.com\/wp-content\/uploads\/2025\/04\/20241009_100343-600x338.jpg 600w\" sizes=\"(max-width: 1024px) 100vw, 1024px\" \/><\/figure>\n\n\n\n<p>Seg\u00fan expresan sus autoridades, solo queda agradecer a Dios, a los padres de familia e hijos que han confiado en el Liceo Getseman\u00ed, a la Iglesia Bautista Miramonte, a cada maestro, director, por permitirle llegar hasta aqu\u00ed y seguir pujante con fuerza buscando la excelencia en los a\u00f1os futuros, como lo dice el lema \u201c<strong><em>Hacia la excelencia por nuestro Se\u00f1or Jesucristo<\/em><\/strong>\u201d.<\/p>\n","protected":false},"excerpt":{"rendered":"<p>Durante 40 a\u00f1os (1985-2025) el ministerio educativo del Liceo Getseman\u00ed (LG) ha trabajado con tenacidad, perseverancia y de la mano de la Iglesia Bautista Miramonte para proveer adem\u00e1s de la educaci\u00f3n formal conforme a los requerimientos del Ministerio de Educaci\u00f3n, tambi\u00e9n una formaci\u00f3n espiritual con valores y principios b\u00edblicos fundamentados en la persona de Cristo [&hellip;]<\/p>\n","protected":false},"author":3,"featured_media":18706,"comment_status":"open","ping_status":"open","sticky":false,"template":"","format":"standard","meta":[],"categories":[37],"tags":[],"yoast_head":"<!-- This site is optimized with the Yoast SEO plugin v20.8 - https:\/\/yoast.com\/wordpress\/plugins\/seo\/ -->\n<title>Liceo Getseman\u00ed \u00ab40 a\u00f1os formando generaciones con excelencia\u00bb - La Prensa Cristiana<\/title>\n<meta name=\"robots\" content=\"index, follow, max-snippet:-1, max-image-preview:large, max-video-preview:-1\" \/>\n<link rel=\"canonical\" href=\"https:\/\/laprensacristiana.com\/?p=18705\" \/>\n<meta property=\"og:locale\" content=\"es_ES\" \/>\n<meta property=\"og:type\" content=\"article\" \/>\n<meta property=\"og:title\" content=\"Liceo Getseman\u00ed \u00ab40 a\u00f1os formando generaciones con excelencia\u00bb - La Prensa Cristiana\" \/>\n<meta property=\"og:description\" content=\"Durante 40 a\u00f1os (1985-2025) el ministerio educativo del Liceo Getseman\u00ed (LG) ha trabajado con tenacidad, perseverancia y de la mano de la Iglesia Bautista Miramonte para proveer adem\u00e1s de la educaci\u00f3n formal conforme a los requerimientos del Ministerio de Educaci\u00f3n, tambi\u00e9n una formaci\u00f3n espiritual con valores y principios b\u00edblicos fundamentados en la persona de Cristo [&hellip;]\" \/>\n<meta property=\"og:url\" content=\"https:\/\/laprensacristiana.com\/?p=18705\" \/>\n<meta property=\"og:site_name\" content=\"La Prensa Cristiana\" \/>\n<meta property=\"article:published_time\" content=\"2025-04-25T21:43:31+00:00\" \/>\n<meta property=\"article:modified_time\" content=\"2025-04-25T21:47:22+00:00\" \/>\n<meta property=\"og:image\" content=\"https:\/\/laprensacristiana.com\/wp-content\/uploads\/2025\/04\/Foto-grupal-LG-actual.jpg\" \/>\n\t<meta property=\"og:image:width\" content=\"2048\" \/>\n\t<meta property=\"og:image:height\" content=\"1536\" \/>\n\t<meta property=\"og:image:type\" content=\"image\/jpeg\" \/>\n<meta name=\"author\" content=\"EDITOR\" \/>\n<meta name=\"twitter:card\" content=\"summary_large_image\" \/>\n<meta name=\"twitter:label1\" content=\"Escrito por\" \/>\n\t<meta name=\"twitter:data1\" content=\"EDITOR\" \/>\n\t<meta name=\"twitter:label2\" content=\"Tiempo de lectura\" \/>\n\t<meta name=\"twitter:data2\" content=\"8 minutos\" \/>\n<script type=\"application\/ld+json\" class=\"yoast-schema-graph\">{\"@context\":\"https:\/\/schema.org\",\"@graph\":[{\"@type\":\"WebPage\",\"@id\":\"https:\/\/laprensacristiana.com\/?p=18705\",\"url\":\"https:\/\/laprensacristiana.com\/?p=18705\",\"name\":\"Liceo Getseman\u00ed \u00ab40 a\u00f1os formando generaciones con excelencia\u00bb - La Prensa Cristiana\",\"isPartOf\":{\"@id\":\"https:\/\/laprensacristiana.com\/#website\"},\"datePublished\":\"2025-04-25T21:43:31+00:00\",\"dateModified\":\"2025-04-25T21:47:22+00:00\",\"author\":{\"@id\":\"https:\/\/laprensacristiana.com\/#\/schema\/person\/3e7d82c6bfd6b1fa67010f8f7cd5256e\"},\"breadcrumb\":{\"@id\":\"https:\/\/laprensacristiana.com\/?p=18705#breadcrumb\"},\"inLanguage\":\"es\",\"potentialAction\":[{\"@type\":\"ReadAction\",\"target\":[\"https:\/\/laprensacristiana.com\/?p=18705\"]}]},{\"@type\":\"BreadcrumbList\",\"@id\":\"https:\/\/laprensacristiana.com\/?p=18705#breadcrumb\",\"itemListElement\":[{\"@type\":\"ListItem\",\"position\":1,\"name\":\"Portada\",\"item\":\"https:\/\/laprensacristiana.com\/\"},{\"@type\":\"ListItem\",\"position\":2,\"name\":\"Liceo Getseman\u00ed \u00ab40 a\u00f1os formando generaciones con excelencia\u00bb\"}]},{\"@type\":\"WebSite\",\"@id\":\"https:\/\/laprensacristiana.com\/#website\",\"url\":\"https:\/\/laprensacristiana.com\/\",\"name\":\"La Prensa Cristiana\",\"description\":\"Anunciando Las Buenas Nuevas\",\"potentialAction\":[{\"@type\":\"SearchAction\",\"target\":{\"@type\":\"EntryPoint\",\"urlTemplate\":\"https:\/\/laprensacristiana.com\/?s={search_term_string}\"},\"query-input\":\"required name=search_term_string\"}],\"inLanguage\":\"es\"},{\"@type\":\"Person\",\"@id\":\"https:\/\/laprensacristiana.com\/#\/schema\/person\/3e7d82c6bfd6b1fa67010f8f7cd5256e\",\"name\":\"EDITOR\",\"image\":{\"@type\":\"ImageObject\",\"inLanguage\":\"es\",\"@id\":\"https:\/\/laprensacristiana.com\/#\/schema\/person\/image\/\",\"url\":\"https:\/\/secure.gravatar.com\/avatar\/72069dfb6c13772d9e8381e3638666d2?s=96&d=mm&r=g\",\"contentUrl\":\"https:\/\/secure.gravatar.com\/avatar\/72069dfb6c13772d9e8381e3638666d2?s=96&d=mm&r=g\",\"caption\":\"EDITOR\"},\"url\":\"https:\/\/laprensacristiana.com\/?author=3\"}]}<\/script>\n<!-- \/ Yoast SEO plugin. -->","yoast_head_json":{"title":"Liceo Getseman\u00ed \u00ab40 a\u00f1os formando generaciones con excelencia\u00bb - La Prensa Cristiana","robots":{"index":"index","follow":"follow","max-snippet":"max-snippet:-1","max-image-preview":"max-image-preview:large","max-video-preview":"max-video-preview:-1"},"canonical":"https:\/\/laprensacristiana.com\/?p=18705","og_locale":"es_ES","og_type":"article","og_title":"Liceo Getseman\u00ed \u00ab40 a\u00f1os formando generaciones con excelencia\u00bb - La Prensa Cristiana","og_description":"Durante 40 a\u00f1os (1985-2025) el ministerio educativo del Liceo Getseman\u00ed (LG) ha trabajado con tenacidad, perseverancia y de la mano de la Iglesia Bautista Miramonte para proveer adem\u00e1s de la educaci\u00f3n formal conforme a los requerimientos del Ministerio de Educaci\u00f3n, tambi\u00e9n una formaci\u00f3n espiritual con valores y principios b\u00edblicos fundamentados en la persona de Cristo [&hellip;]","og_url":"https:\/\/laprensacristiana.com\/?p=18705","og_site_name":"La Prensa Cristiana","article_published_time":"2025-04-25T21:43:31+00:00","article_modified_time":"2025-04-25T21:47:22+00:00","og_image":[{"width":2048,"height":1536,"url":"https:\/\/laprensacristiana.com\/wp-content\/uploads\/2025\/04\/Foto-grupal-LG-actual.jpg","type":"image\/jpeg"}],"author":"EDITOR","twitter_card":"summary_large_image","twitter_misc":{"Escrito por":"EDITOR","Tiempo de lectura":"8 minutos"},"schema":{"@context":"https:\/\/schema.org","@graph":[{"@type":"WebPage","@id":"https:\/\/laprensacristiana.com\/?p=18705","url":"https:\/\/laprensacristiana.com\/?p=18705","name":"Liceo Getseman\u00ed \u00ab40 a\u00f1os formando generaciones con excelencia\u00bb - La Prensa Cristiana","isPartOf":{"@id":"https:\/\/laprensacristiana.com\/#website"},"datePublished":"2025-04-25T21:43:31+00:00","dateModified":"2025-04-25T21:47:22+00:00","author":{"@id":"https:\/\/laprensacristiana.com\/#\/schema\/person\/3e7d82c6bfd6b1fa67010f8f7cd5256e"},"breadcrumb":{"@id":"https:\/\/laprensacristiana.com\/?p=18705#breadcrumb"},"inLanguage":"es","potentialAction":[{"@type":"ReadAction","target":["https:\/\/laprensacristiana.com\/?p=18705"]}]},{"@type":"BreadcrumbList","@id":"https:\/\/laprensacristiana.com\/?p=18705#breadcrumb","itemListElement":[{"@type":"ListItem","position":1,"name":"Portada","item":"https:\/\/laprensacristiana.com\/"},{"@type":"ListItem","position":2,"name":"Liceo Getseman\u00ed \u00ab40 a\u00f1os formando generaciones con excelencia\u00bb"}]},{"@type":"WebSite","@id":"https:\/\/laprensacristiana.com\/#website","url":"https:\/\/laprensacristiana.com\/","name":"La Prensa Cristiana","description":"Anunciando Las Buenas Nuevas","potentialAction":[{"@type":"SearchAction","target":{"@type":"EntryPoint","urlTemplate":"https:\/\/laprensacristiana.com\/?s={search_term_string}"},"query-input":"required name=search_term_string"}],"inLanguage":"es"},{"@type":"Person","@id":"https:\/\/laprensacristiana.com\/#\/schema\/person\/3e7d82c6bfd6b1fa67010f8f7cd5256e","name":"EDITOR","image":{"@type":"ImageObject","inLanguage":"es","@id":"https:\/\/laprensacristiana.com\/#\/schema\/person\/image\/","url":"https:\/\/secure.gravatar.com\/avatar\/72069dfb6c13772d9e8381e3638666d2?s=96&d=mm&r=g","contentUrl":"https:\/\/secure.gravatar.com\/avatar\/72069dfb6c13772d9e8381e3638666d2?s=96&d=mm&r=g","caption":"EDITOR"},"url":"https:\/\/laprensacristiana.com\/?author=3"}]}},"_links":{"self":[{"href":"https:\/\/laprensacristiana.com\/index.php?rest_route=\/wp\/v2\/posts\/18705"}],"collection":[{"href":"https:\/\/laprensacristiana.com\/index.php?rest_route=\/wp\/v2\/posts"}],"about":[{"href":"https:\/\/laprensacristiana.com\/index.php?rest_route=\/wp\/v2\/types\/post"}],"author":[{"embeddable":true,"href":"https:\/\/laprensacristiana.com\/index.php?rest_route=\/wp\/v2\/users\/3"}],"replies":[{"embeddable":true,"href":"https:\/\/laprensacristiana.com\/index.php?rest_route=%2Fwp%2Fv2%2Fcomments&post=18705"}],"version-history":[{"count":2,"href":"https:\/\/laprensacristiana.com\/index.php?rest_route=\/wp\/v2\/posts\/18705\/revisions"}],"predecessor-version":[{"id":18723,"href":"https:\/\/laprensacristiana.com\/index.php?rest_route=\/wp\/v2\/posts\/18705\/revisions\/18723"}],"wp:featuredmedia":[{"embeddable":true,"href":"https:\/\/laprensacristiana.com\/index.php?rest_route=\/wp\/v2\/media\/18706"}],"wp:attachment":[{"href":"https:\/\/laprensacristiana.com\/index.php?rest_route=%2Fwp%2Fv2%2Fmedia&parent=18705"}],"wp:term":[{"taxonomy":"category","embeddable":true,"href":"https:\/\/laprensacristiana.com\/index.php?rest_route=%2Fwp%2Fv2%2Fcategories&post=18705"},{"taxonomy":"post_tag","embeddable":true,"href":"https:\/\/laprensacristiana.com\/index.php?rest_route=%2Fwp%2Fv2%2Ftags&post=18705"}],"curies":[{"name":"wp","href":"https:\/\/api.w.org\/{rel}","templated":true}]}}