{"id":1871,"date":"2016-11-08T14:58:53","date_gmt":"2016-11-08T14:58:53","guid":{"rendered":"https:\/\/laprensacristiana.com\/?p=1871"},"modified":"2020-07-02T01:31:41","modified_gmt":"2020-07-02T01:31:41","slug":"seminario-de-mentor-llenando-expectativas","status":"publish","type":"post","link":"https:\/\/laprensacristiana.com\/?p=1871","title":{"rendered":"Seminario de MENTOR llenando expectativas"},"content":{"rendered":"<p>Ayer por la noche en las instalaciones de FUSAL, se imparti\u00f3 un seminario de estrategias empresariales para l\u00edderes, gerentes, y empresarios cristianos.<\/p>\n<figure id=\"attachment_1873\" aria-describedby=\"caption-attachment-1873\" style=\"width: 300px\" class=\"wp-caption aligncenter\"><img decoding=\"async\" loading=\"lazy\" class=\"size-medium wp-image-1873\" src=\"https:\/\/laprensacristiana.com\/wp-content\/uploads\/2016\/11\/MENTOR-3-300x278.jpg\" alt=\"Gerentes y propietarios de peque\u00f1os y medianos negocios y empresas.\" width=\"300\" height=\"278\" srcset=\"https:\/\/laprensacristiana.com\/wp-content\/uploads\/2016\/11\/MENTOR-3-300x278.jpg 300w, https:\/\/laprensacristiana.com\/wp-content\/uploads\/2016\/11\/MENTOR-3-600x556.jpg 600w, https:\/\/laprensacristiana.com\/wp-content\/uploads\/2016\/11\/MENTOR-3-768x712.jpg 768w, https:\/\/laprensacristiana.com\/wp-content\/uploads\/2016\/11\/MENTOR-3-696x645.jpg 696w, https:\/\/laprensacristiana.com\/wp-content\/uploads\/2016\/11\/MENTOR-3-453x420.jpg 453w, https:\/\/laprensacristiana.com\/wp-content\/uploads\/2016\/11\/MENTOR-3.jpg 859w\" sizes=\"(max-width: 300px) 100vw, 300px\" \/><figcaption id=\"caption-attachment-1873\" class=\"wp-caption-text\">Gerentes y propietarios de peque\u00f1os y medianos negocios y empresas.<\/figcaption><\/figure>\n<p>El fin de esta actividad fue fomentar el impacto financiero, que tienen las decisiones tomadas por los representantes de empresas, ya que estas tienen que ser estrat\u00e9gicas para el buen rumbo de su negocio.<\/p>\n<figure id=\"attachment_1874\" aria-describedby=\"caption-attachment-1874\" style=\"width: 300px\" class=\"wp-caption aligncenter\"><img decoding=\"async\" loading=\"lazy\" class=\"size-medium wp-image-1874\" src=\"https:\/\/laprensacristiana.com\/wp-content\/uploads\/2016\/11\/MENTOR-1-300x225.jpg\" alt=\"Licenciado Franklin Callejas, Master en administraci\u00f3n.\" width=\"300\" height=\"225\" srcset=\"https:\/\/laprensacristiana.com\/wp-content\/uploads\/2016\/11\/MENTOR-1-300x225.jpg 300w, https:\/\/laprensacristiana.com\/wp-content\/uploads\/2016\/11\/MENTOR-1-600x450.jpg 600w, https:\/\/laprensacristiana.com\/wp-content\/uploads\/2016\/11\/MENTOR-1-768x577.jpg 768w, https:\/\/laprensacristiana.com\/wp-content\/uploads\/2016\/11\/MENTOR-1-80x60.jpg 80w, https:\/\/laprensacristiana.com\/wp-content\/uploads\/2016\/11\/MENTOR-1-265x198.jpg 265w, https:\/\/laprensacristiana.com\/wp-content\/uploads\/2016\/11\/MENTOR-1-696x523.jpg 696w, https:\/\/laprensacristiana.com\/wp-content\/uploads\/2016\/11\/MENTOR-1-559x420.jpg 559w, https:\/\/laprensacristiana.com\/wp-content\/uploads\/2016\/11\/MENTOR-1.jpg 955w\" sizes=\"(max-width: 300px) 100vw, 300px\" \/><figcaption id=\"caption-attachment-1874\" class=\"wp-caption-text\">Licenciado Franklin Callejas, Master en administraci\u00f3n.<\/figcaption><\/figure>\n<figure id=\"attachment_1875\" aria-describedby=\"caption-attachment-1875\" style=\"width: 278px\" class=\"wp-caption aligncenter\"><img decoding=\"async\" loading=\"lazy\" class=\"size-medium wp-image-1875\" src=\"https:\/\/laprensacristiana.com\/wp-content\/uploads\/2016\/11\/MENTOR-2-278x300.jpg\" alt=\"Dr. Vladimir Rivas Pastor de Ministerios COMPAZ\" width=\"278\" height=\"300\" srcset=\"https:\/\/laprensacristiana.com\/wp-content\/uploads\/2016\/11\/MENTOR-2-278x300.jpg 278w, https:\/\/laprensacristiana.com\/wp-content\/uploads\/2016\/11\/MENTOR-2-600x647.jpg 600w, https:\/\/laprensacristiana.com\/wp-content\/uploads\/2016\/11\/MENTOR-2-768x828.jpg 768w, https:\/\/laprensacristiana.com\/wp-content\/uploads\/2016\/11\/MENTOR-2-696x750.jpg 696w, https:\/\/laprensacristiana.com\/wp-content\/uploads\/2016\/11\/MENTOR-2-390x420.jpg 390w, https:\/\/laprensacristiana.com\/wp-content\/uploads\/2016\/11\/MENTOR-2.jpg 798w\" sizes=\"(max-width: 278px) 100vw, 278px\" \/><figcaption id=\"caption-attachment-1875\" class=\"wp-caption-text\">Dr. Vladimir Rivas Pastor de Ministerios COMPAZ<\/figcaption><\/figure>\n<p>El Dr. Vladimir Rivas Pastor de Ministerios COMPAZ, dio las palabras de bienvenida y quien se encarg\u00f3 de la ponencia fue el Licenciado Franklin Callejas, pues \u00e9l hizo un llamado a tener visi\u00f3n, que dentro de una compa\u00f1\u00eda todo tiene que ser en equipo; desde la persona que est\u00e1 en el port\u00f3n hasta el mism\u00edsimo gerente general.<\/p>\n<p>De esta forma se dej\u00f3 muchas expectativas a quienes asistieron, pues todos manifestaron su agrado con lo aprendido.<\/p>\n","protected":false},"excerpt":{"rendered":"<p>Ayer por la noche en las instalaciones de FUSAL, se imparti\u00f3 un seminario de estrategias empresariales para l\u00edderes, gerentes, y empresarios cristianos. El fin de esta actividad fue fomentar el impacto financiero, que tienen las decisiones tomadas por los representantes de empresas, ya que estas tienen que ser estrat\u00e9gicas para el buen rumbo de su [&hellip;]<\/p>\n","protected":false},"author":3,"featured_media":1872,"comment_status":"open","ping_status":"open","sticky":false,"template":"","format":"standard","meta":[],"categories":[56],"tags":[],"yoast_head":"<!-- This site is optimized with the Yoast SEO plugin v20.8 - https:\/\/yoast.com\/wordpress\/plugins\/seo\/ -->\n<title>Seminario de MENTOR llenando expectativas - La Prensa Cristiana<\/title>\n<meta name=\"robots\" content=\"index, follow, max-snippet:-1, max-image-preview:large, max-video-preview:-1\" \/>\n<link rel=\"canonical\" href=\"https:\/\/laprensacristiana.com\/?p=1871\" \/>\n<meta property=\"og:locale\" content=\"es_ES\" \/>\n<meta property=\"og:type\" content=\"article\" \/>\n<meta property=\"og:title\" content=\"Seminario de MENTOR llenando expectativas - La Prensa Cristiana\" \/>\n<meta property=\"og:description\" content=\"Ayer por la noche en las instalaciones de FUSAL, se imparti\u00f3 un seminario de estrategias empresariales para l\u00edderes, gerentes, y empresarios cristianos. El fin de esta actividad fue fomentar el impacto financiero, que tienen las decisiones tomadas por los representantes de empresas, ya que estas tienen que ser estrat\u00e9gicas para el buen rumbo de su [&hellip;]\" \/>\n<meta property=\"og:url\" content=\"https:\/\/laprensacristiana.com\/?p=1871\" \/>\n<meta property=\"og:site_name\" content=\"La Prensa Cristiana\" \/>\n<meta property=\"article:published_time\" content=\"2016-11-08T14:58:53+00:00\" \/>\n<meta property=\"article:modified_time\" content=\"2020-07-02T01:31:41+00:00\" \/>\n<meta property=\"og:image\" content=\"https:\/\/laprensacristiana.com\/wp-content\/uploads\/2016\/11\/MENTOR-PORTADA.jpg\" \/>\n\t<meta property=\"og:image:width\" content=\"1178\" \/>\n\t<meta property=\"og:image:height\" content=\"594\" \/>\n\t<meta property=\"og:image:type\" content=\"image\/jpeg\" \/>\n<meta name=\"author\" content=\"EDITOR\" \/>\n<meta name=\"twitter:card\" content=\"summary_large_image\" \/>\n<meta name=\"twitter:label1\" content=\"Escrito por\" \/>\n\t<meta name=\"twitter:data1\" content=\"EDITOR\" \/>\n\t<meta name=\"twitter:label2\" content=\"Tiempo de lectura\" \/>\n\t<meta name=\"twitter:data2\" content=\"1 minuto\" \/>\n<script type=\"application\/ld+json\" class=\"yoast-schema-graph\">{\"@context\":\"https:\/\/schema.org\",\"@graph\":[{\"@type\":\"WebPage\",\"@id\":\"https:\/\/laprensacristiana.com\/?p=1871\",\"url\":\"https:\/\/laprensacristiana.com\/?p=1871\",\"name\":\"Seminario de MENTOR llenando expectativas - La Prensa Cristiana\",\"isPartOf\":{\"@id\":\"https:\/\/laprensacristiana.com\/#website\"},\"datePublished\":\"2016-11-08T14:58:53+00:00\",\"dateModified\":\"2020-07-02T01:31:41+00:00\",\"author\":{\"@id\":\"https:\/\/laprensacristiana.com\/#\/schema\/person\/3e7d82c6bfd6b1fa67010f8f7cd5256e\"},\"breadcrumb\":{\"@id\":\"https:\/\/laprensacristiana.com\/?p=1871#breadcrumb\"},\"inLanguage\":\"es\",\"potentialAction\":[{\"@type\":\"ReadAction\",\"target\":[\"https:\/\/laprensacristiana.com\/?p=1871\"]}]},{\"@type\":\"BreadcrumbList\",\"@id\":\"https:\/\/laprensacristiana.com\/?p=1871#breadcrumb\",\"itemListElement\":[{\"@type\":\"ListItem\",\"position\":1,\"name\":\"Portada\",\"item\":\"https:\/\/laprensacristiana.com\/\"},{\"@type\":\"ListItem\",\"position\":2,\"name\":\"Seminario de MENTOR llenando expectativas\"}]},{\"@type\":\"WebSite\",\"@id\":\"https:\/\/laprensacristiana.com\/#website\",\"url\":\"https:\/\/laprensacristiana.com\/\",\"name\":\"La Prensa Cristiana\",\"description\":\"Anunciando Las Buenas Nuevas\",\"potentialAction\":[{\"@type\":\"SearchAction\",\"target\":{\"@type\":\"EntryPoint\",\"urlTemplate\":\"https:\/\/laprensacristiana.com\/?s={search_term_string}\"},\"query-input\":\"required name=search_term_string\"}],\"inLanguage\":\"es\"},{\"@type\":\"Person\",\"@id\":\"https:\/\/laprensacristiana.com\/#\/schema\/person\/3e7d82c6bfd6b1fa67010f8f7cd5256e\",\"name\":\"EDITOR\",\"image\":{\"@type\":\"ImageObject\",\"inLanguage\":\"es\",\"@id\":\"https:\/\/laprensacristiana.com\/#\/schema\/person\/image\/\",\"url\":\"https:\/\/secure.gravatar.com\/avatar\/72069dfb6c13772d9e8381e3638666d2?s=96&d=mm&r=g\",\"contentUrl\":\"https:\/\/secure.gravatar.com\/avatar\/72069dfb6c13772d9e8381e3638666d2?s=96&d=mm&r=g\",\"caption\":\"EDITOR\"},\"url\":\"https:\/\/laprensacristiana.com\/?author=3\"}]}<\/script>\n<!-- \/ Yoast SEO plugin. -->","yoast_head_json":{"title":"Seminario de MENTOR llenando expectativas - La Prensa Cristiana","robots":{"index":"index","follow":"follow","max-snippet":"max-snippet:-1","max-image-preview":"max-image-preview:large","max-video-preview":"max-video-preview:-1"},"canonical":"https:\/\/laprensacristiana.com\/?p=1871","og_locale":"es_ES","og_type":"article","og_title":"Seminario de MENTOR llenando expectativas - La Prensa Cristiana","og_description":"Ayer por la noche en las instalaciones de FUSAL, se imparti\u00f3 un seminario de estrategias empresariales para l\u00edderes, gerentes, y empresarios cristianos. El fin de esta actividad fue fomentar el impacto financiero, que tienen las decisiones tomadas por los representantes de empresas, ya que estas tienen que ser estrat\u00e9gicas para el buen rumbo de su [&hellip;]","og_url":"https:\/\/laprensacristiana.com\/?p=1871","og_site_name":"La Prensa Cristiana","article_published_time":"2016-11-08T14:58:53+00:00","article_modified_time":"2020-07-02T01:31:41+00:00","og_image":[{"width":1178,"height":594,"url":"https:\/\/laprensacristiana.com\/wp-content\/uploads\/2016\/11\/MENTOR-PORTADA.jpg","type":"image\/jpeg"}],"author":"EDITOR","twitter_card":"summary_large_image","twitter_misc":{"Escrito por":"EDITOR","Tiempo de lectura":"1 minuto"},"schema":{"@context":"https:\/\/schema.org","@graph":[{"@type":"WebPage","@id":"https:\/\/laprensacristiana.com\/?p=1871","url":"https:\/\/laprensacristiana.com\/?p=1871","name":"Seminario de MENTOR llenando expectativas - La Prensa Cristiana","isPartOf":{"@id":"https:\/\/laprensacristiana.com\/#website"},"datePublished":"2016-11-08T14:58:53+00:00","dateModified":"2020-07-02T01:31:41+00:00","author":{"@id":"https:\/\/laprensacristiana.com\/#\/schema\/person\/3e7d82c6bfd6b1fa67010f8f7cd5256e"},"breadcrumb":{"@id":"https:\/\/laprensacristiana.com\/?p=1871#breadcrumb"},"inLanguage":"es","potentialAction":[{"@type":"ReadAction","target":["https:\/\/laprensacristiana.com\/?p=1871"]}]},{"@type":"BreadcrumbList","@id":"https:\/\/laprensacristiana.com\/?p=1871#breadcrumb","itemListElement":[{"@type":"ListItem","position":1,"name":"Portada","item":"https:\/\/laprensacristiana.com\/"},{"@type":"ListItem","position":2,"name":"Seminario de MENTOR llenando expectativas"}]},{"@type":"WebSite","@id":"https:\/\/laprensacristiana.com\/#website","url":"https:\/\/laprensacristiana.com\/","name":"La Prensa Cristiana","description":"Anunciando Las Buenas Nuevas","potentialAction":[{"@type":"SearchAction","target":{"@type":"EntryPoint","urlTemplate":"https:\/\/laprensacristiana.com\/?s={search_term_string}"},"query-input":"required name=search_term_string"}],"inLanguage":"es"},{"@type":"Person","@id":"https:\/\/laprensacristiana.com\/#\/schema\/person\/3e7d82c6bfd6b1fa67010f8f7cd5256e","name":"EDITOR","image":{"@type":"ImageObject","inLanguage":"es","@id":"https:\/\/laprensacristiana.com\/#\/schema\/person\/image\/","url":"https:\/\/secure.gravatar.com\/avatar\/72069dfb6c13772d9e8381e3638666d2?s=96&d=mm&r=g","contentUrl":"https:\/\/secure.gravatar.com\/avatar\/72069dfb6c13772d9e8381e3638666d2?s=96&d=mm&r=g","caption":"EDITOR"},"url":"https:\/\/laprensacristiana.com\/?author=3"}]}},"_links":{"self":[{"href":"https:\/\/laprensacristiana.com\/index.php?rest_route=\/wp\/v2\/posts\/1871"}],"collection":[{"href":"https:\/\/laprensacristiana.com\/index.php?rest_route=\/wp\/v2\/posts"}],"about":[{"href":"https:\/\/laprensacristiana.com\/index.php?rest_route=\/wp\/v2\/types\/post"}],"author":[{"embeddable":true,"href":"https:\/\/laprensacristiana.com\/index.php?rest_route=\/wp\/v2\/users\/3"}],"replies":[{"embeddable":true,"href":"https:\/\/laprensacristiana.com\/index.php?rest_route=%2Fwp%2Fv2%2Fcomments&post=1871"}],"version-history":[{"count":2,"href":"https:\/\/laprensacristiana.com\/index.php?rest_route=\/wp\/v2\/posts\/1871\/revisions"}],"predecessor-version":[{"id":1877,"href":"https:\/\/laprensacristiana.com\/index.php?rest_route=\/wp\/v2\/posts\/1871\/revisions\/1877"}],"wp:featuredmedia":[{"embeddable":true,"href":"https:\/\/laprensacristiana.com\/index.php?rest_route=\/wp\/v2\/media\/1872"}],"wp:attachment":[{"href":"https:\/\/laprensacristiana.com\/index.php?rest_route=%2Fwp%2Fv2%2Fmedia&parent=1871"}],"wp:term":[{"taxonomy":"category","embeddable":true,"href":"https:\/\/laprensacristiana.com\/index.php?rest_route=%2Fwp%2Fv2%2Fcategories&post=1871"},{"taxonomy":"post_tag","embeddable":true,"href":"https:\/\/laprensacristiana.com\/index.php?rest_route=%2Fwp%2Fv2%2Ftags&post=1871"}],"curies":[{"name":"wp","href":"https:\/\/api.w.org\/{rel}","templated":true}]}}