{"id":18733,"date":"2025-05-12T15:36:13","date_gmt":"2025-05-12T15:36:13","guid":{"rendered":"https:\/\/laprensacristiana.com\/?p=18733"},"modified":"2025-05-12T15:36:13","modified_gmt":"2025-05-12T15:36:13","slug":"con-pasion-un-disco-que-resalta-el-talento-musical-de-la-juventud-salvadorena","status":"publish","type":"post","link":"https:\/\/laprensacristiana.com\/?p=18733","title":{"rendered":"\u00abCon Pasi\u00f3n\u00bb: Un disco que resalta el talento musical de la juventud salvadore\u00f1a"},"content":{"rendered":"\n<p>En un evento, organizado por Compassion El Salvador, se marc\u00f3 un rayo de esperanza para la m\u00fasica cristiana juvenil. Con el lanzamiento oficial del disco <em>\u00abCon Pasi\u00f3n\u00bb,<\/em> en las instalaciones de un reconocido hotel capitalino, con la participaci\u00f3n de j\u00f3venes artistas y participantes del programa integral, buscan por medio de la m\u00fasica llevar un mensaje de fe, esperanza y amor.<\/p>\n\n\n\n<p><em>\u00abCon Pasi\u00f3n\u00bb<\/em> es una serie musical y en este primer volumen cuenta con las voces de artistas como Marinella Arru\u00e9, Ricardo Quinteros, Gaby Chac\u00f3n, Victor Hern\u00e1ndez y Merari Mart\u00ednez, quienes interpretan canciones originales que buscan resonar en los corazones de quienes las escuchen.<\/p>\n\n\n\n<figure class=\"wp-block-image size-large\"><img decoding=\"async\" loading=\"lazy\" width=\"1024\" height=\"683\" src=\"https:\/\/laprensacristiana.com\/wp-content\/uploads\/2025\/05\/DSC02094-1024x683.jpg\" alt=\"\" class=\"wp-image-18737\" srcset=\"https:\/\/laprensacristiana.com\/wp-content\/uploads\/2025\/05\/DSC02094-1024x683.jpg 1024w, https:\/\/laprensacristiana.com\/wp-content\/uploads\/2025\/05\/DSC02094-300x200.jpg 300w, https:\/\/laprensacristiana.com\/wp-content\/uploads\/2025\/05\/DSC02094-768x512.jpg 768w, https:\/\/laprensacristiana.com\/wp-content\/uploads\/2025\/05\/DSC02094-1536x1024.jpg 1536w, https:\/\/laprensacristiana.com\/wp-content\/uploads\/2025\/05\/DSC02094-2048x1365.jpg 2048w, https:\/\/laprensacristiana.com\/wp-content\/uploads\/2025\/05\/DSC02094-696x464.jpg 696w, https:\/\/laprensacristiana.com\/wp-content\/uploads\/2025\/05\/DSC02094-1068x712.jpg 1068w, https:\/\/laprensacristiana.com\/wp-content\/uploads\/2025\/05\/DSC02094-1920x1280.jpg 1920w, https:\/\/laprensacristiana.com\/wp-content\/uploads\/2025\/05\/DSC02094-600x400.jpg 600w\" sizes=\"(max-width: 1024px) 100vw, 1024px\" \/><\/figure>\n\n\n\n<p>Entre los temas destacados del \u00e1lbum se encuentran \u00abEs Tu Amor\u00bb y \u00abDios de lo Imposible\u00bb, compuestas por el joven m\u00fasico V\u00edctor Caz\u00fan, y \u00abSolo en Ti\u00bb, escrita por Luis Rosales. Ambas canciones fueron creadas por j\u00f3venes graduados del Ministerio y reflejan su pasi\u00f3n y entrega hacia el llamado divino en la m\u00fasica cristiana.<\/p>\n\n\n\n<p>El proyecto naci\u00f3 del deseo e iniciativa de apoyar a los j\u00f3venes talentos de la m\u00fasica cristiana, brind\u00e1ndoles la oportunidad de exponer sus habilidades y darles visibilidad en una industria musical. Adem\u00e1s, <em>\u00abCon Pasi\u00f3n\u00bb<\/em> busca ofrecer una alternativa positiva a las tendencias musicales actuales, con canciones llenas de mensajes edificantes que llenan de esperanza y paz.<\/p>\n\n\n\n<p>La iniciativa de <em>\u00abCon Pasi\u00f3n\u00bb<\/em> inici\u00f3 en 2023 con concursos de talento en varios departamentos de la zona centro de El Salvador, eventos organizados por las Iglesias Cooperantes con Compassion El Salvador. &nbsp;El resultado de esos eventos fue la selecci\u00f3n de 10 finalistas para participar en un festival que reconoci\u00f3 a los m\u00fasicos m\u00e1s destacados.<\/p>\n\n\n\n<p>Gracias a estos concursos, siete j\u00f3venes recibieron becas de estudio en el Instituto CANZION, lo que les permiti\u00f3 fortalecer sus habilidades a trav\u00e9s de clases de canto impartidas por maestros nacionales e internacionales.<\/p>\n\n\n\n<figure class=\"wp-block-image size-large\"><img decoding=\"async\" loading=\"lazy\" width=\"1024\" height=\"683\" src=\"https:\/\/laprensacristiana.com\/wp-content\/uploads\/2025\/05\/DSC02133-1024x683.jpg\" alt=\"\" class=\"wp-image-18736\" srcset=\"https:\/\/laprensacristiana.com\/wp-content\/uploads\/2025\/05\/DSC02133-1024x683.jpg 1024w, https:\/\/laprensacristiana.com\/wp-content\/uploads\/2025\/05\/DSC02133-300x200.jpg 300w, https:\/\/laprensacristiana.com\/wp-content\/uploads\/2025\/05\/DSC02133-768x512.jpg 768w, https:\/\/laprensacristiana.com\/wp-content\/uploads\/2025\/05\/DSC02133-1536x1024.jpg 1536w, https:\/\/laprensacristiana.com\/wp-content\/uploads\/2025\/05\/DSC02133-2048x1365.jpg 2048w, https:\/\/laprensacristiana.com\/wp-content\/uploads\/2025\/05\/DSC02133-696x464.jpg 696w, https:\/\/laprensacristiana.com\/wp-content\/uploads\/2025\/05\/DSC02133-1068x712.jpg 1068w, https:\/\/laprensacristiana.com\/wp-content\/uploads\/2025\/05\/DSC02133-1920x1280.jpg 1920w, https:\/\/laprensacristiana.com\/wp-content\/uploads\/2025\/05\/DSC02133-600x400.jpg 600w\" sizes=\"(max-width: 1024px) 100vw, 1024px\" \/><\/figure>\n\n\n\n<p>El \u00e1lbum fue grabado entre noviembre y diciembre de 2024, bajo la direcci\u00f3n del reconocido productor musical Tito Mart\u00ednez y la producci\u00f3n de videos musicales a cargo de Rafael Garc\u00eda, quien ha trabajado con artistas internacionales como Gilberto Daza y William Perdomo.<\/p>\n\n\n\n<p>El primer sencillo del disco, \u00abEs Tu Amor\u00bb, fue lanzado en febrero de 2025 en plataformas como Spotify y YouTube, y r\u00e1pidamente capt\u00f3 la atenci\u00f3n del p\u00fablico. Este tema, que expresa un profundo agradecimiento hacia el amor inagotable de Dios, fue el inicio de una gira de medios en la que los artistas presentaron el disco completo.<\/p>\n\n\n\n<p>El director nacional de Compassion El Salvador, Hinmer Garc\u00eda, comparti\u00f3 un emotivo mensaje a los asistentes al concierto, donde destac\u00f3 la importancia de la m\u00fasica como herramienta de alabanza a Dios. En su participaci\u00f3n, enfatiz\u00f3 la necesidad de que los j\u00f3venes desarrollen su talento y no dejen que las cr\u00edticas apaguen su luz. Tambi\u00e9n hizo un llamado a la comunidad cristiana en el pa\u00eds para que apoyen a estos j\u00f3venes, ofreci\u00e9ndoles recursos, aliento y oportunidades para seguir creciendo en su carrera musical.<\/p>\n\n\n\n<p><em>\u00abCon Pasi\u00f3n\u00bb<\/em> no solo es un disco, sino un movimiento que busca transformar la m\u00fasica cristiana en El Salvador, exaltar los talentos emergentes y ofrecer a las nuevas generaciones una alternativa de fe a trav\u00e9s de la m\u00fasica.<\/p>\n\n\n\n<figure class=\"wp-block-image size-large\"><img decoding=\"async\" loading=\"lazy\" width=\"1024\" height=\"683\" src=\"https:\/\/laprensacristiana.com\/wp-content\/uploads\/2025\/05\/DSC02089-1024x683.jpg\" alt=\"\" class=\"wp-image-18735\" srcset=\"https:\/\/laprensacristiana.com\/wp-content\/uploads\/2025\/05\/DSC02089-1024x683.jpg 1024w, https:\/\/laprensacristiana.com\/wp-content\/uploads\/2025\/05\/DSC02089-300x200.jpg 300w, https:\/\/laprensacristiana.com\/wp-content\/uploads\/2025\/05\/DSC02089-768x512.jpg 768w, https:\/\/laprensacristiana.com\/wp-content\/uploads\/2025\/05\/DSC02089-1536x1024.jpg 1536w, https:\/\/laprensacristiana.com\/wp-content\/uploads\/2025\/05\/DSC02089-2048x1365.jpg 2048w, https:\/\/laprensacristiana.com\/wp-content\/uploads\/2025\/05\/DSC02089-696x464.jpg 696w, https:\/\/laprensacristiana.com\/wp-content\/uploads\/2025\/05\/DSC02089-1068x712.jpg 1068w, https:\/\/laprensacristiana.com\/wp-content\/uploads\/2025\/05\/DSC02089-1920x1280.jpg 1920w, https:\/\/laprensacristiana.com\/wp-content\/uploads\/2025\/05\/DSC02089-600x400.jpg 600w\" sizes=\"(max-width: 1024px) 100vw, 1024px\" \/><\/figure>\n","protected":false},"excerpt":{"rendered":"<p>En un evento, organizado por Compassion El Salvador, se marc\u00f3 un rayo de esperanza para la m\u00fasica cristiana juvenil. Con el lanzamiento oficial del disco \u00abCon Pasi\u00f3n\u00bb, en las instalaciones de un reconocido hotel capitalino, con la participaci\u00f3n de j\u00f3venes artistas y participantes del programa integral, buscan por medio de la m\u00fasica llevar un mensaje [&hellip;]<\/p>\n","protected":false},"author":3,"featured_media":18734,"comment_status":"open","ping_status":"open","sticky":false,"template":"","format":"standard","meta":[],"categories":[114],"tags":[],"yoast_head":"<!-- This site is optimized with the Yoast SEO plugin v20.8 - https:\/\/yoast.com\/wordpress\/plugins\/seo\/ -->\n<title>&quot;Con Pasi\u00f3n&quot;: Un disco que resalta el talento musical de la juventud salvadore\u00f1a - La Prensa Cristiana<\/title>\n<meta name=\"robots\" content=\"index, follow, max-snippet:-1, max-image-preview:large, max-video-preview:-1\" \/>\n<link rel=\"canonical\" href=\"https:\/\/laprensacristiana.com\/?p=18733\" \/>\n<meta property=\"og:locale\" content=\"es_ES\" \/>\n<meta property=\"og:type\" content=\"article\" \/>\n<meta property=\"og:title\" content=\"&quot;Con Pasi\u00f3n&quot;: Un disco que resalta el talento musical de la juventud salvadore\u00f1a - La Prensa Cristiana\" \/>\n<meta property=\"og:description\" content=\"En un evento, organizado por Compassion El Salvador, se marc\u00f3 un rayo de esperanza para la m\u00fasica cristiana juvenil. Con el lanzamiento oficial del disco \u00abCon Pasi\u00f3n\u00bb, en las instalaciones de un reconocido hotel capitalino, con la participaci\u00f3n de j\u00f3venes artistas y participantes del programa integral, buscan por medio de la m\u00fasica llevar un mensaje [&hellip;]\" \/>\n<meta property=\"og:url\" content=\"https:\/\/laprensacristiana.com\/?p=18733\" \/>\n<meta property=\"og:site_name\" content=\"La Prensa Cristiana\" \/>\n<meta property=\"article:published_time\" content=\"2025-05-12T15:36:13+00:00\" \/>\n<meta property=\"og:image\" content=\"https:\/\/laprensacristiana.com\/wp-content\/uploads\/2025\/05\/DSC02104-scaled.jpg\" \/>\n\t<meta property=\"og:image:width\" content=\"2560\" \/>\n\t<meta property=\"og:image:height\" content=\"1707\" \/>\n\t<meta property=\"og:image:type\" content=\"image\/jpeg\" \/>\n<meta name=\"author\" content=\"EDITOR\" \/>\n<meta name=\"twitter:card\" content=\"summary_large_image\" \/>\n<meta name=\"twitter:label1\" content=\"Escrito por\" \/>\n\t<meta name=\"twitter:data1\" content=\"EDITOR\" \/>\n\t<meta name=\"twitter:label2\" content=\"Tiempo de lectura\" \/>\n\t<meta name=\"twitter:data2\" content=\"3 minutos\" \/>\n<script type=\"application\/ld+json\" class=\"yoast-schema-graph\">{\"@context\":\"https:\/\/schema.org\",\"@graph\":[{\"@type\":\"WebPage\",\"@id\":\"https:\/\/laprensacristiana.com\/?p=18733\",\"url\":\"https:\/\/laprensacristiana.com\/?p=18733\",\"name\":\"\\\"Con Pasi\u00f3n\\\": Un disco que resalta el talento musical de la juventud salvadore\u00f1a - La Prensa Cristiana\",\"isPartOf\":{\"@id\":\"https:\/\/laprensacristiana.com\/#website\"},\"datePublished\":\"2025-05-12T15:36:13+00:00\",\"dateModified\":\"2025-05-12T15:36:13+00:00\",\"author\":{\"@id\":\"https:\/\/laprensacristiana.com\/#\/schema\/person\/3e7d82c6bfd6b1fa67010f8f7cd5256e\"},\"breadcrumb\":{\"@id\":\"https:\/\/laprensacristiana.com\/?p=18733#breadcrumb\"},\"inLanguage\":\"es\",\"potentialAction\":[{\"@type\":\"ReadAction\",\"target\":[\"https:\/\/laprensacristiana.com\/?p=18733\"]}]},{\"@type\":\"BreadcrumbList\",\"@id\":\"https:\/\/laprensacristiana.com\/?p=18733#breadcrumb\",\"itemListElement\":[{\"@type\":\"ListItem\",\"position\":1,\"name\":\"Portada\",\"item\":\"https:\/\/laprensacristiana.com\/\"},{\"@type\":\"ListItem\",\"position\":2,\"name\":\"\u00abCon Pasi\u00f3n\u00bb: Un disco que resalta el talento musical de la juventud salvadore\u00f1a\"}]},{\"@type\":\"WebSite\",\"@id\":\"https:\/\/laprensacristiana.com\/#website\",\"url\":\"https:\/\/laprensacristiana.com\/\",\"name\":\"La Prensa Cristiana\",\"description\":\"Anunciando Las Buenas Nuevas\",\"potentialAction\":[{\"@type\":\"SearchAction\",\"target\":{\"@type\":\"EntryPoint\",\"urlTemplate\":\"https:\/\/laprensacristiana.com\/?s={search_term_string}\"},\"query-input\":\"required name=search_term_string\"}],\"inLanguage\":\"es\"},{\"@type\":\"Person\",\"@id\":\"https:\/\/laprensacristiana.com\/#\/schema\/person\/3e7d82c6bfd6b1fa67010f8f7cd5256e\",\"name\":\"EDITOR\",\"image\":{\"@type\":\"ImageObject\",\"inLanguage\":\"es\",\"@id\":\"https:\/\/laprensacristiana.com\/#\/schema\/person\/image\/\",\"url\":\"https:\/\/secure.gravatar.com\/avatar\/72069dfb6c13772d9e8381e3638666d2?s=96&d=mm&r=g\",\"contentUrl\":\"https:\/\/secure.gravatar.com\/avatar\/72069dfb6c13772d9e8381e3638666d2?s=96&d=mm&r=g\",\"caption\":\"EDITOR\"},\"url\":\"https:\/\/laprensacristiana.com\/?author=3\"}]}<\/script>\n<!-- \/ Yoast SEO plugin. -->","yoast_head_json":{"title":"\"Con Pasi\u00f3n\": Un disco que resalta el talento musical de la juventud salvadore\u00f1a - La Prensa Cristiana","robots":{"index":"index","follow":"follow","max-snippet":"max-snippet:-1","max-image-preview":"max-image-preview:large","max-video-preview":"max-video-preview:-1"},"canonical":"https:\/\/laprensacristiana.com\/?p=18733","og_locale":"es_ES","og_type":"article","og_title":"\"Con Pasi\u00f3n\": Un disco que resalta el talento musical de la juventud salvadore\u00f1a - La Prensa Cristiana","og_description":"En un evento, organizado por Compassion El Salvador, se marc\u00f3 un rayo de esperanza para la m\u00fasica cristiana juvenil. Con el lanzamiento oficial del disco \u00abCon Pasi\u00f3n\u00bb, en las instalaciones de un reconocido hotel capitalino, con la participaci\u00f3n de j\u00f3venes artistas y participantes del programa integral, buscan por medio de la m\u00fasica llevar un mensaje [&hellip;]","og_url":"https:\/\/laprensacristiana.com\/?p=18733","og_site_name":"La Prensa Cristiana","article_published_time":"2025-05-12T15:36:13+00:00","og_image":[{"width":2560,"height":1707,"url":"https:\/\/laprensacristiana.com\/wp-content\/uploads\/2025\/05\/DSC02104-scaled.jpg","type":"image\/jpeg"}],"author":"EDITOR","twitter_card":"summary_large_image","twitter_misc":{"Escrito por":"EDITOR","Tiempo de lectura":"3 minutos"},"schema":{"@context":"https:\/\/schema.org","@graph":[{"@type":"WebPage","@id":"https:\/\/laprensacristiana.com\/?p=18733","url":"https:\/\/laprensacristiana.com\/?p=18733","name":"\"Con Pasi\u00f3n\": Un disco que resalta el talento musical de la juventud salvadore\u00f1a - La Prensa Cristiana","isPartOf":{"@id":"https:\/\/laprensacristiana.com\/#website"},"datePublished":"2025-05-12T15:36:13+00:00","dateModified":"2025-05-12T15:36:13+00:00","author":{"@id":"https:\/\/laprensacristiana.com\/#\/schema\/person\/3e7d82c6bfd6b1fa67010f8f7cd5256e"},"breadcrumb":{"@id":"https:\/\/laprensacristiana.com\/?p=18733#breadcrumb"},"inLanguage":"es","potentialAction":[{"@type":"ReadAction","target":["https:\/\/laprensacristiana.com\/?p=18733"]}]},{"@type":"BreadcrumbList","@id":"https:\/\/laprensacristiana.com\/?p=18733#breadcrumb","itemListElement":[{"@type":"ListItem","position":1,"name":"Portada","item":"https:\/\/laprensacristiana.com\/"},{"@type":"ListItem","position":2,"name":"\u00abCon Pasi\u00f3n\u00bb: Un disco que resalta el talento musical de la juventud salvadore\u00f1a"}]},{"@type":"WebSite","@id":"https:\/\/laprensacristiana.com\/#website","url":"https:\/\/laprensacristiana.com\/","name":"La Prensa Cristiana","description":"Anunciando Las Buenas Nuevas","potentialAction":[{"@type":"SearchAction","target":{"@type":"EntryPoint","urlTemplate":"https:\/\/laprensacristiana.com\/?s={search_term_string}"},"query-input":"required name=search_term_string"}],"inLanguage":"es"},{"@type":"Person","@id":"https:\/\/laprensacristiana.com\/#\/schema\/person\/3e7d82c6bfd6b1fa67010f8f7cd5256e","name":"EDITOR","image":{"@type":"ImageObject","inLanguage":"es","@id":"https:\/\/laprensacristiana.com\/#\/schema\/person\/image\/","url":"https:\/\/secure.gravatar.com\/avatar\/72069dfb6c13772d9e8381e3638666d2?s=96&d=mm&r=g","contentUrl":"https:\/\/secure.gravatar.com\/avatar\/72069dfb6c13772d9e8381e3638666d2?s=96&d=mm&r=g","caption":"EDITOR"},"url":"https:\/\/laprensacristiana.com\/?author=3"}]}},"_links":{"self":[{"href":"https:\/\/laprensacristiana.com\/index.php?rest_route=\/wp\/v2\/posts\/18733"}],"collection":[{"href":"https:\/\/laprensacristiana.com\/index.php?rest_route=\/wp\/v2\/posts"}],"about":[{"href":"https:\/\/laprensacristiana.com\/index.php?rest_route=\/wp\/v2\/types\/post"}],"author":[{"embeddable":true,"href":"https:\/\/laprensacristiana.com\/index.php?rest_route=\/wp\/v2\/users\/3"}],"replies":[{"embeddable":true,"href":"https:\/\/laprensacristiana.com\/index.php?rest_route=%2Fwp%2Fv2%2Fcomments&post=18733"}],"version-history":[{"count":1,"href":"https:\/\/laprensacristiana.com\/index.php?rest_route=\/wp\/v2\/posts\/18733\/revisions"}],"predecessor-version":[{"id":18738,"href":"https:\/\/laprensacristiana.com\/index.php?rest_route=\/wp\/v2\/posts\/18733\/revisions\/18738"}],"wp:featuredmedia":[{"embeddable":true,"href":"https:\/\/laprensacristiana.com\/index.php?rest_route=\/wp\/v2\/media\/18734"}],"wp:attachment":[{"href":"https:\/\/laprensacristiana.com\/index.php?rest_route=%2Fwp%2Fv2%2Fmedia&parent=18733"}],"wp:term":[{"taxonomy":"category","embeddable":true,"href":"https:\/\/laprensacristiana.com\/index.php?rest_route=%2Fwp%2Fv2%2Fcategories&post=18733"},{"taxonomy":"post_tag","embeddable":true,"href":"https:\/\/laprensacristiana.com\/index.php?rest_route=%2Fwp%2Fv2%2Ftags&post=18733"}],"curies":[{"name":"wp","href":"https:\/\/api.w.org\/{rel}","templated":true}]}}