{"id":1878,"date":"2016-11-10T15:12:19","date_gmt":"2016-11-10T15:12:19","guid":{"rendered":"https:\/\/laprensacristiana.com\/?p=1878"},"modified":"2020-07-02T01:31:27","modified_gmt":"2020-07-02T01:31:27","slug":"gds-band-lanza-video-del-sencillo-galileo","status":"publish","type":"post","link":"https:\/\/laprensacristiana.com\/?p=1878","title":{"rendered":"GDS Band lanza video del sencillo \u201cGalileo\u201d"},"content":{"rendered":"<p>\u201cGalileo\u201d, es el primer sencillo de navidad que GDS Band ha sacado, y es una adaptaci\u00f3n al espa\u00f1ol de la popular canci\u00f3n del artista brasile\u00f1o Fernandinho.<\/p>\n<p>Durante la gira que la banda tuvo en al pa\u00eds sudamericano Brasil, escucharon la canci\u00f3n, esta los inspira por medio de su letra y su mensaje enfocado al personaje m\u00e1s influyente de la historia, Jes\u00fas; realizando as\u00ed la versi\u00f3n en espa\u00f1ol con sonidos rock indie.<\/p>\n<p>La canci\u00f3n se centra en el impacto que Jes\u00fas, el galileo, tuvo en la tierra, hasta el punto de marcar la historia en un antes y un despu\u00e9s. \u201cMuchos le llamaron maestro, otros Mes\u00edas, para unos era un profeta, para otros un simple carpintero que naci\u00f3 en la regi\u00f3n de Galilea, Israel. Creas o no en \u00e9l, lo que nadie puede negar es que hace m\u00e1s de 2,000 a\u00f1os naci\u00f3 el hombre m\u00e1s influyente que ha pisado la tierra\u201d declar\u00f3 Luis D\u00edaz, vocalista y fundador de la GDS Band.<\/p>\n<p>La canci\u00f3n fue producida por Roberto \u201cTito\u201d Mart\u00ednez, en El Salvador, y cuenta con la participaci\u00f3n internacional de Roberto Prado Jr. Desde Houston, Texas, quien fue el encargado de la producci\u00f3n en las guitarras.<\/p>\n<p>14 horas \u00e9picas de rodaje tuvo su video que muestra el s\u00edmbolo m\u00e1s representativo de Jes\u00fas \u201cEl video musical nos llena de expectativa ya que el principal objetivo es mover la atenci\u00f3n del p\u00fablico hacia la persona de Jes\u00fas. Pensamos que la mejor manera de representar a Cristo, su mensaje y su sacrificio es a trav\u00e9s del s\u00edmbolo de la cruz, as\u00ed que la Cruz es la gran protagonista del video\u201d, comparti\u00f3 Ingrid D\u00edaz, hermana de Luis y co-directora de la agrupaci\u00f3n.<\/p>\n<p>Para el 2017 GDS seguir\u00e1 haciendo \u201cNOISE\u201d en diferentes continentes, ya que esperan poder visitar pa\u00edses como: Costa Rica, Rep\u00fablica Dominicana, Puerto Rico, Estados Unidos, Guatemala, Honduras y algunos pa\u00edses de Sudam\u00e9rica.<\/p>\n<p>GDS Banda &#8211; Galileo<\/p>\n<div class=\"youtube-embed\" data-video_id=\"ldhWIdUaeIg\"><iframe loading=\"lazy\" title=\"GDS - Galileo (Videoclip Oficial)\" width=\"696\" height=\"392\" src=\"https:\/\/www.youtube.com\/embed\/ldhWIdUaeIg?feature=oembed&#038;enablejsapi=1\" frameborder=\"0\" allow=\"accelerometer; autoplay; encrypted-media; gyroscope; picture-in-picture\" allowfullscreen><\/iframe><\/div>\n","protected":false},"excerpt":{"rendered":"<p>\u201cGalileo\u201d, es el primer sencillo de navidad que GDS Band ha sacado, y es una adaptaci\u00f3n al espa\u00f1ol de la popular canci\u00f3n del artista brasile\u00f1o Fernandinho. Durante la gira que la banda tuvo en al pa\u00eds sudamericano Brasil, escucharon la canci\u00f3n, esta los inspira por medio de su letra y su mensaje enfocado al personaje [&hellip;]<\/p>\n","protected":false},"author":3,"featured_media":1879,"comment_status":"open","ping_status":"open","sticky":false,"template":"","format":"standard","meta":[],"categories":[101],"tags":[],"yoast_head":"<!-- This site is optimized with the Yoast SEO plugin v20.8 - https:\/\/yoast.com\/wordpress\/plugins\/seo\/ -->\n<title>GDS Band lanza video del sencillo \u201cGalileo\u201d - La Prensa Cristiana<\/title>\n<meta name=\"robots\" content=\"index, follow, max-snippet:-1, max-image-preview:large, max-video-preview:-1\" \/>\n<link rel=\"canonical\" href=\"https:\/\/laprensacristiana.com\/?p=1878\" \/>\n<meta property=\"og:locale\" content=\"es_ES\" \/>\n<meta property=\"og:type\" content=\"article\" \/>\n<meta property=\"og:title\" content=\"GDS Band lanza video del sencillo \u201cGalileo\u201d - La Prensa Cristiana\" \/>\n<meta property=\"og:description\" content=\"\u201cGalileo\u201d, es el primer sencillo de navidad que GDS Band ha sacado, y es una adaptaci\u00f3n al espa\u00f1ol de la popular canci\u00f3n del artista brasile\u00f1o Fernandinho. Durante la gira que la banda tuvo en al pa\u00eds sudamericano Brasil, escucharon la canci\u00f3n, esta los inspira por medio de su letra y su mensaje enfocado al personaje [&hellip;]\" \/>\n<meta property=\"og:url\" content=\"https:\/\/laprensacristiana.com\/?p=1878\" \/>\n<meta property=\"og:site_name\" content=\"La Prensa Cristiana\" \/>\n<meta property=\"article:published_time\" content=\"2016-11-10T15:12:19+00:00\" \/>\n<meta property=\"article:modified_time\" content=\"2020-07-02T01:31:27+00:00\" \/>\n<meta property=\"og:image\" content=\"https:\/\/laprensacristiana.com\/wp-content\/uploads\/2016\/11\/14915614_577288239148302_1530076249194971212_n.jpg\" \/>\n\t<meta property=\"og:image:width\" content=\"960\" \/>\n\t<meta property=\"og:image:height\" content=\"357\" \/>\n\t<meta property=\"og:image:type\" content=\"image\/jpeg\" \/>\n<meta name=\"author\" content=\"EDITOR\" \/>\n<meta name=\"twitter:card\" content=\"summary_large_image\" \/>\n<meta name=\"twitter:label1\" content=\"Escrito por\" \/>\n\t<meta name=\"twitter:data1\" content=\"EDITOR\" \/>\n\t<meta name=\"twitter:label2\" content=\"Tiempo de lectura\" \/>\n\t<meta name=\"twitter:data2\" content=\"2 minutos\" \/>\n<script type=\"application\/ld+json\" class=\"yoast-schema-graph\">{\"@context\":\"https:\/\/schema.org\",\"@graph\":[{\"@type\":\"WebPage\",\"@id\":\"https:\/\/laprensacristiana.com\/?p=1878\",\"url\":\"https:\/\/laprensacristiana.com\/?p=1878\",\"name\":\"GDS Band lanza video del sencillo \u201cGalileo\u201d - La Prensa Cristiana\",\"isPartOf\":{\"@id\":\"https:\/\/laprensacristiana.com\/#website\"},\"datePublished\":\"2016-11-10T15:12:19+00:00\",\"dateModified\":\"2020-07-02T01:31:27+00:00\",\"author\":{\"@id\":\"https:\/\/laprensacristiana.com\/#\/schema\/person\/3e7d82c6bfd6b1fa67010f8f7cd5256e\"},\"breadcrumb\":{\"@id\":\"https:\/\/laprensacristiana.com\/?p=1878#breadcrumb\"},\"inLanguage\":\"es\",\"potentialAction\":[{\"@type\":\"ReadAction\",\"target\":[\"https:\/\/laprensacristiana.com\/?p=1878\"]}]},{\"@type\":\"BreadcrumbList\",\"@id\":\"https:\/\/laprensacristiana.com\/?p=1878#breadcrumb\",\"itemListElement\":[{\"@type\":\"ListItem\",\"position\":1,\"name\":\"Portada\",\"item\":\"https:\/\/laprensacristiana.com\/\"},{\"@type\":\"ListItem\",\"position\":2,\"name\":\"GDS Band lanza video del sencillo \u201cGalileo\u201d\"}]},{\"@type\":\"WebSite\",\"@id\":\"https:\/\/laprensacristiana.com\/#website\",\"url\":\"https:\/\/laprensacristiana.com\/\",\"name\":\"La Prensa Cristiana\",\"description\":\"Anunciando Las Buenas Nuevas\",\"potentialAction\":[{\"@type\":\"SearchAction\",\"target\":{\"@type\":\"EntryPoint\",\"urlTemplate\":\"https:\/\/laprensacristiana.com\/?s={search_term_string}\"},\"query-input\":\"required name=search_term_string\"}],\"inLanguage\":\"es\"},{\"@type\":\"Person\",\"@id\":\"https:\/\/laprensacristiana.com\/#\/schema\/person\/3e7d82c6bfd6b1fa67010f8f7cd5256e\",\"name\":\"EDITOR\",\"image\":{\"@type\":\"ImageObject\",\"inLanguage\":\"es\",\"@id\":\"https:\/\/laprensacristiana.com\/#\/schema\/person\/image\/\",\"url\":\"https:\/\/secure.gravatar.com\/avatar\/72069dfb6c13772d9e8381e3638666d2?s=96&d=mm&r=g\",\"contentUrl\":\"https:\/\/secure.gravatar.com\/avatar\/72069dfb6c13772d9e8381e3638666d2?s=96&d=mm&r=g\",\"caption\":\"EDITOR\"},\"url\":\"https:\/\/laprensacristiana.com\/?author=3\"}]}<\/script>\n<!-- \/ Yoast SEO plugin. -->","yoast_head_json":{"title":"GDS Band lanza video del sencillo \u201cGalileo\u201d - La Prensa Cristiana","robots":{"index":"index","follow":"follow","max-snippet":"max-snippet:-1","max-image-preview":"max-image-preview:large","max-video-preview":"max-video-preview:-1"},"canonical":"https:\/\/laprensacristiana.com\/?p=1878","og_locale":"es_ES","og_type":"article","og_title":"GDS Band lanza video del sencillo \u201cGalileo\u201d - La Prensa Cristiana","og_description":"\u201cGalileo\u201d, es el primer sencillo de navidad que GDS Band ha sacado, y es una adaptaci\u00f3n al espa\u00f1ol de la popular canci\u00f3n del artista brasile\u00f1o Fernandinho. Durante la gira que la banda tuvo en al pa\u00eds sudamericano Brasil, escucharon la canci\u00f3n, esta los inspira por medio de su letra y su mensaje enfocado al personaje [&hellip;]","og_url":"https:\/\/laprensacristiana.com\/?p=1878","og_site_name":"La Prensa Cristiana","article_published_time":"2016-11-10T15:12:19+00:00","article_modified_time":"2020-07-02T01:31:27+00:00","og_image":[{"width":960,"height":357,"url":"https:\/\/laprensacristiana.com\/wp-content\/uploads\/2016\/11\/14915614_577288239148302_1530076249194971212_n.jpg","type":"image\/jpeg"}],"author":"EDITOR","twitter_card":"summary_large_image","twitter_misc":{"Escrito por":"EDITOR","Tiempo de lectura":"2 minutos"},"schema":{"@context":"https:\/\/schema.org","@graph":[{"@type":"WebPage","@id":"https:\/\/laprensacristiana.com\/?p=1878","url":"https:\/\/laprensacristiana.com\/?p=1878","name":"GDS Band lanza video del sencillo \u201cGalileo\u201d - La Prensa Cristiana","isPartOf":{"@id":"https:\/\/laprensacristiana.com\/#website"},"datePublished":"2016-11-10T15:12:19+00:00","dateModified":"2020-07-02T01:31:27+00:00","author":{"@id":"https:\/\/laprensacristiana.com\/#\/schema\/person\/3e7d82c6bfd6b1fa67010f8f7cd5256e"},"breadcrumb":{"@id":"https:\/\/laprensacristiana.com\/?p=1878#breadcrumb"},"inLanguage":"es","potentialAction":[{"@type":"ReadAction","target":["https:\/\/laprensacristiana.com\/?p=1878"]}]},{"@type":"BreadcrumbList","@id":"https:\/\/laprensacristiana.com\/?p=1878#breadcrumb","itemListElement":[{"@type":"ListItem","position":1,"name":"Portada","item":"https:\/\/laprensacristiana.com\/"},{"@type":"ListItem","position":2,"name":"GDS Band lanza video del sencillo \u201cGalileo\u201d"}]},{"@type":"WebSite","@id":"https:\/\/laprensacristiana.com\/#website","url":"https:\/\/laprensacristiana.com\/","name":"La Prensa Cristiana","description":"Anunciando Las Buenas Nuevas","potentialAction":[{"@type":"SearchAction","target":{"@type":"EntryPoint","urlTemplate":"https:\/\/laprensacristiana.com\/?s={search_term_string}"},"query-input":"required name=search_term_string"}],"inLanguage":"es"},{"@type":"Person","@id":"https:\/\/laprensacristiana.com\/#\/schema\/person\/3e7d82c6bfd6b1fa67010f8f7cd5256e","name":"EDITOR","image":{"@type":"ImageObject","inLanguage":"es","@id":"https:\/\/laprensacristiana.com\/#\/schema\/person\/image\/","url":"https:\/\/secure.gravatar.com\/avatar\/72069dfb6c13772d9e8381e3638666d2?s=96&d=mm&r=g","contentUrl":"https:\/\/secure.gravatar.com\/avatar\/72069dfb6c13772d9e8381e3638666d2?s=96&d=mm&r=g","caption":"EDITOR"},"url":"https:\/\/laprensacristiana.com\/?author=3"}]}},"_links":{"self":[{"href":"https:\/\/laprensacristiana.com\/index.php?rest_route=\/wp\/v2\/posts\/1878"}],"collection":[{"href":"https:\/\/laprensacristiana.com\/index.php?rest_route=\/wp\/v2\/posts"}],"about":[{"href":"https:\/\/laprensacristiana.com\/index.php?rest_route=\/wp\/v2\/types\/post"}],"author":[{"embeddable":true,"href":"https:\/\/laprensacristiana.com\/index.php?rest_route=\/wp\/v2\/users\/3"}],"replies":[{"embeddable":true,"href":"https:\/\/laprensacristiana.com\/index.php?rest_route=%2Fwp%2Fv2%2Fcomments&post=1878"}],"version-history":[{"count":2,"href":"https:\/\/laprensacristiana.com\/index.php?rest_route=\/wp\/v2\/posts\/1878\/revisions"}],"predecessor-version":[{"id":1881,"href":"https:\/\/laprensacristiana.com\/index.php?rest_route=\/wp\/v2\/posts\/1878\/revisions\/1881"}],"wp:featuredmedia":[{"embeddable":true,"href":"https:\/\/laprensacristiana.com\/index.php?rest_route=\/wp\/v2\/media\/1879"}],"wp:attachment":[{"href":"https:\/\/laprensacristiana.com\/index.php?rest_route=%2Fwp%2Fv2%2Fmedia&parent=1878"}],"wp:term":[{"taxonomy":"category","embeddable":true,"href":"https:\/\/laprensacristiana.com\/index.php?rest_route=%2Fwp%2Fv2%2Fcategories&post=1878"},{"taxonomy":"post_tag","embeddable":true,"href":"https:\/\/laprensacristiana.com\/index.php?rest_route=%2Fwp%2Fv2%2Ftags&post=1878"}],"curies":[{"name":"wp","href":"https:\/\/api.w.org\/{rel}","templated":true}]}}