{"id":18834,"date":"2025-07-03T16:23:19","date_gmt":"2025-07-03T16:23:19","guid":{"rendered":"https:\/\/laprensacristiana.com\/?p=18834"},"modified":"2025-07-03T16:23:19","modified_gmt":"2025-07-03T16:23:19","slug":"dr-josue-anaya-siempre-buscamos-la-unidad-del-cuerpo-de-cristo","status":"publish","type":"post","link":"https:\/\/laprensacristiana.com\/?p=18834","title":{"rendered":"Dr. Josu\u00e9 Anaya \u00abSiempre buscamos la unidad del cuerpo de Cristo\u00bb"},"content":{"rendered":"\n<p>El Dr. Josu\u00e9 Anaya es un personaje que se crio entre juguetes de medicina, y eso defini\u00f3 su identidad, marcando su rumbo. Naci\u00f3 un 14 de febrero de 1972, en San Salvador. Sus padres lo criaron bajo creencias religiosas, se congreg\u00f3 en la Iglesia Monte Carmelo, del Pastor Luis Ricardo Paname\u00f1o, de las Asambleas de Dios, sus padres sufrieron pruebas grandes para continuar con la misi\u00f3n de evangelizar en aquel entonces.<\/p>\n\n\n\n<p>&nbsp;\u201cCuando entr\u00e9 a la universidad no quise poner segunda, ni tercera opci\u00f3n, por m\u00e1s que me obligaran\u201d, Estudi\u00f3 su doctorado en la Universidad Nacional de El Salvador, posteriormente una maestr\u00eda en Salud P\u00fablica imparti\u00f3 clases en la Universidad Jos\u00e9 Mat\u00edas Delgado.<\/p>\n\n\n\n<p>En su trayectoria profesional, fue director de la Unidad de Salud en San Juan Opico, tambi\u00e9n en San Vicente, ejerci\u00f3 en el Hospital San Rafael y Hospital de Santo Tom\u00e1s.\u00a0 Y en el Hospital San Juan de Dios, en Santa Ana.<\/p>\n\n\n\n<figure class=\"wp-block-image size-large\"><img decoding=\"async\" loading=\"lazy\" width=\"768\" height=\"1024\" src=\"https:\/\/laprensacristiana.com\/wp-content\/uploads\/2025\/07\/WhatsApp-Image-2025-06-17-at-9.12.03-AM-768x1024.jpeg\" alt=\"\" class=\"wp-image-18836\" srcset=\"https:\/\/laprensacristiana.com\/wp-content\/uploads\/2025\/07\/WhatsApp-Image-2025-06-17-at-9.12.03-AM-768x1024.jpeg 768w, https:\/\/laprensacristiana.com\/wp-content\/uploads\/2025\/07\/WhatsApp-Image-2025-06-17-at-9.12.03-AM-225x300.jpeg 225w, https:\/\/laprensacristiana.com\/wp-content\/uploads\/2025\/07\/WhatsApp-Image-2025-06-17-at-9.12.03-AM-1152x1536.jpeg 1152w, https:\/\/laprensacristiana.com\/wp-content\/uploads\/2025\/07\/WhatsApp-Image-2025-06-17-at-9.12.03-AM-696x928.jpeg 696w, https:\/\/laprensacristiana.com\/wp-content\/uploads\/2025\/07\/WhatsApp-Image-2025-06-17-at-9.12.03-AM-1068x1424.jpeg 1068w, https:\/\/laprensacristiana.com\/wp-content\/uploads\/2025\/07\/WhatsApp-Image-2025-06-17-at-9.12.03-AM-600x800.jpeg 600w, https:\/\/laprensacristiana.com\/wp-content\/uploads\/2025\/07\/WhatsApp-Image-2025-06-17-at-9.12.03-AM.jpeg 1200w\" sizes=\"(max-width: 768px) 100vw, 768px\" \/><\/figure>\n\n\n\n<p>Empezaron con una casa de oraci\u00f3n en su hogar, as\u00ed empez\u00f3 su vida pastoral, como una iglesia independiente desde el 2005 hasta convertirse en la Iglesia Rey David, fund\u00f3 un ministerio llamado \u201cLucas\u201d que es atenci\u00f3n a pastores&nbsp; y sus esposas, referente a la necesidad que existe de brindarles asistencia m\u00e9dica, con el cual ha atendido a m\u00e1s de 800 pastores a nivel nacional de diferentes denominaciones, alterno a ello fund\u00f3 la asociaci\u00f3n pastoral SANTO (Santa Tecla Organizada para Cristo) \u201cEmpezamos a visitar pastores, primero \u00e9ramos diez, luego \u00e9ramos 20, as\u00ed fue que nos \u00edbamos uniendo y comenzamos a hacer marchas, eventos en parques\u201d, Es como empezaron con la misi\u00f3n hasta llegar a reunir m\u00e1s de 30 mil personas por medio de una campa\u00f1a evangelistica.<\/p>\n\n\n\n<p>El 20 de abril del 2018, Dios le llam\u00f3 junto con su familia para iniciar una nueva etapa desde Estados Unidos, donde se han convertido en un puente de apoyo para personas en El Salvador, siendo conexi\u00f3n entre ministerios evangel\u00edsticos internacionales, para que la palabra de Dios fluya de forma multitudinaria en El Salvador.<\/p>\n\n\n\n<figure class=\"wp-block-image size-full\"><img decoding=\"async\" loading=\"lazy\" width=\"640\" height=\"640\" src=\"https:\/\/laprensacristiana.com\/wp-content\/uploads\/2025\/07\/WhatsApp-Image-2025-06-17-at-9.10.09-AM.jpeg\" alt=\"\" class=\"wp-image-18837\" srcset=\"https:\/\/laprensacristiana.com\/wp-content\/uploads\/2025\/07\/WhatsApp-Image-2025-06-17-at-9.10.09-AM.jpeg 640w, https:\/\/laprensacristiana.com\/wp-content\/uploads\/2025\/07\/WhatsApp-Image-2025-06-17-at-9.10.09-AM-300x300.jpeg 300w, https:\/\/laprensacristiana.com\/wp-content\/uploads\/2025\/07\/WhatsApp-Image-2025-06-17-at-9.10.09-AM-150x150.jpeg 150w, https:\/\/laprensacristiana.com\/wp-content\/uploads\/2025\/07\/WhatsApp-Image-2025-06-17-at-9.10.09-AM-600x600.jpeg 600w, https:\/\/laprensacristiana.com\/wp-content\/uploads\/2025\/07\/WhatsApp-Image-2025-06-17-at-9.10.09-AM-100x100.jpeg 100w\" sizes=\"(max-width: 640px) 100vw, 640px\" \/><\/figure>\n\n\n\n<p>Desde su llegada han fundado 2 ministerios, Jehov\u00e1 Rapha International, con el que han alcanzado y ayudado a cientos de personas a trav\u00e9s de la oraci\u00f3n y su experiencia en el \u00e1rea de salud, durante la pandemia fueron apoyo emocional, espiritual y f\u00edsico para muchos pastores alrededor del mundo, adem\u00e1s se desempe\u00f1an a trav\u00e9s de la Di\u00e1spora Cristiana Salvadore\u00f1a, una comunidad de lideres evang\u00e9licos residentes en Estados Unidos, que conectan esfuerzos en favor del evangelio. Siempre buscamos la unidad del cuerpo de Cristo.<\/p>\n\n\n\n<p>En la actualidad reside en Houston, Texas, seg\u00fan explica la mayor\u00eda de las personas que emigraron a Estados Unidos ya ten\u00edan un nivel de cristianismo, buena parte hab\u00edan aceptado a Cristo, pero al iniciar su estad\u00eda, el enfoque les cambia y el trabajo se vuelve en su mayor af\u00e1n.&nbsp; La b\u00fasqueda del sue\u00f1o americano hace que el cristiano se dedique a trabajar m\u00e1s del 100% y se olvide de Dios\u00bb, es en el af\u00e1n de revertir esta condici\u00f3n que traban incansablemente por llevar las buenas nuevas de salvaci\u00f3n a su entorno.<\/p>\n\n\n\n<p>\u00abEstamos devolviendo algo a este pa\u00eds, de lo que ellos, los misioneros nos dieron hace m\u00e1s de 100 a\u00f1os al ir a nuestras tierras y presentarnos a Cristo como nuestro salvador\u00bb. Indic\u00f3 el Dr. Anaya.<\/p>\n\n\n\n<figure class=\"wp-block-image size-large\"><img decoding=\"async\" loading=\"lazy\" width=\"1024\" height=\"768\" src=\"https:\/\/laprensacristiana.com\/wp-content\/uploads\/2025\/07\/506212757_9600501306726291_1783356762812880878_n-1024x768.jpg\" alt=\"\" class=\"wp-image-18838\" srcset=\"https:\/\/laprensacristiana.com\/wp-content\/uploads\/2025\/07\/506212757_9600501306726291_1783356762812880878_n-1024x768.jpg 1024w, https:\/\/laprensacristiana.com\/wp-content\/uploads\/2025\/07\/506212757_9600501306726291_1783356762812880878_n-300x225.jpg 300w, https:\/\/laprensacristiana.com\/wp-content\/uploads\/2025\/07\/506212757_9600501306726291_1783356762812880878_n-768x576.jpg 768w, https:\/\/laprensacristiana.com\/wp-content\/uploads\/2025\/07\/506212757_9600501306726291_1783356762812880878_n-1536x1152.jpg 1536w, https:\/\/laprensacristiana.com\/wp-content\/uploads\/2025\/07\/506212757_9600501306726291_1783356762812880878_n-696x522.jpg 696w, https:\/\/laprensacristiana.com\/wp-content\/uploads\/2025\/07\/506212757_9600501306726291_1783356762812880878_n-1068x801.jpg 1068w, https:\/\/laprensacristiana.com\/wp-content\/uploads\/2025\/07\/506212757_9600501306726291_1783356762812880878_n-1920x1440.jpg 1920w, https:\/\/laprensacristiana.com\/wp-content\/uploads\/2025\/07\/506212757_9600501306726291_1783356762812880878_n-600x450.jpg 600w, https:\/\/laprensacristiana.com\/wp-content\/uploads\/2025\/07\/506212757_9600501306726291_1783356762812880878_n.jpg 2048w\" sizes=\"(max-width: 1024px) 100vw, 1024px\" \/><\/figure>\n","protected":false},"excerpt":{"rendered":"<p>El Dr. Josu\u00e9 Anaya es un personaje que se crio entre juguetes de medicina, y eso defini\u00f3 su identidad, marcando su rumbo. Naci\u00f3 un 14 de febrero de 1972, en San Salvador. Sus padres lo criaron bajo creencias religiosas, se congreg\u00f3 en la Iglesia Monte Carmelo, del Pastor Luis Ricardo Paname\u00f1o, de las Asambleas de [&hellip;]<\/p>\n","protected":false},"author":3,"featured_media":18835,"comment_status":"open","ping_status":"open","sticky":false,"template":"","format":"standard","meta":[],"categories":[37],"tags":[],"yoast_head":"<!-- This site is optimized with the Yoast SEO plugin v20.8 - https:\/\/yoast.com\/wordpress\/plugins\/seo\/ -->\n<title>Dr. Josu\u00e9 Anaya \u00abSiempre buscamos la unidad del cuerpo de Cristo\u00bb - La Prensa Cristiana<\/title>\n<meta name=\"robots\" content=\"index, follow, max-snippet:-1, max-image-preview:large, max-video-preview:-1\" \/>\n<link rel=\"canonical\" href=\"https:\/\/laprensacristiana.com\/?p=18834\" \/>\n<meta property=\"og:locale\" content=\"es_ES\" \/>\n<meta property=\"og:type\" content=\"article\" \/>\n<meta property=\"og:title\" content=\"Dr. Josu\u00e9 Anaya \u00abSiempre buscamos la unidad del cuerpo de Cristo\u00bb - La Prensa Cristiana\" \/>\n<meta property=\"og:description\" content=\"El Dr. Josu\u00e9 Anaya es un personaje que se crio entre juguetes de medicina, y eso defini\u00f3 su identidad, marcando su rumbo. Naci\u00f3 un 14 de febrero de 1972, en San Salvador. Sus padres lo criaron bajo creencias religiosas, se congreg\u00f3 en la Iglesia Monte Carmelo, del Pastor Luis Ricardo Paname\u00f1o, de las Asambleas de [&hellip;]\" \/>\n<meta property=\"og:url\" content=\"https:\/\/laprensacristiana.com\/?p=18834\" \/>\n<meta property=\"og:site_name\" content=\"La Prensa Cristiana\" \/>\n<meta property=\"article:published_time\" content=\"2025-07-03T16:23:19+00:00\" \/>\n<meta property=\"og:image\" content=\"https:\/\/laprensacristiana.com\/wp-content\/uploads\/2025\/07\/Copia-de-OPINION-4.png\" \/>\n\t<meta property=\"og:image:width\" content=\"719\" \/>\n\t<meta property=\"og:image:height\" content=\"540\" \/>\n\t<meta property=\"og:image:type\" content=\"image\/png\" \/>\n<meta name=\"author\" content=\"EDITOR\" \/>\n<meta name=\"twitter:card\" content=\"summary_large_image\" \/>\n<meta name=\"twitter:label1\" content=\"Escrito por\" \/>\n\t<meta name=\"twitter:data1\" content=\"EDITOR\" \/>\n\t<meta name=\"twitter:label2\" content=\"Tiempo de lectura\" \/>\n\t<meta name=\"twitter:data2\" content=\"4 minutos\" \/>\n<script type=\"application\/ld+json\" class=\"yoast-schema-graph\">{\"@context\":\"https:\/\/schema.org\",\"@graph\":[{\"@type\":\"WebPage\",\"@id\":\"https:\/\/laprensacristiana.com\/?p=18834\",\"url\":\"https:\/\/laprensacristiana.com\/?p=18834\",\"name\":\"Dr. Josu\u00e9 Anaya \u00abSiempre buscamos la unidad del cuerpo de Cristo\u00bb - La Prensa Cristiana\",\"isPartOf\":{\"@id\":\"https:\/\/laprensacristiana.com\/#website\"},\"datePublished\":\"2025-07-03T16:23:19+00:00\",\"dateModified\":\"2025-07-03T16:23:19+00:00\",\"author\":{\"@id\":\"https:\/\/laprensacristiana.com\/#\/schema\/person\/3e7d82c6bfd6b1fa67010f8f7cd5256e\"},\"breadcrumb\":{\"@id\":\"https:\/\/laprensacristiana.com\/?p=18834#breadcrumb\"},\"inLanguage\":\"es\",\"potentialAction\":[{\"@type\":\"ReadAction\",\"target\":[\"https:\/\/laprensacristiana.com\/?p=18834\"]}]},{\"@type\":\"BreadcrumbList\",\"@id\":\"https:\/\/laprensacristiana.com\/?p=18834#breadcrumb\",\"itemListElement\":[{\"@type\":\"ListItem\",\"position\":1,\"name\":\"Portada\",\"item\":\"https:\/\/laprensacristiana.com\/\"},{\"@type\":\"ListItem\",\"position\":2,\"name\":\"Dr. Josu\u00e9 Anaya \u00abSiempre buscamos la unidad del cuerpo de Cristo\u00bb\"}]},{\"@type\":\"WebSite\",\"@id\":\"https:\/\/laprensacristiana.com\/#website\",\"url\":\"https:\/\/laprensacristiana.com\/\",\"name\":\"La Prensa Cristiana\",\"description\":\"Anunciando Las Buenas Nuevas\",\"potentialAction\":[{\"@type\":\"SearchAction\",\"target\":{\"@type\":\"EntryPoint\",\"urlTemplate\":\"https:\/\/laprensacristiana.com\/?s={search_term_string}\"},\"query-input\":\"required name=search_term_string\"}],\"inLanguage\":\"es\"},{\"@type\":\"Person\",\"@id\":\"https:\/\/laprensacristiana.com\/#\/schema\/person\/3e7d82c6bfd6b1fa67010f8f7cd5256e\",\"name\":\"EDITOR\",\"image\":{\"@type\":\"ImageObject\",\"inLanguage\":\"es\",\"@id\":\"https:\/\/laprensacristiana.com\/#\/schema\/person\/image\/\",\"url\":\"https:\/\/secure.gravatar.com\/avatar\/72069dfb6c13772d9e8381e3638666d2?s=96&d=mm&r=g\",\"contentUrl\":\"https:\/\/secure.gravatar.com\/avatar\/72069dfb6c13772d9e8381e3638666d2?s=96&d=mm&r=g\",\"caption\":\"EDITOR\"},\"url\":\"https:\/\/laprensacristiana.com\/?author=3\"}]}<\/script>\n<!-- \/ Yoast SEO plugin. -->","yoast_head_json":{"title":"Dr. Josu\u00e9 Anaya \u00abSiempre buscamos la unidad del cuerpo de Cristo\u00bb - La Prensa Cristiana","robots":{"index":"index","follow":"follow","max-snippet":"max-snippet:-1","max-image-preview":"max-image-preview:large","max-video-preview":"max-video-preview:-1"},"canonical":"https:\/\/laprensacristiana.com\/?p=18834","og_locale":"es_ES","og_type":"article","og_title":"Dr. Josu\u00e9 Anaya \u00abSiempre buscamos la unidad del cuerpo de Cristo\u00bb - La Prensa Cristiana","og_description":"El Dr. Josu\u00e9 Anaya es un personaje que se crio entre juguetes de medicina, y eso defini\u00f3 su identidad, marcando su rumbo. Naci\u00f3 un 14 de febrero de 1972, en San Salvador. Sus padres lo criaron bajo creencias religiosas, se congreg\u00f3 en la Iglesia Monte Carmelo, del Pastor Luis Ricardo Paname\u00f1o, de las Asambleas de [&hellip;]","og_url":"https:\/\/laprensacristiana.com\/?p=18834","og_site_name":"La Prensa Cristiana","article_published_time":"2025-07-03T16:23:19+00:00","og_image":[{"width":719,"height":540,"url":"https:\/\/laprensacristiana.com\/wp-content\/uploads\/2025\/07\/Copia-de-OPINION-4.png","type":"image\/png"}],"author":"EDITOR","twitter_card":"summary_large_image","twitter_misc":{"Escrito por":"EDITOR","Tiempo de lectura":"4 minutos"},"schema":{"@context":"https:\/\/schema.org","@graph":[{"@type":"WebPage","@id":"https:\/\/laprensacristiana.com\/?p=18834","url":"https:\/\/laprensacristiana.com\/?p=18834","name":"Dr. Josu\u00e9 Anaya \u00abSiempre buscamos la unidad del cuerpo de Cristo\u00bb - La Prensa Cristiana","isPartOf":{"@id":"https:\/\/laprensacristiana.com\/#website"},"datePublished":"2025-07-03T16:23:19+00:00","dateModified":"2025-07-03T16:23:19+00:00","author":{"@id":"https:\/\/laprensacristiana.com\/#\/schema\/person\/3e7d82c6bfd6b1fa67010f8f7cd5256e"},"breadcrumb":{"@id":"https:\/\/laprensacristiana.com\/?p=18834#breadcrumb"},"inLanguage":"es","potentialAction":[{"@type":"ReadAction","target":["https:\/\/laprensacristiana.com\/?p=18834"]}]},{"@type":"BreadcrumbList","@id":"https:\/\/laprensacristiana.com\/?p=18834#breadcrumb","itemListElement":[{"@type":"ListItem","position":1,"name":"Portada","item":"https:\/\/laprensacristiana.com\/"},{"@type":"ListItem","position":2,"name":"Dr. Josu\u00e9 Anaya \u00abSiempre buscamos la unidad del cuerpo de Cristo\u00bb"}]},{"@type":"WebSite","@id":"https:\/\/laprensacristiana.com\/#website","url":"https:\/\/laprensacristiana.com\/","name":"La Prensa Cristiana","description":"Anunciando Las Buenas Nuevas","potentialAction":[{"@type":"SearchAction","target":{"@type":"EntryPoint","urlTemplate":"https:\/\/laprensacristiana.com\/?s={search_term_string}"},"query-input":"required name=search_term_string"}],"inLanguage":"es"},{"@type":"Person","@id":"https:\/\/laprensacristiana.com\/#\/schema\/person\/3e7d82c6bfd6b1fa67010f8f7cd5256e","name":"EDITOR","image":{"@type":"ImageObject","inLanguage":"es","@id":"https:\/\/laprensacristiana.com\/#\/schema\/person\/image\/","url":"https:\/\/secure.gravatar.com\/avatar\/72069dfb6c13772d9e8381e3638666d2?s=96&d=mm&r=g","contentUrl":"https:\/\/secure.gravatar.com\/avatar\/72069dfb6c13772d9e8381e3638666d2?s=96&d=mm&r=g","caption":"EDITOR"},"url":"https:\/\/laprensacristiana.com\/?author=3"}]}},"_links":{"self":[{"href":"https:\/\/laprensacristiana.com\/index.php?rest_route=\/wp\/v2\/posts\/18834"}],"collection":[{"href":"https:\/\/laprensacristiana.com\/index.php?rest_route=\/wp\/v2\/posts"}],"about":[{"href":"https:\/\/laprensacristiana.com\/index.php?rest_route=\/wp\/v2\/types\/post"}],"author":[{"embeddable":true,"href":"https:\/\/laprensacristiana.com\/index.php?rest_route=\/wp\/v2\/users\/3"}],"replies":[{"embeddable":true,"href":"https:\/\/laprensacristiana.com\/index.php?rest_route=%2Fwp%2Fv2%2Fcomments&post=18834"}],"version-history":[{"count":1,"href":"https:\/\/laprensacristiana.com\/index.php?rest_route=\/wp\/v2\/posts\/18834\/revisions"}],"predecessor-version":[{"id":18839,"href":"https:\/\/laprensacristiana.com\/index.php?rest_route=\/wp\/v2\/posts\/18834\/revisions\/18839"}],"wp:featuredmedia":[{"embeddable":true,"href":"https:\/\/laprensacristiana.com\/index.php?rest_route=\/wp\/v2\/media\/18835"}],"wp:attachment":[{"href":"https:\/\/laprensacristiana.com\/index.php?rest_route=%2Fwp%2Fv2%2Fmedia&parent=18834"}],"wp:term":[{"taxonomy":"category","embeddable":true,"href":"https:\/\/laprensacristiana.com\/index.php?rest_route=%2Fwp%2Fv2%2Fcategories&post=18834"},{"taxonomy":"post_tag","embeddable":true,"href":"https:\/\/laprensacristiana.com\/index.php?rest_route=%2Fwp%2Fv2%2Ftags&post=18834"}],"curies":[{"name":"wp","href":"https:\/\/api.w.org\/{rel}","templated":true}]}}