{"id":1887,"date":"2016-11-11T22:12:50","date_gmt":"2016-11-11T22:12:50","guid":{"rendered":"https:\/\/laprensacristiana.com\/?p=1887"},"modified":"2020-07-02T01:30:57","modified_gmt":"2020-07-02T01:30:57","slug":"miguel-angel-guerra-presenta-de-las-cenizas-me-levantaras","status":"publish","type":"post","link":"https:\/\/laprensacristiana.com\/?p=1887","title":{"rendered":"Miguel \u00c1ngel Guerra presenta \u201cDe las cenizas me levantaras\u201d"},"content":{"rendered":"<p>Cantante y compositor, desde el a\u00f1o 1998 empieza su vida musical, en el \u00e1mbito cristiano, como la nueva etapa; antes cantaba para entretener buscando el \u00e9xito, la fama y la fortuna, pero al tener una conversi\u00f3n y un encuentro personal con Dios, le permiti\u00f3\u00a0 reorganizar su vida, as\u00ed que decidi\u00f3 ya no cantar por entretener, sino con el objetivo de llevar un mensaje de paz y amor entre sus letras.<\/p>\n<p>Su conversi\u00f3n fue a ra\u00edz una enfermedad terminal de un hermano menor en 1994. \u201cCuando hay una conversi\u00f3n genuina, nueva criatura soy en Cristo Jes\u00fas, uno renuncia a grandes comodidades, dinero y dem\u00e1s\u201d. Dijo.<\/p>\n<p>Es compositor de varias de sus canciones, adem\u00e1s de tener ayuda de otros compositores. En su disco hay temas\u00a0 en italiano y en ingl\u00e9s. Su canci\u00f3n \u201cDe las cenizas me levantaras\u201d, est\u00e1 compuesta por un salvadore\u00f1o, Sa\u00fal Valle. \u00a0Tema que ser\u00e1 lanzado oficialmente el 18 de noviembre y el disco como tal, se lanzar\u00e1 en el mes de enero del\u00a0 pr\u00f3ximo a\u00f1o.<\/p>\n<p>En este disco se espera lo esencial de \u00e9l, la balada como tal; pero hay otras propuestas como: \u201cCanto a las mujeres\u201d que es como un flamenco pop, \u201cPide con fe\u201d, que es un rock a su estilo, etc. Con esto pretende llegar al p\u00fablico joven.<\/p>\n<p>\u00bfQu\u00e9 expectativas espera en esta producci\u00f3n?<\/p>\n<p>\u201cHe aprendido a no tener expectativas, que Dios haga lo suyo, porque \u00e9l siempre me sorprende, siempre sobrepasa mis expectativas. Todos hemos pasamos por los valles, por dificultades y es de lo que trata esta canci\u00f3n, narra las bendiciones de Dios en momentos as\u00ed\u201d.<\/p>\n<p>Asegur\u00f3, sentirse como pez en el agua cuando se sube al escenario y canta. Menciona que por medio de esta etapa como solista, ha escuchado muchos testimonios, pues la gente se identifica con sus melod\u00edas.<\/p>\n<p>Guerra, comparti\u00f3 un mensaje para nuestros lectores:<\/p>\n<p>\u00abNo importa cu\u00e1n bajo haya ca\u00eddo, no importa cu\u00e1n embarrado est\u00e9 usted en las cenizas, si conf\u00edas plenamente en el se\u00f1or, \u00e9l va tender su mano y depende de ti que tomes su mano, y permitas que \u00e9l obre, te saque y te levante de las cenizas. Es importante tener confianza plena, fe completa en el se\u00f1or porque \u00e9l no nos dejar\u00e1; soy testigo de ello, lo he experimentado, Dios nunca llega tarde, en vez de protestar ponte en sus manos, si pasas por las brasas el se\u00f1or te est\u00e1 dando una lecci\u00f3n de vida para demostrarle al mundo lo que significa tener a Jes\u00fas\u00bb.<\/p>\n","protected":false},"excerpt":{"rendered":"<p>Cantante y compositor, desde el a\u00f1o 1998 empieza su vida musical, en el \u00e1mbito cristiano, como la nueva etapa; antes cantaba para entretener buscando el \u00e9xito, la fama y la fortuna, pero al tener una conversi\u00f3n y un encuentro personal con Dios, le permiti\u00f3\u00a0 reorganizar su vida, as\u00ed que decidi\u00f3 ya no cantar por entretener, [&hellip;]<\/p>\n","protected":false},"author":3,"featured_media":1888,"comment_status":"open","ping_status":"open","sticky":false,"template":"","format":"standard","meta":[],"categories":[101],"tags":[],"yoast_head":"<!-- This site is optimized with the Yoast SEO plugin v20.8 - https:\/\/yoast.com\/wordpress\/plugins\/seo\/ -->\n<title>Miguel \u00c1ngel Guerra presenta \u201cDe las cenizas me levantaras\u201d - La Prensa Cristiana<\/title>\n<meta name=\"robots\" content=\"index, follow, max-snippet:-1, max-image-preview:large, max-video-preview:-1\" \/>\n<link rel=\"canonical\" href=\"https:\/\/laprensacristiana.com\/?p=1887\" \/>\n<meta property=\"og:locale\" content=\"es_ES\" \/>\n<meta property=\"og:type\" content=\"article\" \/>\n<meta property=\"og:title\" content=\"Miguel \u00c1ngel Guerra presenta \u201cDe las cenizas me levantaras\u201d - La Prensa Cristiana\" \/>\n<meta property=\"og:description\" content=\"Cantante y compositor, desde el a\u00f1o 1998 empieza su vida musical, en el \u00e1mbito cristiano, como la nueva etapa; antes cantaba para entretener buscando el \u00e9xito, la fama y la fortuna, pero al tener una conversi\u00f3n y un encuentro personal con Dios, le permiti\u00f3\u00a0 reorganizar su vida, as\u00ed que decidi\u00f3 ya no cantar por entretener, [&hellip;]\" \/>\n<meta property=\"og:url\" content=\"https:\/\/laprensacristiana.com\/?p=1887\" \/>\n<meta property=\"og:site_name\" content=\"La Prensa Cristiana\" \/>\n<meta property=\"article:published_time\" content=\"2016-11-11T22:12:50+00:00\" \/>\n<meta property=\"article:modified_time\" content=\"2020-07-02T01:30:57+00:00\" \/>\n<meta property=\"og:image\" content=\"https:\/\/laprensacristiana.com\/wp-content\/uploads\/2016\/11\/WhatsApp-Image-2016-11-11-at-2.16.11-PM.jpeg\" \/>\n\t<meta property=\"og:image:width\" content=\"1494\" \/>\n\t<meta property=\"og:image:height\" content=\"1600\" \/>\n\t<meta property=\"og:image:type\" content=\"image\/jpeg\" \/>\n<meta name=\"author\" content=\"EDITOR\" \/>\n<meta name=\"twitter:card\" content=\"summary_large_image\" \/>\n<meta name=\"twitter:label1\" content=\"Escrito por\" \/>\n\t<meta name=\"twitter:data1\" content=\"EDITOR\" \/>\n\t<meta name=\"twitter:label2\" content=\"Tiempo de lectura\" \/>\n\t<meta name=\"twitter:data2\" content=\"2 minutos\" \/>\n<script type=\"application\/ld+json\" class=\"yoast-schema-graph\">{\"@context\":\"https:\/\/schema.org\",\"@graph\":[{\"@type\":\"WebPage\",\"@id\":\"https:\/\/laprensacristiana.com\/?p=1887\",\"url\":\"https:\/\/laprensacristiana.com\/?p=1887\",\"name\":\"Miguel \u00c1ngel Guerra presenta \u201cDe las cenizas me levantaras\u201d - La Prensa Cristiana\",\"isPartOf\":{\"@id\":\"https:\/\/laprensacristiana.com\/#website\"},\"datePublished\":\"2016-11-11T22:12:50+00:00\",\"dateModified\":\"2020-07-02T01:30:57+00:00\",\"author\":{\"@id\":\"https:\/\/laprensacristiana.com\/#\/schema\/person\/3e7d82c6bfd6b1fa67010f8f7cd5256e\"},\"breadcrumb\":{\"@id\":\"https:\/\/laprensacristiana.com\/?p=1887#breadcrumb\"},\"inLanguage\":\"es\",\"potentialAction\":[{\"@type\":\"ReadAction\",\"target\":[\"https:\/\/laprensacristiana.com\/?p=1887\"]}]},{\"@type\":\"BreadcrumbList\",\"@id\":\"https:\/\/laprensacristiana.com\/?p=1887#breadcrumb\",\"itemListElement\":[{\"@type\":\"ListItem\",\"position\":1,\"name\":\"Portada\",\"item\":\"https:\/\/laprensacristiana.com\/\"},{\"@type\":\"ListItem\",\"position\":2,\"name\":\"Miguel \u00c1ngel Guerra presenta \u201cDe las cenizas me levantaras\u201d\"}]},{\"@type\":\"WebSite\",\"@id\":\"https:\/\/laprensacristiana.com\/#website\",\"url\":\"https:\/\/laprensacristiana.com\/\",\"name\":\"La Prensa Cristiana\",\"description\":\"Anunciando Las Buenas Nuevas\",\"potentialAction\":[{\"@type\":\"SearchAction\",\"target\":{\"@type\":\"EntryPoint\",\"urlTemplate\":\"https:\/\/laprensacristiana.com\/?s={search_term_string}\"},\"query-input\":\"required name=search_term_string\"}],\"inLanguage\":\"es\"},{\"@type\":\"Person\",\"@id\":\"https:\/\/laprensacristiana.com\/#\/schema\/person\/3e7d82c6bfd6b1fa67010f8f7cd5256e\",\"name\":\"EDITOR\",\"image\":{\"@type\":\"ImageObject\",\"inLanguage\":\"es\",\"@id\":\"https:\/\/laprensacristiana.com\/#\/schema\/person\/image\/\",\"url\":\"https:\/\/secure.gravatar.com\/avatar\/72069dfb6c13772d9e8381e3638666d2?s=96&d=mm&r=g\",\"contentUrl\":\"https:\/\/secure.gravatar.com\/avatar\/72069dfb6c13772d9e8381e3638666d2?s=96&d=mm&r=g\",\"caption\":\"EDITOR\"},\"url\":\"https:\/\/laprensacristiana.com\/?author=3\"}]}<\/script>\n<!-- \/ Yoast SEO plugin. -->","yoast_head_json":{"title":"Miguel \u00c1ngel Guerra presenta \u201cDe las cenizas me levantaras\u201d - La Prensa Cristiana","robots":{"index":"index","follow":"follow","max-snippet":"max-snippet:-1","max-image-preview":"max-image-preview:large","max-video-preview":"max-video-preview:-1"},"canonical":"https:\/\/laprensacristiana.com\/?p=1887","og_locale":"es_ES","og_type":"article","og_title":"Miguel \u00c1ngel Guerra presenta \u201cDe las cenizas me levantaras\u201d - La Prensa Cristiana","og_description":"Cantante y compositor, desde el a\u00f1o 1998 empieza su vida musical, en el \u00e1mbito cristiano, como la nueva etapa; antes cantaba para entretener buscando el \u00e9xito, la fama y la fortuna, pero al tener una conversi\u00f3n y un encuentro personal con Dios, le permiti\u00f3\u00a0 reorganizar su vida, as\u00ed que decidi\u00f3 ya no cantar por entretener, [&hellip;]","og_url":"https:\/\/laprensacristiana.com\/?p=1887","og_site_name":"La Prensa Cristiana","article_published_time":"2016-11-11T22:12:50+00:00","article_modified_time":"2020-07-02T01:30:57+00:00","og_image":[{"width":1494,"height":1600,"url":"https:\/\/laprensacristiana.com\/wp-content\/uploads\/2016\/11\/WhatsApp-Image-2016-11-11-at-2.16.11-PM.jpeg","type":"image\/jpeg"}],"author":"EDITOR","twitter_card":"summary_large_image","twitter_misc":{"Escrito por":"EDITOR","Tiempo de lectura":"2 minutos"},"schema":{"@context":"https:\/\/schema.org","@graph":[{"@type":"WebPage","@id":"https:\/\/laprensacristiana.com\/?p=1887","url":"https:\/\/laprensacristiana.com\/?p=1887","name":"Miguel \u00c1ngel Guerra presenta \u201cDe las cenizas me levantaras\u201d - La Prensa Cristiana","isPartOf":{"@id":"https:\/\/laprensacristiana.com\/#website"},"datePublished":"2016-11-11T22:12:50+00:00","dateModified":"2020-07-02T01:30:57+00:00","author":{"@id":"https:\/\/laprensacristiana.com\/#\/schema\/person\/3e7d82c6bfd6b1fa67010f8f7cd5256e"},"breadcrumb":{"@id":"https:\/\/laprensacristiana.com\/?p=1887#breadcrumb"},"inLanguage":"es","potentialAction":[{"@type":"ReadAction","target":["https:\/\/laprensacristiana.com\/?p=1887"]}]},{"@type":"BreadcrumbList","@id":"https:\/\/laprensacristiana.com\/?p=1887#breadcrumb","itemListElement":[{"@type":"ListItem","position":1,"name":"Portada","item":"https:\/\/laprensacristiana.com\/"},{"@type":"ListItem","position":2,"name":"Miguel \u00c1ngel Guerra presenta \u201cDe las cenizas me levantaras\u201d"}]},{"@type":"WebSite","@id":"https:\/\/laprensacristiana.com\/#website","url":"https:\/\/laprensacristiana.com\/","name":"La Prensa Cristiana","description":"Anunciando Las Buenas Nuevas","potentialAction":[{"@type":"SearchAction","target":{"@type":"EntryPoint","urlTemplate":"https:\/\/laprensacristiana.com\/?s={search_term_string}"},"query-input":"required name=search_term_string"}],"inLanguage":"es"},{"@type":"Person","@id":"https:\/\/laprensacristiana.com\/#\/schema\/person\/3e7d82c6bfd6b1fa67010f8f7cd5256e","name":"EDITOR","image":{"@type":"ImageObject","inLanguage":"es","@id":"https:\/\/laprensacristiana.com\/#\/schema\/person\/image\/","url":"https:\/\/secure.gravatar.com\/avatar\/72069dfb6c13772d9e8381e3638666d2?s=96&d=mm&r=g","contentUrl":"https:\/\/secure.gravatar.com\/avatar\/72069dfb6c13772d9e8381e3638666d2?s=96&d=mm&r=g","caption":"EDITOR"},"url":"https:\/\/laprensacristiana.com\/?author=3"}]}},"_links":{"self":[{"href":"https:\/\/laprensacristiana.com\/index.php?rest_route=\/wp\/v2\/posts\/1887"}],"collection":[{"href":"https:\/\/laprensacristiana.com\/index.php?rest_route=\/wp\/v2\/posts"}],"about":[{"href":"https:\/\/laprensacristiana.com\/index.php?rest_route=\/wp\/v2\/types\/post"}],"author":[{"embeddable":true,"href":"https:\/\/laprensacristiana.com\/index.php?rest_route=\/wp\/v2\/users\/3"}],"replies":[{"embeddable":true,"href":"https:\/\/laprensacristiana.com\/index.php?rest_route=%2Fwp%2Fv2%2Fcomments&post=1887"}],"version-history":[{"count":1,"href":"https:\/\/laprensacristiana.com\/index.php?rest_route=\/wp\/v2\/posts\/1887\/revisions"}],"predecessor-version":[{"id":1889,"href":"https:\/\/laprensacristiana.com\/index.php?rest_route=\/wp\/v2\/posts\/1887\/revisions\/1889"}],"wp:featuredmedia":[{"embeddable":true,"href":"https:\/\/laprensacristiana.com\/index.php?rest_route=\/wp\/v2\/media\/1888"}],"wp:attachment":[{"href":"https:\/\/laprensacristiana.com\/index.php?rest_route=%2Fwp%2Fv2%2Fmedia&parent=1887"}],"wp:term":[{"taxonomy":"category","embeddable":true,"href":"https:\/\/laprensacristiana.com\/index.php?rest_route=%2Fwp%2Fv2%2Fcategories&post=1887"},{"taxonomy":"post_tag","embeddable":true,"href":"https:\/\/laprensacristiana.com\/index.php?rest_route=%2Fwp%2Fv2%2Ftags&post=1887"}],"curies":[{"name":"wp","href":"https:\/\/api.w.org\/{rel}","templated":true}]}}