{"id":18931,"date":"2025-08-08T21:29:27","date_gmt":"2025-08-08T21:29:27","guid":{"rendered":"https:\/\/laprensacristiana.com\/?p=18931"},"modified":"2025-08-08T21:29:28","modified_gmt":"2025-08-08T21:29:28","slug":"iglesia-de-dios-esperanza-de-vida-una-generacion-que-responde-con-luz-al-llamado-de-jesus","status":"publish","type":"post","link":"https:\/\/laprensacristiana.com\/?p=18931","title":{"rendered":"Iglesia de Dios Esperanza de Vida:\u00a0 Una generaci\u00f3n que responde con luz al llamado de Jes\u00fas"},"content":{"rendered":"\n<p>Andr\u00e9s y Ana Miranda son los pastores principales de la IDD Esperanza de Vida, en Houston, Texas. Estados Unidos.<\/p>\n\n\n\n<p>Andr\u00e9s naci\u00f3 en Montevideo, Uruguay. De profesi\u00f3n periodista, trabaj\u00f3 en peri\u00f3dicos y radio emisoras, hasta que recibi\u00f3 el llamado de Dios al ministerio pastoral a tiempo completo en 1991, a\u00f1o en que nombrado pastor a los 27 a\u00f1os. En el 2000 recibi\u00f3 su credencial como Obispo Ordenado de la Iglesia de Dios con sede en Cleveland, TN.<\/p>\n\n\n\n<figure class=\"wp-block-image size-large\"><img decoding=\"async\" loading=\"lazy\" width=\"1024\" height=\"683\" src=\"https:\/\/laprensacristiana.com\/wp-content\/uploads\/2025\/08\/492301795_10161117681991191_4961248976551054095_n-1024x683.jpg\" alt=\"\" class=\"wp-image-18935\" srcset=\"https:\/\/laprensacristiana.com\/wp-content\/uploads\/2025\/08\/492301795_10161117681991191_4961248976551054095_n-1024x683.jpg 1024w, https:\/\/laprensacristiana.com\/wp-content\/uploads\/2025\/08\/492301795_10161117681991191_4961248976551054095_n-300x200.jpg 300w, https:\/\/laprensacristiana.com\/wp-content\/uploads\/2025\/08\/492301795_10161117681991191_4961248976551054095_n-768x512.jpg 768w, https:\/\/laprensacristiana.com\/wp-content\/uploads\/2025\/08\/492301795_10161117681991191_4961248976551054095_n-696x464.jpg 696w, https:\/\/laprensacristiana.com\/wp-content\/uploads\/2025\/08\/492301795_10161117681991191_4961248976551054095_n-1068x712.jpg 1068w, https:\/\/laprensacristiana.com\/wp-content\/uploads\/2025\/08\/492301795_10161117681991191_4961248976551054095_n-600x400.jpg 600w, https:\/\/laprensacristiana.com\/wp-content\/uploads\/2025\/08\/492301795_10161117681991191_4961248976551054095_n.jpg 1200w\" sizes=\"(max-width: 1024px) 100vw, 1024px\" \/><\/figure>\n\n\n\n<p>Fue director del Instituto B\u00edblico por Extensi\u00f3n en Uruguay. Tambi\u00e9n fue miembro del Consejo Nacional y Secretario de ACIERU, la Alianza de Iglesia Evang\u00e9licas del Uruguay. En el a\u00f1o 2001 fue invitado a ser el Editorial de Publicaciones en Espa\u00f1ol de la Church of God en Cleveland, TN.<\/p>\n\n\n\n<p>Fueron pastores fundadores de Luz para las Naciones, una iglesia multisitio y multicultural en Chattanoga, TN y director fundador de MENTOR Internacional.<\/p>\n\n\n\n<p>Ana es tambi\u00e9n uruguaya, de profesi\u00f3n Psic\u00f3loga, Master en Consejer\u00eda Familiar y es Ministro Ordenado de la Iglesia de Dios.\u00a0 Tienen 4 hijas Camila, Luc\u00eda, Sof\u00eda y Estefan\u00eda y 6 nietos.<\/p>\n\n\n\n<figure class=\"wp-block-image size-large\"><img decoding=\"async\" loading=\"lazy\" width=\"768\" height=\"1024\" src=\"https:\/\/laprensacristiana.com\/wp-content\/uploads\/2025\/08\/508043906_10161317095636191_1492546866062535091_n-768x1024.jpg\" alt=\"\" class=\"wp-image-18933\" srcset=\"https:\/\/laprensacristiana.com\/wp-content\/uploads\/2025\/08\/508043906_10161317095636191_1492546866062535091_n-768x1024.jpg 768w, https:\/\/laprensacristiana.com\/wp-content\/uploads\/2025\/08\/508043906_10161317095636191_1492546866062535091_n-225x300.jpg 225w, https:\/\/laprensacristiana.com\/wp-content\/uploads\/2025\/08\/508043906_10161317095636191_1492546866062535091_n-1152x1536.jpg 1152w, https:\/\/laprensacristiana.com\/wp-content\/uploads\/2025\/08\/508043906_10161317095636191_1492546866062535091_n-696x928.jpg 696w, https:\/\/laprensacristiana.com\/wp-content\/uploads\/2025\/08\/508043906_10161317095636191_1492546866062535091_n-1068x1424.jpg 1068w, https:\/\/laprensacristiana.com\/wp-content\/uploads\/2025\/08\/508043906_10161317095636191_1492546866062535091_n-600x800.jpg 600w, https:\/\/laprensacristiana.com\/wp-content\/uploads\/2025\/08\/508043906_10161317095636191_1492546866062535091_n.jpg 1536w\" sizes=\"(max-width: 768px) 100vw, 768px\" \/><\/figure>\n\n\n\n<p>En su llamado han recorrido diferentes partes del mundo predicando el mensaje del evangelio.<\/p>\n\n\n\n<p>Una de las an\u00e9cdotas que mas resuenan en la mente del pastor Andr\u00e9s, es la vivida en Obreg\u00f3n, Sonora, M\u00e9xico, mientras predicaba sobre \u00ababrir los ojos para ver la cosecha\u00bb \u2014porque no puedes recoger una cosecha que no ves\u2014 invit\u00f3 a todos a levantar sus tel\u00e9fonos y encender la luz. As\u00ed capturaron la cl\u00e1sica selfie, s\u00edmbolo de una generaci\u00f3n que responde con luz al llamado de Jes\u00fas. No fue solo la multitud, fue el esp\u00edritu, el gozo, la entrega\u2026 una iglesia lista para cumplir la Gran Comisi\u00f3n. El ambiente era tan poderoso que no pudo seguir predicando desde la plataforma. Sinti\u00f3 de Dios bajar a la cancha y predicar desde all\u00ed, m\u00e1s cerca de un pueblo hambriento de su presencia.<\/p>\n\n\n\n<p>Como estas experiencias sobrenaturales son las que se viven constantemente en Iglesia de Dios Esperanza de Vida, donde la presencia del Esp\u00edritu Santo se manifiesta.<\/p>\n\n\n\n<figure class=\"wp-block-image size-large\"><img decoding=\"async\" loading=\"lazy\" width=\"1024\" height=\"576\" src=\"https:\/\/laprensacristiana.com\/wp-content\/uploads\/2025\/08\/467401106_10160488306261191_4227220351586674697_n-1024x576.jpg\" alt=\"\" class=\"wp-image-18934\" srcset=\"https:\/\/laprensacristiana.com\/wp-content\/uploads\/2025\/08\/467401106_10160488306261191_4227220351586674697_n-1024x576.jpg 1024w, https:\/\/laprensacristiana.com\/wp-content\/uploads\/2025\/08\/467401106_10160488306261191_4227220351586674697_n-300x169.jpg 300w, https:\/\/laprensacristiana.com\/wp-content\/uploads\/2025\/08\/467401106_10160488306261191_4227220351586674697_n-768x432.jpg 768w, https:\/\/laprensacristiana.com\/wp-content\/uploads\/2025\/08\/467401106_10160488306261191_4227220351586674697_n-1536x864.jpg 1536w, https:\/\/laprensacristiana.com\/wp-content\/uploads\/2025\/08\/467401106_10160488306261191_4227220351586674697_n-696x392.jpg 696w, https:\/\/laprensacristiana.com\/wp-content\/uploads\/2025\/08\/467401106_10160488306261191_4227220351586674697_n-1068x601.jpg 1068w, https:\/\/laprensacristiana.com\/wp-content\/uploads\/2025\/08\/467401106_10160488306261191_4227220351586674697_n-1920x1080.jpg 1920w, https:\/\/laprensacristiana.com\/wp-content\/uploads\/2025\/08\/467401106_10160488306261191_4227220351586674697_n-600x338.jpg 600w, https:\/\/laprensacristiana.com\/wp-content\/uploads\/2025\/08\/467401106_10160488306261191_4227220351586674697_n.jpg 2048w\" sizes=\"(max-width: 1024px) 100vw, 1024px\" \/><\/figure>\n","protected":false},"excerpt":{"rendered":"<p>Andr\u00e9s y Ana Miranda son los pastores principales de la IDD Esperanza de Vida, en Houston, Texas. Estados Unidos. Andr\u00e9s naci\u00f3 en Montevideo, Uruguay. De profesi\u00f3n periodista, trabaj\u00f3 en peri\u00f3dicos y radio emisoras, hasta que recibi\u00f3 el llamado de Dios al ministerio pastoral a tiempo completo en 1991, a\u00f1o en que nombrado pastor a los [&hellip;]<\/p>\n","protected":false},"author":3,"featured_media":18932,"comment_status":"open","ping_status":"open","sticky":false,"template":"","format":"standard","meta":[],"categories":[37],"tags":[],"yoast_head":"<!-- This site is optimized with the Yoast SEO plugin v20.8 - https:\/\/yoast.com\/wordpress\/plugins\/seo\/ -->\n<title>Iglesia de Dios Esperanza de Vida:\u00a0 Una generaci\u00f3n que responde con luz al llamado de Jes\u00fas - La Prensa Cristiana<\/title>\n<meta name=\"robots\" content=\"index, follow, max-snippet:-1, max-image-preview:large, max-video-preview:-1\" \/>\n<link rel=\"canonical\" href=\"https:\/\/laprensacristiana.com\/?p=18931\" \/>\n<meta property=\"og:locale\" content=\"es_ES\" \/>\n<meta property=\"og:type\" content=\"article\" \/>\n<meta property=\"og:title\" content=\"Iglesia de Dios Esperanza de Vida:\u00a0 Una generaci\u00f3n que responde con luz al llamado de Jes\u00fas - La Prensa Cristiana\" \/>\n<meta property=\"og:description\" content=\"Andr\u00e9s y Ana Miranda son los pastores principales de la IDD Esperanza de Vida, en Houston, Texas. Estados Unidos. Andr\u00e9s naci\u00f3 en Montevideo, Uruguay. De profesi\u00f3n periodista, trabaj\u00f3 en peri\u00f3dicos y radio emisoras, hasta que recibi\u00f3 el llamado de Dios al ministerio pastoral a tiempo completo en 1991, a\u00f1o en que nombrado pastor a los [&hellip;]\" \/>\n<meta property=\"og:url\" content=\"https:\/\/laprensacristiana.com\/?p=18931\" \/>\n<meta property=\"og:site_name\" content=\"La Prensa Cristiana\" \/>\n<meta property=\"article:published_time\" content=\"2025-08-08T21:29:27+00:00\" \/>\n<meta property=\"article:modified_time\" content=\"2025-08-08T21:29:28+00:00\" \/>\n<meta property=\"og:image\" content=\"https:\/\/laprensacristiana.com\/wp-content\/uploads\/2025\/08\/Copia-de-OPINION-18.png\" \/>\n\t<meta property=\"og:image:width\" content=\"719\" \/>\n\t<meta property=\"og:image:height\" content=\"540\" \/>\n\t<meta property=\"og:image:type\" content=\"image\/png\" \/>\n<meta name=\"author\" content=\"EDITOR\" \/>\n<meta name=\"twitter:card\" content=\"summary_large_image\" \/>\n<meta name=\"twitter:label1\" content=\"Escrito por\" \/>\n\t<meta name=\"twitter:data1\" content=\"EDITOR\" \/>\n\t<meta name=\"twitter:label2\" content=\"Tiempo de lectura\" \/>\n\t<meta name=\"twitter:data2\" content=\"3 minutos\" \/>\n<script type=\"application\/ld+json\" class=\"yoast-schema-graph\">{\"@context\":\"https:\/\/schema.org\",\"@graph\":[{\"@type\":\"WebPage\",\"@id\":\"https:\/\/laprensacristiana.com\/?p=18931\",\"url\":\"https:\/\/laprensacristiana.com\/?p=18931\",\"name\":\"Iglesia de Dios Esperanza de Vida:\u00a0 Una generaci\u00f3n que responde con luz al llamado de Jes\u00fas - La Prensa Cristiana\",\"isPartOf\":{\"@id\":\"https:\/\/laprensacristiana.com\/#website\"},\"datePublished\":\"2025-08-08T21:29:27+00:00\",\"dateModified\":\"2025-08-08T21:29:28+00:00\",\"author\":{\"@id\":\"https:\/\/laprensacristiana.com\/#\/schema\/person\/3e7d82c6bfd6b1fa67010f8f7cd5256e\"},\"breadcrumb\":{\"@id\":\"https:\/\/laprensacristiana.com\/?p=18931#breadcrumb\"},\"inLanguage\":\"es\",\"potentialAction\":[{\"@type\":\"ReadAction\",\"target\":[\"https:\/\/laprensacristiana.com\/?p=18931\"]}]},{\"@type\":\"BreadcrumbList\",\"@id\":\"https:\/\/laprensacristiana.com\/?p=18931#breadcrumb\",\"itemListElement\":[{\"@type\":\"ListItem\",\"position\":1,\"name\":\"Portada\",\"item\":\"https:\/\/laprensacristiana.com\/\"},{\"@type\":\"ListItem\",\"position\":2,\"name\":\"Iglesia de Dios Esperanza de Vida:\u00a0 Una generaci\u00f3n que responde con luz al llamado de Jes\u00fas\"}]},{\"@type\":\"WebSite\",\"@id\":\"https:\/\/laprensacristiana.com\/#website\",\"url\":\"https:\/\/laprensacristiana.com\/\",\"name\":\"La Prensa Cristiana\",\"description\":\"Anunciando Las Buenas Nuevas\",\"potentialAction\":[{\"@type\":\"SearchAction\",\"target\":{\"@type\":\"EntryPoint\",\"urlTemplate\":\"https:\/\/laprensacristiana.com\/?s={search_term_string}\"},\"query-input\":\"required name=search_term_string\"}],\"inLanguage\":\"es\"},{\"@type\":\"Person\",\"@id\":\"https:\/\/laprensacristiana.com\/#\/schema\/person\/3e7d82c6bfd6b1fa67010f8f7cd5256e\",\"name\":\"EDITOR\",\"image\":{\"@type\":\"ImageObject\",\"inLanguage\":\"es\",\"@id\":\"https:\/\/laprensacristiana.com\/#\/schema\/person\/image\/\",\"url\":\"https:\/\/secure.gravatar.com\/avatar\/72069dfb6c13772d9e8381e3638666d2?s=96&d=mm&r=g\",\"contentUrl\":\"https:\/\/secure.gravatar.com\/avatar\/72069dfb6c13772d9e8381e3638666d2?s=96&d=mm&r=g\",\"caption\":\"EDITOR\"},\"url\":\"https:\/\/laprensacristiana.com\/?author=3\"}]}<\/script>\n<!-- \/ Yoast SEO plugin. -->","yoast_head_json":{"title":"Iglesia de Dios Esperanza de Vida:\u00a0 Una generaci\u00f3n que responde con luz al llamado de Jes\u00fas - La Prensa Cristiana","robots":{"index":"index","follow":"follow","max-snippet":"max-snippet:-1","max-image-preview":"max-image-preview:large","max-video-preview":"max-video-preview:-1"},"canonical":"https:\/\/laprensacristiana.com\/?p=18931","og_locale":"es_ES","og_type":"article","og_title":"Iglesia de Dios Esperanza de Vida:\u00a0 Una generaci\u00f3n que responde con luz al llamado de Jes\u00fas - La Prensa Cristiana","og_description":"Andr\u00e9s y Ana Miranda son los pastores principales de la IDD Esperanza de Vida, en Houston, Texas. Estados Unidos. Andr\u00e9s naci\u00f3 en Montevideo, Uruguay. De profesi\u00f3n periodista, trabaj\u00f3 en peri\u00f3dicos y radio emisoras, hasta que recibi\u00f3 el llamado de Dios al ministerio pastoral a tiempo completo en 1991, a\u00f1o en que nombrado pastor a los [&hellip;]","og_url":"https:\/\/laprensacristiana.com\/?p=18931","og_site_name":"La Prensa Cristiana","article_published_time":"2025-08-08T21:29:27+00:00","article_modified_time":"2025-08-08T21:29:28+00:00","og_image":[{"width":719,"height":540,"url":"https:\/\/laprensacristiana.com\/wp-content\/uploads\/2025\/08\/Copia-de-OPINION-18.png","type":"image\/png"}],"author":"EDITOR","twitter_card":"summary_large_image","twitter_misc":{"Escrito por":"EDITOR","Tiempo de lectura":"3 minutos"},"schema":{"@context":"https:\/\/schema.org","@graph":[{"@type":"WebPage","@id":"https:\/\/laprensacristiana.com\/?p=18931","url":"https:\/\/laprensacristiana.com\/?p=18931","name":"Iglesia de Dios Esperanza de Vida:\u00a0 Una generaci\u00f3n que responde con luz al llamado de Jes\u00fas - La Prensa Cristiana","isPartOf":{"@id":"https:\/\/laprensacristiana.com\/#website"},"datePublished":"2025-08-08T21:29:27+00:00","dateModified":"2025-08-08T21:29:28+00:00","author":{"@id":"https:\/\/laprensacristiana.com\/#\/schema\/person\/3e7d82c6bfd6b1fa67010f8f7cd5256e"},"breadcrumb":{"@id":"https:\/\/laprensacristiana.com\/?p=18931#breadcrumb"},"inLanguage":"es","potentialAction":[{"@type":"ReadAction","target":["https:\/\/laprensacristiana.com\/?p=18931"]}]},{"@type":"BreadcrumbList","@id":"https:\/\/laprensacristiana.com\/?p=18931#breadcrumb","itemListElement":[{"@type":"ListItem","position":1,"name":"Portada","item":"https:\/\/laprensacristiana.com\/"},{"@type":"ListItem","position":2,"name":"Iglesia de Dios Esperanza de Vida:\u00a0 Una generaci\u00f3n que responde con luz al llamado de Jes\u00fas"}]},{"@type":"WebSite","@id":"https:\/\/laprensacristiana.com\/#website","url":"https:\/\/laprensacristiana.com\/","name":"La Prensa Cristiana","description":"Anunciando Las Buenas Nuevas","potentialAction":[{"@type":"SearchAction","target":{"@type":"EntryPoint","urlTemplate":"https:\/\/laprensacristiana.com\/?s={search_term_string}"},"query-input":"required name=search_term_string"}],"inLanguage":"es"},{"@type":"Person","@id":"https:\/\/laprensacristiana.com\/#\/schema\/person\/3e7d82c6bfd6b1fa67010f8f7cd5256e","name":"EDITOR","image":{"@type":"ImageObject","inLanguage":"es","@id":"https:\/\/laprensacristiana.com\/#\/schema\/person\/image\/","url":"https:\/\/secure.gravatar.com\/avatar\/72069dfb6c13772d9e8381e3638666d2?s=96&d=mm&r=g","contentUrl":"https:\/\/secure.gravatar.com\/avatar\/72069dfb6c13772d9e8381e3638666d2?s=96&d=mm&r=g","caption":"EDITOR"},"url":"https:\/\/laprensacristiana.com\/?author=3"}]}},"_links":{"self":[{"href":"https:\/\/laprensacristiana.com\/index.php?rest_route=\/wp\/v2\/posts\/18931"}],"collection":[{"href":"https:\/\/laprensacristiana.com\/index.php?rest_route=\/wp\/v2\/posts"}],"about":[{"href":"https:\/\/laprensacristiana.com\/index.php?rest_route=\/wp\/v2\/types\/post"}],"author":[{"embeddable":true,"href":"https:\/\/laprensacristiana.com\/index.php?rest_route=\/wp\/v2\/users\/3"}],"replies":[{"embeddable":true,"href":"https:\/\/laprensacristiana.com\/index.php?rest_route=%2Fwp%2Fv2%2Fcomments&post=18931"}],"version-history":[{"count":1,"href":"https:\/\/laprensacristiana.com\/index.php?rest_route=\/wp\/v2\/posts\/18931\/revisions"}],"predecessor-version":[{"id":18936,"href":"https:\/\/laprensacristiana.com\/index.php?rest_route=\/wp\/v2\/posts\/18931\/revisions\/18936"}],"wp:featuredmedia":[{"embeddable":true,"href":"https:\/\/laprensacristiana.com\/index.php?rest_route=\/wp\/v2\/media\/18932"}],"wp:attachment":[{"href":"https:\/\/laprensacristiana.com\/index.php?rest_route=%2Fwp%2Fv2%2Fmedia&parent=18931"}],"wp:term":[{"taxonomy":"category","embeddable":true,"href":"https:\/\/laprensacristiana.com\/index.php?rest_route=%2Fwp%2Fv2%2Fcategories&post=18931"},{"taxonomy":"post_tag","embeddable":true,"href":"https:\/\/laprensacristiana.com\/index.php?rest_route=%2Fwp%2Fv2%2Ftags&post=18931"}],"curies":[{"name":"wp","href":"https:\/\/api.w.org\/{rel}","templated":true}]}}