{"id":18964,"date":"2025-09-06T23:54:56","date_gmt":"2025-09-06T23:54:56","guid":{"rendered":"https:\/\/laprensacristiana.com\/?p=18964"},"modified":"2025-09-06T23:54:56","modified_gmt":"2025-09-06T23:54:56","slug":"80-anos-de-vida-sabiduria-y-amor-por-los-demas-dr-mauricio-navas","status":"publish","type":"post","link":"https:\/\/laprensacristiana.com\/?p=18964","title":{"rendered":"\u00ab80 a\u00f1os de vida, sabidur\u00eda y amor por los dem\u00e1s\u00bb Dr. Mauricio Navas"},"content":{"rendered":"\n<p>El Dr. Mauricio Navas Guzm\u00e1n, es el fundador de Iglesia Del Camino, y coordinador nacional del Movimiento de Oraci\u00f3n y Unidad Tomando Mi Naci\u00f3n.<\/p>\n\n\n\n<p>Desde que Dios le llam\u00f3 a sus pies, tom\u00f3 la estafeta y ha liderado una visi\u00f3n de naci\u00f3n, como lo expresa en sus sermones: es un fervor por el fuego del Esp\u00edritu Santo, un provocador de avivamiento.<\/p>\n\n\n\n<p>\u201cSoy privilegiado porque tengo dos familias: mi familia sangu\u00ednea, esposa, hijos, nietos y mi familia en la fe, as\u00ed como Pedro le dijo a Jes\u00fas qu\u00e9 le tocar\u00eda por dejarlo todo y seguirle, recibiendo la respuesta de Jes\u00fas: El ciento por uno ahora y all\u00e1 la vida eterna, eso es lo que he recibido al ciento por uno\u201d, indic\u00f3 el Dr. Mauricio Navas. &nbsp;<\/p>\n\n\n\n<p>En un acto especial, celebraron con gratitud su vida, junto a familiares y amigos por todo lo que Dios le ha permitido vivir y hacer en favor del reino de Dios. &nbsp;<\/p>\n\n\n\n<p>\u201cDamos gracias a Dios por la vida del Dr. Mauricio Navas, porque desde antes de la fundaci\u00f3n del mundo el Se\u00f1or as\u00ed lo decidi\u00f3, y plane\u00f3 enviarle a la tierra para ser de bendici\u00f3n para muchos, es un gu\u00eda para miles de pastores para esta naci\u00f3n, felicidades\u201d. Expres\u00f3 el Dr. Edgardo Cardoza, Comisionado Nacional de Valores.<\/p>\n\n\n\n<figure class=\"wp-block-gallery has-nested-images columns-default is-cropped wp-block-gallery-1 is-layout-flex\">\n<figure class=\"wp-block-image size-large\"><img decoding=\"async\" loading=\"lazy\" width=\"1024\" height=\"687\" data-id=\"18966\"  src=\"https:\/\/laprensacristiana.com\/wp-content\/uploads\/2025\/09\/WhatsApp-Image-2025-09-06-at-4.58.13-PM-1024x687.jpeg\" alt=\"\" class=\"wp-image-18966\" srcset=\"https:\/\/laprensacristiana.com\/wp-content\/uploads\/2025\/09\/WhatsApp-Image-2025-09-06-at-4.58.13-PM-1024x687.jpeg 1024w, https:\/\/laprensacristiana.com\/wp-content\/uploads\/2025\/09\/WhatsApp-Image-2025-09-06-at-4.58.13-PM-300x200.jpeg 300w, https:\/\/laprensacristiana.com\/wp-content\/uploads\/2025\/09\/WhatsApp-Image-2025-09-06-at-4.58.13-PM-768x515.jpeg 768w, https:\/\/laprensacristiana.com\/wp-content\/uploads\/2025\/09\/WhatsApp-Image-2025-09-06-at-4.58.13-PM-696x467.jpeg 696w, https:\/\/laprensacristiana.com\/wp-content\/uploads\/2025\/09\/WhatsApp-Image-2025-09-06-at-4.58.13-PM-1068x717.jpeg 1068w, https:\/\/laprensacristiana.com\/wp-content\/uploads\/2025\/09\/WhatsApp-Image-2025-09-06-at-4.58.13-PM-600x403.jpeg 600w, https:\/\/laprensacristiana.com\/wp-content\/uploads\/2025\/09\/WhatsApp-Image-2025-09-06-at-4.58.13-PM.jpeg 1280w\" sizes=\"(max-width: 1024px) 100vw, 1024px\" \/><\/figure>\n\n\n\n<figure class=\"wp-block-image size-large\"><img decoding=\"async\" loading=\"lazy\" width=\"1024\" height=\"1004\" data-id=\"18967\"  src=\"https:\/\/laprensacristiana.com\/wp-content\/uploads\/2025\/09\/WhatsApp-Image-2025-09-06-at-4.59.35-PM-1024x1004.jpeg\" alt=\"\" class=\"wp-image-18967\" srcset=\"https:\/\/laprensacristiana.com\/wp-content\/uploads\/2025\/09\/WhatsApp-Image-2025-09-06-at-4.59.35-PM-1024x1004.jpeg 1024w, https:\/\/laprensacristiana.com\/wp-content\/uploads\/2025\/09\/WhatsApp-Image-2025-09-06-at-4.59.35-PM-300x294.jpeg 300w, https:\/\/laprensacristiana.com\/wp-content\/uploads\/2025\/09\/WhatsApp-Image-2025-09-06-at-4.59.35-PM-768x753.jpeg 768w, https:\/\/laprensacristiana.com\/wp-content\/uploads\/2025\/09\/WhatsApp-Image-2025-09-06-at-4.59.35-PM-696x682.jpeg 696w, https:\/\/laprensacristiana.com\/wp-content\/uploads\/2025\/09\/WhatsApp-Image-2025-09-06-at-4.59.35-PM-1068x1047.jpeg 1068w, https:\/\/laprensacristiana.com\/wp-content\/uploads\/2025\/09\/WhatsApp-Image-2025-09-06-at-4.59.35-PM-600x588.jpeg 600w, https:\/\/laprensacristiana.com\/wp-content\/uploads\/2025\/09\/WhatsApp-Image-2025-09-06-at-4.59.35-PM.jpeg 1280w\" sizes=\"(max-width: 1024px) 100vw, 1024px\" \/><\/figure>\n<\/figure>\n","protected":false},"excerpt":{"rendered":"<p>El Dr. Mauricio Navas Guzm\u00e1n, es el fundador de Iglesia Del Camino, y coordinador nacional del Movimiento de Oraci\u00f3n y Unidad Tomando Mi Naci\u00f3n. Desde que Dios le llam\u00f3 a sus pies, tom\u00f3 la estafeta y ha liderado una visi\u00f3n de naci\u00f3n, como lo expresa en sus sermones: es un fervor por el fuego del [&hellip;]<\/p>\n","protected":false},"author":3,"featured_media":18965,"comment_status":"open","ping_status":"open","sticky":false,"template":"","format":"standard","meta":[],"categories":[56],"tags":[],"yoast_head":"<!-- This site is optimized with the Yoast SEO plugin v20.8 - https:\/\/yoast.com\/wordpress\/plugins\/seo\/ -->\n<title>\u00ab80 a\u00f1os de vida, sabidur\u00eda y amor por los dem\u00e1s\u00bb Dr. Mauricio Navas - La Prensa Cristiana<\/title>\n<meta name=\"robots\" content=\"index, follow, max-snippet:-1, max-image-preview:large, max-video-preview:-1\" \/>\n<link rel=\"canonical\" href=\"https:\/\/laprensacristiana.com\/?p=18964\" \/>\n<meta property=\"og:locale\" content=\"es_ES\" \/>\n<meta property=\"og:type\" content=\"article\" \/>\n<meta property=\"og:title\" content=\"\u00ab80 a\u00f1os de vida, sabidur\u00eda y amor por los dem\u00e1s\u00bb Dr. Mauricio Navas - La Prensa Cristiana\" \/>\n<meta property=\"og:description\" content=\"El Dr. Mauricio Navas Guzm\u00e1n, es el fundador de Iglesia Del Camino, y coordinador nacional del Movimiento de Oraci\u00f3n y Unidad Tomando Mi Naci\u00f3n. Desde que Dios le llam\u00f3 a sus pies, tom\u00f3 la estafeta y ha liderado una visi\u00f3n de naci\u00f3n, como lo expresa en sus sermones: es un fervor por el fuego del [&hellip;]\" \/>\n<meta property=\"og:url\" content=\"https:\/\/laprensacristiana.com\/?p=18964\" \/>\n<meta property=\"og:site_name\" content=\"La Prensa Cristiana\" \/>\n<meta property=\"article:published_time\" content=\"2025-09-06T23:54:56+00:00\" \/>\n<meta property=\"og:image\" content=\"https:\/\/laprensacristiana.com\/wp-content\/uploads\/2025\/09\/MAURICIO-NAVAS-scaled-1.jpg\" \/>\n\t<meta property=\"og:image:width\" content=\"2560\" \/>\n\t<meta property=\"og:image:height\" content=\"1707\" \/>\n\t<meta property=\"og:image:type\" content=\"image\/jpeg\" \/>\n<meta name=\"author\" content=\"EDITOR\" \/>\n<meta name=\"twitter:card\" content=\"summary_large_image\" \/>\n<meta name=\"twitter:label1\" content=\"Escrito por\" \/>\n\t<meta name=\"twitter:data1\" content=\"EDITOR\" \/>\n\t<meta name=\"twitter:label2\" content=\"Tiempo de lectura\" \/>\n\t<meta name=\"twitter:data2\" content=\"2 minutos\" \/>\n<script type=\"application\/ld+json\" class=\"yoast-schema-graph\">{\"@context\":\"https:\/\/schema.org\",\"@graph\":[{\"@type\":\"WebPage\",\"@id\":\"https:\/\/laprensacristiana.com\/?p=18964\",\"url\":\"https:\/\/laprensacristiana.com\/?p=18964\",\"name\":\"\u00ab80 a\u00f1os de vida, sabidur\u00eda y amor por los dem\u00e1s\u00bb Dr. Mauricio Navas - La Prensa Cristiana\",\"isPartOf\":{\"@id\":\"https:\/\/laprensacristiana.com\/#website\"},\"datePublished\":\"2025-09-06T23:54:56+00:00\",\"dateModified\":\"2025-09-06T23:54:56+00:00\",\"author\":{\"@id\":\"https:\/\/laprensacristiana.com\/#\/schema\/person\/3e7d82c6bfd6b1fa67010f8f7cd5256e\"},\"breadcrumb\":{\"@id\":\"https:\/\/laprensacristiana.com\/?p=18964#breadcrumb\"},\"inLanguage\":\"es\",\"potentialAction\":[{\"@type\":\"ReadAction\",\"target\":[\"https:\/\/laprensacristiana.com\/?p=18964\"]}]},{\"@type\":\"BreadcrumbList\",\"@id\":\"https:\/\/laprensacristiana.com\/?p=18964#breadcrumb\",\"itemListElement\":[{\"@type\":\"ListItem\",\"position\":1,\"name\":\"Portada\",\"item\":\"https:\/\/laprensacristiana.com\/\"},{\"@type\":\"ListItem\",\"position\":2,\"name\":\"\u00ab80 a\u00f1os de vida, sabidur\u00eda y amor por los dem\u00e1s\u00bb Dr. Mauricio Navas\"}]},{\"@type\":\"WebSite\",\"@id\":\"https:\/\/laprensacristiana.com\/#website\",\"url\":\"https:\/\/laprensacristiana.com\/\",\"name\":\"La Prensa Cristiana\",\"description\":\"Anunciando Las Buenas Nuevas\",\"potentialAction\":[{\"@type\":\"SearchAction\",\"target\":{\"@type\":\"EntryPoint\",\"urlTemplate\":\"https:\/\/laprensacristiana.com\/?s={search_term_string}\"},\"query-input\":\"required name=search_term_string\"}],\"inLanguage\":\"es\"},{\"@type\":\"Person\",\"@id\":\"https:\/\/laprensacristiana.com\/#\/schema\/person\/3e7d82c6bfd6b1fa67010f8f7cd5256e\",\"name\":\"EDITOR\",\"image\":{\"@type\":\"ImageObject\",\"inLanguage\":\"es\",\"@id\":\"https:\/\/laprensacristiana.com\/#\/schema\/person\/image\/\",\"url\":\"https:\/\/secure.gravatar.com\/avatar\/72069dfb6c13772d9e8381e3638666d2?s=96&d=mm&r=g\",\"contentUrl\":\"https:\/\/secure.gravatar.com\/avatar\/72069dfb6c13772d9e8381e3638666d2?s=96&d=mm&r=g\",\"caption\":\"EDITOR\"},\"url\":\"https:\/\/laprensacristiana.com\/?author=3\"}]}<\/script>\n<!-- \/ Yoast SEO plugin. -->","yoast_head_json":{"title":"\u00ab80 a\u00f1os de vida, sabidur\u00eda y amor por los dem\u00e1s\u00bb Dr. Mauricio Navas - La Prensa Cristiana","robots":{"index":"index","follow":"follow","max-snippet":"max-snippet:-1","max-image-preview":"max-image-preview:large","max-video-preview":"max-video-preview:-1"},"canonical":"https:\/\/laprensacristiana.com\/?p=18964","og_locale":"es_ES","og_type":"article","og_title":"\u00ab80 a\u00f1os de vida, sabidur\u00eda y amor por los dem\u00e1s\u00bb Dr. Mauricio Navas - La Prensa Cristiana","og_description":"El Dr. Mauricio Navas Guzm\u00e1n, es el fundador de Iglesia Del Camino, y coordinador nacional del Movimiento de Oraci\u00f3n y Unidad Tomando Mi Naci\u00f3n. Desde que Dios le llam\u00f3 a sus pies, tom\u00f3 la estafeta y ha liderado una visi\u00f3n de naci\u00f3n, como lo expresa en sus sermones: es un fervor por el fuego del [&hellip;]","og_url":"https:\/\/laprensacristiana.com\/?p=18964","og_site_name":"La Prensa Cristiana","article_published_time":"2025-09-06T23:54:56+00:00","og_image":[{"width":2560,"height":1707,"url":"https:\/\/laprensacristiana.com\/wp-content\/uploads\/2025\/09\/MAURICIO-NAVAS-scaled-1.jpg","type":"image\/jpeg"}],"author":"EDITOR","twitter_card":"summary_large_image","twitter_misc":{"Escrito por":"EDITOR","Tiempo de lectura":"2 minutos"},"schema":{"@context":"https:\/\/schema.org","@graph":[{"@type":"WebPage","@id":"https:\/\/laprensacristiana.com\/?p=18964","url":"https:\/\/laprensacristiana.com\/?p=18964","name":"\u00ab80 a\u00f1os de vida, sabidur\u00eda y amor por los dem\u00e1s\u00bb Dr. Mauricio Navas - La Prensa Cristiana","isPartOf":{"@id":"https:\/\/laprensacristiana.com\/#website"},"datePublished":"2025-09-06T23:54:56+00:00","dateModified":"2025-09-06T23:54:56+00:00","author":{"@id":"https:\/\/laprensacristiana.com\/#\/schema\/person\/3e7d82c6bfd6b1fa67010f8f7cd5256e"},"breadcrumb":{"@id":"https:\/\/laprensacristiana.com\/?p=18964#breadcrumb"},"inLanguage":"es","potentialAction":[{"@type":"ReadAction","target":["https:\/\/laprensacristiana.com\/?p=18964"]}]},{"@type":"BreadcrumbList","@id":"https:\/\/laprensacristiana.com\/?p=18964#breadcrumb","itemListElement":[{"@type":"ListItem","position":1,"name":"Portada","item":"https:\/\/laprensacristiana.com\/"},{"@type":"ListItem","position":2,"name":"\u00ab80 a\u00f1os de vida, sabidur\u00eda y amor por los dem\u00e1s\u00bb Dr. Mauricio Navas"}]},{"@type":"WebSite","@id":"https:\/\/laprensacristiana.com\/#website","url":"https:\/\/laprensacristiana.com\/","name":"La Prensa Cristiana","description":"Anunciando Las Buenas Nuevas","potentialAction":[{"@type":"SearchAction","target":{"@type":"EntryPoint","urlTemplate":"https:\/\/laprensacristiana.com\/?s={search_term_string}"},"query-input":"required name=search_term_string"}],"inLanguage":"es"},{"@type":"Person","@id":"https:\/\/laprensacristiana.com\/#\/schema\/person\/3e7d82c6bfd6b1fa67010f8f7cd5256e","name":"EDITOR","image":{"@type":"ImageObject","inLanguage":"es","@id":"https:\/\/laprensacristiana.com\/#\/schema\/person\/image\/","url":"https:\/\/secure.gravatar.com\/avatar\/72069dfb6c13772d9e8381e3638666d2?s=96&d=mm&r=g","contentUrl":"https:\/\/secure.gravatar.com\/avatar\/72069dfb6c13772d9e8381e3638666d2?s=96&d=mm&r=g","caption":"EDITOR"},"url":"https:\/\/laprensacristiana.com\/?author=3"}]}},"_links":{"self":[{"href":"https:\/\/laprensacristiana.com\/index.php?rest_route=\/wp\/v2\/posts\/18964"}],"collection":[{"href":"https:\/\/laprensacristiana.com\/index.php?rest_route=\/wp\/v2\/posts"}],"about":[{"href":"https:\/\/laprensacristiana.com\/index.php?rest_route=\/wp\/v2\/types\/post"}],"author":[{"embeddable":true,"href":"https:\/\/laprensacristiana.com\/index.php?rest_route=\/wp\/v2\/users\/3"}],"replies":[{"embeddable":true,"href":"https:\/\/laprensacristiana.com\/index.php?rest_route=%2Fwp%2Fv2%2Fcomments&post=18964"}],"version-history":[{"count":1,"href":"https:\/\/laprensacristiana.com\/index.php?rest_route=\/wp\/v2\/posts\/18964\/revisions"}],"predecessor-version":[{"id":18968,"href":"https:\/\/laprensacristiana.com\/index.php?rest_route=\/wp\/v2\/posts\/18964\/revisions\/18968"}],"wp:featuredmedia":[{"embeddable":true,"href":"https:\/\/laprensacristiana.com\/index.php?rest_route=\/wp\/v2\/media\/18965"}],"wp:attachment":[{"href":"https:\/\/laprensacristiana.com\/index.php?rest_route=%2Fwp%2Fv2%2Fmedia&parent=18964"}],"wp:term":[{"taxonomy":"category","embeddable":true,"href":"https:\/\/laprensacristiana.com\/index.php?rest_route=%2Fwp%2Fv2%2Fcategories&post=18964"},{"taxonomy":"post_tag","embeddable":true,"href":"https:\/\/laprensacristiana.com\/index.php?rest_route=%2Fwp%2Fv2%2Ftags&post=18964"}],"curies":[{"name":"wp","href":"https:\/\/api.w.org\/{rel}","templated":true}]}}