{"id":18969,"date":"2025-09-07T02:46:21","date_gmt":"2025-09-07T02:46:21","guid":{"rendered":"https:\/\/laprensacristiana.com\/?p=18969"},"modified":"2025-09-07T03:10:19","modified_gmt":"2025-09-07T03:10:19","slug":"el-evangelio-es-buena-noticia-pastor-lee-cho-suk","status":"publish","type":"post","link":"https:\/\/laprensacristiana.com\/?p=18969","title":{"rendered":"\u00abEl evangelio es buena noticia\u00bb Pastor Lee Cho Suk"},"content":{"rendered":"\n<p>El reconocido pastor coreano, Lee Cho Suk, culmin\u00f3 una reciente gira por tierras salvadore\u00f1as, que incluy\u00f3 cruzadas de milagros y un espacio de ense\u00f1anza para empresarios y lideres.<\/p>\n\n\n\n<p>El pastor Suk, es el fundador de la Iglesia Jes\u00fas Centered Church, ubicada en la capital de Corea del Sur, Se\u00fal, siendo una numerosa congregaci\u00f3n, cuyo l\u00edder realiza campa\u00f1as de milagros, de car\u00e1cter masivo alrededor del mundo.<\/p>\n\n\n\n<p>Para El Salvador, el movimiento Inspira, fundado por los pastores Orlando y Simone Delcid, han estado al frente de la organizaci\u00f3n, haci\u00e9ndose acompa\u00f1ar de lideres como el Dr. Josu\u00e9 Anaya, y los pastores Neftal\u00ed Alvarenga, Joel Rodr\u00edguez, Mario Granados Jr., Edwin Guzm\u00e1n, Luis Linares entre otros.<\/p>\n\n\n\n<p>La gira comenz\u00f3 con una cena el jueves 04 de septiembre, en un hotel capitalino, donde compartieron con diferentes figuras del que hacer nacional y religioso, entre los que destaca el Dr. Edgardo Cardoza, Comisionado Nacional de Valores.<\/p>\n\n\n\n<figure class=\"wp-block-image size-large\"><img decoding=\"async\" loading=\"lazy\" width=\"1024\" height=\"768\" src=\"https:\/\/laprensacristiana.com\/wp-content\/uploads\/2025\/09\/WhatsApp-Image-2025-09-06-at-7.52.11-PM-1024x768.jpeg\" alt=\"\" class=\"wp-image-18970\" srcset=\"https:\/\/laprensacristiana.com\/wp-content\/uploads\/2025\/09\/WhatsApp-Image-2025-09-06-at-7.52.11-PM-1024x768.jpeg 1024w, https:\/\/laprensacristiana.com\/wp-content\/uploads\/2025\/09\/WhatsApp-Image-2025-09-06-at-7.52.11-PM-300x225.jpeg 300w, https:\/\/laprensacristiana.com\/wp-content\/uploads\/2025\/09\/WhatsApp-Image-2025-09-06-at-7.52.11-PM-768x576.jpeg 768w, https:\/\/laprensacristiana.com\/wp-content\/uploads\/2025\/09\/WhatsApp-Image-2025-09-06-at-7.52.11-PM-1536x1152.jpeg 1536w, https:\/\/laprensacristiana.com\/wp-content\/uploads\/2025\/09\/WhatsApp-Image-2025-09-06-at-7.52.11-PM-696x522.jpeg 696w, https:\/\/laprensacristiana.com\/wp-content\/uploads\/2025\/09\/WhatsApp-Image-2025-09-06-at-7.52.11-PM-1068x801.jpeg 1068w, https:\/\/laprensacristiana.com\/wp-content\/uploads\/2025\/09\/WhatsApp-Image-2025-09-06-at-7.52.11-PM-600x450.jpeg 600w, https:\/\/laprensacristiana.com\/wp-content\/uploads\/2025\/09\/WhatsApp-Image-2025-09-06-at-7.52.11-PM.jpeg 1600w\" sizes=\"(max-width: 1024px) 100vw, 1024px\" \/><\/figure>\n\n\n\n<p>Seg\u00fan explic\u00f3 el pastor Del Cid a un peri\u00f3dico local, con la llegada del pastor Lee a El Salvador ten\u00edan la conciencia que ser\u00eda un momento donde Dios iba a hacer algo sobrenatural, espec\u00edficamente en el \u00e1rea de sanidad y milagros, adem\u00e1s coment\u00f3 que hab\u00edan estado orando en favor de eso.<\/p>\n\n\n\n<figure class=\"wp-block-image size-large\"><img decoding=\"async\" loading=\"lazy\" width=\"1024\" height=\"472\" src=\"https:\/\/laprensacristiana.com\/wp-content\/uploads\/2025\/09\/WhatsApp-Image-2025-09-06-at-7.48.25-PM-1024x472.jpeg\" alt=\"\" class=\"wp-image-18971\" srcset=\"https:\/\/laprensacristiana.com\/wp-content\/uploads\/2025\/09\/WhatsApp-Image-2025-09-06-at-7.48.25-PM-1024x472.jpeg 1024w, https:\/\/laprensacristiana.com\/wp-content\/uploads\/2025\/09\/WhatsApp-Image-2025-09-06-at-7.48.25-PM-300x138.jpeg 300w, https:\/\/laprensacristiana.com\/wp-content\/uploads\/2025\/09\/WhatsApp-Image-2025-09-06-at-7.48.25-PM-768x354.jpeg 768w, https:\/\/laprensacristiana.com\/wp-content\/uploads\/2025\/09\/WhatsApp-Image-2025-09-06-at-7.48.25-PM-696x321.jpeg 696w, https:\/\/laprensacristiana.com\/wp-content\/uploads\/2025\/09\/WhatsApp-Image-2025-09-06-at-7.48.25-PM-1068x492.jpeg 1068w, https:\/\/laprensacristiana.com\/wp-content\/uploads\/2025\/09\/WhatsApp-Image-2025-09-06-at-7.48.25-PM-600x276.jpeg 600w, https:\/\/laprensacristiana.com\/wp-content\/uploads\/2025\/09\/WhatsApp-Image-2025-09-06-at-7.48.25-PM.jpeg 1389w\" sizes=\"(max-width: 1024px) 100vw, 1024px\" \/><\/figure>\n\n\n\n<p>El viernes, en Iglesia Bethel AD, en el departamento de Santa Ana, miles de personas se dieron cita, quienes fueron restaurados a trav\u00e9s de la palabra de Dios.<\/p>\n\n\n\n<p>En las distintas actividades se cont\u00f3 con la participaci\u00f3n musical de Arc\u00e1ngeles Worship (grupo dirigido por el salmista Bryan Mu\u00f1oz) y el D\u00fao Hermanos Chac\u00f3n, entre otros participantes.<\/p>\n\n\n\n<figure class=\"wp-block-image size-large\"><img decoding=\"async\" loading=\"lazy\" width=\"1024\" height=\"768\" src=\"https:\/\/laprensacristiana.com\/wp-content\/uploads\/2025\/09\/WhatsApp-Image-2025-09-06-at-8.18.08-PM-1024x768.jpeg\" alt=\"\" class=\"wp-image-18974\" srcset=\"https:\/\/laprensacristiana.com\/wp-content\/uploads\/2025\/09\/WhatsApp-Image-2025-09-06-at-8.18.08-PM-1024x768.jpeg 1024w, https:\/\/laprensacristiana.com\/wp-content\/uploads\/2025\/09\/WhatsApp-Image-2025-09-06-at-8.18.08-PM-300x225.jpeg 300w, https:\/\/laprensacristiana.com\/wp-content\/uploads\/2025\/09\/WhatsApp-Image-2025-09-06-at-8.18.08-PM-768x576.jpeg 768w, https:\/\/laprensacristiana.com\/wp-content\/uploads\/2025\/09\/WhatsApp-Image-2025-09-06-at-8.18.08-PM-1536x1152.jpeg 1536w, https:\/\/laprensacristiana.com\/wp-content\/uploads\/2025\/09\/WhatsApp-Image-2025-09-06-at-8.18.08-PM-696x522.jpeg 696w, https:\/\/laprensacristiana.com\/wp-content\/uploads\/2025\/09\/WhatsApp-Image-2025-09-06-at-8.18.08-PM-1068x801.jpeg 1068w, https:\/\/laprensacristiana.com\/wp-content\/uploads\/2025\/09\/WhatsApp-Image-2025-09-06-at-8.18.08-PM-600x450.jpeg 600w, https:\/\/laprensacristiana.com\/wp-content\/uploads\/2025\/09\/WhatsApp-Image-2025-09-06-at-8.18.08-PM.jpeg 1600w\" sizes=\"(max-width: 1024px) 100vw, 1024px\" \/><\/figure>\n\n\n\n<p>&nbsp;El s\u00e1bado en horas de la ma\u00f1ana, en Misi\u00f3n Cristiana Shekina, congregaci\u00f3n dirigida por el pastor Neftal\u00ed Alvarenga, realizaron una conferencia para empresarios y lideres, donde se inst\u00f3 a los asistentes a creer en el poder de Dios para todas sus decisiones y acciones.<\/p>\n\n\n\n<p>\u201cDios tiene su mirada en El Salvador, est\u00e1 haciendo milagros, \u00c9l est\u00e1 en el asunto\u201d, indic\u00f3 el Dr. Josu\u00e9 Anaya.<\/p>\n\n\n\n<p>El cierre de las campa\u00f1as de sanidad y milagros se realiz\u00f3 en la Iglesia Cana\u00e1n Central, de las Asambleas de Dios, ubicada en Soyapango, la iglesia de los pastores Mario Granados padre y Mario Granados Jr. Quienes abrieron las puertas de su congregaci\u00f3n para recibir a miles de personas que llegaron al lugar para exaltar al Se\u00f1or. &nbsp;&nbsp;<\/p>\n\n\n\n<p>\u201cEl evangelio es buena noticia, vamos a alabar al Se\u00f1or, el Esp\u00edritu Santo da paz a cualquier persona, para que ya no vivan en tinieblas, sino como hijos de Dios, que recuperen el primer amor\u201c, concluy\u00f3 el pastor Lee Cho Suk.<\/p>\n\n\n\n<figure class=\"wp-block-gallery has-nested-images columns-default is-cropped wp-block-gallery-1 is-layout-flex\">\n<figure class=\"wp-block-image size-large\"><img decoding=\"async\" loading=\"lazy\" width=\"1024\" height=\"578\" data-id=\"18975\"  src=\"https:\/\/laprensacristiana.com\/wp-content\/uploads\/2025\/09\/WhatsApp-Image-2025-09-06-at-8.16.05-PM-1024x578.jpeg\" alt=\"\" class=\"wp-image-18975\" srcset=\"https:\/\/laprensacristiana.com\/wp-content\/uploads\/2025\/09\/WhatsApp-Image-2025-09-06-at-8.16.05-PM-1024x578.jpeg 1024w, https:\/\/laprensacristiana.com\/wp-content\/uploads\/2025\/09\/WhatsApp-Image-2025-09-06-at-8.16.05-PM-300x169.jpeg 300w, https:\/\/laprensacristiana.com\/wp-content\/uploads\/2025\/09\/WhatsApp-Image-2025-09-06-at-8.16.05-PM-768x433.jpeg 768w, https:\/\/laprensacristiana.com\/wp-content\/uploads\/2025\/09\/WhatsApp-Image-2025-09-06-at-8.16.05-PM-696x393.jpeg 696w, https:\/\/laprensacristiana.com\/wp-content\/uploads\/2025\/09\/WhatsApp-Image-2025-09-06-at-8.16.05-PM-1068x602.jpeg 1068w, https:\/\/laprensacristiana.com\/wp-content\/uploads\/2025\/09\/WhatsApp-Image-2025-09-06-at-8.16.05-PM-600x338.jpeg 600w, https:\/\/laprensacristiana.com\/wp-content\/uploads\/2025\/09\/WhatsApp-Image-2025-09-06-at-8.16.05-PM.jpeg 1280w\" sizes=\"(max-width: 1024px) 100vw, 1024px\" \/><\/figure>\n\n\n\n<figure class=\"wp-block-image size-large\"><img decoding=\"async\" loading=\"lazy\" width=\"1024\" height=\"571\" data-id=\"18976\"  src=\"https:\/\/laprensacristiana.com\/wp-content\/uploads\/2025\/09\/WhatsApp-Image-2025-09-06-at-8.22.19-PM-1024x571.jpeg\" alt=\"\" class=\"wp-image-18976\" srcset=\"https:\/\/laprensacristiana.com\/wp-content\/uploads\/2025\/09\/WhatsApp-Image-2025-09-06-at-8.22.19-PM-1024x571.jpeg 1024w, https:\/\/laprensacristiana.com\/wp-content\/uploads\/2025\/09\/WhatsApp-Image-2025-09-06-at-8.22.19-PM-300x167.jpeg 300w, https:\/\/laprensacristiana.com\/wp-content\/uploads\/2025\/09\/WhatsApp-Image-2025-09-06-at-8.22.19-PM-768x428.jpeg 768w, https:\/\/laprensacristiana.com\/wp-content\/uploads\/2025\/09\/WhatsApp-Image-2025-09-06-at-8.22.19-PM-696x388.jpeg 696w, https:\/\/laprensacristiana.com\/wp-content\/uploads\/2025\/09\/WhatsApp-Image-2025-09-06-at-8.22.19-PM-1068x596.jpeg 1068w, https:\/\/laprensacristiana.com\/wp-content\/uploads\/2025\/09\/WhatsApp-Image-2025-09-06-at-8.22.19-PM-600x335.jpeg 600w, https:\/\/laprensacristiana.com\/wp-content\/uploads\/2025\/09\/WhatsApp-Image-2025-09-06-at-8.22.19-PM.jpeg 1280w\" sizes=\"(max-width: 1024px) 100vw, 1024px\" \/><\/figure>\n<\/figure>\n","protected":false},"excerpt":{"rendered":"<p>El reconocido pastor coreano, Lee Cho Suk, culmin\u00f3 una reciente gira por tierras salvadore\u00f1as, que incluy\u00f3 cruzadas de milagros y un espacio de ense\u00f1anza para empresarios y lideres. El pastor Suk, es el fundador de la Iglesia Jes\u00fas Centered Church, ubicada en la capital de Corea del Sur, Se\u00fal, siendo una numerosa congregaci\u00f3n, cuyo l\u00edder [&hellip;]<\/p>\n","protected":false},"author":3,"featured_media":18977,"comment_status":"open","ping_status":"open","sticky":false,"template":"","format":"standard","meta":[],"categories":[56],"tags":[],"yoast_head":"<!-- This site is optimized with the Yoast SEO plugin v20.8 - https:\/\/yoast.com\/wordpress\/plugins\/seo\/ -->\n<title>\u00abEl evangelio es buena noticia\u00bb Pastor Lee Cho Suk - La Prensa Cristiana<\/title>\n<meta name=\"robots\" content=\"index, follow, max-snippet:-1, max-image-preview:large, max-video-preview:-1\" \/>\n<link rel=\"canonical\" href=\"https:\/\/laprensacristiana.com\/?p=18969\" \/>\n<meta property=\"og:locale\" content=\"es_ES\" \/>\n<meta property=\"og:type\" content=\"article\" \/>\n<meta property=\"og:title\" content=\"\u00abEl evangelio es buena noticia\u00bb Pastor Lee Cho Suk - La Prensa Cristiana\" \/>\n<meta property=\"og:description\" content=\"El reconocido pastor coreano, Lee Cho Suk, culmin\u00f3 una reciente gira por tierras salvadore\u00f1as, que incluy\u00f3 cruzadas de milagros y un espacio de ense\u00f1anza para empresarios y lideres. El pastor Suk, es el fundador de la Iglesia Jes\u00fas Centered Church, ubicada en la capital de Corea del Sur, Se\u00fal, siendo una numerosa congregaci\u00f3n, cuyo l\u00edder [&hellip;]\" \/>\n<meta property=\"og:url\" content=\"https:\/\/laprensacristiana.com\/?p=18969\" \/>\n<meta property=\"og:site_name\" content=\"La Prensa Cristiana\" \/>\n<meta property=\"article:published_time\" content=\"2025-09-07T02:46:21+00:00\" \/>\n<meta property=\"article:modified_time\" content=\"2025-09-07T03:10:19+00:00\" \/>\n<meta property=\"og:image\" content=\"https:\/\/laprensacristiana.com\/wp-content\/uploads\/2025\/09\/Copia-de-OPINION-22.png\" \/>\n\t<meta property=\"og:image:width\" content=\"719\" \/>\n\t<meta property=\"og:image:height\" content=\"540\" \/>\n\t<meta property=\"og:image:type\" content=\"image\/png\" \/>\n<meta name=\"author\" content=\"EDITOR\" \/>\n<meta name=\"twitter:card\" content=\"summary_large_image\" \/>\n<meta name=\"twitter:label1\" content=\"Escrito por\" \/>\n\t<meta name=\"twitter:data1\" content=\"EDITOR\" \/>\n\t<meta name=\"twitter:label2\" content=\"Tiempo de lectura\" \/>\n\t<meta name=\"twitter:data2\" content=\"3 minutos\" \/>\n<script type=\"application\/ld+json\" class=\"yoast-schema-graph\">{\"@context\":\"https:\/\/schema.org\",\"@graph\":[{\"@type\":\"WebPage\",\"@id\":\"https:\/\/laprensacristiana.com\/?p=18969\",\"url\":\"https:\/\/laprensacristiana.com\/?p=18969\",\"name\":\"\u00abEl evangelio es buena noticia\u00bb Pastor Lee Cho Suk - La Prensa Cristiana\",\"isPartOf\":{\"@id\":\"https:\/\/laprensacristiana.com\/#website\"},\"datePublished\":\"2025-09-07T02:46:21+00:00\",\"dateModified\":\"2025-09-07T03:10:19+00:00\",\"author\":{\"@id\":\"https:\/\/laprensacristiana.com\/#\/schema\/person\/3e7d82c6bfd6b1fa67010f8f7cd5256e\"},\"breadcrumb\":{\"@id\":\"https:\/\/laprensacristiana.com\/?p=18969#breadcrumb\"},\"inLanguage\":\"es\",\"potentialAction\":[{\"@type\":\"ReadAction\",\"target\":[\"https:\/\/laprensacristiana.com\/?p=18969\"]}]},{\"@type\":\"BreadcrumbList\",\"@id\":\"https:\/\/laprensacristiana.com\/?p=18969#breadcrumb\",\"itemListElement\":[{\"@type\":\"ListItem\",\"position\":1,\"name\":\"Portada\",\"item\":\"https:\/\/laprensacristiana.com\/\"},{\"@type\":\"ListItem\",\"position\":2,\"name\":\"\u00abEl evangelio es buena noticia\u00bb Pastor Lee Cho Suk\"}]},{\"@type\":\"WebSite\",\"@id\":\"https:\/\/laprensacristiana.com\/#website\",\"url\":\"https:\/\/laprensacristiana.com\/\",\"name\":\"La Prensa Cristiana\",\"description\":\"Anunciando Las Buenas Nuevas\",\"potentialAction\":[{\"@type\":\"SearchAction\",\"target\":{\"@type\":\"EntryPoint\",\"urlTemplate\":\"https:\/\/laprensacristiana.com\/?s={search_term_string}\"},\"query-input\":\"required name=search_term_string\"}],\"inLanguage\":\"es\"},{\"@type\":\"Person\",\"@id\":\"https:\/\/laprensacristiana.com\/#\/schema\/person\/3e7d82c6bfd6b1fa67010f8f7cd5256e\",\"name\":\"EDITOR\",\"image\":{\"@type\":\"ImageObject\",\"inLanguage\":\"es\",\"@id\":\"https:\/\/laprensacristiana.com\/#\/schema\/person\/image\/\",\"url\":\"https:\/\/secure.gravatar.com\/avatar\/72069dfb6c13772d9e8381e3638666d2?s=96&d=mm&r=g\",\"contentUrl\":\"https:\/\/secure.gravatar.com\/avatar\/72069dfb6c13772d9e8381e3638666d2?s=96&d=mm&r=g\",\"caption\":\"EDITOR\"},\"url\":\"https:\/\/laprensacristiana.com\/?author=3\"}]}<\/script>\n<!-- \/ Yoast SEO plugin. -->","yoast_head_json":{"title":"\u00abEl evangelio es buena noticia\u00bb Pastor Lee Cho Suk - La Prensa Cristiana","robots":{"index":"index","follow":"follow","max-snippet":"max-snippet:-1","max-image-preview":"max-image-preview:large","max-video-preview":"max-video-preview:-1"},"canonical":"https:\/\/laprensacristiana.com\/?p=18969","og_locale":"es_ES","og_type":"article","og_title":"\u00abEl evangelio es buena noticia\u00bb Pastor Lee Cho Suk - La Prensa Cristiana","og_description":"El reconocido pastor coreano, Lee Cho Suk, culmin\u00f3 una reciente gira por tierras salvadore\u00f1as, que incluy\u00f3 cruzadas de milagros y un espacio de ense\u00f1anza para empresarios y lideres. El pastor Suk, es el fundador de la Iglesia Jes\u00fas Centered Church, ubicada en la capital de Corea del Sur, Se\u00fal, siendo una numerosa congregaci\u00f3n, cuyo l\u00edder [&hellip;]","og_url":"https:\/\/laprensacristiana.com\/?p=18969","og_site_name":"La Prensa Cristiana","article_published_time":"2025-09-07T02:46:21+00:00","article_modified_time":"2025-09-07T03:10:19+00:00","og_image":[{"width":719,"height":540,"url":"https:\/\/laprensacristiana.com\/wp-content\/uploads\/2025\/09\/Copia-de-OPINION-22.png","type":"image\/png"}],"author":"EDITOR","twitter_card":"summary_large_image","twitter_misc":{"Escrito por":"EDITOR","Tiempo de lectura":"3 minutos"},"schema":{"@context":"https:\/\/schema.org","@graph":[{"@type":"WebPage","@id":"https:\/\/laprensacristiana.com\/?p=18969","url":"https:\/\/laprensacristiana.com\/?p=18969","name":"\u00abEl evangelio es buena noticia\u00bb Pastor Lee Cho Suk - La Prensa Cristiana","isPartOf":{"@id":"https:\/\/laprensacristiana.com\/#website"},"datePublished":"2025-09-07T02:46:21+00:00","dateModified":"2025-09-07T03:10:19+00:00","author":{"@id":"https:\/\/laprensacristiana.com\/#\/schema\/person\/3e7d82c6bfd6b1fa67010f8f7cd5256e"},"breadcrumb":{"@id":"https:\/\/laprensacristiana.com\/?p=18969#breadcrumb"},"inLanguage":"es","potentialAction":[{"@type":"ReadAction","target":["https:\/\/laprensacristiana.com\/?p=18969"]}]},{"@type":"BreadcrumbList","@id":"https:\/\/laprensacristiana.com\/?p=18969#breadcrumb","itemListElement":[{"@type":"ListItem","position":1,"name":"Portada","item":"https:\/\/laprensacristiana.com\/"},{"@type":"ListItem","position":2,"name":"\u00abEl evangelio es buena noticia\u00bb Pastor Lee Cho Suk"}]},{"@type":"WebSite","@id":"https:\/\/laprensacristiana.com\/#website","url":"https:\/\/laprensacristiana.com\/","name":"La Prensa Cristiana","description":"Anunciando Las Buenas Nuevas","potentialAction":[{"@type":"SearchAction","target":{"@type":"EntryPoint","urlTemplate":"https:\/\/laprensacristiana.com\/?s={search_term_string}"},"query-input":"required name=search_term_string"}],"inLanguage":"es"},{"@type":"Person","@id":"https:\/\/laprensacristiana.com\/#\/schema\/person\/3e7d82c6bfd6b1fa67010f8f7cd5256e","name":"EDITOR","image":{"@type":"ImageObject","inLanguage":"es","@id":"https:\/\/laprensacristiana.com\/#\/schema\/person\/image\/","url":"https:\/\/secure.gravatar.com\/avatar\/72069dfb6c13772d9e8381e3638666d2?s=96&d=mm&r=g","contentUrl":"https:\/\/secure.gravatar.com\/avatar\/72069dfb6c13772d9e8381e3638666d2?s=96&d=mm&r=g","caption":"EDITOR"},"url":"https:\/\/laprensacristiana.com\/?author=3"}]}},"_links":{"self":[{"href":"https:\/\/laprensacristiana.com\/index.php?rest_route=\/wp\/v2\/posts\/18969"}],"collection":[{"href":"https:\/\/laprensacristiana.com\/index.php?rest_route=\/wp\/v2\/posts"}],"about":[{"href":"https:\/\/laprensacristiana.com\/index.php?rest_route=\/wp\/v2\/types\/post"}],"author":[{"embeddable":true,"href":"https:\/\/laprensacristiana.com\/index.php?rest_route=\/wp\/v2\/users\/3"}],"replies":[{"embeddable":true,"href":"https:\/\/laprensacristiana.com\/index.php?rest_route=%2Fwp%2Fv2%2Fcomments&post=18969"}],"version-history":[{"count":2,"href":"https:\/\/laprensacristiana.com\/index.php?rest_route=\/wp\/v2\/posts\/18969\/revisions"}],"predecessor-version":[{"id":18979,"href":"https:\/\/laprensacristiana.com\/index.php?rest_route=\/wp\/v2\/posts\/18969\/revisions\/18979"}],"wp:featuredmedia":[{"embeddable":true,"href":"https:\/\/laprensacristiana.com\/index.php?rest_route=\/wp\/v2\/media\/18977"}],"wp:attachment":[{"href":"https:\/\/laprensacristiana.com\/index.php?rest_route=%2Fwp%2Fv2%2Fmedia&parent=18969"}],"wp:term":[{"taxonomy":"category","embeddable":true,"href":"https:\/\/laprensacristiana.com\/index.php?rest_route=%2Fwp%2Fv2%2Fcategories&post=18969"},{"taxonomy":"post_tag","embeddable":true,"href":"https:\/\/laprensacristiana.com\/index.php?rest_route=%2Fwp%2Fv2%2Ftags&post=18969"}],"curies":[{"name":"wp","href":"https:\/\/api.w.org\/{rel}","templated":true}]}}