{"id":18984,"date":"2025-09-20T16:50:38","date_gmt":"2025-09-20T16:50:38","guid":{"rendered":"https:\/\/laprensacristiana.com\/?p=18984"},"modified":"2025-09-20T16:50:38","modified_gmt":"2025-09-20T16:50:38","slug":"iglesia-kemuel-realiza-segundo-congreso-de-medicina-enfocado-en-la-atencion-de-emergencias-medicas","status":"publish","type":"post","link":"https:\/\/laprensacristiana.com\/?p=18984","title":{"rendered":"Iglesia Kemuel realiza segundo Congreso de Medicina enfocado en la atenci\u00f3n de emergencias m\u00e9dicas"},"content":{"rendered":"\n<p>En las instalaciones de un hotel capitalino, se llev\u00f3 a cabo en horas de la ma\u00f1ana el segundo congreso de medicina denominado: \u201cEmergencias M\u00e9dicas: Actualizaci\u00f3n en el manejo integral de pacientes\u201d.&nbsp;<\/p>\n\n\n\n<p>Seg\u00fan explican sus organizadores, Iglesia Kemuel, esto es parte del \u00e1rea de acci\u00f3n social con que cuenta la<\/p>\n\n\n\n<p>Iglesia, y congresos como este contribuyen al fortalecimiento del conocimiento y ejecuci\u00f3n para los especialistas en salud.&nbsp;<\/p>\n\n\n\n<p>\u201cCuando hay una visi\u00f3n o un sue\u00f1o Dios pone las herramientas para materializarlo, y nace la idea de no solo hacer campa\u00f1as m\u00e9dicas sino tambi\u00e9n congresos de medicina, donde puedan darse a los m\u00e9dicos herramientas en su ciencia, y as\u00ed es como a trav\u00e9s de la visi\u00f3n del Dr. Miguel Rodr\u00edguez nos atrevimos y hoy estamos en el segundo congreso de medicina\u201d, indic\u00f3 el pastor Juan Carlos Hasbun, de Iglesia Kemuel.&nbsp;<\/p>\n\n\n\n<p>Dentro del mismo evento contaron con una feria de organizaciones ligadas a la salud, quienes pusieron al servicio de los asistentes sus productos, entre ellos \u00f3pticas, laboratorios y farmac\u00e9uticas.&nbsp;<\/p>\n\n\n\n<p>Estamos realizando un seguimiento al primero congreso que hicimos, abordando una visi\u00f3n integral del paciente, dirigido a m\u00e9dicos generales y unidades de emergencias\u201d, acot\u00f3 el Dr. Miguel Rodr\u00edguez, l\u00edder de Cl\u00ednica Kemuel.&nbsp;<\/p>\n\n\n\n<p>Las ponencias se clasificaron luego de un proceso de consulta a jefaturas&nbsp;&nbsp;del Instituto Salvadore\u00f1o del Seguro Social, en espec\u00edfico a las unidades de emergencias, como un refuerzo a la calidad de atenci\u00f3n brindada a los pacientes.&nbsp;<\/p>\n\n\n\n<p>Los temas abordados durante el congreso fueron: \u201cFarmacodermias\u201d, impartido por el Dr. Sa\u00fal Fabricio Villegas, dermat\u00f3logo del Hospital General San Juan de Dios de Guatemala, \u201cInnovaci\u00f3n en el manejo de la enfermedad renal cr\u00f3nica\u201d, desarrollada por el nefr\u00f3logo Dr. Eliseo Guzm\u00e1n, y \u201cC\u00f3digo Naranja\u201d, impartido por la Dra. Zulma Calder\u00f3n,&nbsp;&nbsp;ginec\u00f3loga mast\u00f3loga.&nbsp;<\/p>\n\n\n\n<p>Todo el trabajo enfocado en acci\u00f3n social que como congregaci\u00f3n realizan (Iglesia Kemuel) lo han sustentado en G\u00e1latas 6:2, \u201cSobrellevad los unos las cargas de los otros, y cumplid as\u00ed la ley de Cristo\u201d.<\/p>\n\n\n\n<figure class=\"wp-block-gallery has-nested-images columns-default is-cropped wp-block-gallery-1 is-layout-flex\">\n<figure class=\"wp-block-image size-large\"><img decoding=\"async\" loading=\"lazy\" width=\"1024\" height=\"768\" data-id=\"18986\"  src=\"https:\/\/laprensacristiana.com\/wp-content\/uploads\/2025\/09\/17f7a30a-44de-477b-afca-91b262f8a8bf-1024x768.jpeg\" alt=\"\" class=\"wp-image-18986\" srcset=\"https:\/\/laprensacristiana.com\/wp-content\/uploads\/2025\/09\/17f7a30a-44de-477b-afca-91b262f8a8bf-1024x768.jpeg 1024w, https:\/\/laprensacristiana.com\/wp-content\/uploads\/2025\/09\/17f7a30a-44de-477b-afca-91b262f8a8bf-300x225.jpeg 300w, https:\/\/laprensacristiana.com\/wp-content\/uploads\/2025\/09\/17f7a30a-44de-477b-afca-91b262f8a8bf-768x576.jpeg 768w, https:\/\/laprensacristiana.com\/wp-content\/uploads\/2025\/09\/17f7a30a-44de-477b-afca-91b262f8a8bf-1536x1152.jpeg 1536w, https:\/\/laprensacristiana.com\/wp-content\/uploads\/2025\/09\/17f7a30a-44de-477b-afca-91b262f8a8bf-696x522.jpeg 696w, https:\/\/laprensacristiana.com\/wp-content\/uploads\/2025\/09\/17f7a30a-44de-477b-afca-91b262f8a8bf-1068x801.jpeg 1068w, https:\/\/laprensacristiana.com\/wp-content\/uploads\/2025\/09\/17f7a30a-44de-477b-afca-91b262f8a8bf-600x450.jpeg 600w, https:\/\/laprensacristiana.com\/wp-content\/uploads\/2025\/09\/17f7a30a-44de-477b-afca-91b262f8a8bf.jpeg 1600w\" sizes=\"(max-width: 1024px) 100vw, 1024px\" \/><\/figure>\n\n\n\n<figure class=\"wp-block-image size-large\"><img decoding=\"async\" loading=\"lazy\" width=\"1024\" height=\"768\" data-id=\"18988\"  src=\"https:\/\/laprensacristiana.com\/wp-content\/uploads\/2025\/09\/6854712f-b874-48f1-84b2-47a08736bf37-1024x768.jpeg\" alt=\"\" class=\"wp-image-18988\" srcset=\"https:\/\/laprensacristiana.com\/wp-content\/uploads\/2025\/09\/6854712f-b874-48f1-84b2-47a08736bf37-1024x768.jpeg 1024w, https:\/\/laprensacristiana.com\/wp-content\/uploads\/2025\/09\/6854712f-b874-48f1-84b2-47a08736bf37-300x225.jpeg 300w, https:\/\/laprensacristiana.com\/wp-content\/uploads\/2025\/09\/6854712f-b874-48f1-84b2-47a08736bf37-768x576.jpeg 768w, https:\/\/laprensacristiana.com\/wp-content\/uploads\/2025\/09\/6854712f-b874-48f1-84b2-47a08736bf37-1536x1152.jpeg 1536w, https:\/\/laprensacristiana.com\/wp-content\/uploads\/2025\/09\/6854712f-b874-48f1-84b2-47a08736bf37-696x522.jpeg 696w, https:\/\/laprensacristiana.com\/wp-content\/uploads\/2025\/09\/6854712f-b874-48f1-84b2-47a08736bf37-1068x801.jpeg 1068w, https:\/\/laprensacristiana.com\/wp-content\/uploads\/2025\/09\/6854712f-b874-48f1-84b2-47a08736bf37-600x450.jpeg 600w, https:\/\/laprensacristiana.com\/wp-content\/uploads\/2025\/09\/6854712f-b874-48f1-84b2-47a08736bf37.jpeg 1600w\" sizes=\"(max-width: 1024px) 100vw, 1024px\" \/><\/figure>\n\n\n\n<figure class=\"wp-block-image size-large\"><img decoding=\"async\" loading=\"lazy\" width=\"1024\" height=\"768\" data-id=\"18989\"  src=\"https:\/\/laprensacristiana.com\/wp-content\/uploads\/2025\/09\/9fa298e3-7387-4e73-bbef-ff476dea077b-1024x768.jpeg\" alt=\"\" class=\"wp-image-18989\" srcset=\"https:\/\/laprensacristiana.com\/wp-content\/uploads\/2025\/09\/9fa298e3-7387-4e73-bbef-ff476dea077b-1024x768.jpeg 1024w, https:\/\/laprensacristiana.com\/wp-content\/uploads\/2025\/09\/9fa298e3-7387-4e73-bbef-ff476dea077b-300x225.jpeg 300w, https:\/\/laprensacristiana.com\/wp-content\/uploads\/2025\/09\/9fa298e3-7387-4e73-bbef-ff476dea077b-768x576.jpeg 768w, https:\/\/laprensacristiana.com\/wp-content\/uploads\/2025\/09\/9fa298e3-7387-4e73-bbef-ff476dea077b-1536x1152.jpeg 1536w, https:\/\/laprensacristiana.com\/wp-content\/uploads\/2025\/09\/9fa298e3-7387-4e73-bbef-ff476dea077b-696x522.jpeg 696w, https:\/\/laprensacristiana.com\/wp-content\/uploads\/2025\/09\/9fa298e3-7387-4e73-bbef-ff476dea077b-1068x801.jpeg 1068w, https:\/\/laprensacristiana.com\/wp-content\/uploads\/2025\/09\/9fa298e3-7387-4e73-bbef-ff476dea077b-600x450.jpeg 600w, https:\/\/laprensacristiana.com\/wp-content\/uploads\/2025\/09\/9fa298e3-7387-4e73-bbef-ff476dea077b.jpeg 1600w\" sizes=\"(max-width: 1024px) 100vw, 1024px\" \/><\/figure>\n\n\n\n<figure class=\"wp-block-image size-large\"><img decoding=\"async\" loading=\"lazy\" width=\"1024\" height=\"768\" data-id=\"18987\"  src=\"https:\/\/laprensacristiana.com\/wp-content\/uploads\/2025\/09\/ac0c4930-df50-4c34-b336-71e002a3ad49-1024x768.jpeg\" alt=\"\" class=\"wp-image-18987\" srcset=\"https:\/\/laprensacristiana.com\/wp-content\/uploads\/2025\/09\/ac0c4930-df50-4c34-b336-71e002a3ad49-1024x768.jpeg 1024w, https:\/\/laprensacristiana.com\/wp-content\/uploads\/2025\/09\/ac0c4930-df50-4c34-b336-71e002a3ad49-300x225.jpeg 300w, https:\/\/laprensacristiana.com\/wp-content\/uploads\/2025\/09\/ac0c4930-df50-4c34-b336-71e002a3ad49-768x576.jpeg 768w, https:\/\/laprensacristiana.com\/wp-content\/uploads\/2025\/09\/ac0c4930-df50-4c34-b336-71e002a3ad49-1536x1152.jpeg 1536w, https:\/\/laprensacristiana.com\/wp-content\/uploads\/2025\/09\/ac0c4930-df50-4c34-b336-71e002a3ad49-696x522.jpeg 696w, https:\/\/laprensacristiana.com\/wp-content\/uploads\/2025\/09\/ac0c4930-df50-4c34-b336-71e002a3ad49-1068x801.jpeg 1068w, https:\/\/laprensacristiana.com\/wp-content\/uploads\/2025\/09\/ac0c4930-df50-4c34-b336-71e002a3ad49-600x450.jpeg 600w, https:\/\/laprensacristiana.com\/wp-content\/uploads\/2025\/09\/ac0c4930-df50-4c34-b336-71e002a3ad49.jpeg 1600w\" sizes=\"(max-width: 1024px) 100vw, 1024px\" \/><\/figure>\n\n\n\n<figure class=\"wp-block-image size-large\"><img decoding=\"async\" loading=\"lazy\" width=\"1024\" height=\"768\" data-id=\"18990\"  src=\"https:\/\/laprensacristiana.com\/wp-content\/uploads\/2025\/09\/IMG_9434-1024x768.jpeg\" alt=\"\" class=\"wp-image-18990\" srcset=\"https:\/\/laprensacristiana.com\/wp-content\/uploads\/2025\/09\/IMG_9434-1024x768.jpeg 1024w, https:\/\/laprensacristiana.com\/wp-content\/uploads\/2025\/09\/IMG_9434-300x225.jpeg 300w, https:\/\/laprensacristiana.com\/wp-content\/uploads\/2025\/09\/IMG_9434-768x576.jpeg 768w, https:\/\/laprensacristiana.com\/wp-content\/uploads\/2025\/09\/IMG_9434-1536x1152.jpeg 1536w, https:\/\/laprensacristiana.com\/wp-content\/uploads\/2025\/09\/IMG_9434-2048x1536.jpeg 2048w, https:\/\/laprensacristiana.com\/wp-content\/uploads\/2025\/09\/IMG_9434-696x522.jpeg 696w, https:\/\/laprensacristiana.com\/wp-content\/uploads\/2025\/09\/IMG_9434-1068x801.jpeg 1068w, https:\/\/laprensacristiana.com\/wp-content\/uploads\/2025\/09\/IMG_9434-1920x1440.jpeg 1920w, https:\/\/laprensacristiana.com\/wp-content\/uploads\/2025\/09\/IMG_9434-600x450.jpeg 600w\" sizes=\"(max-width: 1024px) 100vw, 1024px\" \/><\/figure>\n\n\n\n<figure class=\"wp-block-image size-large\"><img decoding=\"async\" loading=\"lazy\" width=\"1024\" height=\"768\" data-id=\"18991\"  src=\"https:\/\/laprensacristiana.com\/wp-content\/uploads\/2025\/09\/IMG_9431-1024x768.jpeg\" alt=\"\" class=\"wp-image-18991\" srcset=\"https:\/\/laprensacristiana.com\/wp-content\/uploads\/2025\/09\/IMG_9431-1024x768.jpeg 1024w, https:\/\/laprensacristiana.com\/wp-content\/uploads\/2025\/09\/IMG_9431-300x225.jpeg 300w, https:\/\/laprensacristiana.com\/wp-content\/uploads\/2025\/09\/IMG_9431-768x576.jpeg 768w, https:\/\/laprensacristiana.com\/wp-content\/uploads\/2025\/09\/IMG_9431-1536x1152.jpeg 1536w, https:\/\/laprensacristiana.com\/wp-content\/uploads\/2025\/09\/IMG_9431-2048x1536.jpeg 2048w, https:\/\/laprensacristiana.com\/wp-content\/uploads\/2025\/09\/IMG_9431-696x522.jpeg 696w, https:\/\/laprensacristiana.com\/wp-content\/uploads\/2025\/09\/IMG_9431-1068x801.jpeg 1068w, https:\/\/laprensacristiana.com\/wp-content\/uploads\/2025\/09\/IMG_9431-1920x1440.jpeg 1920w, https:\/\/laprensacristiana.com\/wp-content\/uploads\/2025\/09\/IMG_9431-600x450.jpeg 600w\" sizes=\"(max-width: 1024px) 100vw, 1024px\" \/><\/figure>\n\n\n\n<figure class=\"wp-block-image size-large\"><img decoding=\"async\" loading=\"lazy\" width=\"1024\" height=\"768\" data-id=\"18993\"  src=\"https:\/\/laprensacristiana.com\/wp-content\/uploads\/2025\/09\/IMG_9428-1024x768.jpeg\" alt=\"\" class=\"wp-image-18993\" srcset=\"https:\/\/laprensacristiana.com\/wp-content\/uploads\/2025\/09\/IMG_9428-1024x768.jpeg 1024w, https:\/\/laprensacristiana.com\/wp-content\/uploads\/2025\/09\/IMG_9428-300x225.jpeg 300w, https:\/\/laprensacristiana.com\/wp-content\/uploads\/2025\/09\/IMG_9428-768x576.jpeg 768w, https:\/\/laprensacristiana.com\/wp-content\/uploads\/2025\/09\/IMG_9428-1536x1152.jpeg 1536w, https:\/\/laprensacristiana.com\/wp-content\/uploads\/2025\/09\/IMG_9428-2048x1536.jpeg 2048w, https:\/\/laprensacristiana.com\/wp-content\/uploads\/2025\/09\/IMG_9428-696x522.jpeg 696w, https:\/\/laprensacristiana.com\/wp-content\/uploads\/2025\/09\/IMG_9428-1068x801.jpeg 1068w, https:\/\/laprensacristiana.com\/wp-content\/uploads\/2025\/09\/IMG_9428-1920x1440.jpeg 1920w, https:\/\/laprensacristiana.com\/wp-content\/uploads\/2025\/09\/IMG_9428-600x450.jpeg 600w\" sizes=\"(max-width: 1024px) 100vw, 1024px\" \/><\/figure>\n\n\n\n<figure class=\"wp-block-image size-large\"><img decoding=\"async\" loading=\"lazy\" width=\"1024\" height=\"768\" data-id=\"18992\"  src=\"https:\/\/laprensacristiana.com\/wp-content\/uploads\/2025\/09\/IMG_9417-1024x768.jpeg\" alt=\"\" class=\"wp-image-18992\" srcset=\"https:\/\/laprensacristiana.com\/wp-content\/uploads\/2025\/09\/IMG_9417-1024x768.jpeg 1024w, https:\/\/laprensacristiana.com\/wp-content\/uploads\/2025\/09\/IMG_9417-300x225.jpeg 300w, https:\/\/laprensacristiana.com\/wp-content\/uploads\/2025\/09\/IMG_9417-768x576.jpeg 768w, https:\/\/laprensacristiana.com\/wp-content\/uploads\/2025\/09\/IMG_9417-1536x1152.jpeg 1536w, https:\/\/laprensacristiana.com\/wp-content\/uploads\/2025\/09\/IMG_9417-2048x1536.jpeg 2048w, https:\/\/laprensacristiana.com\/wp-content\/uploads\/2025\/09\/IMG_9417-696x522.jpeg 696w, https:\/\/laprensacristiana.com\/wp-content\/uploads\/2025\/09\/IMG_9417-1068x801.jpeg 1068w, https:\/\/laprensacristiana.com\/wp-content\/uploads\/2025\/09\/IMG_9417-1920x1440.jpeg 1920w, https:\/\/laprensacristiana.com\/wp-content\/uploads\/2025\/09\/IMG_9417-600x450.jpeg 600w\" sizes=\"(max-width: 1024px) 100vw, 1024px\" \/><\/figure>\n<\/figure>\n\n\n\n<p><\/p>\n","protected":false},"excerpt":{"rendered":"<p>En las instalaciones de un hotel capitalino, se llev\u00f3 a cabo en horas de la ma\u00f1ana el segundo congreso de medicina denominado: \u201cEmergencias M\u00e9dicas: Actualizaci\u00f3n en el manejo integral de pacientes\u201d.&nbsp; Seg\u00fan explican sus organizadores, Iglesia Kemuel, esto es parte del \u00e1rea de acci\u00f3n social con que cuenta la Iglesia, y congresos como este contribuyen [&hellip;]<\/p>\n","protected":false},"author":3,"featured_media":18985,"comment_status":"open","ping_status":"open","sticky":false,"template":"","format":"standard","meta":[],"categories":[56],"tags":[],"yoast_head":"<!-- This site is optimized with the Yoast SEO plugin v20.8 - https:\/\/yoast.com\/wordpress\/plugins\/seo\/ -->\n<title>Iglesia Kemuel realiza segundo Congreso de Medicina enfocado en la atenci\u00f3n de emergencias m\u00e9dicas - La Prensa Cristiana<\/title>\n<meta name=\"robots\" content=\"index, follow, max-snippet:-1, max-image-preview:large, max-video-preview:-1\" \/>\n<link rel=\"canonical\" href=\"https:\/\/laprensacristiana.com\/?p=18984\" \/>\n<meta property=\"og:locale\" content=\"es_ES\" \/>\n<meta property=\"og:type\" content=\"article\" \/>\n<meta property=\"og:title\" content=\"Iglesia Kemuel realiza segundo Congreso de Medicina enfocado en la atenci\u00f3n de emergencias m\u00e9dicas - La Prensa Cristiana\" \/>\n<meta property=\"og:description\" content=\"En las instalaciones de un hotel capitalino, se llev\u00f3 a cabo en horas de la ma\u00f1ana el segundo congreso de medicina denominado: \u201cEmergencias M\u00e9dicas: Actualizaci\u00f3n en el manejo integral de pacientes\u201d.&nbsp; Seg\u00fan explican sus organizadores, Iglesia Kemuel, esto es parte del \u00e1rea de acci\u00f3n social con que cuenta la Iglesia, y congresos como este contribuyen [&hellip;]\" \/>\n<meta property=\"og:url\" content=\"https:\/\/laprensacristiana.com\/?p=18984\" \/>\n<meta property=\"og:site_name\" content=\"La Prensa Cristiana\" \/>\n<meta property=\"article:published_time\" content=\"2025-09-20T16:50:38+00:00\" \/>\n<meta property=\"og:image\" content=\"https:\/\/laprensacristiana.com\/wp-content\/uploads\/2025\/09\/IMG_9426-scaled.jpeg\" \/>\n\t<meta property=\"og:image:width\" content=\"2560\" \/>\n\t<meta property=\"og:image:height\" content=\"1920\" \/>\n\t<meta property=\"og:image:type\" content=\"image\/jpeg\" \/>\n<meta name=\"author\" content=\"EDITOR\" \/>\n<meta name=\"twitter:card\" content=\"summary_large_image\" \/>\n<meta name=\"twitter:label1\" content=\"Escrito por\" \/>\n\t<meta name=\"twitter:data1\" content=\"EDITOR\" \/>\n\t<meta name=\"twitter:label2\" content=\"Tiempo de lectura\" \/>\n\t<meta name=\"twitter:data2\" content=\"4 minutos\" \/>\n<script type=\"application\/ld+json\" class=\"yoast-schema-graph\">{\"@context\":\"https:\/\/schema.org\",\"@graph\":[{\"@type\":\"WebPage\",\"@id\":\"https:\/\/laprensacristiana.com\/?p=18984\",\"url\":\"https:\/\/laprensacristiana.com\/?p=18984\",\"name\":\"Iglesia Kemuel realiza segundo Congreso de Medicina enfocado en la atenci\u00f3n de emergencias m\u00e9dicas - La Prensa Cristiana\",\"isPartOf\":{\"@id\":\"https:\/\/laprensacristiana.com\/#website\"},\"datePublished\":\"2025-09-20T16:50:38+00:00\",\"dateModified\":\"2025-09-20T16:50:38+00:00\",\"author\":{\"@id\":\"https:\/\/laprensacristiana.com\/#\/schema\/person\/3e7d82c6bfd6b1fa67010f8f7cd5256e\"},\"breadcrumb\":{\"@id\":\"https:\/\/laprensacristiana.com\/?p=18984#breadcrumb\"},\"inLanguage\":\"es\",\"potentialAction\":[{\"@type\":\"ReadAction\",\"target\":[\"https:\/\/laprensacristiana.com\/?p=18984\"]}]},{\"@type\":\"BreadcrumbList\",\"@id\":\"https:\/\/laprensacristiana.com\/?p=18984#breadcrumb\",\"itemListElement\":[{\"@type\":\"ListItem\",\"position\":1,\"name\":\"Portada\",\"item\":\"https:\/\/laprensacristiana.com\/\"},{\"@type\":\"ListItem\",\"position\":2,\"name\":\"Iglesia Kemuel realiza segundo Congreso de Medicina enfocado en la atenci\u00f3n de emergencias m\u00e9dicas\"}]},{\"@type\":\"WebSite\",\"@id\":\"https:\/\/laprensacristiana.com\/#website\",\"url\":\"https:\/\/laprensacristiana.com\/\",\"name\":\"La Prensa Cristiana\",\"description\":\"Anunciando Las Buenas Nuevas\",\"potentialAction\":[{\"@type\":\"SearchAction\",\"target\":{\"@type\":\"EntryPoint\",\"urlTemplate\":\"https:\/\/laprensacristiana.com\/?s={search_term_string}\"},\"query-input\":\"required name=search_term_string\"}],\"inLanguage\":\"es\"},{\"@type\":\"Person\",\"@id\":\"https:\/\/laprensacristiana.com\/#\/schema\/person\/3e7d82c6bfd6b1fa67010f8f7cd5256e\",\"name\":\"EDITOR\",\"image\":{\"@type\":\"ImageObject\",\"inLanguage\":\"es\",\"@id\":\"https:\/\/laprensacristiana.com\/#\/schema\/person\/image\/\",\"url\":\"https:\/\/secure.gravatar.com\/avatar\/72069dfb6c13772d9e8381e3638666d2?s=96&d=mm&r=g\",\"contentUrl\":\"https:\/\/secure.gravatar.com\/avatar\/72069dfb6c13772d9e8381e3638666d2?s=96&d=mm&r=g\",\"caption\":\"EDITOR\"},\"url\":\"https:\/\/laprensacristiana.com\/?author=3\"}]}<\/script>\n<!-- \/ Yoast SEO plugin. -->","yoast_head_json":{"title":"Iglesia Kemuel realiza segundo Congreso de Medicina enfocado en la atenci\u00f3n de emergencias m\u00e9dicas - La Prensa Cristiana","robots":{"index":"index","follow":"follow","max-snippet":"max-snippet:-1","max-image-preview":"max-image-preview:large","max-video-preview":"max-video-preview:-1"},"canonical":"https:\/\/laprensacristiana.com\/?p=18984","og_locale":"es_ES","og_type":"article","og_title":"Iglesia Kemuel realiza segundo Congreso de Medicina enfocado en la atenci\u00f3n de emergencias m\u00e9dicas - La Prensa Cristiana","og_description":"En las instalaciones de un hotel capitalino, se llev\u00f3 a cabo en horas de la ma\u00f1ana el segundo congreso de medicina denominado: \u201cEmergencias M\u00e9dicas: Actualizaci\u00f3n en el manejo integral de pacientes\u201d.&nbsp; Seg\u00fan explican sus organizadores, Iglesia Kemuel, esto es parte del \u00e1rea de acci\u00f3n social con que cuenta la Iglesia, y congresos como este contribuyen [&hellip;]","og_url":"https:\/\/laprensacristiana.com\/?p=18984","og_site_name":"La Prensa Cristiana","article_published_time":"2025-09-20T16:50:38+00:00","og_image":[{"width":2560,"height":1920,"url":"https:\/\/laprensacristiana.com\/wp-content\/uploads\/2025\/09\/IMG_9426-scaled.jpeg","type":"image\/jpeg"}],"author":"EDITOR","twitter_card":"summary_large_image","twitter_misc":{"Escrito por":"EDITOR","Tiempo de lectura":"4 minutos"},"schema":{"@context":"https:\/\/schema.org","@graph":[{"@type":"WebPage","@id":"https:\/\/laprensacristiana.com\/?p=18984","url":"https:\/\/laprensacristiana.com\/?p=18984","name":"Iglesia Kemuel realiza segundo Congreso de Medicina enfocado en la atenci\u00f3n de emergencias m\u00e9dicas - La Prensa Cristiana","isPartOf":{"@id":"https:\/\/laprensacristiana.com\/#website"},"datePublished":"2025-09-20T16:50:38+00:00","dateModified":"2025-09-20T16:50:38+00:00","author":{"@id":"https:\/\/laprensacristiana.com\/#\/schema\/person\/3e7d82c6bfd6b1fa67010f8f7cd5256e"},"breadcrumb":{"@id":"https:\/\/laprensacristiana.com\/?p=18984#breadcrumb"},"inLanguage":"es","potentialAction":[{"@type":"ReadAction","target":["https:\/\/laprensacristiana.com\/?p=18984"]}]},{"@type":"BreadcrumbList","@id":"https:\/\/laprensacristiana.com\/?p=18984#breadcrumb","itemListElement":[{"@type":"ListItem","position":1,"name":"Portada","item":"https:\/\/laprensacristiana.com\/"},{"@type":"ListItem","position":2,"name":"Iglesia Kemuel realiza segundo Congreso de Medicina enfocado en la atenci\u00f3n de emergencias m\u00e9dicas"}]},{"@type":"WebSite","@id":"https:\/\/laprensacristiana.com\/#website","url":"https:\/\/laprensacristiana.com\/","name":"La Prensa Cristiana","description":"Anunciando Las Buenas Nuevas","potentialAction":[{"@type":"SearchAction","target":{"@type":"EntryPoint","urlTemplate":"https:\/\/laprensacristiana.com\/?s={search_term_string}"},"query-input":"required name=search_term_string"}],"inLanguage":"es"},{"@type":"Person","@id":"https:\/\/laprensacristiana.com\/#\/schema\/person\/3e7d82c6bfd6b1fa67010f8f7cd5256e","name":"EDITOR","image":{"@type":"ImageObject","inLanguage":"es","@id":"https:\/\/laprensacristiana.com\/#\/schema\/person\/image\/","url":"https:\/\/secure.gravatar.com\/avatar\/72069dfb6c13772d9e8381e3638666d2?s=96&d=mm&r=g","contentUrl":"https:\/\/secure.gravatar.com\/avatar\/72069dfb6c13772d9e8381e3638666d2?s=96&d=mm&r=g","caption":"EDITOR"},"url":"https:\/\/laprensacristiana.com\/?author=3"}]}},"_links":{"self":[{"href":"https:\/\/laprensacristiana.com\/index.php?rest_route=\/wp\/v2\/posts\/18984"}],"collection":[{"href":"https:\/\/laprensacristiana.com\/index.php?rest_route=\/wp\/v2\/posts"}],"about":[{"href":"https:\/\/laprensacristiana.com\/index.php?rest_route=\/wp\/v2\/types\/post"}],"author":[{"embeddable":true,"href":"https:\/\/laprensacristiana.com\/index.php?rest_route=\/wp\/v2\/users\/3"}],"replies":[{"embeddable":true,"href":"https:\/\/laprensacristiana.com\/index.php?rest_route=%2Fwp%2Fv2%2Fcomments&post=18984"}],"version-history":[{"count":1,"href":"https:\/\/laprensacristiana.com\/index.php?rest_route=\/wp\/v2\/posts\/18984\/revisions"}],"predecessor-version":[{"id":18994,"href":"https:\/\/laprensacristiana.com\/index.php?rest_route=\/wp\/v2\/posts\/18984\/revisions\/18994"}],"wp:featuredmedia":[{"embeddable":true,"href":"https:\/\/laprensacristiana.com\/index.php?rest_route=\/wp\/v2\/media\/18985"}],"wp:attachment":[{"href":"https:\/\/laprensacristiana.com\/index.php?rest_route=%2Fwp%2Fv2%2Fmedia&parent=18984"}],"wp:term":[{"taxonomy":"category","embeddable":true,"href":"https:\/\/laprensacristiana.com\/index.php?rest_route=%2Fwp%2Fv2%2Fcategories&post=18984"},{"taxonomy":"post_tag","embeddable":true,"href":"https:\/\/laprensacristiana.com\/index.php?rest_route=%2Fwp%2Fv2%2Ftags&post=18984"}],"curies":[{"name":"wp","href":"https:\/\/api.w.org\/{rel}","templated":true}]}}