{"id":19008,"date":"2025-10-03T15:27:45","date_gmt":"2025-10-03T15:27:45","guid":{"rendered":"https:\/\/laprensacristiana.com\/?p=19008"},"modified":"2025-10-03T15:27:46","modified_gmt":"2025-10-03T15:27:46","slug":"nuestras-cargas-en-las-manos-de-dios","status":"publish","type":"post","link":"https:\/\/laprensacristiana.com\/?p=19008","title":{"rendered":"Nuestras cargas en las manos de Dios"},"content":{"rendered":"\n<p>Basado en 1 Samuel 1:1-20 \/ Salmo 55:22<\/p>\n\n\n\n<p>El peso m\u00e1s dif\u00edcil no est\u00e1 en los hombros, sino en el alma.<\/p>\n\n\n\n<p>Ese peso que no se ve, pero roba el sue\u00f1o, la sonrisa y hasta las fuerzas para orar. Ana conoc\u00eda bien esa carga: la esterilidad la hac\u00eda sentir incompleta y se\u00f1alada. D\u00eda tras d\u00eda escuchaba burlas y comparaciones que her\u00edan su coraz\u00f3n. Sonre\u00eda hacia fuera, pero dentro de ella hab\u00eda un vac\u00edo que nadie pod\u00eda llenar.<\/p>\n\n\n\n<p>En lugar de seguir callando, Ana volc\u00f3 todo lo que llevaba en el alma delante del Se\u00f1or. No llev\u00f3 un discurso bonito, llev\u00f3 sus l\u00e1grimas. No ocult\u00f3 su dolor, lo dej\u00f3 a los pies del Se\u00f1or. As\u00ed vivi\u00f3 lo que el salmista escribi\u00f3: \u201cEcha sobre Jehov\u00e1 tu carga, y \u00c9l te sustentar\u00e1\u201d (Salmo 55:22).<\/p>\n\n\n\n<p>La respuesta de Dios no comenz\u00f3 con el milagro, sino con un cambio en el coraz\u00f3n de Ana. Despu\u00e9s de orar, se levant\u00f3 con determinaci\u00f3n, volvi\u00f3 a comer y decidi\u00f3 no seguir cargando tristeza (1 Samuel 1:18). El peso ya no estaba sobre ella, estaba en manos de Dios. Ese fue su primer milagro: recuperar la paz antes de recibir a Samuel. Y luego, en el tiempo perfecto, el Se\u00f1or cumpli\u00f3 y le dio al hijo que ser\u00eda profeta y juez en Israel.<\/p>\n\n\n\n<p>Nosotras tambi\u00e9n guardamos pesos ocultos: un matrimonio quebrado, deudas que ahogan, enfermedades que cansan, o hijos que duelen. Pero ninguna de esas cargas est\u00e1 dise\u00f1ada para que las lleves sola. Solo Dios puede sustentarte de verdad.<\/p>\n\n\n\n<p>&nbsp;\u201cEcha sobre Jehov\u00e1 tu carga, y \u00e9l te sustentar\u00e1.\u201d \u2014Salmo 55:22<\/p>\n\n\n\n<p>&nbsp;Mujer, no intentes resolverlo todo en tus fuerzas. Haz como Ana: derrama tu alma delante del Se\u00f1or. \u00c9l no solo escucha, tambi\u00e9n sostiene, transforma y da prop\u00f3sito. Recuerda que en sus manos, tu carga se vuelve liviana y tu coraz\u00f3n halla descanso.<\/p>\n\n\n\n<p>\u201cPorque mi yugo es f\u00e1cil y ligera mi carga.\u201d \u2014Mateo 11:30<\/p>\n\n\n\n<p>Tomando Mi Naci\u00f3n Mujer &#x1f1f8;&#x1f1fb;<\/p>\n\n\n\n<p>Emma de Cu\u00e9llar<\/p>\n","protected":false},"excerpt":{"rendered":"<p>Basado en 1 Samuel 1:1-20 \/ Salmo 55:22 El peso m\u00e1s dif\u00edcil no est\u00e1 en los hombros, sino en el alma. Ese peso que no se ve, pero roba el sue\u00f1o, la sonrisa y hasta las fuerzas para orar. Ana conoc\u00eda bien esa carga: la esterilidad la hac\u00eda sentir incompleta y se\u00f1alada. D\u00eda tras d\u00eda [&hellip;]<\/p>\n","protected":false},"author":3,"featured_media":19009,"comment_status":"open","ping_status":"open","sticky":false,"template":"","format":"standard","meta":[],"categories":[126],"tags":[],"yoast_head":"<!-- This site is optimized with the Yoast SEO plugin v20.8 - https:\/\/yoast.com\/wordpress\/plugins\/seo\/ -->\n<title>Nuestras cargas en las manos de Dios - La Prensa Cristiana<\/title>\n<meta name=\"robots\" content=\"index, follow, max-snippet:-1, max-image-preview:large, max-video-preview:-1\" \/>\n<link rel=\"canonical\" href=\"https:\/\/laprensacristiana.com\/?p=19008\" \/>\n<meta property=\"og:locale\" content=\"es_ES\" \/>\n<meta property=\"og:type\" content=\"article\" \/>\n<meta property=\"og:title\" content=\"Nuestras cargas en las manos de Dios - La Prensa Cristiana\" \/>\n<meta property=\"og:description\" content=\"Basado en 1 Samuel 1:1-20 \/ Salmo 55:22 El peso m\u00e1s dif\u00edcil no est\u00e1 en los hombros, sino en el alma. Ese peso que no se ve, pero roba el sue\u00f1o, la sonrisa y hasta las fuerzas para orar. Ana conoc\u00eda bien esa carga: la esterilidad la hac\u00eda sentir incompleta y se\u00f1alada. D\u00eda tras d\u00eda [&hellip;]\" \/>\n<meta property=\"og:url\" content=\"https:\/\/laprensacristiana.com\/?p=19008\" \/>\n<meta property=\"og:site_name\" content=\"La Prensa Cristiana\" \/>\n<meta property=\"article:published_time\" content=\"2025-10-03T15:27:45+00:00\" \/>\n<meta property=\"article:modified_time\" content=\"2025-10-03T15:27:46+00:00\" \/>\n<meta property=\"og:image\" content=\"https:\/\/laprensacristiana.com\/wp-content\/uploads\/2025\/10\/Copia-de-OPINION-22.png\" \/>\n\t<meta property=\"og:image:width\" content=\"719\" \/>\n\t<meta property=\"og:image:height\" content=\"540\" \/>\n\t<meta property=\"og:image:type\" content=\"image\/png\" \/>\n<meta name=\"author\" content=\"EDITOR\" \/>\n<meta name=\"twitter:card\" content=\"summary_large_image\" \/>\n<meta name=\"twitter:label1\" content=\"Escrito por\" \/>\n\t<meta name=\"twitter:data1\" content=\"EDITOR\" \/>\n\t<meta name=\"twitter:label2\" content=\"Tiempo de lectura\" \/>\n\t<meta name=\"twitter:data2\" content=\"2 minutos\" \/>\n<script type=\"application\/ld+json\" class=\"yoast-schema-graph\">{\"@context\":\"https:\/\/schema.org\",\"@graph\":[{\"@type\":\"WebPage\",\"@id\":\"https:\/\/laprensacristiana.com\/?p=19008\",\"url\":\"https:\/\/laprensacristiana.com\/?p=19008\",\"name\":\"Nuestras cargas en las manos de Dios - La Prensa Cristiana\",\"isPartOf\":{\"@id\":\"https:\/\/laprensacristiana.com\/#website\"},\"datePublished\":\"2025-10-03T15:27:45+00:00\",\"dateModified\":\"2025-10-03T15:27:46+00:00\",\"author\":{\"@id\":\"https:\/\/laprensacristiana.com\/#\/schema\/person\/3e7d82c6bfd6b1fa67010f8f7cd5256e\"},\"breadcrumb\":{\"@id\":\"https:\/\/laprensacristiana.com\/?p=19008#breadcrumb\"},\"inLanguage\":\"es\",\"potentialAction\":[{\"@type\":\"ReadAction\",\"target\":[\"https:\/\/laprensacristiana.com\/?p=19008\"]}]},{\"@type\":\"BreadcrumbList\",\"@id\":\"https:\/\/laprensacristiana.com\/?p=19008#breadcrumb\",\"itemListElement\":[{\"@type\":\"ListItem\",\"position\":1,\"name\":\"Portada\",\"item\":\"https:\/\/laprensacristiana.com\/\"},{\"@type\":\"ListItem\",\"position\":2,\"name\":\"Nuestras cargas en las manos de Dios\"}]},{\"@type\":\"WebSite\",\"@id\":\"https:\/\/laprensacristiana.com\/#website\",\"url\":\"https:\/\/laprensacristiana.com\/\",\"name\":\"La Prensa Cristiana\",\"description\":\"Anunciando Las Buenas Nuevas\",\"potentialAction\":[{\"@type\":\"SearchAction\",\"target\":{\"@type\":\"EntryPoint\",\"urlTemplate\":\"https:\/\/laprensacristiana.com\/?s={search_term_string}\"},\"query-input\":\"required name=search_term_string\"}],\"inLanguage\":\"es\"},{\"@type\":\"Person\",\"@id\":\"https:\/\/laprensacristiana.com\/#\/schema\/person\/3e7d82c6bfd6b1fa67010f8f7cd5256e\",\"name\":\"EDITOR\",\"image\":{\"@type\":\"ImageObject\",\"inLanguage\":\"es\",\"@id\":\"https:\/\/laprensacristiana.com\/#\/schema\/person\/image\/\",\"url\":\"https:\/\/secure.gravatar.com\/avatar\/72069dfb6c13772d9e8381e3638666d2?s=96&d=mm&r=g\",\"contentUrl\":\"https:\/\/secure.gravatar.com\/avatar\/72069dfb6c13772d9e8381e3638666d2?s=96&d=mm&r=g\",\"caption\":\"EDITOR\"},\"url\":\"https:\/\/laprensacristiana.com\/?author=3\"}]}<\/script>\n<!-- \/ Yoast SEO plugin. -->","yoast_head_json":{"title":"Nuestras cargas en las manos de Dios - La Prensa Cristiana","robots":{"index":"index","follow":"follow","max-snippet":"max-snippet:-1","max-image-preview":"max-image-preview:large","max-video-preview":"max-video-preview:-1"},"canonical":"https:\/\/laprensacristiana.com\/?p=19008","og_locale":"es_ES","og_type":"article","og_title":"Nuestras cargas en las manos de Dios - La Prensa Cristiana","og_description":"Basado en 1 Samuel 1:1-20 \/ Salmo 55:22 El peso m\u00e1s dif\u00edcil no est\u00e1 en los hombros, sino en el alma. Ese peso que no se ve, pero roba el sue\u00f1o, la sonrisa y hasta las fuerzas para orar. Ana conoc\u00eda bien esa carga: la esterilidad la hac\u00eda sentir incompleta y se\u00f1alada. D\u00eda tras d\u00eda [&hellip;]","og_url":"https:\/\/laprensacristiana.com\/?p=19008","og_site_name":"La Prensa Cristiana","article_published_time":"2025-10-03T15:27:45+00:00","article_modified_time":"2025-10-03T15:27:46+00:00","og_image":[{"width":719,"height":540,"url":"https:\/\/laprensacristiana.com\/wp-content\/uploads\/2025\/10\/Copia-de-OPINION-22.png","type":"image\/png"}],"author":"EDITOR","twitter_card":"summary_large_image","twitter_misc":{"Escrito por":"EDITOR","Tiempo de lectura":"2 minutos"},"schema":{"@context":"https:\/\/schema.org","@graph":[{"@type":"WebPage","@id":"https:\/\/laprensacristiana.com\/?p=19008","url":"https:\/\/laprensacristiana.com\/?p=19008","name":"Nuestras cargas en las manos de Dios - La Prensa Cristiana","isPartOf":{"@id":"https:\/\/laprensacristiana.com\/#website"},"datePublished":"2025-10-03T15:27:45+00:00","dateModified":"2025-10-03T15:27:46+00:00","author":{"@id":"https:\/\/laprensacristiana.com\/#\/schema\/person\/3e7d82c6bfd6b1fa67010f8f7cd5256e"},"breadcrumb":{"@id":"https:\/\/laprensacristiana.com\/?p=19008#breadcrumb"},"inLanguage":"es","potentialAction":[{"@type":"ReadAction","target":["https:\/\/laprensacristiana.com\/?p=19008"]}]},{"@type":"BreadcrumbList","@id":"https:\/\/laprensacristiana.com\/?p=19008#breadcrumb","itemListElement":[{"@type":"ListItem","position":1,"name":"Portada","item":"https:\/\/laprensacristiana.com\/"},{"@type":"ListItem","position":2,"name":"Nuestras cargas en las manos de Dios"}]},{"@type":"WebSite","@id":"https:\/\/laprensacristiana.com\/#website","url":"https:\/\/laprensacristiana.com\/","name":"La Prensa Cristiana","description":"Anunciando Las Buenas Nuevas","potentialAction":[{"@type":"SearchAction","target":{"@type":"EntryPoint","urlTemplate":"https:\/\/laprensacristiana.com\/?s={search_term_string}"},"query-input":"required name=search_term_string"}],"inLanguage":"es"},{"@type":"Person","@id":"https:\/\/laprensacristiana.com\/#\/schema\/person\/3e7d82c6bfd6b1fa67010f8f7cd5256e","name":"EDITOR","image":{"@type":"ImageObject","inLanguage":"es","@id":"https:\/\/laprensacristiana.com\/#\/schema\/person\/image\/","url":"https:\/\/secure.gravatar.com\/avatar\/72069dfb6c13772d9e8381e3638666d2?s=96&d=mm&r=g","contentUrl":"https:\/\/secure.gravatar.com\/avatar\/72069dfb6c13772d9e8381e3638666d2?s=96&d=mm&r=g","caption":"EDITOR"},"url":"https:\/\/laprensacristiana.com\/?author=3"}]}},"_links":{"self":[{"href":"https:\/\/laprensacristiana.com\/index.php?rest_route=\/wp\/v2\/posts\/19008"}],"collection":[{"href":"https:\/\/laprensacristiana.com\/index.php?rest_route=\/wp\/v2\/posts"}],"about":[{"href":"https:\/\/laprensacristiana.com\/index.php?rest_route=\/wp\/v2\/types\/post"}],"author":[{"embeddable":true,"href":"https:\/\/laprensacristiana.com\/index.php?rest_route=\/wp\/v2\/users\/3"}],"replies":[{"embeddable":true,"href":"https:\/\/laprensacristiana.com\/index.php?rest_route=%2Fwp%2Fv2%2Fcomments&post=19008"}],"version-history":[{"count":1,"href":"https:\/\/laprensacristiana.com\/index.php?rest_route=\/wp\/v2\/posts\/19008\/revisions"}],"predecessor-version":[{"id":19010,"href":"https:\/\/laprensacristiana.com\/index.php?rest_route=\/wp\/v2\/posts\/19008\/revisions\/19010"}],"wp:featuredmedia":[{"embeddable":true,"href":"https:\/\/laprensacristiana.com\/index.php?rest_route=\/wp\/v2\/media\/19009"}],"wp:attachment":[{"href":"https:\/\/laprensacristiana.com\/index.php?rest_route=%2Fwp%2Fv2%2Fmedia&parent=19008"}],"wp:term":[{"taxonomy":"category","embeddable":true,"href":"https:\/\/laprensacristiana.com\/index.php?rest_route=%2Fwp%2Fv2%2Fcategories&post=19008"},{"taxonomy":"post_tag","embeddable":true,"href":"https:\/\/laprensacristiana.com\/index.php?rest_route=%2Fwp%2Fv2%2Ftags&post=19008"}],"curies":[{"name":"wp","href":"https:\/\/api.w.org\/{rel}","templated":true}]}}