{"id":19018,"date":"2025-10-08T13:48:05","date_gmt":"2025-10-08T13:48:05","guid":{"rendered":"https:\/\/laprensacristiana.com\/?p=19018"},"modified":"2025-10-08T13:51:58","modified_gmt":"2025-10-08T13:51:58","slug":"pastor-otoniel-alvarado-lanza-diario-de-meditaciones-activate","status":"publish","type":"post","link":"https:\/\/laprensacristiana.com\/?p=19018","title":{"rendered":"Pastor Otoniel Alvarado lanza Diario de Meditaciones: Act\u00edvate"},"content":{"rendered":"\n<p>Con 30 meditaciones en su contenido, el pastor de la Iglesia Lirios del Valle Central, Otoniel Alvarado, ha dado a conocer su nuevo libro: Diario de Meditaciones ACT\u00cdVATE.&nbsp;<\/p>\n\n\n\n<p>Seg\u00fan explica, cada a\u00f1o realiza el lanzamiento de una edici\u00f3n en este formato, siendo su segundo volumen, el primero naci\u00f3 bajo el nombre \u201cEl\u00e9vate\u201d, este segundo es \u201cAct\u00edvate\u201d y para enero de 2026 est\u00e1 preparando el tercer libro de esta serie.\u00a0<\/p>\n\n\n\n<p>Con su congregaci\u00f3n, familiares y amigos, el domingo 05 de octubre realiz\u00f3 el lanzamiento de esta nueva obra literaria, que esa compuesta por 30 reflexiones, que son la selecci\u00f3n de sus escritos que publica semanalmente en La Prensa Cristiana.&nbsp;<\/p>\n\n\n\n<p>Para adquirir el ejemplar puede contactar con el pastor Otoniel Alvarado al 503- 7142-2613.&nbsp;<\/p>\n","protected":false},"excerpt":{"rendered":"<p>Con 30 meditaciones en su contenido, el pastor de la Iglesia Lirios del Valle Central, Otoniel Alvarado, ha dado a conocer su nuevo libro: Diario de Meditaciones ACT\u00cdVATE.&nbsp; Seg\u00fan explica, cada a\u00f1o realiza el lanzamiento de una edici\u00f3n en este formato, siendo su segundo volumen, el primero naci\u00f3 bajo el nombre \u201cEl\u00e9vate\u201d, este segundo es [&hellip;]<\/p>\n","protected":false},"author":3,"featured_media":19019,"comment_status":"open","ping_status":"open","sticky":false,"template":"","format":"standard","meta":[],"categories":[56],"tags":[],"yoast_head":"<!-- This site is optimized with the Yoast SEO plugin v20.8 - https:\/\/yoast.com\/wordpress\/plugins\/seo\/ -->\n<title>Pastor Otoniel Alvarado lanza Diario de Meditaciones: Act\u00edvate - La Prensa Cristiana<\/title>\n<meta name=\"robots\" content=\"index, follow, max-snippet:-1, max-image-preview:large, max-video-preview:-1\" \/>\n<link rel=\"canonical\" href=\"https:\/\/laprensacristiana.com\/?p=19018\" \/>\n<meta property=\"og:locale\" content=\"es_ES\" \/>\n<meta property=\"og:type\" content=\"article\" \/>\n<meta property=\"og:title\" content=\"Pastor Otoniel Alvarado lanza Diario de Meditaciones: Act\u00edvate - La Prensa Cristiana\" \/>\n<meta property=\"og:description\" content=\"Con 30 meditaciones en su contenido, el pastor de la Iglesia Lirios del Valle Central, Otoniel Alvarado, ha dado a conocer su nuevo libro: Diario de Meditaciones ACT\u00cdVATE.&nbsp; Seg\u00fan explica, cada a\u00f1o realiza el lanzamiento de una edici\u00f3n en este formato, siendo su segundo volumen, el primero naci\u00f3 bajo el nombre \u201cEl\u00e9vate\u201d, este segundo es [&hellip;]\" \/>\n<meta property=\"og:url\" content=\"https:\/\/laprensacristiana.com\/?p=19018\" \/>\n<meta property=\"og:site_name\" content=\"La Prensa Cristiana\" \/>\n<meta property=\"article:published_time\" content=\"2025-10-08T13:48:05+00:00\" \/>\n<meta property=\"article:modified_time\" content=\"2025-10-08T13:51:58+00:00\" \/>\n<meta property=\"og:image\" content=\"https:\/\/laprensacristiana.com\/wp-content\/uploads\/2025\/10\/IMG_9766.jpeg\" \/>\n\t<meta property=\"og:image:width\" content=\"1600\" \/>\n\t<meta property=\"og:image:height\" content=\"1066\" \/>\n\t<meta property=\"og:image:type\" content=\"image\/jpeg\" \/>\n<meta name=\"author\" content=\"EDITOR\" \/>\n<meta name=\"twitter:card\" content=\"summary_large_image\" \/>\n<meta name=\"twitter:label1\" content=\"Escrito por\" \/>\n\t<meta name=\"twitter:data1\" content=\"EDITOR\" \/>\n\t<meta name=\"twitter:label2\" content=\"Tiempo de lectura\" \/>\n\t<meta name=\"twitter:data2\" content=\"1 minuto\" \/>\n<script type=\"application\/ld+json\" class=\"yoast-schema-graph\">{\"@context\":\"https:\/\/schema.org\",\"@graph\":[{\"@type\":\"WebPage\",\"@id\":\"https:\/\/laprensacristiana.com\/?p=19018\",\"url\":\"https:\/\/laprensacristiana.com\/?p=19018\",\"name\":\"Pastor Otoniel Alvarado lanza Diario de Meditaciones: Act\u00edvate - La Prensa Cristiana\",\"isPartOf\":{\"@id\":\"https:\/\/laprensacristiana.com\/#website\"},\"datePublished\":\"2025-10-08T13:48:05+00:00\",\"dateModified\":\"2025-10-08T13:51:58+00:00\",\"author\":{\"@id\":\"https:\/\/laprensacristiana.com\/#\/schema\/person\/3e7d82c6bfd6b1fa67010f8f7cd5256e\"},\"breadcrumb\":{\"@id\":\"https:\/\/laprensacristiana.com\/?p=19018#breadcrumb\"},\"inLanguage\":\"es\",\"potentialAction\":[{\"@type\":\"ReadAction\",\"target\":[\"https:\/\/laprensacristiana.com\/?p=19018\"]}]},{\"@type\":\"BreadcrumbList\",\"@id\":\"https:\/\/laprensacristiana.com\/?p=19018#breadcrumb\",\"itemListElement\":[{\"@type\":\"ListItem\",\"position\":1,\"name\":\"Portada\",\"item\":\"https:\/\/laprensacristiana.com\/\"},{\"@type\":\"ListItem\",\"position\":2,\"name\":\"Pastor Otoniel Alvarado lanza Diario de Meditaciones: Act\u00edvate\"}]},{\"@type\":\"WebSite\",\"@id\":\"https:\/\/laprensacristiana.com\/#website\",\"url\":\"https:\/\/laprensacristiana.com\/\",\"name\":\"La Prensa Cristiana\",\"description\":\"Anunciando Las Buenas Nuevas\",\"potentialAction\":[{\"@type\":\"SearchAction\",\"target\":{\"@type\":\"EntryPoint\",\"urlTemplate\":\"https:\/\/laprensacristiana.com\/?s={search_term_string}\"},\"query-input\":\"required name=search_term_string\"}],\"inLanguage\":\"es\"},{\"@type\":\"Person\",\"@id\":\"https:\/\/laprensacristiana.com\/#\/schema\/person\/3e7d82c6bfd6b1fa67010f8f7cd5256e\",\"name\":\"EDITOR\",\"image\":{\"@type\":\"ImageObject\",\"inLanguage\":\"es\",\"@id\":\"https:\/\/laprensacristiana.com\/#\/schema\/person\/image\/\",\"url\":\"https:\/\/secure.gravatar.com\/avatar\/72069dfb6c13772d9e8381e3638666d2?s=96&d=mm&r=g\",\"contentUrl\":\"https:\/\/secure.gravatar.com\/avatar\/72069dfb6c13772d9e8381e3638666d2?s=96&d=mm&r=g\",\"caption\":\"EDITOR\"},\"url\":\"https:\/\/laprensacristiana.com\/?author=3\"}]}<\/script>\n<!-- \/ Yoast SEO plugin. -->","yoast_head_json":{"title":"Pastor Otoniel Alvarado lanza Diario de Meditaciones: Act\u00edvate - La Prensa Cristiana","robots":{"index":"index","follow":"follow","max-snippet":"max-snippet:-1","max-image-preview":"max-image-preview:large","max-video-preview":"max-video-preview:-1"},"canonical":"https:\/\/laprensacristiana.com\/?p=19018","og_locale":"es_ES","og_type":"article","og_title":"Pastor Otoniel Alvarado lanza Diario de Meditaciones: Act\u00edvate - La Prensa Cristiana","og_description":"Con 30 meditaciones en su contenido, el pastor de la Iglesia Lirios del Valle Central, Otoniel Alvarado, ha dado a conocer su nuevo libro: Diario de Meditaciones ACT\u00cdVATE.&nbsp; Seg\u00fan explica, cada a\u00f1o realiza el lanzamiento de una edici\u00f3n en este formato, siendo su segundo volumen, el primero naci\u00f3 bajo el nombre \u201cEl\u00e9vate\u201d, este segundo es [&hellip;]","og_url":"https:\/\/laprensacristiana.com\/?p=19018","og_site_name":"La Prensa Cristiana","article_published_time":"2025-10-08T13:48:05+00:00","article_modified_time":"2025-10-08T13:51:58+00:00","og_image":[{"width":1600,"height":1066,"url":"https:\/\/laprensacristiana.com\/wp-content\/uploads\/2025\/10\/IMG_9766.jpeg","type":"image\/jpeg"}],"author":"EDITOR","twitter_card":"summary_large_image","twitter_misc":{"Escrito por":"EDITOR","Tiempo de lectura":"1 minuto"},"schema":{"@context":"https:\/\/schema.org","@graph":[{"@type":"WebPage","@id":"https:\/\/laprensacristiana.com\/?p=19018","url":"https:\/\/laprensacristiana.com\/?p=19018","name":"Pastor Otoniel Alvarado lanza Diario de Meditaciones: Act\u00edvate - La Prensa Cristiana","isPartOf":{"@id":"https:\/\/laprensacristiana.com\/#website"},"datePublished":"2025-10-08T13:48:05+00:00","dateModified":"2025-10-08T13:51:58+00:00","author":{"@id":"https:\/\/laprensacristiana.com\/#\/schema\/person\/3e7d82c6bfd6b1fa67010f8f7cd5256e"},"breadcrumb":{"@id":"https:\/\/laprensacristiana.com\/?p=19018#breadcrumb"},"inLanguage":"es","potentialAction":[{"@type":"ReadAction","target":["https:\/\/laprensacristiana.com\/?p=19018"]}]},{"@type":"BreadcrumbList","@id":"https:\/\/laprensacristiana.com\/?p=19018#breadcrumb","itemListElement":[{"@type":"ListItem","position":1,"name":"Portada","item":"https:\/\/laprensacristiana.com\/"},{"@type":"ListItem","position":2,"name":"Pastor Otoniel Alvarado lanza Diario de Meditaciones: Act\u00edvate"}]},{"@type":"WebSite","@id":"https:\/\/laprensacristiana.com\/#website","url":"https:\/\/laprensacristiana.com\/","name":"La Prensa Cristiana","description":"Anunciando Las Buenas Nuevas","potentialAction":[{"@type":"SearchAction","target":{"@type":"EntryPoint","urlTemplate":"https:\/\/laprensacristiana.com\/?s={search_term_string}"},"query-input":"required name=search_term_string"}],"inLanguage":"es"},{"@type":"Person","@id":"https:\/\/laprensacristiana.com\/#\/schema\/person\/3e7d82c6bfd6b1fa67010f8f7cd5256e","name":"EDITOR","image":{"@type":"ImageObject","inLanguage":"es","@id":"https:\/\/laprensacristiana.com\/#\/schema\/person\/image\/","url":"https:\/\/secure.gravatar.com\/avatar\/72069dfb6c13772d9e8381e3638666d2?s=96&d=mm&r=g","contentUrl":"https:\/\/secure.gravatar.com\/avatar\/72069dfb6c13772d9e8381e3638666d2?s=96&d=mm&r=g","caption":"EDITOR"},"url":"https:\/\/laprensacristiana.com\/?author=3"}]}},"_links":{"self":[{"href":"https:\/\/laprensacristiana.com\/index.php?rest_route=\/wp\/v2\/posts\/19018"}],"collection":[{"href":"https:\/\/laprensacristiana.com\/index.php?rest_route=\/wp\/v2\/posts"}],"about":[{"href":"https:\/\/laprensacristiana.com\/index.php?rest_route=\/wp\/v2\/types\/post"}],"author":[{"embeddable":true,"href":"https:\/\/laprensacristiana.com\/index.php?rest_route=\/wp\/v2\/users\/3"}],"replies":[{"embeddable":true,"href":"https:\/\/laprensacristiana.com\/index.php?rest_route=%2Fwp%2Fv2%2Fcomments&post=19018"}],"version-history":[{"count":3,"href":"https:\/\/laprensacristiana.com\/index.php?rest_route=\/wp\/v2\/posts\/19018\/revisions"}],"predecessor-version":[{"id":19022,"href":"https:\/\/laprensacristiana.com\/index.php?rest_route=\/wp\/v2\/posts\/19018\/revisions\/19022"}],"wp:featuredmedia":[{"embeddable":true,"href":"https:\/\/laprensacristiana.com\/index.php?rest_route=\/wp\/v2\/media\/19019"}],"wp:attachment":[{"href":"https:\/\/laprensacristiana.com\/index.php?rest_route=%2Fwp%2Fv2%2Fmedia&parent=19018"}],"wp:term":[{"taxonomy":"category","embeddable":true,"href":"https:\/\/laprensacristiana.com\/index.php?rest_route=%2Fwp%2Fv2%2Fcategories&post=19018"},{"taxonomy":"post_tag","embeddable":true,"href":"https:\/\/laprensacristiana.com\/index.php?rest_route=%2Fwp%2Fv2%2Ftags&post=19018"}],"curies":[{"name":"wp","href":"https:\/\/api.w.org\/{rel}","templated":true}]}}