{"id":19033,"date":"2025-10-19T17:08:23","date_gmt":"2025-10-19T17:08:23","guid":{"rendered":"https:\/\/laprensacristiana.com\/?p=19033"},"modified":"2025-10-19T17:08:23","modified_gmt":"2025-10-19T17:08:23","slug":"maria-firme-en-medio-de-la-tormenta","status":"publish","type":"post","link":"https:\/\/laprensacristiana.com\/?p=19033","title":{"rendered":"Mar\u00eda: Firme en medio de la tormenta"},"content":{"rendered":"\n<p>Basado en Lucas 1:26-38 \/ Juan 19:25-27<\/p>\n\n\n\n<p>Las tormentas no se pueden evitar.<\/p>\n\n\n\n<p>Golpean cuando menos lo esperamos: cr\u00edticas, p\u00e9rdidas, enfermedades o juicios injustos.<\/p>\n\n\n\n<p>Pero lo que marca la diferencia no es evitar la tormenta, sino sobre que&nbsp; cimiento donde estamos edificando.<\/p>\n\n\n\n<p>Cuando tu fe est\u00e1 cimentada en Dios, la vida puede sacudirse, los planes pueden cambiar, pero t\u00fa permanecer\u00e1s en pie.<\/p>\n\n\n\n<p>Mar\u00eda, la madre de Jes\u00fas, lo entendi\u00f3 muy bien.<\/p>\n\n\n\n<p>Desde el anuncio del \u00e1ngel enfrent\u00f3 una tormenta de cr\u00edticas y sospechas.<\/p>\n\n\n\n<p>Una joven embarazada sin estar casada era motivo de verg\u00fcenza p\u00fablica.<\/p>\n\n\n\n<p>M\u00e1s tarde, vio a su Hijo ser rechazado, perseguido y finalmente crucificado.<\/p>\n\n\n\n<p>Ninguna madre quiere vivir un dolor as\u00ed.<\/p>\n\n\n\n<p>Y, sin embargo, all\u00ed estaba ella: de pie junto a la cruz (Juan 19:25).<\/p>\n\n\n\n<p>Lo que sostuvo a Mar\u00eda no fue su fuerza humana, sino su fe en la Palabra que hab\u00eda recibido:<\/p>\n\n\n\n<p>Respondiendo el \u00e1ngel, le dijo: El Esp\u00edritu Santo vendr\u00e1 sobre ti, y el poder del Alt\u00edsimo te cubrir\u00e1 con su sombra; por lo cual tambi\u00e9n el Santo Ser que nacer\u00e1, ser\u00e1 llamado Hijo de Dios.<\/p>\n\n\n\n<p>Lucas 1:35<\/p>\n\n\n\n<p>Esa convicci\u00f3n fue su cimiento.<\/p>\n\n\n\n<p>Mar\u00eda no se derrumb\u00f3 porque su vida estaba afirmada en la obediencia a Dios, incluso cuando no entend\u00eda todo lo que pasaba.<\/p>\n\n\n\n<p>Hoy tambi\u00e9n enfrentamos tormentas: cr\u00edticas que hieren, p\u00e9rdidas que quiebran, enfermedades que desgastan o silencios que duelen.<\/p>\n\n\n\n<p>No podemos evitarlas, pero s\u00ed podemos decidir d\u00f3nde afirmarnos.<\/p>\n\n\n\n<p>Si nuestro fundamento es Cristo, la tormenta no destruir\u00e1 nuestra fe: la har\u00e1 m\u00e1s fuerte.<\/p>\n\n\n\n<p>\u201cEl que oye estas palabras y las hace, le comparar\u00e9 a un hombre prudente, que edific\u00f3 su casa sobre la roca.\u201d \u2014 Mateo 7:24<\/p>\n\n\n\n<p>Mujer, quiz\u00e1s tu tormenta sea dura, pero no es eterna.<\/p>\n\n\n\n<p>El secreto no est\u00e1 en escapar de ella, sino en permanecer firme en la Roca.<\/p>\n\n\n\n<p>Como Mar\u00eda, di con fe:<\/p>\n\n\n\n<p>\u201cH\u00e1gase conmigo conforme a tu palabra.\u201d<\/p>\n\n\n\n<p>Y descubrir\u00e1s que, aun en medio del viento y la tormenta, Dios sostiene tu vida y te lleva a la victoria.<\/p>\n\n\n\n<p>Tomando Mi Naci\u00f3n Mujer &#x1f1f8;&#x1f1fb;<\/p>\n\n\n\n<p>Emma de Cu\u00e9llar<\/p>\n","protected":false},"excerpt":{"rendered":"<p>Basado en Lucas 1:26-38 \/ Juan 19:25-27 Las tormentas no se pueden evitar. Golpean cuando menos lo esperamos: cr\u00edticas, p\u00e9rdidas, enfermedades o juicios injustos. Pero lo que marca la diferencia no es evitar la tormenta, sino sobre que&nbsp; cimiento donde estamos edificando. Cuando tu fe est\u00e1 cimentada en Dios, la vida puede sacudirse, los planes [&hellip;]<\/p>\n","protected":false},"author":3,"featured_media":19034,"comment_status":"open","ping_status":"open","sticky":false,"template":"","format":"standard","meta":[],"categories":[126],"tags":[],"yoast_head":"<!-- This site is optimized with the Yoast SEO plugin v20.8 - https:\/\/yoast.com\/wordpress\/plugins\/seo\/ -->\n<title>Mar\u00eda: Firme en medio de la tormenta - La Prensa Cristiana<\/title>\n<meta name=\"robots\" content=\"index, follow, max-snippet:-1, max-image-preview:large, max-video-preview:-1\" \/>\n<link rel=\"canonical\" href=\"https:\/\/laprensacristiana.com\/?p=19033\" \/>\n<meta property=\"og:locale\" content=\"es_ES\" \/>\n<meta property=\"og:type\" content=\"article\" \/>\n<meta property=\"og:title\" content=\"Mar\u00eda: Firme en medio de la tormenta - La Prensa Cristiana\" \/>\n<meta property=\"og:description\" content=\"Basado en Lucas 1:26-38 \/ Juan 19:25-27 Las tormentas no se pueden evitar. Golpean cuando menos lo esperamos: cr\u00edticas, p\u00e9rdidas, enfermedades o juicios injustos. Pero lo que marca la diferencia no es evitar la tormenta, sino sobre que&nbsp; cimiento donde estamos edificando. Cuando tu fe est\u00e1 cimentada en Dios, la vida puede sacudirse, los planes [&hellip;]\" \/>\n<meta property=\"og:url\" content=\"https:\/\/laprensacristiana.com\/?p=19033\" \/>\n<meta property=\"og:site_name\" content=\"La Prensa Cristiana\" \/>\n<meta property=\"article:published_time\" content=\"2025-10-19T17:08:23+00:00\" \/>\n<meta property=\"og:image\" content=\"https:\/\/laprensacristiana.com\/wp-content\/uploads\/2025\/10\/WhatsApp-Image-2025-10-19-at-9.43.29-AM.jpeg\" \/>\n\t<meta property=\"og:image:width\" content=\"719\" \/>\n\t<meta property=\"og:image:height\" content=\"540\" \/>\n\t<meta property=\"og:image:type\" content=\"image\/jpeg\" \/>\n<meta name=\"author\" content=\"EDITOR\" \/>\n<meta name=\"twitter:card\" content=\"summary_large_image\" \/>\n<meta name=\"twitter:label1\" content=\"Escrito por\" \/>\n\t<meta name=\"twitter:data1\" content=\"EDITOR\" \/>\n\t<meta name=\"twitter:label2\" content=\"Tiempo de lectura\" \/>\n\t<meta name=\"twitter:data2\" content=\"2 minutos\" \/>\n<script type=\"application\/ld+json\" class=\"yoast-schema-graph\">{\"@context\":\"https:\/\/schema.org\",\"@graph\":[{\"@type\":\"WebPage\",\"@id\":\"https:\/\/laprensacristiana.com\/?p=19033\",\"url\":\"https:\/\/laprensacristiana.com\/?p=19033\",\"name\":\"Mar\u00eda: Firme en medio de la tormenta - La Prensa Cristiana\",\"isPartOf\":{\"@id\":\"https:\/\/laprensacristiana.com\/#website\"},\"datePublished\":\"2025-10-19T17:08:23+00:00\",\"dateModified\":\"2025-10-19T17:08:23+00:00\",\"author\":{\"@id\":\"https:\/\/laprensacristiana.com\/#\/schema\/person\/3e7d82c6bfd6b1fa67010f8f7cd5256e\"},\"breadcrumb\":{\"@id\":\"https:\/\/laprensacristiana.com\/?p=19033#breadcrumb\"},\"inLanguage\":\"es\",\"potentialAction\":[{\"@type\":\"ReadAction\",\"target\":[\"https:\/\/laprensacristiana.com\/?p=19033\"]}]},{\"@type\":\"BreadcrumbList\",\"@id\":\"https:\/\/laprensacristiana.com\/?p=19033#breadcrumb\",\"itemListElement\":[{\"@type\":\"ListItem\",\"position\":1,\"name\":\"Portada\",\"item\":\"https:\/\/laprensacristiana.com\/\"},{\"@type\":\"ListItem\",\"position\":2,\"name\":\"Mar\u00eda: Firme en medio de la tormenta\"}]},{\"@type\":\"WebSite\",\"@id\":\"https:\/\/laprensacristiana.com\/#website\",\"url\":\"https:\/\/laprensacristiana.com\/\",\"name\":\"La Prensa Cristiana\",\"description\":\"Anunciando Las Buenas Nuevas\",\"potentialAction\":[{\"@type\":\"SearchAction\",\"target\":{\"@type\":\"EntryPoint\",\"urlTemplate\":\"https:\/\/laprensacristiana.com\/?s={search_term_string}\"},\"query-input\":\"required name=search_term_string\"}],\"inLanguage\":\"es\"},{\"@type\":\"Person\",\"@id\":\"https:\/\/laprensacristiana.com\/#\/schema\/person\/3e7d82c6bfd6b1fa67010f8f7cd5256e\",\"name\":\"EDITOR\",\"image\":{\"@type\":\"ImageObject\",\"inLanguage\":\"es\",\"@id\":\"https:\/\/laprensacristiana.com\/#\/schema\/person\/image\/\",\"url\":\"https:\/\/secure.gravatar.com\/avatar\/72069dfb6c13772d9e8381e3638666d2?s=96&d=mm&r=g\",\"contentUrl\":\"https:\/\/secure.gravatar.com\/avatar\/72069dfb6c13772d9e8381e3638666d2?s=96&d=mm&r=g\",\"caption\":\"EDITOR\"},\"url\":\"https:\/\/laprensacristiana.com\/?author=3\"}]}<\/script>\n<!-- \/ Yoast SEO plugin. -->","yoast_head_json":{"title":"Mar\u00eda: Firme en medio de la tormenta - La Prensa Cristiana","robots":{"index":"index","follow":"follow","max-snippet":"max-snippet:-1","max-image-preview":"max-image-preview:large","max-video-preview":"max-video-preview:-1"},"canonical":"https:\/\/laprensacristiana.com\/?p=19033","og_locale":"es_ES","og_type":"article","og_title":"Mar\u00eda: Firme en medio de la tormenta - La Prensa Cristiana","og_description":"Basado en Lucas 1:26-38 \/ Juan 19:25-27 Las tormentas no se pueden evitar. Golpean cuando menos lo esperamos: cr\u00edticas, p\u00e9rdidas, enfermedades o juicios injustos. Pero lo que marca la diferencia no es evitar la tormenta, sino sobre que&nbsp; cimiento donde estamos edificando. Cuando tu fe est\u00e1 cimentada en Dios, la vida puede sacudirse, los planes [&hellip;]","og_url":"https:\/\/laprensacristiana.com\/?p=19033","og_site_name":"La Prensa Cristiana","article_published_time":"2025-10-19T17:08:23+00:00","og_image":[{"width":719,"height":540,"url":"https:\/\/laprensacristiana.com\/wp-content\/uploads\/2025\/10\/WhatsApp-Image-2025-10-19-at-9.43.29-AM.jpeg","type":"image\/jpeg"}],"author":"EDITOR","twitter_card":"summary_large_image","twitter_misc":{"Escrito por":"EDITOR","Tiempo de lectura":"2 minutos"},"schema":{"@context":"https:\/\/schema.org","@graph":[{"@type":"WebPage","@id":"https:\/\/laprensacristiana.com\/?p=19033","url":"https:\/\/laprensacristiana.com\/?p=19033","name":"Mar\u00eda: Firme en medio de la tormenta - La Prensa Cristiana","isPartOf":{"@id":"https:\/\/laprensacristiana.com\/#website"},"datePublished":"2025-10-19T17:08:23+00:00","dateModified":"2025-10-19T17:08:23+00:00","author":{"@id":"https:\/\/laprensacristiana.com\/#\/schema\/person\/3e7d82c6bfd6b1fa67010f8f7cd5256e"},"breadcrumb":{"@id":"https:\/\/laprensacristiana.com\/?p=19033#breadcrumb"},"inLanguage":"es","potentialAction":[{"@type":"ReadAction","target":["https:\/\/laprensacristiana.com\/?p=19033"]}]},{"@type":"BreadcrumbList","@id":"https:\/\/laprensacristiana.com\/?p=19033#breadcrumb","itemListElement":[{"@type":"ListItem","position":1,"name":"Portada","item":"https:\/\/laprensacristiana.com\/"},{"@type":"ListItem","position":2,"name":"Mar\u00eda: Firme en medio de la tormenta"}]},{"@type":"WebSite","@id":"https:\/\/laprensacristiana.com\/#website","url":"https:\/\/laprensacristiana.com\/","name":"La Prensa Cristiana","description":"Anunciando Las Buenas Nuevas","potentialAction":[{"@type":"SearchAction","target":{"@type":"EntryPoint","urlTemplate":"https:\/\/laprensacristiana.com\/?s={search_term_string}"},"query-input":"required name=search_term_string"}],"inLanguage":"es"},{"@type":"Person","@id":"https:\/\/laprensacristiana.com\/#\/schema\/person\/3e7d82c6bfd6b1fa67010f8f7cd5256e","name":"EDITOR","image":{"@type":"ImageObject","inLanguage":"es","@id":"https:\/\/laprensacristiana.com\/#\/schema\/person\/image\/","url":"https:\/\/secure.gravatar.com\/avatar\/72069dfb6c13772d9e8381e3638666d2?s=96&d=mm&r=g","contentUrl":"https:\/\/secure.gravatar.com\/avatar\/72069dfb6c13772d9e8381e3638666d2?s=96&d=mm&r=g","caption":"EDITOR"},"url":"https:\/\/laprensacristiana.com\/?author=3"}]}},"_links":{"self":[{"href":"https:\/\/laprensacristiana.com\/index.php?rest_route=\/wp\/v2\/posts\/19033"}],"collection":[{"href":"https:\/\/laprensacristiana.com\/index.php?rest_route=\/wp\/v2\/posts"}],"about":[{"href":"https:\/\/laprensacristiana.com\/index.php?rest_route=\/wp\/v2\/types\/post"}],"author":[{"embeddable":true,"href":"https:\/\/laprensacristiana.com\/index.php?rest_route=\/wp\/v2\/users\/3"}],"replies":[{"embeddable":true,"href":"https:\/\/laprensacristiana.com\/index.php?rest_route=%2Fwp%2Fv2%2Fcomments&post=19033"}],"version-history":[{"count":1,"href":"https:\/\/laprensacristiana.com\/index.php?rest_route=\/wp\/v2\/posts\/19033\/revisions"}],"predecessor-version":[{"id":19035,"href":"https:\/\/laprensacristiana.com\/index.php?rest_route=\/wp\/v2\/posts\/19033\/revisions\/19035"}],"wp:featuredmedia":[{"embeddable":true,"href":"https:\/\/laprensacristiana.com\/index.php?rest_route=\/wp\/v2\/media\/19034"}],"wp:attachment":[{"href":"https:\/\/laprensacristiana.com\/index.php?rest_route=%2Fwp%2Fv2%2Fmedia&parent=19033"}],"wp:term":[{"taxonomy":"category","embeddable":true,"href":"https:\/\/laprensacristiana.com\/index.php?rest_route=%2Fwp%2Fv2%2Fcategories&post=19033"},{"taxonomy":"post_tag","embeddable":true,"href":"https:\/\/laprensacristiana.com\/index.php?rest_route=%2Fwp%2Fv2%2Ftags&post=19033"}],"curies":[{"name":"wp","href":"https:\/\/api.w.org\/{rel}","templated":true}]}}