{"id":19076,"date":"2025-11-21T13:18:22","date_gmt":"2025-11-21T13:18:22","guid":{"rendered":"https:\/\/laprensacristiana.com\/?p=19076"},"modified":"2025-11-21T13:18:23","modified_gmt":"2025-11-21T13:18:23","slug":"acunyes-celebra-decimo-novena-graduacion","status":"publish","type":"post","link":"https:\/\/laprensacristiana.com\/?p=19076","title":{"rendered":"ACUNYES celebra d\u00e9cimo novena graduaci\u00f3n"},"content":{"rendered":"\n<p>La Asociaci\u00f3n de Capellanes Unidos de New York \u2013 El Salvador (ACUNYES), llev\u00f3 a cabo su d\u00e9cimo novena graduaci\u00f3n, en las instalaciones de Iglesia Josu\u00e9 Central.<\/p>\n\n\n\n<p>El capell\u00e1n Lester Aguirre, Director Nacional, explic\u00f3 a los asistentes sobre la labor que desempe\u00f1an: \u201cEstamos contentos porque m\u00e1s elementos se siguen sumando en esta hermosa labor que es la asistencia espiritual, seguimos creyendo en esa palabra que la mies es mucho y los obreros todav\u00eda siguen siendo pocos\u201d.<\/p>\n\n\n\n<p>Romanos 10:15 \u00bfY c\u00f3mo predicar\u00e1n si no fueren enviados? Como est\u00e1 escrito: \u00a1Cu\u00e1n hermosos son los pies de los que anuncian la paz, de los que anuncian buenas nuevas!<\/p>\n\n\n\n<figure class=\"wp-block-gallery has-nested-images columns-default is-cropped wp-block-gallery-1 is-layout-flex\">\n<figure class=\"wp-block-image size-large\"><img decoding=\"async\" loading=\"lazy\" width=\"1024\" height=\"768\" data-id=\"19078\"  src=\"https:\/\/laprensacristiana.com\/wp-content\/uploads\/2025\/11\/585868400_1280104820803138_1888750792234576196_n-1024x768.jpg\" alt=\"\" class=\"wp-image-19078\" srcset=\"https:\/\/laprensacristiana.com\/wp-content\/uploads\/2025\/11\/585868400_1280104820803138_1888750792234576196_n-1024x768.jpg 1024w, https:\/\/laprensacristiana.com\/wp-content\/uploads\/2025\/11\/585868400_1280104820803138_1888750792234576196_n-300x225.jpg 300w, https:\/\/laprensacristiana.com\/wp-content\/uploads\/2025\/11\/585868400_1280104820803138_1888750792234576196_n-768x576.jpg 768w, https:\/\/laprensacristiana.com\/wp-content\/uploads\/2025\/11\/585868400_1280104820803138_1888750792234576196_n-696x522.jpg 696w, https:\/\/laprensacristiana.com\/wp-content\/uploads\/2025\/11\/585868400_1280104820803138_1888750792234576196_n-1068x801.jpg 1068w, https:\/\/laprensacristiana.com\/wp-content\/uploads\/2025\/11\/585868400_1280104820803138_1888750792234576196_n-600x450.jpg 600w, https:\/\/laprensacristiana.com\/wp-content\/uploads\/2025\/11\/585868400_1280104820803138_1888750792234576196_n.jpg 1440w\" sizes=\"(max-width: 1024px) 100vw, 1024px\" \/><\/figure>\n\n\n\n<figure class=\"wp-block-image size-large\"><img decoding=\"async\" loading=\"lazy\" width=\"1024\" height=\"768\" data-id=\"19077\"  src=\"https:\/\/laprensacristiana.com\/wp-content\/uploads\/2025\/11\/586411858_1280104774136476_5796350937979423629_n-1024x768.jpg\" alt=\"\" class=\"wp-image-19077\" srcset=\"https:\/\/laprensacristiana.com\/wp-content\/uploads\/2025\/11\/586411858_1280104774136476_5796350937979423629_n-1024x768.jpg 1024w, https:\/\/laprensacristiana.com\/wp-content\/uploads\/2025\/11\/586411858_1280104774136476_5796350937979423629_n-300x225.jpg 300w, https:\/\/laprensacristiana.com\/wp-content\/uploads\/2025\/11\/586411858_1280104774136476_5796350937979423629_n-768x576.jpg 768w, https:\/\/laprensacristiana.com\/wp-content\/uploads\/2025\/11\/586411858_1280104774136476_5796350937979423629_n-696x522.jpg 696w, https:\/\/laprensacristiana.com\/wp-content\/uploads\/2025\/11\/586411858_1280104774136476_5796350937979423629_n-1068x801.jpg 1068w, https:\/\/laprensacristiana.com\/wp-content\/uploads\/2025\/11\/586411858_1280104774136476_5796350937979423629_n-600x450.jpg 600w, https:\/\/laprensacristiana.com\/wp-content\/uploads\/2025\/11\/586411858_1280104774136476_5796350937979423629_n.jpg 1440w\" sizes=\"(max-width: 1024px) 100vw, 1024px\" \/><\/figure>\n<\/figure>\n","protected":false},"excerpt":{"rendered":"<p>La Asociaci\u00f3n de Capellanes Unidos de New York \u2013 El Salvador (ACUNYES), llev\u00f3 a cabo su d\u00e9cimo novena graduaci\u00f3n, en las instalaciones de Iglesia Josu\u00e9 Central. El capell\u00e1n Lester Aguirre, Director Nacional, explic\u00f3 a los asistentes sobre la labor que desempe\u00f1an: \u201cEstamos contentos porque m\u00e1s elementos se siguen sumando en esta hermosa labor que es [&hellip;]<\/p>\n","protected":false},"author":3,"featured_media":19079,"comment_status":"open","ping_status":"open","sticky":false,"template":"","format":"standard","meta":[],"categories":[56],"tags":[],"yoast_head":"<!-- This site is optimized with the Yoast SEO plugin v20.8 - https:\/\/yoast.com\/wordpress\/plugins\/seo\/ -->\n<title>ACUNYES celebra d\u00e9cimo novena graduaci\u00f3n - La Prensa Cristiana<\/title>\n<meta name=\"robots\" content=\"index, follow, max-snippet:-1, max-image-preview:large, max-video-preview:-1\" \/>\n<link rel=\"canonical\" href=\"https:\/\/laprensacristiana.com\/?p=19076\" \/>\n<meta property=\"og:locale\" content=\"es_ES\" \/>\n<meta property=\"og:type\" content=\"article\" \/>\n<meta property=\"og:title\" content=\"ACUNYES celebra d\u00e9cimo novena graduaci\u00f3n - La Prensa Cristiana\" \/>\n<meta property=\"og:description\" content=\"La Asociaci\u00f3n de Capellanes Unidos de New York \u2013 El Salvador (ACUNYES), llev\u00f3 a cabo su d\u00e9cimo novena graduaci\u00f3n, en las instalaciones de Iglesia Josu\u00e9 Central. El capell\u00e1n Lester Aguirre, Director Nacional, explic\u00f3 a los asistentes sobre la labor que desempe\u00f1an: \u201cEstamos contentos porque m\u00e1s elementos se siguen sumando en esta hermosa labor que es [&hellip;]\" \/>\n<meta property=\"og:url\" content=\"https:\/\/laprensacristiana.com\/?p=19076\" \/>\n<meta property=\"og:site_name\" content=\"La Prensa Cristiana\" \/>\n<meta property=\"article:published_time\" content=\"2025-11-21T13:18:22+00:00\" \/>\n<meta property=\"article:modified_time\" content=\"2025-11-21T13:18:23+00:00\" \/>\n<meta property=\"og:image\" content=\"https:\/\/laprensacristiana.com\/wp-content\/uploads\/2025\/11\/585483276_1280104724136481_3639682686102419504_n.jpg\" \/>\n\t<meta property=\"og:image:width\" content=\"1440\" \/>\n\t<meta property=\"og:image:height\" content=\"1080\" \/>\n\t<meta property=\"og:image:type\" content=\"image\/jpeg\" \/>\n<meta name=\"author\" content=\"EDITOR\" \/>\n<meta name=\"twitter:card\" content=\"summary_large_image\" \/>\n<meta name=\"twitter:label1\" content=\"Escrito por\" \/>\n\t<meta name=\"twitter:data1\" content=\"EDITOR\" \/>\n\t<meta name=\"twitter:label2\" content=\"Tiempo de lectura\" \/>\n\t<meta name=\"twitter:data2\" content=\"1 minuto\" \/>\n<script type=\"application\/ld+json\" class=\"yoast-schema-graph\">{\"@context\":\"https:\/\/schema.org\",\"@graph\":[{\"@type\":\"WebPage\",\"@id\":\"https:\/\/laprensacristiana.com\/?p=19076\",\"url\":\"https:\/\/laprensacristiana.com\/?p=19076\",\"name\":\"ACUNYES celebra d\u00e9cimo novena graduaci\u00f3n - La Prensa Cristiana\",\"isPartOf\":{\"@id\":\"https:\/\/laprensacristiana.com\/#website\"},\"datePublished\":\"2025-11-21T13:18:22+00:00\",\"dateModified\":\"2025-11-21T13:18:23+00:00\",\"author\":{\"@id\":\"https:\/\/laprensacristiana.com\/#\/schema\/person\/3e7d82c6bfd6b1fa67010f8f7cd5256e\"},\"breadcrumb\":{\"@id\":\"https:\/\/laprensacristiana.com\/?p=19076#breadcrumb\"},\"inLanguage\":\"es\",\"potentialAction\":[{\"@type\":\"ReadAction\",\"target\":[\"https:\/\/laprensacristiana.com\/?p=19076\"]}]},{\"@type\":\"BreadcrumbList\",\"@id\":\"https:\/\/laprensacristiana.com\/?p=19076#breadcrumb\",\"itemListElement\":[{\"@type\":\"ListItem\",\"position\":1,\"name\":\"Portada\",\"item\":\"https:\/\/laprensacristiana.com\/\"},{\"@type\":\"ListItem\",\"position\":2,\"name\":\"ACUNYES celebra d\u00e9cimo novena graduaci\u00f3n\"}]},{\"@type\":\"WebSite\",\"@id\":\"https:\/\/laprensacristiana.com\/#website\",\"url\":\"https:\/\/laprensacristiana.com\/\",\"name\":\"La Prensa Cristiana\",\"description\":\"Anunciando Las Buenas Nuevas\",\"potentialAction\":[{\"@type\":\"SearchAction\",\"target\":{\"@type\":\"EntryPoint\",\"urlTemplate\":\"https:\/\/laprensacristiana.com\/?s={search_term_string}\"},\"query-input\":\"required name=search_term_string\"}],\"inLanguage\":\"es\"},{\"@type\":\"Person\",\"@id\":\"https:\/\/laprensacristiana.com\/#\/schema\/person\/3e7d82c6bfd6b1fa67010f8f7cd5256e\",\"name\":\"EDITOR\",\"image\":{\"@type\":\"ImageObject\",\"inLanguage\":\"es\",\"@id\":\"https:\/\/laprensacristiana.com\/#\/schema\/person\/image\/\",\"url\":\"https:\/\/secure.gravatar.com\/avatar\/72069dfb6c13772d9e8381e3638666d2?s=96&d=mm&r=g\",\"contentUrl\":\"https:\/\/secure.gravatar.com\/avatar\/72069dfb6c13772d9e8381e3638666d2?s=96&d=mm&r=g\",\"caption\":\"EDITOR\"},\"url\":\"https:\/\/laprensacristiana.com\/?author=3\"}]}<\/script>\n<!-- \/ Yoast SEO plugin. -->","yoast_head_json":{"title":"ACUNYES celebra d\u00e9cimo novena graduaci\u00f3n - La Prensa Cristiana","robots":{"index":"index","follow":"follow","max-snippet":"max-snippet:-1","max-image-preview":"max-image-preview:large","max-video-preview":"max-video-preview:-1"},"canonical":"https:\/\/laprensacristiana.com\/?p=19076","og_locale":"es_ES","og_type":"article","og_title":"ACUNYES celebra d\u00e9cimo novena graduaci\u00f3n - La Prensa Cristiana","og_description":"La Asociaci\u00f3n de Capellanes Unidos de New York \u2013 El Salvador (ACUNYES), llev\u00f3 a cabo su d\u00e9cimo novena graduaci\u00f3n, en las instalaciones de Iglesia Josu\u00e9 Central. El capell\u00e1n Lester Aguirre, Director Nacional, explic\u00f3 a los asistentes sobre la labor que desempe\u00f1an: \u201cEstamos contentos porque m\u00e1s elementos se siguen sumando en esta hermosa labor que es [&hellip;]","og_url":"https:\/\/laprensacristiana.com\/?p=19076","og_site_name":"La Prensa Cristiana","article_published_time":"2025-11-21T13:18:22+00:00","article_modified_time":"2025-11-21T13:18:23+00:00","og_image":[{"width":1440,"height":1080,"url":"https:\/\/laprensacristiana.com\/wp-content\/uploads\/2025\/11\/585483276_1280104724136481_3639682686102419504_n.jpg","type":"image\/jpeg"}],"author":"EDITOR","twitter_card":"summary_large_image","twitter_misc":{"Escrito por":"EDITOR","Tiempo de lectura":"1 minuto"},"schema":{"@context":"https:\/\/schema.org","@graph":[{"@type":"WebPage","@id":"https:\/\/laprensacristiana.com\/?p=19076","url":"https:\/\/laprensacristiana.com\/?p=19076","name":"ACUNYES celebra d\u00e9cimo novena graduaci\u00f3n - La Prensa Cristiana","isPartOf":{"@id":"https:\/\/laprensacristiana.com\/#website"},"datePublished":"2025-11-21T13:18:22+00:00","dateModified":"2025-11-21T13:18:23+00:00","author":{"@id":"https:\/\/laprensacristiana.com\/#\/schema\/person\/3e7d82c6bfd6b1fa67010f8f7cd5256e"},"breadcrumb":{"@id":"https:\/\/laprensacristiana.com\/?p=19076#breadcrumb"},"inLanguage":"es","potentialAction":[{"@type":"ReadAction","target":["https:\/\/laprensacristiana.com\/?p=19076"]}]},{"@type":"BreadcrumbList","@id":"https:\/\/laprensacristiana.com\/?p=19076#breadcrumb","itemListElement":[{"@type":"ListItem","position":1,"name":"Portada","item":"https:\/\/laprensacristiana.com\/"},{"@type":"ListItem","position":2,"name":"ACUNYES celebra d\u00e9cimo novena graduaci\u00f3n"}]},{"@type":"WebSite","@id":"https:\/\/laprensacristiana.com\/#website","url":"https:\/\/laprensacristiana.com\/","name":"La Prensa Cristiana","description":"Anunciando Las Buenas Nuevas","potentialAction":[{"@type":"SearchAction","target":{"@type":"EntryPoint","urlTemplate":"https:\/\/laprensacristiana.com\/?s={search_term_string}"},"query-input":"required name=search_term_string"}],"inLanguage":"es"},{"@type":"Person","@id":"https:\/\/laprensacristiana.com\/#\/schema\/person\/3e7d82c6bfd6b1fa67010f8f7cd5256e","name":"EDITOR","image":{"@type":"ImageObject","inLanguage":"es","@id":"https:\/\/laprensacristiana.com\/#\/schema\/person\/image\/","url":"https:\/\/secure.gravatar.com\/avatar\/72069dfb6c13772d9e8381e3638666d2?s=96&d=mm&r=g","contentUrl":"https:\/\/secure.gravatar.com\/avatar\/72069dfb6c13772d9e8381e3638666d2?s=96&d=mm&r=g","caption":"EDITOR"},"url":"https:\/\/laprensacristiana.com\/?author=3"}]}},"_links":{"self":[{"href":"https:\/\/laprensacristiana.com\/index.php?rest_route=\/wp\/v2\/posts\/19076"}],"collection":[{"href":"https:\/\/laprensacristiana.com\/index.php?rest_route=\/wp\/v2\/posts"}],"about":[{"href":"https:\/\/laprensacristiana.com\/index.php?rest_route=\/wp\/v2\/types\/post"}],"author":[{"embeddable":true,"href":"https:\/\/laprensacristiana.com\/index.php?rest_route=\/wp\/v2\/users\/3"}],"replies":[{"embeddable":true,"href":"https:\/\/laprensacristiana.com\/index.php?rest_route=%2Fwp%2Fv2%2Fcomments&post=19076"}],"version-history":[{"count":1,"href":"https:\/\/laprensacristiana.com\/index.php?rest_route=\/wp\/v2\/posts\/19076\/revisions"}],"predecessor-version":[{"id":19080,"href":"https:\/\/laprensacristiana.com\/index.php?rest_route=\/wp\/v2\/posts\/19076\/revisions\/19080"}],"wp:featuredmedia":[{"embeddable":true,"href":"https:\/\/laprensacristiana.com\/index.php?rest_route=\/wp\/v2\/media\/19079"}],"wp:attachment":[{"href":"https:\/\/laprensacristiana.com\/index.php?rest_route=%2Fwp%2Fv2%2Fmedia&parent=19076"}],"wp:term":[{"taxonomy":"category","embeddable":true,"href":"https:\/\/laprensacristiana.com\/index.php?rest_route=%2Fwp%2Fv2%2Fcategories&post=19076"},{"taxonomy":"post_tag","embeddable":true,"href":"https:\/\/laprensacristiana.com\/index.php?rest_route=%2Fwp%2Fv2%2Ftags&post=19076"}],"curies":[{"name":"wp","href":"https:\/\/api.w.org\/{rel}","templated":true}]}}