{"id":19097,"date":"2025-12-01T01:37:31","date_gmt":"2025-12-01T01:37:31","guid":{"rendered":"https:\/\/laprensacristiana.com\/?p=19097"},"modified":"2025-12-01T01:40:05","modified_gmt":"2025-12-01T01:40:05","slug":"iglesia-compaz-25-anos-siendo-una-escuela-para-el-alma","status":"publish","type":"post","link":"https:\/\/laprensacristiana.com\/?p=19097","title":{"rendered":"Iglesia COMPAZ: \u00ab25 a\u00f1os siendo una escuela para el alma\u00bb"},"content":{"rendered":"\n<p><span style=\"background-color:#bcb6b6\" class=\"td_text_highlight_marker\"> Por: Edwin G\u00f3ngora | Periodista <\/span><\/p>\n\n\n\n<p>El a\u00f1o 2000 marc\u00f3 el inicio en El Salvador de la Iglesia Comunidad de Paz (COMPAZ), fundada por el pastor Vladimir El\u00ed Rivas Ayala y su esposa, Esmeralda de Rivas, en la sala de te Cristal.<\/p>\n\n\n\n<p>Desde el inicio, su prop\u00f3sito fue claro: ser \u201cun faro de esperanza y un canal de ense\u00f1anza fiel a la Palabra de Dios\u201d.<\/p>\n\n\n\n<p>Hoy, tras 25 a\u00f1os, COMPAZ ha trascendido fronteras, con filiales en Costa Rica, M\u00e9xico, Estados Unidos y Espa\u00f1a, transformando miles de vidas mediante ense\u00f1anzas b\u00edblicas llenas de unci\u00f3n y fidelidad.<\/p>\n\n\n\n<p>No se trata solo de una iglesia, sino de \u201cuna escuela para el alma\u201d, donde quienes asisten aprenden a caminar en verdad, justicia y amor.<\/p>\n\n\n\n<figure class=\"wp-block-image size-large\"><img decoding=\"async\" loading=\"lazy\" width=\"819\" height=\"1024\" src=\"https:\/\/laprensacristiana.com\/wp-content\/uploads\/2025\/12\/590543614_18545772553058707_3745068293624708994_n-819x1024.jpg\" alt=\"\" class=\"wp-image-19099\" srcset=\"https:\/\/laprensacristiana.com\/wp-content\/uploads\/2025\/12\/590543614_18545772553058707_3745068293624708994_n-819x1024.jpg 819w, https:\/\/laprensacristiana.com\/wp-content\/uploads\/2025\/12\/590543614_18545772553058707_3745068293624708994_n-240x300.jpg 240w, https:\/\/laprensacristiana.com\/wp-content\/uploads\/2025\/12\/590543614_18545772553058707_3745068293624708994_n-768x960.jpg 768w, https:\/\/laprensacristiana.com\/wp-content\/uploads\/2025\/12\/590543614_18545772553058707_3745068293624708994_n-696x870.jpg 696w, https:\/\/laprensacristiana.com\/wp-content\/uploads\/2025\/12\/590543614_18545772553058707_3745068293624708994_n-1068x1335.jpg 1068w, https:\/\/laprensacristiana.com\/wp-content\/uploads\/2025\/12\/590543614_18545772553058707_3745068293624708994_n-600x750.jpg 600w, https:\/\/laprensacristiana.com\/wp-content\/uploads\/2025\/12\/590543614_18545772553058707_3745068293624708994_n.jpg 1080w\" sizes=\"(max-width: 819px) 100vw, 819px\" \/><\/figure>\n\n\n\n<p>El domingo 30 de noviembre de 2025, m\u00e1s de 4,000 personas se reunieron en BeSport, Nuevo Cuscatl\u00e1n, para celebrar su aniversario de plata con un culto de acci\u00f3n de gracias.<\/p>\n\n\n\n<p>Fue un momento hist\u00f3rico, marcado por alabanza, testimonios y gratitud por un cuarto de siglo caminando con Dios.<\/p>\n\n\n\n<p>Al dirigirse a la congregaci\u00f3n, el pastor Vladimir Rivas declar\u00f3: \u201cDios ha sido bueno, su amor y misericordia han sido el cimiento de este ministerio desde el primer d\u00eda\u201d.<\/p>\n\n\n\n<p>A lo largo de estas dos d\u00e9cadas y media, COMPAZ ha sido testigo de innumerables milagros, sanidades y conversiones, confiando en que los mejores d\u00edas est\u00e1n por venir, siempre que permanezcan fieles a las Escrituras.<\/p>\n\n\n\n<p>La celebraci\u00f3n cont\u00f3 con la participaci\u00f3n de reconocidos ministros de alabanza: Julissa Arce, int\u00e9rprete de himnos como <em>Enamorada<\/em> y <em>Yo s\u00e9 que \u00c9l vive<\/em>, y el puertorrique\u00f1o Ren\u00e9 Gonz\u00e1lez, voz de cl\u00e1sicos como <em>Iglesia, Carpintero<\/em> y <em>Despu\u00e9s de la ca\u00edda<\/em>.<\/p>\n\n\n\n<p>Sus alabanzas elevaron un ambiente de adoraci\u00f3n colectiva que marc\u00f3 el coraz\u00f3n de los asistentes.<\/p>\n\n\n\n<figure class=\"wp-block-image size-large\"><img decoding=\"async\" loading=\"lazy\" width=\"819\" height=\"1024\" src=\"https:\/\/laprensacristiana.com\/wp-content\/uploads\/2025\/12\/589205359_18545772601058707_8582474938481552593_n-819x1024.jpg\" alt=\"\" class=\"wp-image-19100\" srcset=\"https:\/\/laprensacristiana.com\/wp-content\/uploads\/2025\/12\/589205359_18545772601058707_8582474938481552593_n-819x1024.jpg 819w, https:\/\/laprensacristiana.com\/wp-content\/uploads\/2025\/12\/589205359_18545772601058707_8582474938481552593_n-240x300.jpg 240w, https:\/\/laprensacristiana.com\/wp-content\/uploads\/2025\/12\/589205359_18545772601058707_8582474938481552593_n-768x960.jpg 768w, https:\/\/laprensacristiana.com\/wp-content\/uploads\/2025\/12\/589205359_18545772601058707_8582474938481552593_n-696x870.jpg 696w, https:\/\/laprensacristiana.com\/wp-content\/uploads\/2025\/12\/589205359_18545772601058707_8582474938481552593_n-1068x1335.jpg 1068w, https:\/\/laprensacristiana.com\/wp-content\/uploads\/2025\/12\/589205359_18545772601058707_8582474938481552593_n-600x750.jpg 600w, https:\/\/laprensacristiana.com\/wp-content\/uploads\/2025\/12\/589205359_18545772601058707_8582474938481552593_n.jpg 1080w\" sizes=\"(max-width: 819px) 100vw, 819px\" \/><\/figure>\n\n\n\n<p>En un momento emotivo, el pastor Oscar Ure\u00f1a, de la filial en Costa Rica, entreg\u00f3 un reconocimiento al Dr. Vladimir Rivas en nombre de todas las filiales COMPAZ Internacional, honr\u00e1ndolo como un siervo fiel cuya obediencia convirti\u00f3 una semilla en un \u00e1rbol frondoso que da fruto \u201cal ciento por uno\u201d, tal como prometi\u00f3 Jes\u00fas.<\/p>\n\n\n\n<p>La predicaci\u00f3n estuvo a cargo del pastor Otoniel Font, figura influyente en el \u00e1mbito latinoamericano.<\/p>\n\n\n\n<p>COMPAZ mira al futuro con esperanza, sabiendo que Dios seguir\u00e1 abriendo puertas para proclamar su Palabra con integridad, pasi\u00f3n y poder.<\/p>\n\n\n\n<p>Su identidad no se basa en emociones pasajeras, sino en el fundamento inquebrantable de la Biblia.<\/p>\n\n\n\n<p>El pastor Vladimir Rivas proviene de una familia con legado pastoral: su abuelo el pastor Rigoberto de Jes\u00fas Rojas, sus padres la pastora Margarita de Rivas y el Dr. Te\u00f3filo Rivas, quienes han dedicado sus vidas al evangelio. Hoy, ese testimonio contin\u00faa con sus hijos, Vera e Isaac, quienes ya lideran a la juventud, demostrando que la fidelidad a la Palabra se transmite de generaci\u00f3n en generaci\u00f3n.<\/p>\n\n\n\n<figure class=\"wp-block-image size-large\"><img decoding=\"async\" loading=\"lazy\" width=\"1024\" height=\"1024\" src=\"https:\/\/laprensacristiana.com\/wp-content\/uploads\/2025\/12\/590861056_18545778811058707_4489390959540183531_n-1024x1024.jpg\" alt=\"\" class=\"wp-image-19101\" srcset=\"https:\/\/laprensacristiana.com\/wp-content\/uploads\/2025\/12\/590861056_18545778811058707_4489390959540183531_n-1024x1024.jpg 1024w, https:\/\/laprensacristiana.com\/wp-content\/uploads\/2025\/12\/590861056_18545778811058707_4489390959540183531_n-300x300.jpg 300w, https:\/\/laprensacristiana.com\/wp-content\/uploads\/2025\/12\/590861056_18545778811058707_4489390959540183531_n-150x150.jpg 150w, https:\/\/laprensacristiana.com\/wp-content\/uploads\/2025\/12\/590861056_18545778811058707_4489390959540183531_n-768x768.jpg 768w, https:\/\/laprensacristiana.com\/wp-content\/uploads\/2025\/12\/590861056_18545778811058707_4489390959540183531_n-696x696.jpg 696w, https:\/\/laprensacristiana.com\/wp-content\/uploads\/2025\/12\/590861056_18545778811058707_4489390959540183531_n-1068x1068.jpg 1068w, https:\/\/laprensacristiana.com\/wp-content\/uploads\/2025\/12\/590861056_18545778811058707_4489390959540183531_n-600x600.jpg 600w, https:\/\/laprensacristiana.com\/wp-content\/uploads\/2025\/12\/590861056_18545778811058707_4489390959540183531_n-100x100.jpg 100w, https:\/\/laprensacristiana.com\/wp-content\/uploads\/2025\/12\/590861056_18545778811058707_4489390959540183531_n.jpg 1080w\" sizes=\"(max-width: 1024px) 100vw, 1024px\" \/><\/figure>\n","protected":false},"excerpt":{"rendered":"<p>Por: Edwin G\u00f3ngora | Periodista El a\u00f1o 2000 marc\u00f3 el inicio en El Salvador de la Iglesia Comunidad de Paz (COMPAZ), fundada por el pastor Vladimir El\u00ed Rivas Ayala y su esposa, Esmeralda de Rivas, en la sala de te Cristal. Desde el inicio, su prop\u00f3sito fue claro: ser \u201cun faro de esperanza y un [&hellip;]<\/p>\n","protected":false},"author":3,"featured_media":19098,"comment_status":"open","ping_status":"open","sticky":false,"template":"","format":"standard","meta":[],"categories":[56],"tags":[],"yoast_head":"<!-- This site is optimized with the Yoast SEO plugin v20.8 - https:\/\/yoast.com\/wordpress\/plugins\/seo\/ -->\n<title>Iglesia COMPAZ: \u00ab25 a\u00f1os siendo una escuela para el alma\u00bb - La Prensa Cristiana<\/title>\n<meta name=\"robots\" content=\"index, follow, max-snippet:-1, max-image-preview:large, max-video-preview:-1\" \/>\n<link rel=\"canonical\" href=\"https:\/\/laprensacristiana.com\/?p=19097\" \/>\n<meta property=\"og:locale\" content=\"es_ES\" \/>\n<meta property=\"og:type\" content=\"article\" \/>\n<meta property=\"og:title\" content=\"Iglesia COMPAZ: \u00ab25 a\u00f1os siendo una escuela para el alma\u00bb - La Prensa Cristiana\" \/>\n<meta property=\"og:description\" content=\"Por: Edwin G\u00f3ngora | Periodista El a\u00f1o 2000 marc\u00f3 el inicio en El Salvador de la Iglesia Comunidad de Paz (COMPAZ), fundada por el pastor Vladimir El\u00ed Rivas Ayala y su esposa, Esmeralda de Rivas, en la sala de te Cristal. Desde el inicio, su prop\u00f3sito fue claro: ser \u201cun faro de esperanza y un [&hellip;]\" \/>\n<meta property=\"og:url\" content=\"https:\/\/laprensacristiana.com\/?p=19097\" \/>\n<meta property=\"og:site_name\" content=\"La Prensa Cristiana\" \/>\n<meta property=\"article:published_time\" content=\"2025-12-01T01:37:31+00:00\" \/>\n<meta property=\"article:modified_time\" content=\"2025-12-01T01:40:05+00:00\" \/>\n<meta property=\"og:image\" content=\"https:\/\/laprensacristiana.com\/wp-content\/uploads\/2025\/12\/imagen-COMPAZ.jpg\" \/>\n\t<meta property=\"og:image:width\" content=\"1080\" \/>\n\t<meta property=\"og:image:height\" content=\"888\" \/>\n\t<meta property=\"og:image:type\" content=\"image\/jpeg\" \/>\n<meta name=\"author\" content=\"EDITOR\" \/>\n<meta name=\"twitter:card\" content=\"summary_large_image\" \/>\n<meta name=\"twitter:label1\" content=\"Escrito por\" \/>\n\t<meta name=\"twitter:data1\" content=\"EDITOR\" \/>\n\t<meta name=\"twitter:label2\" content=\"Tiempo de lectura\" \/>\n\t<meta name=\"twitter:data2\" content=\"3 minutos\" \/>\n<script type=\"application\/ld+json\" class=\"yoast-schema-graph\">{\"@context\":\"https:\/\/schema.org\",\"@graph\":[{\"@type\":\"WebPage\",\"@id\":\"https:\/\/laprensacristiana.com\/?p=19097\",\"url\":\"https:\/\/laprensacristiana.com\/?p=19097\",\"name\":\"Iglesia COMPAZ: \u00ab25 a\u00f1os siendo una escuela para el alma\u00bb - La Prensa Cristiana\",\"isPartOf\":{\"@id\":\"https:\/\/laprensacristiana.com\/#website\"},\"datePublished\":\"2025-12-01T01:37:31+00:00\",\"dateModified\":\"2025-12-01T01:40:05+00:00\",\"author\":{\"@id\":\"https:\/\/laprensacristiana.com\/#\/schema\/person\/3e7d82c6bfd6b1fa67010f8f7cd5256e\"},\"breadcrumb\":{\"@id\":\"https:\/\/laprensacristiana.com\/?p=19097#breadcrumb\"},\"inLanguage\":\"es\",\"potentialAction\":[{\"@type\":\"ReadAction\",\"target\":[\"https:\/\/laprensacristiana.com\/?p=19097\"]}]},{\"@type\":\"BreadcrumbList\",\"@id\":\"https:\/\/laprensacristiana.com\/?p=19097#breadcrumb\",\"itemListElement\":[{\"@type\":\"ListItem\",\"position\":1,\"name\":\"Portada\",\"item\":\"https:\/\/laprensacristiana.com\/\"},{\"@type\":\"ListItem\",\"position\":2,\"name\":\"Iglesia COMPAZ: \u00ab25 a\u00f1os siendo una escuela para el alma\u00bb\"}]},{\"@type\":\"WebSite\",\"@id\":\"https:\/\/laprensacristiana.com\/#website\",\"url\":\"https:\/\/laprensacristiana.com\/\",\"name\":\"La Prensa Cristiana\",\"description\":\"Anunciando Las Buenas Nuevas\",\"potentialAction\":[{\"@type\":\"SearchAction\",\"target\":{\"@type\":\"EntryPoint\",\"urlTemplate\":\"https:\/\/laprensacristiana.com\/?s={search_term_string}\"},\"query-input\":\"required name=search_term_string\"}],\"inLanguage\":\"es\"},{\"@type\":\"Person\",\"@id\":\"https:\/\/laprensacristiana.com\/#\/schema\/person\/3e7d82c6bfd6b1fa67010f8f7cd5256e\",\"name\":\"EDITOR\",\"image\":{\"@type\":\"ImageObject\",\"inLanguage\":\"es\",\"@id\":\"https:\/\/laprensacristiana.com\/#\/schema\/person\/image\/\",\"url\":\"https:\/\/secure.gravatar.com\/avatar\/72069dfb6c13772d9e8381e3638666d2?s=96&d=mm&r=g\",\"contentUrl\":\"https:\/\/secure.gravatar.com\/avatar\/72069dfb6c13772d9e8381e3638666d2?s=96&d=mm&r=g\",\"caption\":\"EDITOR\"},\"url\":\"https:\/\/laprensacristiana.com\/?author=3\"}]}<\/script>\n<!-- \/ Yoast SEO plugin. -->","yoast_head_json":{"title":"Iglesia COMPAZ: \u00ab25 a\u00f1os siendo una escuela para el alma\u00bb - La Prensa Cristiana","robots":{"index":"index","follow":"follow","max-snippet":"max-snippet:-1","max-image-preview":"max-image-preview:large","max-video-preview":"max-video-preview:-1"},"canonical":"https:\/\/laprensacristiana.com\/?p=19097","og_locale":"es_ES","og_type":"article","og_title":"Iglesia COMPAZ: \u00ab25 a\u00f1os siendo una escuela para el alma\u00bb - La Prensa Cristiana","og_description":"Por: Edwin G\u00f3ngora | Periodista El a\u00f1o 2000 marc\u00f3 el inicio en El Salvador de la Iglesia Comunidad de Paz (COMPAZ), fundada por el pastor Vladimir El\u00ed Rivas Ayala y su esposa, Esmeralda de Rivas, en la sala de te Cristal. Desde el inicio, su prop\u00f3sito fue claro: ser \u201cun faro de esperanza y un [&hellip;]","og_url":"https:\/\/laprensacristiana.com\/?p=19097","og_site_name":"La Prensa Cristiana","article_published_time":"2025-12-01T01:37:31+00:00","article_modified_time":"2025-12-01T01:40:05+00:00","og_image":[{"width":1080,"height":888,"url":"https:\/\/laprensacristiana.com\/wp-content\/uploads\/2025\/12\/imagen-COMPAZ.jpg","type":"image\/jpeg"}],"author":"EDITOR","twitter_card":"summary_large_image","twitter_misc":{"Escrito por":"EDITOR","Tiempo de lectura":"3 minutos"},"schema":{"@context":"https:\/\/schema.org","@graph":[{"@type":"WebPage","@id":"https:\/\/laprensacristiana.com\/?p=19097","url":"https:\/\/laprensacristiana.com\/?p=19097","name":"Iglesia COMPAZ: \u00ab25 a\u00f1os siendo una escuela para el alma\u00bb - La Prensa Cristiana","isPartOf":{"@id":"https:\/\/laprensacristiana.com\/#website"},"datePublished":"2025-12-01T01:37:31+00:00","dateModified":"2025-12-01T01:40:05+00:00","author":{"@id":"https:\/\/laprensacristiana.com\/#\/schema\/person\/3e7d82c6bfd6b1fa67010f8f7cd5256e"},"breadcrumb":{"@id":"https:\/\/laprensacristiana.com\/?p=19097#breadcrumb"},"inLanguage":"es","potentialAction":[{"@type":"ReadAction","target":["https:\/\/laprensacristiana.com\/?p=19097"]}]},{"@type":"BreadcrumbList","@id":"https:\/\/laprensacristiana.com\/?p=19097#breadcrumb","itemListElement":[{"@type":"ListItem","position":1,"name":"Portada","item":"https:\/\/laprensacristiana.com\/"},{"@type":"ListItem","position":2,"name":"Iglesia COMPAZ: \u00ab25 a\u00f1os siendo una escuela para el alma\u00bb"}]},{"@type":"WebSite","@id":"https:\/\/laprensacristiana.com\/#website","url":"https:\/\/laprensacristiana.com\/","name":"La Prensa Cristiana","description":"Anunciando Las Buenas Nuevas","potentialAction":[{"@type":"SearchAction","target":{"@type":"EntryPoint","urlTemplate":"https:\/\/laprensacristiana.com\/?s={search_term_string}"},"query-input":"required name=search_term_string"}],"inLanguage":"es"},{"@type":"Person","@id":"https:\/\/laprensacristiana.com\/#\/schema\/person\/3e7d82c6bfd6b1fa67010f8f7cd5256e","name":"EDITOR","image":{"@type":"ImageObject","inLanguage":"es","@id":"https:\/\/laprensacristiana.com\/#\/schema\/person\/image\/","url":"https:\/\/secure.gravatar.com\/avatar\/72069dfb6c13772d9e8381e3638666d2?s=96&d=mm&r=g","contentUrl":"https:\/\/secure.gravatar.com\/avatar\/72069dfb6c13772d9e8381e3638666d2?s=96&d=mm&r=g","caption":"EDITOR"},"url":"https:\/\/laprensacristiana.com\/?author=3"}]}},"_links":{"self":[{"href":"https:\/\/laprensacristiana.com\/index.php?rest_route=\/wp\/v2\/posts\/19097"}],"collection":[{"href":"https:\/\/laprensacristiana.com\/index.php?rest_route=\/wp\/v2\/posts"}],"about":[{"href":"https:\/\/laprensacristiana.com\/index.php?rest_route=\/wp\/v2\/types\/post"}],"author":[{"embeddable":true,"href":"https:\/\/laprensacristiana.com\/index.php?rest_route=\/wp\/v2\/users\/3"}],"replies":[{"embeddable":true,"href":"https:\/\/laprensacristiana.com\/index.php?rest_route=%2Fwp%2Fv2%2Fcomments&post=19097"}],"version-history":[{"count":2,"href":"https:\/\/laprensacristiana.com\/index.php?rest_route=\/wp\/v2\/posts\/19097\/revisions"}],"predecessor-version":[{"id":19104,"href":"https:\/\/laprensacristiana.com\/index.php?rest_route=\/wp\/v2\/posts\/19097\/revisions\/19104"}],"wp:featuredmedia":[{"embeddable":true,"href":"https:\/\/laprensacristiana.com\/index.php?rest_route=\/wp\/v2\/media\/19098"}],"wp:attachment":[{"href":"https:\/\/laprensacristiana.com\/index.php?rest_route=%2Fwp%2Fv2%2Fmedia&parent=19097"}],"wp:term":[{"taxonomy":"category","embeddable":true,"href":"https:\/\/laprensacristiana.com\/index.php?rest_route=%2Fwp%2Fv2%2Fcategories&post=19097"},{"taxonomy":"post_tag","embeddable":true,"href":"https:\/\/laprensacristiana.com\/index.php?rest_route=%2Fwp%2Fv2%2Ftags&post=19097"}],"curies":[{"name":"wp","href":"https:\/\/api.w.org\/{rel}","templated":true}]}}