{"id":19106,"date":"2025-12-04T23:47:54","date_gmt":"2025-12-04T23:47:54","guid":{"rendered":"https:\/\/laprensacristiana.com\/?p=19106"},"modified":"2025-12-04T23:52:24","modified_gmt":"2025-12-04T23:52:24","slug":"empresarios-simone-y-orlando-delcid-reciben-premio-por-su-labor","status":"publish","type":"post","link":"https:\/\/laprensacristiana.com\/?p=19106","title":{"rendered":"Empresarios Simone y Orlando Delcid reciben premio por su labor\u00a0"},"content":{"rendered":"\n<p>Los Empresarios Simone de nacionalidad brasile\u00f1a y Orlando Delcid de ra\u00edces salvadore\u00f1as, son una pareja que ha realizado una vida productiva en Houston, Texas, Estados Unidos, pero que todo ese crecimiento lo han canalizado para realizar proyectos de acci\u00f3n social en El Salvador.&nbsp;<\/p>\n\n\n\n<p>Hoy recibieron el Premio Nacional a la Promoci\u00f3n y Difusi\u00f3n en Derechos Humanos, otorgado por la Procuradur\u00eda para la Defensa de los Derechos Humanos (PDDH), instituci\u00f3n dirigida por la Dra. Raquel de Guevara.&nbsp;<br><\/p>\n\n\n\n<figure class=\"wp-block-image size-large\"><img decoding=\"async\" loading=\"lazy\" width=\"1024\" height=\"768\" src=\"https:\/\/laprensacristiana.com\/wp-content\/uploads\/2025\/12\/IMG_1556-1024x768.jpeg\" alt=\"\" class=\"wp-image-19108\" srcset=\"https:\/\/laprensacristiana.com\/wp-content\/uploads\/2025\/12\/IMG_1556-1024x768.jpeg 1024w, https:\/\/laprensacristiana.com\/wp-content\/uploads\/2025\/12\/IMG_1556-300x225.jpeg 300w, https:\/\/laprensacristiana.com\/wp-content\/uploads\/2025\/12\/IMG_1556-768x576.jpeg 768w, https:\/\/laprensacristiana.com\/wp-content\/uploads\/2025\/12\/IMG_1556-1536x1152.jpeg 1536w, https:\/\/laprensacristiana.com\/wp-content\/uploads\/2025\/12\/IMG_1556-696x522.jpeg 696w, https:\/\/laprensacristiana.com\/wp-content\/uploads\/2025\/12\/IMG_1556-1068x801.jpeg 1068w, https:\/\/laprensacristiana.com\/wp-content\/uploads\/2025\/12\/IMG_1556-1920x1440.jpeg 1920w, https:\/\/laprensacristiana.com\/wp-content\/uploads\/2025\/12\/IMG_1556-600x450.jpeg 600w, https:\/\/laprensacristiana.com\/wp-content\/uploads\/2025\/12\/IMG_1556.jpeg 2048w\" sizes=\"(max-width: 1024px) 100vw, 1024px\" \/><\/figure>\n\n\n\n<p>Cabe destacar que han recorrido los 14 departamentos del pa\u00eds, brindando una mano amigo en proyectos de alimentaci\u00f3n a la ni\u00f1ez, y colaborando con personas para que puedan emprender. Tambi\u00e9n colaboran en Estados Unidos para buscar aliados estrat\u00e9gicos para inversi\u00f3n en El Salvador.\u00a0<\/p>\n\n\n\n<p>El acto para los galardonados tuvo lugar, el jueves 04 de diciembre, en un hotel capitalino.&nbsp;<\/p>\n\n\n\n<p>\u201cFelicitaciones a nuestros querid\u00edsimos amigos Orlando Delcid y Simone Delcid por ser galardonados este d\u00eda con tan importante reconocimiento por sus servicios a salvadore\u00f1os en el Pais y en el exterior\u201d, concluy\u00f3 el Dr. Josu\u00e9 Anaya, pastor de Iglesia El Corazon de Dios, en Houston.&nbsp;<\/p>\n","protected":false},"excerpt":{"rendered":"<p>Los Empresarios Simone de nacionalidad brasile\u00f1a y Orlando Delcid de ra\u00edces salvadore\u00f1as, son una pareja que ha realizado una vida productiva en Houston, Texas, Estados Unidos, pero que todo ese crecimiento lo han canalizado para realizar proyectos de acci\u00f3n social en El Salvador.&nbsp; Hoy recibieron el Premio Nacional a la Promoci\u00f3n y Difusi\u00f3n en Derechos [&hellip;]<\/p>\n","protected":false},"author":3,"featured_media":19107,"comment_status":"open","ping_status":"open","sticky":false,"template":"","format":"standard","meta":[],"categories":[56],"tags":[],"yoast_head":"<!-- This site is optimized with the Yoast SEO plugin v20.8 - https:\/\/yoast.com\/wordpress\/plugins\/seo\/ -->\n<title>Empresarios Simone y Orlando Delcid reciben premio por su labor\u00a0 - La Prensa Cristiana<\/title>\n<meta name=\"robots\" content=\"index, follow, max-snippet:-1, max-image-preview:large, max-video-preview:-1\" \/>\n<link rel=\"canonical\" href=\"https:\/\/laprensacristiana.com\/?p=19106\" \/>\n<meta property=\"og:locale\" content=\"es_ES\" \/>\n<meta property=\"og:type\" content=\"article\" \/>\n<meta property=\"og:title\" content=\"Empresarios Simone y Orlando Delcid reciben premio por su labor\u00a0 - La Prensa Cristiana\" \/>\n<meta property=\"og:description\" content=\"Los Empresarios Simone de nacionalidad brasile\u00f1a y Orlando Delcid de ra\u00edces salvadore\u00f1as, son una pareja que ha realizado una vida productiva en Houston, Texas, Estados Unidos, pero que todo ese crecimiento lo han canalizado para realizar proyectos de acci\u00f3n social en El Salvador.&nbsp; Hoy recibieron el Premio Nacional a la Promoci\u00f3n y Difusi\u00f3n en Derechos [&hellip;]\" \/>\n<meta property=\"og:url\" content=\"https:\/\/laprensacristiana.com\/?p=19106\" \/>\n<meta property=\"og:site_name\" content=\"La Prensa Cristiana\" \/>\n<meta property=\"article:published_time\" content=\"2025-12-04T23:47:54+00:00\" \/>\n<meta property=\"article:modified_time\" content=\"2025-12-04T23:52:24+00:00\" \/>\n<meta property=\"og:image\" content=\"https:\/\/laprensacristiana.com\/wp-content\/uploads\/2025\/12\/IMG_1555.jpeg\" \/>\n\t<meta property=\"og:image:width\" content=\"1600\" \/>\n\t<meta property=\"og:image:height\" content=\"1200\" \/>\n\t<meta property=\"og:image:type\" content=\"image\/jpeg\" \/>\n<meta name=\"author\" content=\"EDITOR\" \/>\n<meta name=\"twitter:card\" content=\"summary_large_image\" \/>\n<meta name=\"twitter:label1\" content=\"Escrito por\" \/>\n\t<meta name=\"twitter:data1\" content=\"EDITOR\" \/>\n\t<meta name=\"twitter:label2\" content=\"Tiempo de lectura\" \/>\n\t<meta name=\"twitter:data2\" content=\"2 minutos\" \/>\n<script type=\"application\/ld+json\" class=\"yoast-schema-graph\">{\"@context\":\"https:\/\/schema.org\",\"@graph\":[{\"@type\":\"WebPage\",\"@id\":\"https:\/\/laprensacristiana.com\/?p=19106\",\"url\":\"https:\/\/laprensacristiana.com\/?p=19106\",\"name\":\"Empresarios Simone y Orlando Delcid reciben premio por su labor\u00a0 - La Prensa Cristiana\",\"isPartOf\":{\"@id\":\"https:\/\/laprensacristiana.com\/#website\"},\"datePublished\":\"2025-12-04T23:47:54+00:00\",\"dateModified\":\"2025-12-04T23:52:24+00:00\",\"author\":{\"@id\":\"https:\/\/laprensacristiana.com\/#\/schema\/person\/3e7d82c6bfd6b1fa67010f8f7cd5256e\"},\"breadcrumb\":{\"@id\":\"https:\/\/laprensacristiana.com\/?p=19106#breadcrumb\"},\"inLanguage\":\"es\",\"potentialAction\":[{\"@type\":\"ReadAction\",\"target\":[\"https:\/\/laprensacristiana.com\/?p=19106\"]}]},{\"@type\":\"BreadcrumbList\",\"@id\":\"https:\/\/laprensacristiana.com\/?p=19106#breadcrumb\",\"itemListElement\":[{\"@type\":\"ListItem\",\"position\":1,\"name\":\"Portada\",\"item\":\"https:\/\/laprensacristiana.com\/\"},{\"@type\":\"ListItem\",\"position\":2,\"name\":\"Empresarios Simone y Orlando Delcid reciben premio por su labor\u00a0\"}]},{\"@type\":\"WebSite\",\"@id\":\"https:\/\/laprensacristiana.com\/#website\",\"url\":\"https:\/\/laprensacristiana.com\/\",\"name\":\"La Prensa Cristiana\",\"description\":\"Anunciando Las Buenas Nuevas\",\"potentialAction\":[{\"@type\":\"SearchAction\",\"target\":{\"@type\":\"EntryPoint\",\"urlTemplate\":\"https:\/\/laprensacristiana.com\/?s={search_term_string}\"},\"query-input\":\"required name=search_term_string\"}],\"inLanguage\":\"es\"},{\"@type\":\"Person\",\"@id\":\"https:\/\/laprensacristiana.com\/#\/schema\/person\/3e7d82c6bfd6b1fa67010f8f7cd5256e\",\"name\":\"EDITOR\",\"image\":{\"@type\":\"ImageObject\",\"inLanguage\":\"es\",\"@id\":\"https:\/\/laprensacristiana.com\/#\/schema\/person\/image\/\",\"url\":\"https:\/\/secure.gravatar.com\/avatar\/72069dfb6c13772d9e8381e3638666d2?s=96&d=mm&r=g\",\"contentUrl\":\"https:\/\/secure.gravatar.com\/avatar\/72069dfb6c13772d9e8381e3638666d2?s=96&d=mm&r=g\",\"caption\":\"EDITOR\"},\"url\":\"https:\/\/laprensacristiana.com\/?author=3\"}]}<\/script>\n<!-- \/ Yoast SEO plugin. -->","yoast_head_json":{"title":"Empresarios Simone y Orlando Delcid reciben premio por su labor\u00a0 - La Prensa Cristiana","robots":{"index":"index","follow":"follow","max-snippet":"max-snippet:-1","max-image-preview":"max-image-preview:large","max-video-preview":"max-video-preview:-1"},"canonical":"https:\/\/laprensacristiana.com\/?p=19106","og_locale":"es_ES","og_type":"article","og_title":"Empresarios Simone y Orlando Delcid reciben premio por su labor\u00a0 - La Prensa Cristiana","og_description":"Los Empresarios Simone de nacionalidad brasile\u00f1a y Orlando Delcid de ra\u00edces salvadore\u00f1as, son una pareja que ha realizado una vida productiva en Houston, Texas, Estados Unidos, pero que todo ese crecimiento lo han canalizado para realizar proyectos de acci\u00f3n social en El Salvador.&nbsp; Hoy recibieron el Premio Nacional a la Promoci\u00f3n y Difusi\u00f3n en Derechos [&hellip;]","og_url":"https:\/\/laprensacristiana.com\/?p=19106","og_site_name":"La Prensa Cristiana","article_published_time":"2025-12-04T23:47:54+00:00","article_modified_time":"2025-12-04T23:52:24+00:00","og_image":[{"width":1600,"height":1200,"url":"https:\/\/laprensacristiana.com\/wp-content\/uploads\/2025\/12\/IMG_1555.jpeg","type":"image\/jpeg"}],"author":"EDITOR","twitter_card":"summary_large_image","twitter_misc":{"Escrito por":"EDITOR","Tiempo de lectura":"2 minutos"},"schema":{"@context":"https:\/\/schema.org","@graph":[{"@type":"WebPage","@id":"https:\/\/laprensacristiana.com\/?p=19106","url":"https:\/\/laprensacristiana.com\/?p=19106","name":"Empresarios Simone y Orlando Delcid reciben premio por su labor\u00a0 - La Prensa Cristiana","isPartOf":{"@id":"https:\/\/laprensacristiana.com\/#website"},"datePublished":"2025-12-04T23:47:54+00:00","dateModified":"2025-12-04T23:52:24+00:00","author":{"@id":"https:\/\/laprensacristiana.com\/#\/schema\/person\/3e7d82c6bfd6b1fa67010f8f7cd5256e"},"breadcrumb":{"@id":"https:\/\/laprensacristiana.com\/?p=19106#breadcrumb"},"inLanguage":"es","potentialAction":[{"@type":"ReadAction","target":["https:\/\/laprensacristiana.com\/?p=19106"]}]},{"@type":"BreadcrumbList","@id":"https:\/\/laprensacristiana.com\/?p=19106#breadcrumb","itemListElement":[{"@type":"ListItem","position":1,"name":"Portada","item":"https:\/\/laprensacristiana.com\/"},{"@type":"ListItem","position":2,"name":"Empresarios Simone y Orlando Delcid reciben premio por su labor\u00a0"}]},{"@type":"WebSite","@id":"https:\/\/laprensacristiana.com\/#website","url":"https:\/\/laprensacristiana.com\/","name":"La Prensa Cristiana","description":"Anunciando Las Buenas Nuevas","potentialAction":[{"@type":"SearchAction","target":{"@type":"EntryPoint","urlTemplate":"https:\/\/laprensacristiana.com\/?s={search_term_string}"},"query-input":"required name=search_term_string"}],"inLanguage":"es"},{"@type":"Person","@id":"https:\/\/laprensacristiana.com\/#\/schema\/person\/3e7d82c6bfd6b1fa67010f8f7cd5256e","name":"EDITOR","image":{"@type":"ImageObject","inLanguage":"es","@id":"https:\/\/laprensacristiana.com\/#\/schema\/person\/image\/","url":"https:\/\/secure.gravatar.com\/avatar\/72069dfb6c13772d9e8381e3638666d2?s=96&d=mm&r=g","contentUrl":"https:\/\/secure.gravatar.com\/avatar\/72069dfb6c13772d9e8381e3638666d2?s=96&d=mm&r=g","caption":"EDITOR"},"url":"https:\/\/laprensacristiana.com\/?author=3"}]}},"_links":{"self":[{"href":"https:\/\/laprensacristiana.com\/index.php?rest_route=\/wp\/v2\/posts\/19106"}],"collection":[{"href":"https:\/\/laprensacristiana.com\/index.php?rest_route=\/wp\/v2\/posts"}],"about":[{"href":"https:\/\/laprensacristiana.com\/index.php?rest_route=\/wp\/v2\/types\/post"}],"author":[{"embeddable":true,"href":"https:\/\/laprensacristiana.com\/index.php?rest_route=\/wp\/v2\/users\/3"}],"replies":[{"embeddable":true,"href":"https:\/\/laprensacristiana.com\/index.php?rest_route=%2Fwp%2Fv2%2Fcomments&post=19106"}],"version-history":[{"count":2,"href":"https:\/\/laprensacristiana.com\/index.php?rest_route=\/wp\/v2\/posts\/19106\/revisions"}],"predecessor-version":[{"id":19110,"href":"https:\/\/laprensacristiana.com\/index.php?rest_route=\/wp\/v2\/posts\/19106\/revisions\/19110"}],"wp:featuredmedia":[{"embeddable":true,"href":"https:\/\/laprensacristiana.com\/index.php?rest_route=\/wp\/v2\/media\/19107"}],"wp:attachment":[{"href":"https:\/\/laprensacristiana.com\/index.php?rest_route=%2Fwp%2Fv2%2Fmedia&parent=19106"}],"wp:term":[{"taxonomy":"category","embeddable":true,"href":"https:\/\/laprensacristiana.com\/index.php?rest_route=%2Fwp%2Fv2%2Fcategories&post=19106"},{"taxonomy":"post_tag","embeddable":true,"href":"https:\/\/laprensacristiana.com\/index.php?rest_route=%2Fwp%2Fv2%2Ftags&post=19106"}],"curies":[{"name":"wp","href":"https:\/\/api.w.org\/{rel}","templated":true}]}}