{"id":19114,"date":"2025-12-06T00:00:45","date_gmt":"2025-12-06T00:00:45","guid":{"rendered":"https:\/\/laprensacristiana.com\/?p=19114"},"modified":"2025-12-06T00:08:36","modified_gmt":"2025-12-06T00:08:36","slug":"pastor-javier-dominguez-culmina-doctorado-en-ministerio","status":"publish","type":"post","link":"https:\/\/laprensacristiana.com\/?p=19114","title":{"rendered":"Pastor Javier Dom\u00ednguez culmina Doctorado en Ministerio"},"content":{"rendered":"\n<p>El pastor Javier Dom\u00ednguez, es el Pastor General y Fundador de Iglesia Gracia Sobre Gracia, congregaci\u00f3n radicada en San Salvador, El Salvador.<\/p>\n\n\n\n<p>Recientemente ha recibido su investidura como Doctor en Ministerio, por parte del Southwestern Baptist Theological Seminary, (Seminario Teol\u00f3gico Bautista del Suroeste), es un\u00a0seminario bautista, en Fort Worth, Texas, Estados Unidos, que se encuentra afiliado a la Convenci\u00f3n Bautista del Sur. \u00a0<\/p>\n\n\n\n<p>\u201cGracias a Dios, pues est\u00e1 es una obra de su gracia y misericordia. A mi esposa e hijos, por su apoyo, paciencia y \u00e1nimo en cada paso. A mis hermanos pastores por su ayuda y todos los miembros de la iglesia Gracia sobre Gracia, por su comprensi\u00f3n y oraci\u00f3n. \u00a1Gracias!\u201d, indic\u00f3 el pastor Dom\u00ednguez.<\/p>\n\n\n\n<p>Durante la ceremonia de graduaci\u00f3n este 5 de diciembre, Robert Brown, exalumno y presidente del Consejo Directivo, anim\u00f3 a los graduados a considerar su amor y liderazgo para la gloria de Dios como indicadores de su \u00e9xito futuro.<\/p>\n\n\n\n<p>Por su parte Iglesia Gracia Sobre Gracia ha felicitado a su fundador por este nuevo paso: \u201cHoy celebramos un logro que refleja a\u00f1os de esfuerzo, estudio y entrega al llamado de Dios\u201d, indicaron a trav\u00e9s de sus redes sociales. &nbsp;<\/p>\n\n\n\n<p>El Pastor Javier Dom\u00ednguez inici\u00f3 su vida ministerial en el a\u00f1o 2000 como pastor de j\u00f3venes, teniendo en la actualidad veinticinco a\u00f1os de ministerio pastoral. Est\u00e1 casado con Geraldina de Dom\u00ednguez y es padre de tres hijos.<\/p>\n\n\n\n<p>Cabe destacar que tambi\u00e9n es el fundador de la Escuela Superior de Estudios B\u00edblicos y Teol\u00f3gicos <strong>Semper Reformanda.<\/strong><\/p>\n\n\n\n<figure class=\"wp-block-gallery has-nested-images columns-default is-cropped wp-block-gallery-1 is-layout-flex\">\n<figure class=\"wp-block-image size-large\"><img decoding=\"async\" loading=\"lazy\" width=\"1024\" height=\"766\" data-id=\"19116\"  src=\"https:\/\/laprensacristiana.com\/wp-content\/uploads\/2025\/12\/595298787_1342530077887319_9078357391788928948_n-1024x766.jpg\" alt=\"\" class=\"wp-image-19116\" srcset=\"https:\/\/laprensacristiana.com\/wp-content\/uploads\/2025\/12\/595298787_1342530077887319_9078357391788928948_n-1024x766.jpg 1024w, https:\/\/laprensacristiana.com\/wp-content\/uploads\/2025\/12\/595298787_1342530077887319_9078357391788928948_n-300x224.jpg 300w, https:\/\/laprensacristiana.com\/wp-content\/uploads\/2025\/12\/595298787_1342530077887319_9078357391788928948_n-768x574.jpg 768w, https:\/\/laprensacristiana.com\/wp-content\/uploads\/2025\/12\/595298787_1342530077887319_9078357391788928948_n-696x521.jpg 696w, https:\/\/laprensacristiana.com\/wp-content\/uploads\/2025\/12\/595298787_1342530077887319_9078357391788928948_n-1068x799.jpg 1068w, https:\/\/laprensacristiana.com\/wp-content\/uploads\/2025\/12\/595298787_1342530077887319_9078357391788928948_n-600x449.jpg 600w, https:\/\/laprensacristiana.com\/wp-content\/uploads\/2025\/12\/595298787_1342530077887319_9078357391788928948_n.jpg 1095w\" sizes=\"(max-width: 1024px) 100vw, 1024px\" \/><\/figure>\n\n\n\n<figure class=\"wp-block-image size-large\"><img decoding=\"async\" loading=\"lazy\" width=\"1024\" height=\"766\" data-id=\"19117\"  src=\"https:\/\/laprensacristiana.com\/wp-content\/uploads\/2025\/12\/594969448_1342530141220646_1374936296001336784_n-1024x766.jpg\" alt=\"\" class=\"wp-image-19117\" srcset=\"https:\/\/laprensacristiana.com\/wp-content\/uploads\/2025\/12\/594969448_1342530141220646_1374936296001336784_n-1024x766.jpg 1024w, https:\/\/laprensacristiana.com\/wp-content\/uploads\/2025\/12\/594969448_1342530141220646_1374936296001336784_n-300x224.jpg 300w, https:\/\/laprensacristiana.com\/wp-content\/uploads\/2025\/12\/594969448_1342530141220646_1374936296001336784_n-768x574.jpg 768w, https:\/\/laprensacristiana.com\/wp-content\/uploads\/2025\/12\/594969448_1342530141220646_1374936296001336784_n-696x521.jpg 696w, https:\/\/laprensacristiana.com\/wp-content\/uploads\/2025\/12\/594969448_1342530141220646_1374936296001336784_n-1068x799.jpg 1068w, https:\/\/laprensacristiana.com\/wp-content\/uploads\/2025\/12\/594969448_1342530141220646_1374936296001336784_n-600x449.jpg 600w, https:\/\/laprensacristiana.com\/wp-content\/uploads\/2025\/12\/594969448_1342530141220646_1374936296001336784_n.jpg 1440w\" sizes=\"(max-width: 1024px) 100vw, 1024px\" \/><\/figure>\n<\/figure>\n","protected":false},"excerpt":{"rendered":"<p>El pastor Javier Dom\u00ednguez, es el Pastor General y Fundador de Iglesia Gracia Sobre Gracia, congregaci\u00f3n radicada en San Salvador, El Salvador. Recientemente ha recibido su investidura como Doctor en Ministerio, por parte del Southwestern Baptist Theological Seminary, (Seminario Teol\u00f3gico Bautista del Suroeste), es un\u00a0seminario bautista, en Fort Worth, Texas, Estados Unidos, que se encuentra [&hellip;]<\/p>\n","protected":false},"author":3,"featured_media":19115,"comment_status":"open","ping_status":"open","sticky":false,"template":"","format":"standard","meta":[],"categories":[56],"tags":[],"yoast_head":"<!-- This site is optimized with the Yoast SEO plugin v20.8 - https:\/\/yoast.com\/wordpress\/plugins\/seo\/ -->\n<title>Pastor Javier Dom\u00ednguez culmina Doctorado en Ministerio - La Prensa Cristiana<\/title>\n<meta name=\"robots\" content=\"index, follow, max-snippet:-1, max-image-preview:large, max-video-preview:-1\" \/>\n<link rel=\"canonical\" href=\"https:\/\/laprensacristiana.com\/?p=19114\" \/>\n<meta property=\"og:locale\" content=\"es_ES\" \/>\n<meta property=\"og:type\" content=\"article\" \/>\n<meta property=\"og:title\" content=\"Pastor Javier Dom\u00ednguez culmina Doctorado en Ministerio - La Prensa Cristiana\" \/>\n<meta property=\"og:description\" content=\"El pastor Javier Dom\u00ednguez, es el Pastor General y Fundador de Iglesia Gracia Sobre Gracia, congregaci\u00f3n radicada en San Salvador, El Salvador. Recientemente ha recibido su investidura como Doctor en Ministerio, por parte del Southwestern Baptist Theological Seminary, (Seminario Teol\u00f3gico Bautista del Suroeste), es un\u00a0seminario bautista, en Fort Worth, Texas, Estados Unidos, que se encuentra [&hellip;]\" \/>\n<meta property=\"og:url\" content=\"https:\/\/laprensacristiana.com\/?p=19114\" \/>\n<meta property=\"og:site_name\" content=\"La Prensa Cristiana\" \/>\n<meta property=\"article:published_time\" content=\"2025-12-06T00:00:45+00:00\" \/>\n<meta property=\"article:modified_time\" content=\"2025-12-06T00:08:36+00:00\" \/>\n<meta property=\"og:image\" content=\"https:\/\/laprensacristiana.com\/wp-content\/uploads\/2025\/12\/594278185_1342530161220644_1043488111101516746_n.jpg\" \/>\n\t<meta property=\"og:image:width\" content=\"1440\" \/>\n\t<meta property=\"og:image:height\" content=\"1078\" \/>\n\t<meta property=\"og:image:type\" content=\"image\/jpeg\" \/>\n<meta name=\"author\" content=\"EDITOR\" \/>\n<meta name=\"twitter:card\" content=\"summary_large_image\" \/>\n<meta name=\"twitter:label1\" content=\"Escrito por\" \/>\n\t<meta name=\"twitter:data1\" content=\"EDITOR\" \/>\n\t<meta name=\"twitter:label2\" content=\"Tiempo de lectura\" \/>\n\t<meta name=\"twitter:data2\" content=\"2 minutos\" \/>\n<script type=\"application\/ld+json\" class=\"yoast-schema-graph\">{\"@context\":\"https:\/\/schema.org\",\"@graph\":[{\"@type\":\"WebPage\",\"@id\":\"https:\/\/laprensacristiana.com\/?p=19114\",\"url\":\"https:\/\/laprensacristiana.com\/?p=19114\",\"name\":\"Pastor Javier Dom\u00ednguez culmina Doctorado en Ministerio - La Prensa Cristiana\",\"isPartOf\":{\"@id\":\"https:\/\/laprensacristiana.com\/#website\"},\"datePublished\":\"2025-12-06T00:00:45+00:00\",\"dateModified\":\"2025-12-06T00:08:36+00:00\",\"author\":{\"@id\":\"https:\/\/laprensacristiana.com\/#\/schema\/person\/3e7d82c6bfd6b1fa67010f8f7cd5256e\"},\"breadcrumb\":{\"@id\":\"https:\/\/laprensacristiana.com\/?p=19114#breadcrumb\"},\"inLanguage\":\"es\",\"potentialAction\":[{\"@type\":\"ReadAction\",\"target\":[\"https:\/\/laprensacristiana.com\/?p=19114\"]}]},{\"@type\":\"BreadcrumbList\",\"@id\":\"https:\/\/laprensacristiana.com\/?p=19114#breadcrumb\",\"itemListElement\":[{\"@type\":\"ListItem\",\"position\":1,\"name\":\"Portada\",\"item\":\"https:\/\/laprensacristiana.com\/\"},{\"@type\":\"ListItem\",\"position\":2,\"name\":\"Pastor Javier Dom\u00ednguez culmina Doctorado en Ministerio\"}]},{\"@type\":\"WebSite\",\"@id\":\"https:\/\/laprensacristiana.com\/#website\",\"url\":\"https:\/\/laprensacristiana.com\/\",\"name\":\"La Prensa Cristiana\",\"description\":\"Anunciando Las Buenas Nuevas\",\"potentialAction\":[{\"@type\":\"SearchAction\",\"target\":{\"@type\":\"EntryPoint\",\"urlTemplate\":\"https:\/\/laprensacristiana.com\/?s={search_term_string}\"},\"query-input\":\"required name=search_term_string\"}],\"inLanguage\":\"es\"},{\"@type\":\"Person\",\"@id\":\"https:\/\/laprensacristiana.com\/#\/schema\/person\/3e7d82c6bfd6b1fa67010f8f7cd5256e\",\"name\":\"EDITOR\",\"image\":{\"@type\":\"ImageObject\",\"inLanguage\":\"es\",\"@id\":\"https:\/\/laprensacristiana.com\/#\/schema\/person\/image\/\",\"url\":\"https:\/\/secure.gravatar.com\/avatar\/72069dfb6c13772d9e8381e3638666d2?s=96&d=mm&r=g\",\"contentUrl\":\"https:\/\/secure.gravatar.com\/avatar\/72069dfb6c13772d9e8381e3638666d2?s=96&d=mm&r=g\",\"caption\":\"EDITOR\"},\"url\":\"https:\/\/laprensacristiana.com\/?author=3\"}]}<\/script>\n<!-- \/ Yoast SEO plugin. -->","yoast_head_json":{"title":"Pastor Javier Dom\u00ednguez culmina Doctorado en Ministerio - La Prensa Cristiana","robots":{"index":"index","follow":"follow","max-snippet":"max-snippet:-1","max-image-preview":"max-image-preview:large","max-video-preview":"max-video-preview:-1"},"canonical":"https:\/\/laprensacristiana.com\/?p=19114","og_locale":"es_ES","og_type":"article","og_title":"Pastor Javier Dom\u00ednguez culmina Doctorado en Ministerio - La Prensa Cristiana","og_description":"El pastor Javier Dom\u00ednguez, es el Pastor General y Fundador de Iglesia Gracia Sobre Gracia, congregaci\u00f3n radicada en San Salvador, El Salvador. Recientemente ha recibido su investidura como Doctor en Ministerio, por parte del Southwestern Baptist Theological Seminary, (Seminario Teol\u00f3gico Bautista del Suroeste), es un\u00a0seminario bautista, en Fort Worth, Texas, Estados Unidos, que se encuentra [&hellip;]","og_url":"https:\/\/laprensacristiana.com\/?p=19114","og_site_name":"La Prensa Cristiana","article_published_time":"2025-12-06T00:00:45+00:00","article_modified_time":"2025-12-06T00:08:36+00:00","og_image":[{"width":1440,"height":1078,"url":"https:\/\/laprensacristiana.com\/wp-content\/uploads\/2025\/12\/594278185_1342530161220644_1043488111101516746_n.jpg","type":"image\/jpeg"}],"author":"EDITOR","twitter_card":"summary_large_image","twitter_misc":{"Escrito por":"EDITOR","Tiempo de lectura":"2 minutos"},"schema":{"@context":"https:\/\/schema.org","@graph":[{"@type":"WebPage","@id":"https:\/\/laprensacristiana.com\/?p=19114","url":"https:\/\/laprensacristiana.com\/?p=19114","name":"Pastor Javier Dom\u00ednguez culmina Doctorado en Ministerio - La Prensa Cristiana","isPartOf":{"@id":"https:\/\/laprensacristiana.com\/#website"},"datePublished":"2025-12-06T00:00:45+00:00","dateModified":"2025-12-06T00:08:36+00:00","author":{"@id":"https:\/\/laprensacristiana.com\/#\/schema\/person\/3e7d82c6bfd6b1fa67010f8f7cd5256e"},"breadcrumb":{"@id":"https:\/\/laprensacristiana.com\/?p=19114#breadcrumb"},"inLanguage":"es","potentialAction":[{"@type":"ReadAction","target":["https:\/\/laprensacristiana.com\/?p=19114"]}]},{"@type":"BreadcrumbList","@id":"https:\/\/laprensacristiana.com\/?p=19114#breadcrumb","itemListElement":[{"@type":"ListItem","position":1,"name":"Portada","item":"https:\/\/laprensacristiana.com\/"},{"@type":"ListItem","position":2,"name":"Pastor Javier Dom\u00ednguez culmina Doctorado en Ministerio"}]},{"@type":"WebSite","@id":"https:\/\/laprensacristiana.com\/#website","url":"https:\/\/laprensacristiana.com\/","name":"La Prensa Cristiana","description":"Anunciando Las Buenas Nuevas","potentialAction":[{"@type":"SearchAction","target":{"@type":"EntryPoint","urlTemplate":"https:\/\/laprensacristiana.com\/?s={search_term_string}"},"query-input":"required name=search_term_string"}],"inLanguage":"es"},{"@type":"Person","@id":"https:\/\/laprensacristiana.com\/#\/schema\/person\/3e7d82c6bfd6b1fa67010f8f7cd5256e","name":"EDITOR","image":{"@type":"ImageObject","inLanguage":"es","@id":"https:\/\/laprensacristiana.com\/#\/schema\/person\/image\/","url":"https:\/\/secure.gravatar.com\/avatar\/72069dfb6c13772d9e8381e3638666d2?s=96&d=mm&r=g","contentUrl":"https:\/\/secure.gravatar.com\/avatar\/72069dfb6c13772d9e8381e3638666d2?s=96&d=mm&r=g","caption":"EDITOR"},"url":"https:\/\/laprensacristiana.com\/?author=3"}]}},"_links":{"self":[{"href":"https:\/\/laprensacristiana.com\/index.php?rest_route=\/wp\/v2\/posts\/19114"}],"collection":[{"href":"https:\/\/laprensacristiana.com\/index.php?rest_route=\/wp\/v2\/posts"}],"about":[{"href":"https:\/\/laprensacristiana.com\/index.php?rest_route=\/wp\/v2\/types\/post"}],"author":[{"embeddable":true,"href":"https:\/\/laprensacristiana.com\/index.php?rest_route=\/wp\/v2\/users\/3"}],"replies":[{"embeddable":true,"href":"https:\/\/laprensacristiana.com\/index.php?rest_route=%2Fwp%2Fv2%2Fcomments&post=19114"}],"version-history":[{"count":3,"href":"https:\/\/laprensacristiana.com\/index.php?rest_route=\/wp\/v2\/posts\/19114\/revisions"}],"predecessor-version":[{"id":19120,"href":"https:\/\/laprensacristiana.com\/index.php?rest_route=\/wp\/v2\/posts\/19114\/revisions\/19120"}],"wp:featuredmedia":[{"embeddable":true,"href":"https:\/\/laprensacristiana.com\/index.php?rest_route=\/wp\/v2\/media\/19115"}],"wp:attachment":[{"href":"https:\/\/laprensacristiana.com\/index.php?rest_route=%2Fwp%2Fv2%2Fmedia&parent=19114"}],"wp:term":[{"taxonomy":"category","embeddable":true,"href":"https:\/\/laprensacristiana.com\/index.php?rest_route=%2Fwp%2Fv2%2Fcategories&post=19114"},{"taxonomy":"post_tag","embeddable":true,"href":"https:\/\/laprensacristiana.com\/index.php?rest_route=%2Fwp%2Fv2%2Ftags&post=19114"}],"curies":[{"name":"wp","href":"https:\/\/api.w.org\/{rel}","templated":true}]}}