{"id":19121,"date":"2025-12-08T16:55:32","date_gmt":"2025-12-08T16:55:32","guid":{"rendered":"https:\/\/laprensacristiana.com\/?p=19121"},"modified":"2025-12-08T17:07:50","modified_gmt":"2025-12-08T17:07:50","slug":"cicap-gradua-a-52-nuevos-capellanes","status":"publish","type":"post","link":"https:\/\/laprensacristiana.com\/?p=19121","title":{"rendered":"CICAP grad\u00faa a 52 nuevos capellanes"},"content":{"rendered":"\n<p>Por: Edwin G\u00f3ngora | Periodista <\/p>\n\n\n\n<p><br>El templo de Iglesia Cana\u00e1n en Soyapango fue el escenario de la quinta graduaci\u00f3n de la Confederaci\u00f3n Internacional de Capellanes (CICAP), celebrada el s\u00e1bado 6 de diciembre, en la que 52 hombres y mujeres recibieron su comisi\u00f3n como capellanes.<\/p>\n\n\n\n<p>Durante la ceremonia, el Reverendo y Brigadier General de CICAP, Pedro Ernesto Alarc\u00f3n, enfatiz\u00f3 el llamado al servicio desinteresado y al anuncio de la Palabra de Dios: \u201cSolo siguiendo las huellas del servicio que Cristo dej\u00f3 en su paso por la tierra, cumplir\u00e1n fielmente su misi\u00f3n\u201d, dijo al nuevo contingente.<\/p>\n\n\n\n<p>La jornada estuvo marcada por diferentes aspectos, entre ellos la intervenci\u00f3n del capell\u00e1n de la Polic\u00eda Nacional Civil, Donato Escobar, quien cit\u00f3 al ap\u00f3stol Pablo: \u201cEl servicio a los dem\u00e1s es una expresi\u00f3n de amor y libertad, no para aprovecharnos, sino para ayudar con generosidad\u201d.&nbsp;<\/p>\n\n\n\n<p>Luego, record\u00f3 la frase: \u201cQuien no vive para servir, no sirve para vivir\u201d, subrayando el mandato de G\u00e1latas 5:13: \u201cServ\u00edos los unos a los otros mediante el amor\u201d.<\/p>\n\n\n\n<p>Escobar destac\u00f3 que la labor del capell\u00e1n es voluntaria, guiada por el Esp\u00edritu Santo, ajena a todo ego\u00edsmo y orientada a aliviar y edificar vidas.&nbsp;<\/p>\n\n\n\n<p>Los nuevos capellanes se comprometieron a fundamentar su ministerio en valores como la solidaridad, la justicia, el respeto, la transparencia, la responsabilidad, el trabajo en equipo, el compromiso social y sobre todo, el amor.<\/p>\n\n\n\n<figure class=\"wp-block-image size-large\"><img decoding=\"async\" loading=\"lazy\" width=\"1024\" height=\"768\" src=\"https:\/\/laprensacristiana.com\/wp-content\/uploads\/2025\/12\/IMG_1614-1024x768.jpeg\" alt=\"\" class=\"wp-image-19127\" srcset=\"https:\/\/laprensacristiana.com\/wp-content\/uploads\/2025\/12\/IMG_1614-1024x768.jpeg 1024w, https:\/\/laprensacristiana.com\/wp-content\/uploads\/2025\/12\/IMG_1614-300x225.jpeg 300w, https:\/\/laprensacristiana.com\/wp-content\/uploads\/2025\/12\/IMG_1614-768x576.jpeg 768w, https:\/\/laprensacristiana.com\/wp-content\/uploads\/2025\/12\/IMG_1614-1536x1152.jpeg 1536w, https:\/\/laprensacristiana.com\/wp-content\/uploads\/2025\/12\/IMG_1614-2048x1536.jpeg 2048w, https:\/\/laprensacristiana.com\/wp-content\/uploads\/2025\/12\/IMG_1614-696x522.jpeg 696w, https:\/\/laprensacristiana.com\/wp-content\/uploads\/2025\/12\/IMG_1614-1068x801.jpeg 1068w, https:\/\/laprensacristiana.com\/wp-content\/uploads\/2025\/12\/IMG_1614-1920x1440.jpeg 1920w, https:\/\/laprensacristiana.com\/wp-content\/uploads\/2025\/12\/IMG_1614-600x450.jpeg 600w\" sizes=\"(max-width: 1024px) 100vw, 1024px\" \/><\/figure>\n\n\n\n<p>Durante meses, los graduados se formaron en asignaturas orientadas a la asistencia espiritual y humana, con la Biblia como piedra angular de su misi\u00f3n.\u00a0<\/p>\n\n\n\n<p>Adem\u00e1s, durante la graduaci\u00f3n, algunos recibieron ascensos a subtenientes.<\/p>\n\n\n\n<p>Ser capell\u00e1n es abrigar al que sufre, proteger al vulnerable y restaurar la fe mediante la Palabra. Su presencia se extiende a escuelas, c\u00e1rceles, hospitales y cualquier lugar donde florezca la necesidad de amor y fraternidad.<\/p>\n\n\n\n<p>La mesa de honor que presidi\u00f3 el evento cont\u00f3 con la presencia del Director del Patronato del Cuerpo de Bomberos, Erick Portillo; el Director de La Prensa Cristiana, Luis Medina; el Subdirector de CICAP, Coronel y Doctor Jeffrey Castro; el capell\u00e1n de la PNC, Donato Escobar; y el Brigadier General y Director Nacional de CICAP, Pedro Ernesto Alarc\u00f3n.<\/p>\n\n\n\n<figure class=\"wp-block-image size-large is-resized\"><img decoding=\"async\" loading=\"lazy\" src=\"https:\/\/laprensacristiana.com\/wp-content\/uploads\/2025\/12\/IMG_1778-1024x768.jpeg\" alt=\"\" class=\"wp-image-19124\" width=\"399\" height=\"343\"\/><\/figure>\n\n\n\n<p>En representaci\u00f3n de los capellanes graduados, el Pastor de Iglesia Cana\u00e1n de las Asambleas de Dios Mario Granados, destac\u00f3 a sus compa\u00f1eros que: \u201cEste es el inicio de un compromiso real en nuestra vida, que nos permitir\u00e1 llevar y expandir la solidaridad y justicia de Dios a quienes la necesitan\u201d.<\/p>\n\n\n\n<figure class=\"wp-block-image size-large\"><img decoding=\"async\" loading=\"lazy\" width=\"1024\" height=\"768\" src=\"https:\/\/laprensacristiana.com\/wp-content\/uploads\/2025\/12\/IMG_1745-1024x768.jpeg\" alt=\"\" class=\"wp-image-19126\" srcset=\"https:\/\/laprensacristiana.com\/wp-content\/uploads\/2025\/12\/IMG_1745-1024x768.jpeg 1024w, https:\/\/laprensacristiana.com\/wp-content\/uploads\/2025\/12\/IMG_1745-300x225.jpeg 300w, https:\/\/laprensacristiana.com\/wp-content\/uploads\/2025\/12\/IMG_1745-768x576.jpeg 768w, https:\/\/laprensacristiana.com\/wp-content\/uploads\/2025\/12\/IMG_1745-1536x1152.jpeg 1536w, https:\/\/laprensacristiana.com\/wp-content\/uploads\/2025\/12\/IMG_1745-2048x1536.jpeg 2048w, https:\/\/laprensacristiana.com\/wp-content\/uploads\/2025\/12\/IMG_1745-696x522.jpeg 696w, https:\/\/laprensacristiana.com\/wp-content\/uploads\/2025\/12\/IMG_1745-1068x801.jpeg 1068w, https:\/\/laprensacristiana.com\/wp-content\/uploads\/2025\/12\/IMG_1745-1920x1440.jpeg 1920w, https:\/\/laprensacristiana.com\/wp-content\/uploads\/2025\/12\/IMG_1745-600x450.jpeg 600w\" sizes=\"(max-width: 1024px) 100vw, 1024px\" \/><\/figure>\n\n\n\n<p>La ceremonia marc\u00f3 tambi\u00e9n el debut de \u201cMusic Band CICAP\u201d, un ministerio de alabanza que proclama el Evangelio mediante cantos de j\u00fabilo y adoraci\u00f3n, tocando los corazones a todos los presentes en su primera presentaci\u00f3n.<\/p>\n\n\n\n<p>Para 2026, CICAP continuar\u00e1 formando capellanes, extendiendo as\u00ed su manto de consuelo y esperanza a m\u00e1s rincones del pa\u00eds.<\/p>\n\n\n\n<p><br>Servir no es una tarea m\u00e1s, sino la acci\u00f3n del coraz\u00f3n del discipulado, con gesto de compasi\u00f3n y que cada palabra por decir en el momento justo, sea eco del amor de Cristo.&nbsp;<\/p>\n\n\n\n<p>El Brigadier Pedro Alarc\u00f3n fue claro a la se\u00f1al que no busques en este ministerio reconocimiento, sino fidelidad, no proyecci\u00f3n personal, sino presencia sanadora.&nbsp;<br><\/p>\n\n\n\n<figure class=\"wp-block-image size-large\"><img decoding=\"async\" loading=\"lazy\" width=\"1024\" height=\"768\" src=\"https:\/\/laprensacristiana.com\/wp-content\/uploads\/2025\/12\/IMG_1662-1-1024x768.jpeg\" alt=\"\" class=\"wp-image-19125\" srcset=\"https:\/\/laprensacristiana.com\/wp-content\/uploads\/2025\/12\/IMG_1662-1-1024x768.jpeg 1024w, https:\/\/laprensacristiana.com\/wp-content\/uploads\/2025\/12\/IMG_1662-1-300x225.jpeg 300w, https:\/\/laprensacristiana.com\/wp-content\/uploads\/2025\/12\/IMG_1662-1-768x576.jpeg 768w, https:\/\/laprensacristiana.com\/wp-content\/uploads\/2025\/12\/IMG_1662-1-1536x1152.jpeg 1536w, https:\/\/laprensacristiana.com\/wp-content\/uploads\/2025\/12\/IMG_1662-1-2048x1536.jpeg 2048w, https:\/\/laprensacristiana.com\/wp-content\/uploads\/2025\/12\/IMG_1662-1-696x522.jpeg 696w, https:\/\/laprensacristiana.com\/wp-content\/uploads\/2025\/12\/IMG_1662-1-1068x801.jpeg 1068w, https:\/\/laprensacristiana.com\/wp-content\/uploads\/2025\/12\/IMG_1662-1-1920x1440.jpeg 1920w, https:\/\/laprensacristiana.com\/wp-content\/uploads\/2025\/12\/IMG_1662-1-600x450.jpeg 600w\" sizes=\"(max-width: 1024px) 100vw, 1024px\" \/><\/figure>\n\n\n\n<p>Porque en el silencio del sufrimiento ajeno, all\u00ed est\u00e1 Dios, y all\u00ed debe estar un capell\u00e1n.<\/p>\n","protected":false},"excerpt":{"rendered":"<p>Por: Edwin G\u00f3ngora | Periodista El templo de Iglesia Cana\u00e1n en Soyapango fue el escenario de la quinta graduaci\u00f3n de la Confederaci\u00f3n Internacional de Capellanes (CICAP), celebrada el s\u00e1bado 6 de diciembre, en la que 52 hombres y mujeres recibieron su comisi\u00f3n como capellanes. Durante la ceremonia, el Reverendo y Brigadier General de CICAP, Pedro [&hellip;]<\/p>\n","protected":false},"author":3,"featured_media":19122,"comment_status":"open","ping_status":"open","sticky":false,"template":"","format":"standard","meta":[],"categories":[56],"tags":[],"yoast_head":"<!-- This site is optimized with the Yoast SEO plugin v20.8 - https:\/\/yoast.com\/wordpress\/plugins\/seo\/ -->\n<title>CICAP grad\u00faa a 52 nuevos capellanes - La Prensa Cristiana<\/title>\n<meta name=\"robots\" content=\"index, follow, max-snippet:-1, max-image-preview:large, max-video-preview:-1\" \/>\n<link rel=\"canonical\" href=\"https:\/\/laprensacristiana.com\/?p=19121\" \/>\n<meta property=\"og:locale\" content=\"es_ES\" \/>\n<meta property=\"og:type\" content=\"article\" \/>\n<meta property=\"og:title\" content=\"CICAP grad\u00faa a 52 nuevos capellanes - La Prensa Cristiana\" \/>\n<meta property=\"og:description\" content=\"Por: Edwin G\u00f3ngora | Periodista El templo de Iglesia Cana\u00e1n en Soyapango fue el escenario de la quinta graduaci\u00f3n de la Confederaci\u00f3n Internacional de Capellanes (CICAP), celebrada el s\u00e1bado 6 de diciembre, en la que 52 hombres y mujeres recibieron su comisi\u00f3n como capellanes. Durante la ceremonia, el Reverendo y Brigadier General de CICAP, Pedro [&hellip;]\" \/>\n<meta property=\"og:url\" content=\"https:\/\/laprensacristiana.com\/?p=19121\" \/>\n<meta property=\"og:site_name\" content=\"La Prensa Cristiana\" \/>\n<meta property=\"article:published_time\" content=\"2025-12-08T16:55:32+00:00\" \/>\n<meta property=\"article:modified_time\" content=\"2025-12-08T17:07:50+00:00\" \/>\n<meta property=\"og:image\" content=\"https:\/\/laprensacristiana.com\/wp-content\/uploads\/2025\/12\/IMG_1594-scaled.jpeg\" \/>\n\t<meta property=\"og:image:width\" content=\"2560\" \/>\n\t<meta property=\"og:image:height\" content=\"1920\" \/>\n\t<meta property=\"og:image:type\" content=\"image\/jpeg\" \/>\n<meta name=\"author\" content=\"EDITOR\" \/>\n<meta name=\"twitter:card\" content=\"summary_large_image\" \/>\n<meta name=\"twitter:label1\" content=\"Escrito por\" \/>\n\t<meta name=\"twitter:data1\" content=\"EDITOR\" \/>\n\t<meta name=\"twitter:label2\" content=\"Tiempo de lectura\" \/>\n\t<meta name=\"twitter:data2\" content=\"4 minutos\" \/>\n<script type=\"application\/ld+json\" class=\"yoast-schema-graph\">{\"@context\":\"https:\/\/schema.org\",\"@graph\":[{\"@type\":\"WebPage\",\"@id\":\"https:\/\/laprensacristiana.com\/?p=19121\",\"url\":\"https:\/\/laprensacristiana.com\/?p=19121\",\"name\":\"CICAP grad\u00faa a 52 nuevos capellanes - La Prensa Cristiana\",\"isPartOf\":{\"@id\":\"https:\/\/laprensacristiana.com\/#website\"},\"datePublished\":\"2025-12-08T16:55:32+00:00\",\"dateModified\":\"2025-12-08T17:07:50+00:00\",\"author\":{\"@id\":\"https:\/\/laprensacristiana.com\/#\/schema\/person\/3e7d82c6bfd6b1fa67010f8f7cd5256e\"},\"breadcrumb\":{\"@id\":\"https:\/\/laprensacristiana.com\/?p=19121#breadcrumb\"},\"inLanguage\":\"es\",\"potentialAction\":[{\"@type\":\"ReadAction\",\"target\":[\"https:\/\/laprensacristiana.com\/?p=19121\"]}]},{\"@type\":\"BreadcrumbList\",\"@id\":\"https:\/\/laprensacristiana.com\/?p=19121#breadcrumb\",\"itemListElement\":[{\"@type\":\"ListItem\",\"position\":1,\"name\":\"Portada\",\"item\":\"https:\/\/laprensacristiana.com\/\"},{\"@type\":\"ListItem\",\"position\":2,\"name\":\"CICAP grad\u00faa a 52 nuevos capellanes\"}]},{\"@type\":\"WebSite\",\"@id\":\"https:\/\/laprensacristiana.com\/#website\",\"url\":\"https:\/\/laprensacristiana.com\/\",\"name\":\"La Prensa Cristiana\",\"description\":\"Anunciando Las Buenas Nuevas\",\"potentialAction\":[{\"@type\":\"SearchAction\",\"target\":{\"@type\":\"EntryPoint\",\"urlTemplate\":\"https:\/\/laprensacristiana.com\/?s={search_term_string}\"},\"query-input\":\"required name=search_term_string\"}],\"inLanguage\":\"es\"},{\"@type\":\"Person\",\"@id\":\"https:\/\/laprensacristiana.com\/#\/schema\/person\/3e7d82c6bfd6b1fa67010f8f7cd5256e\",\"name\":\"EDITOR\",\"image\":{\"@type\":\"ImageObject\",\"inLanguage\":\"es\",\"@id\":\"https:\/\/laprensacristiana.com\/#\/schema\/person\/image\/\",\"url\":\"https:\/\/secure.gravatar.com\/avatar\/72069dfb6c13772d9e8381e3638666d2?s=96&d=mm&r=g\",\"contentUrl\":\"https:\/\/secure.gravatar.com\/avatar\/72069dfb6c13772d9e8381e3638666d2?s=96&d=mm&r=g\",\"caption\":\"EDITOR\"},\"url\":\"https:\/\/laprensacristiana.com\/?author=3\"}]}<\/script>\n<!-- \/ Yoast SEO plugin. -->","yoast_head_json":{"title":"CICAP grad\u00faa a 52 nuevos capellanes - La Prensa Cristiana","robots":{"index":"index","follow":"follow","max-snippet":"max-snippet:-1","max-image-preview":"max-image-preview:large","max-video-preview":"max-video-preview:-1"},"canonical":"https:\/\/laprensacristiana.com\/?p=19121","og_locale":"es_ES","og_type":"article","og_title":"CICAP grad\u00faa a 52 nuevos capellanes - La Prensa Cristiana","og_description":"Por: Edwin G\u00f3ngora | Periodista El templo de Iglesia Cana\u00e1n en Soyapango fue el escenario de la quinta graduaci\u00f3n de la Confederaci\u00f3n Internacional de Capellanes (CICAP), celebrada el s\u00e1bado 6 de diciembre, en la que 52 hombres y mujeres recibieron su comisi\u00f3n como capellanes. Durante la ceremonia, el Reverendo y Brigadier General de CICAP, Pedro [&hellip;]","og_url":"https:\/\/laprensacristiana.com\/?p=19121","og_site_name":"La Prensa Cristiana","article_published_time":"2025-12-08T16:55:32+00:00","article_modified_time":"2025-12-08T17:07:50+00:00","og_image":[{"width":2560,"height":1920,"url":"https:\/\/laprensacristiana.com\/wp-content\/uploads\/2025\/12\/IMG_1594-scaled.jpeg","type":"image\/jpeg"}],"author":"EDITOR","twitter_card":"summary_large_image","twitter_misc":{"Escrito por":"EDITOR","Tiempo de lectura":"4 minutos"},"schema":{"@context":"https:\/\/schema.org","@graph":[{"@type":"WebPage","@id":"https:\/\/laprensacristiana.com\/?p=19121","url":"https:\/\/laprensacristiana.com\/?p=19121","name":"CICAP grad\u00faa a 52 nuevos capellanes - La Prensa Cristiana","isPartOf":{"@id":"https:\/\/laprensacristiana.com\/#website"},"datePublished":"2025-12-08T16:55:32+00:00","dateModified":"2025-12-08T17:07:50+00:00","author":{"@id":"https:\/\/laprensacristiana.com\/#\/schema\/person\/3e7d82c6bfd6b1fa67010f8f7cd5256e"},"breadcrumb":{"@id":"https:\/\/laprensacristiana.com\/?p=19121#breadcrumb"},"inLanguage":"es","potentialAction":[{"@type":"ReadAction","target":["https:\/\/laprensacristiana.com\/?p=19121"]}]},{"@type":"BreadcrumbList","@id":"https:\/\/laprensacristiana.com\/?p=19121#breadcrumb","itemListElement":[{"@type":"ListItem","position":1,"name":"Portada","item":"https:\/\/laprensacristiana.com\/"},{"@type":"ListItem","position":2,"name":"CICAP grad\u00faa a 52 nuevos capellanes"}]},{"@type":"WebSite","@id":"https:\/\/laprensacristiana.com\/#website","url":"https:\/\/laprensacristiana.com\/","name":"La Prensa Cristiana","description":"Anunciando Las Buenas Nuevas","potentialAction":[{"@type":"SearchAction","target":{"@type":"EntryPoint","urlTemplate":"https:\/\/laprensacristiana.com\/?s={search_term_string}"},"query-input":"required name=search_term_string"}],"inLanguage":"es"},{"@type":"Person","@id":"https:\/\/laprensacristiana.com\/#\/schema\/person\/3e7d82c6bfd6b1fa67010f8f7cd5256e","name":"EDITOR","image":{"@type":"ImageObject","inLanguage":"es","@id":"https:\/\/laprensacristiana.com\/#\/schema\/person\/image\/","url":"https:\/\/secure.gravatar.com\/avatar\/72069dfb6c13772d9e8381e3638666d2?s=96&d=mm&r=g","contentUrl":"https:\/\/secure.gravatar.com\/avatar\/72069dfb6c13772d9e8381e3638666d2?s=96&d=mm&r=g","caption":"EDITOR"},"url":"https:\/\/laprensacristiana.com\/?author=3"}]}},"_links":{"self":[{"href":"https:\/\/laprensacristiana.com\/index.php?rest_route=\/wp\/v2\/posts\/19121"}],"collection":[{"href":"https:\/\/laprensacristiana.com\/index.php?rest_route=\/wp\/v2\/posts"}],"about":[{"href":"https:\/\/laprensacristiana.com\/index.php?rest_route=\/wp\/v2\/types\/post"}],"author":[{"embeddable":true,"href":"https:\/\/laprensacristiana.com\/index.php?rest_route=\/wp\/v2\/users\/3"}],"replies":[{"embeddable":true,"href":"https:\/\/laprensacristiana.com\/index.php?rest_route=%2Fwp%2Fv2%2Fcomments&post=19121"}],"version-history":[{"count":3,"href":"https:\/\/laprensacristiana.com\/index.php?rest_route=\/wp\/v2\/posts\/19121\/revisions"}],"predecessor-version":[{"id":19130,"href":"https:\/\/laprensacristiana.com\/index.php?rest_route=\/wp\/v2\/posts\/19121\/revisions\/19130"}],"wp:featuredmedia":[{"embeddable":true,"href":"https:\/\/laprensacristiana.com\/index.php?rest_route=\/wp\/v2\/media\/19122"}],"wp:attachment":[{"href":"https:\/\/laprensacristiana.com\/index.php?rest_route=%2Fwp%2Fv2%2Fmedia&parent=19121"}],"wp:term":[{"taxonomy":"category","embeddable":true,"href":"https:\/\/laprensacristiana.com\/index.php?rest_route=%2Fwp%2Fv2%2Fcategories&post=19121"},{"taxonomy":"post_tag","embeddable":true,"href":"https:\/\/laprensacristiana.com\/index.php?rest_route=%2Fwp%2Fv2%2Ftags&post=19121"}],"curies":[{"name":"wp","href":"https:\/\/api.w.org\/{rel}","templated":true}]}}