{"id":19154,"date":"2026-01-04T01:05:29","date_gmt":"2026-01-04T01:05:29","guid":{"rendered":"https:\/\/laprensacristiana.com\/?p=19154"},"modified":"2026-01-04T01:05:29","modified_gmt":"2026-01-04T01:05:29","slug":"secularizacion-raices-de-la-indiferencia","status":"publish","type":"post","link":"https:\/\/laprensacristiana.com\/?p=19154","title":{"rendered":"Secularizaci\u00f3n: ra\u00edces de la indiferencia"},"content":{"rendered":"\n<p>El&nbsp;secularismo&nbsp;es el principio de tratar de dirigir los asuntos humanos bas\u00e1ndose en principios y consideraciones derivados \u00fanicamente del mundo material, puede clasificarse como un proceso social y cultural en el que la religi\u00f3n pierde influencia. En otras palabras, es la tendencia a separar la religi\u00f3n de la vida cotidiana, educativa o social, y a enfocarse m\u00e1s en lo \u00abmundano\u00bb o \u00absecular\u00bb.<\/p>\n\n\n\n<p>Existen algunos puntos clave para interpretar la secularizaci\u00f3n entre los que destacan:<\/p>\n\n\n\n<p>&#8211; Aumento del individualismo: Las creencias y pr\u00e1cticas religiosas se vuelven m\u00e1s personales y menos parte de la identidad colectiva.<\/p>\n\n\n\n<p>&#8211; \u00c9nfasis en la racionalidad y la ciencia: La toma de decisiones se basa m\u00e1s en criterios seculares (ciencia, econom\u00eda, etc.) que en doctrinas religiosas.<\/p>\n\n\n\n<p>&#8211; Diversidad y pluralismo: En sociedades secularizadas, coexisten diversas creencias y visiones del mundo.<\/p>\n\n\n\n<p><em>La secularizaci\u00f3n puede tener varios impactos en la fe cristiana. <\/em>En sociedades cada vez m\u00e1s seculares, la fe cristiana puede ser vista como menos relevante para la vida diaria o la toma de decisiones.<\/p>\n\n\n\n<p>Puede llevar a un cristianismo m\u00e1s individualizado, donde la relaci\u00f3n con Dios es m\u00e1s privada y menos comunitaria.<\/p>\n\n\n\n<p><em>Ra\u00edces de la indiferencia:<\/em><\/p>\n\n\n\n<p>La ilustraci\u00f3n y el avance cient\u00edfico han promovido la raz\u00f3n sobre la fe, llevando a algunos a ver la religi\u00f3n como irrelevante para explicar el mundo.<\/p>\n\n\n\n<p>El auge de la tecnolog\u00eda y redes sociales puede desviar la atenci\u00f3n de las b\u00fasquedas espirituales.<\/p>\n\n\n\n<p>La diversidad de creencias y la globalizaci\u00f3n pueden generar confusi\u00f3n sobre qu\u00e9 es \u00abverdadero\u00bb, fomentando una actitud de \u00abtodo vale\u00bb o desinter\u00e9s.<\/p>\n\n\n\n<p>Algunas personas pueden mantener una identidad cristiana \u00abnominal\u00bb sin una pr\u00e1ctica o compromiso profundo.<\/p>\n\n\n\n<p>La secularizaci\u00f3n puede impulsar a las iglesias a replantear c\u00f3mo compartir el evangelio de manera relevante y contextualizada en un mundo diverso.<\/p>\n\n\n\n<p><\/p>\n","protected":false},"excerpt":{"rendered":"<p>El&nbsp;secularismo&nbsp;es el principio de tratar de dirigir los asuntos humanos bas\u00e1ndose en principios y consideraciones derivados \u00fanicamente del mundo material, puede clasificarse como un proceso social y cultural en el que la religi\u00f3n pierde influencia. En otras palabras, es la tendencia a separar la religi\u00f3n de la vida cotidiana, educativa o social, y a enfocarse [&hellip;]<\/p>\n","protected":false},"author":3,"featured_media":19155,"comment_status":"open","ping_status":"open","sticky":false,"template":"","format":"standard","meta":[],"categories":[119],"tags":[],"yoast_head":"<!-- This site is optimized with the Yoast SEO plugin v20.8 - https:\/\/yoast.com\/wordpress\/plugins\/seo\/ -->\n<title>Secularizaci\u00f3n: ra\u00edces de la indiferencia - La Prensa Cristiana<\/title>\n<meta name=\"robots\" content=\"index, follow, max-snippet:-1, max-image-preview:large, max-video-preview:-1\" \/>\n<link rel=\"canonical\" href=\"https:\/\/laprensacristiana.com\/?p=19154\" \/>\n<meta property=\"og:locale\" content=\"es_ES\" \/>\n<meta property=\"og:type\" content=\"article\" \/>\n<meta property=\"og:title\" content=\"Secularizaci\u00f3n: ra\u00edces de la indiferencia - La Prensa Cristiana\" \/>\n<meta property=\"og:description\" content=\"El&nbsp;secularismo&nbsp;es el principio de tratar de dirigir los asuntos humanos bas\u00e1ndose en principios y consideraciones derivados \u00fanicamente del mundo material, puede clasificarse como un proceso social y cultural en el que la religi\u00f3n pierde influencia. En otras palabras, es la tendencia a separar la religi\u00f3n de la vida cotidiana, educativa o social, y a enfocarse [&hellip;]\" \/>\n<meta property=\"og:url\" content=\"https:\/\/laprensacristiana.com\/?p=19154\" \/>\n<meta property=\"og:site_name\" content=\"La Prensa Cristiana\" \/>\n<meta property=\"article:published_time\" content=\"2026-01-04T01:05:29+00:00\" \/>\n<meta property=\"og:image\" content=\"https:\/\/laprensacristiana.com\/wp-content\/uploads\/2026\/01\/DE-PORTADA-1-805x1024.png\" \/>\n\t<meta property=\"og:image:width\" content=\"805\" \/>\n\t<meta property=\"og:image:height\" content=\"1024\" \/>\n\t<meta property=\"og:image:type\" content=\"image\/png\" \/>\n<meta name=\"author\" content=\"EDITOR\" \/>\n<meta name=\"twitter:card\" content=\"summary_large_image\" \/>\n<meta name=\"twitter:label1\" content=\"Escrito por\" \/>\n\t<meta name=\"twitter:data1\" content=\"EDITOR\" \/>\n\t<meta name=\"twitter:label2\" content=\"Tiempo de lectura\" \/>\n\t<meta name=\"twitter:data2\" content=\"2 minutos\" \/>\n<script type=\"application\/ld+json\" class=\"yoast-schema-graph\">{\"@context\":\"https:\/\/schema.org\",\"@graph\":[{\"@type\":\"WebPage\",\"@id\":\"https:\/\/laprensacristiana.com\/?p=19154\",\"url\":\"https:\/\/laprensacristiana.com\/?p=19154\",\"name\":\"Secularizaci\u00f3n: ra\u00edces de la indiferencia - La Prensa Cristiana\",\"isPartOf\":{\"@id\":\"https:\/\/laprensacristiana.com\/#website\"},\"datePublished\":\"2026-01-04T01:05:29+00:00\",\"dateModified\":\"2026-01-04T01:05:29+00:00\",\"author\":{\"@id\":\"https:\/\/laprensacristiana.com\/#\/schema\/person\/3e7d82c6bfd6b1fa67010f8f7cd5256e\"},\"breadcrumb\":{\"@id\":\"https:\/\/laprensacristiana.com\/?p=19154#breadcrumb\"},\"inLanguage\":\"es\",\"potentialAction\":[{\"@type\":\"ReadAction\",\"target\":[\"https:\/\/laprensacristiana.com\/?p=19154\"]}]},{\"@type\":\"BreadcrumbList\",\"@id\":\"https:\/\/laprensacristiana.com\/?p=19154#breadcrumb\",\"itemListElement\":[{\"@type\":\"ListItem\",\"position\":1,\"name\":\"Portada\",\"item\":\"https:\/\/laprensacristiana.com\/\"},{\"@type\":\"ListItem\",\"position\":2,\"name\":\"Secularizaci\u00f3n: ra\u00edces de la indiferencia\"}]},{\"@type\":\"WebSite\",\"@id\":\"https:\/\/laprensacristiana.com\/#website\",\"url\":\"https:\/\/laprensacristiana.com\/\",\"name\":\"La Prensa Cristiana\",\"description\":\"Anunciando Las Buenas Nuevas\",\"potentialAction\":[{\"@type\":\"SearchAction\",\"target\":{\"@type\":\"EntryPoint\",\"urlTemplate\":\"https:\/\/laprensacristiana.com\/?s={search_term_string}\"},\"query-input\":\"required name=search_term_string\"}],\"inLanguage\":\"es\"},{\"@type\":\"Person\",\"@id\":\"https:\/\/laprensacristiana.com\/#\/schema\/person\/3e7d82c6bfd6b1fa67010f8f7cd5256e\",\"name\":\"EDITOR\",\"image\":{\"@type\":\"ImageObject\",\"inLanguage\":\"es\",\"@id\":\"https:\/\/laprensacristiana.com\/#\/schema\/person\/image\/\",\"url\":\"https:\/\/secure.gravatar.com\/avatar\/72069dfb6c13772d9e8381e3638666d2?s=96&d=mm&r=g\",\"contentUrl\":\"https:\/\/secure.gravatar.com\/avatar\/72069dfb6c13772d9e8381e3638666d2?s=96&d=mm&r=g\",\"caption\":\"EDITOR\"},\"url\":\"https:\/\/laprensacristiana.com\/?author=3\"}]}<\/script>\n<!-- \/ Yoast SEO plugin. -->","yoast_head_json":{"title":"Secularizaci\u00f3n: ra\u00edces de la indiferencia - La Prensa Cristiana","robots":{"index":"index","follow":"follow","max-snippet":"max-snippet:-1","max-image-preview":"max-image-preview:large","max-video-preview":"max-video-preview:-1"},"canonical":"https:\/\/laprensacristiana.com\/?p=19154","og_locale":"es_ES","og_type":"article","og_title":"Secularizaci\u00f3n: ra\u00edces de la indiferencia - La Prensa Cristiana","og_description":"El&nbsp;secularismo&nbsp;es el principio de tratar de dirigir los asuntos humanos bas\u00e1ndose en principios y consideraciones derivados \u00fanicamente del mundo material, puede clasificarse como un proceso social y cultural en el que la religi\u00f3n pierde influencia. En otras palabras, es la tendencia a separar la religi\u00f3n de la vida cotidiana, educativa o social, y a enfocarse [&hellip;]","og_url":"https:\/\/laprensacristiana.com\/?p=19154","og_site_name":"La Prensa Cristiana","article_published_time":"2026-01-04T01:05:29+00:00","og_image":[{"width":805,"height":1024,"url":"https:\/\/laprensacristiana.com\/wp-content\/uploads\/2026\/01\/DE-PORTADA-1-805x1024.png","type":"image\/png"}],"author":"EDITOR","twitter_card":"summary_large_image","twitter_misc":{"Escrito por":"EDITOR","Tiempo de lectura":"2 minutos"},"schema":{"@context":"https:\/\/schema.org","@graph":[{"@type":"WebPage","@id":"https:\/\/laprensacristiana.com\/?p=19154","url":"https:\/\/laprensacristiana.com\/?p=19154","name":"Secularizaci\u00f3n: ra\u00edces de la indiferencia - La Prensa Cristiana","isPartOf":{"@id":"https:\/\/laprensacristiana.com\/#website"},"datePublished":"2026-01-04T01:05:29+00:00","dateModified":"2026-01-04T01:05:29+00:00","author":{"@id":"https:\/\/laprensacristiana.com\/#\/schema\/person\/3e7d82c6bfd6b1fa67010f8f7cd5256e"},"breadcrumb":{"@id":"https:\/\/laprensacristiana.com\/?p=19154#breadcrumb"},"inLanguage":"es","potentialAction":[{"@type":"ReadAction","target":["https:\/\/laprensacristiana.com\/?p=19154"]}]},{"@type":"BreadcrumbList","@id":"https:\/\/laprensacristiana.com\/?p=19154#breadcrumb","itemListElement":[{"@type":"ListItem","position":1,"name":"Portada","item":"https:\/\/laprensacristiana.com\/"},{"@type":"ListItem","position":2,"name":"Secularizaci\u00f3n: ra\u00edces de la indiferencia"}]},{"@type":"WebSite","@id":"https:\/\/laprensacristiana.com\/#website","url":"https:\/\/laprensacristiana.com\/","name":"La Prensa Cristiana","description":"Anunciando Las Buenas Nuevas","potentialAction":[{"@type":"SearchAction","target":{"@type":"EntryPoint","urlTemplate":"https:\/\/laprensacristiana.com\/?s={search_term_string}"},"query-input":"required name=search_term_string"}],"inLanguage":"es"},{"@type":"Person","@id":"https:\/\/laprensacristiana.com\/#\/schema\/person\/3e7d82c6bfd6b1fa67010f8f7cd5256e","name":"EDITOR","image":{"@type":"ImageObject","inLanguage":"es","@id":"https:\/\/laprensacristiana.com\/#\/schema\/person\/image\/","url":"https:\/\/secure.gravatar.com\/avatar\/72069dfb6c13772d9e8381e3638666d2?s=96&d=mm&r=g","contentUrl":"https:\/\/secure.gravatar.com\/avatar\/72069dfb6c13772d9e8381e3638666d2?s=96&d=mm&r=g","caption":"EDITOR"},"url":"https:\/\/laprensacristiana.com\/?author=3"}]}},"_links":{"self":[{"href":"https:\/\/laprensacristiana.com\/index.php?rest_route=\/wp\/v2\/posts\/19154"}],"collection":[{"href":"https:\/\/laprensacristiana.com\/index.php?rest_route=\/wp\/v2\/posts"}],"about":[{"href":"https:\/\/laprensacristiana.com\/index.php?rest_route=\/wp\/v2\/types\/post"}],"author":[{"embeddable":true,"href":"https:\/\/laprensacristiana.com\/index.php?rest_route=\/wp\/v2\/users\/3"}],"replies":[{"embeddable":true,"href":"https:\/\/laprensacristiana.com\/index.php?rest_route=%2Fwp%2Fv2%2Fcomments&post=19154"}],"version-history":[{"count":1,"href":"https:\/\/laprensacristiana.com\/index.php?rest_route=\/wp\/v2\/posts\/19154\/revisions"}],"predecessor-version":[{"id":19156,"href":"https:\/\/laprensacristiana.com\/index.php?rest_route=\/wp\/v2\/posts\/19154\/revisions\/19156"}],"wp:featuredmedia":[{"embeddable":true,"href":"https:\/\/laprensacristiana.com\/index.php?rest_route=\/wp\/v2\/media\/19155"}],"wp:attachment":[{"href":"https:\/\/laprensacristiana.com\/index.php?rest_route=%2Fwp%2Fv2%2Fmedia&parent=19154"}],"wp:term":[{"taxonomy":"category","embeddable":true,"href":"https:\/\/laprensacristiana.com\/index.php?rest_route=%2Fwp%2Fv2%2Fcategories&post=19154"},{"taxonomy":"post_tag","embeddable":true,"href":"https:\/\/laprensacristiana.com\/index.php?rest_route=%2Fwp%2Fv2%2Ftags&post=19154"}],"curies":[{"name":"wp","href":"https:\/\/api.w.org\/{rel}","templated":true}]}}