{"id":19196,"date":"2026-01-20T15:50:43","date_gmt":"2026-01-20T15:50:43","guid":{"rendered":"https:\/\/laprensacristiana.com\/?p=19196"},"modified":"2026-01-20T15:50:43","modified_gmt":"2026-01-20T15:50:43","slug":"gabby-chacon-lanza-su-nuevo-sencillo-un-abrazo-al-corazon","status":"publish","type":"post","link":"https:\/\/laprensacristiana.com\/?p=19196","title":{"rendered":"Gabby Chac\u00f3n lanza su nuevo sencillo \u201cUn abrazo al coraz\u00f3n\u201d"},"content":{"rendered":"\n<p>Una canci\u00f3n de consuelo, fe y esperanza en medio del duelo.<\/p>\n\n\n\n<p>La cantante y compositora salvadore\u00f1a Gabby Chac\u00f3n presenta su nuevo sencillo \u201cUn abrazo al coraz\u00f3n\u201d, una balada pop profundamente emotiva que nace<\/p>\n\n\n\n<p>desde una de las experiencias m\u00e1s dolorosas de su vida: la p\u00e9rdida de su padre en noviembre de 2024.<\/p>\n\n\n\n<p>\u201cUn abrazo al coraz\u00f3n\u201d fue escrita d\u00edas despu\u00e9s de atravesar el duelo m\u00e1s grande de su vida, junto a su hermano Coca Chac\u00f3n, quien colabora como int\u00e9rprete y compositor tambi\u00e9n.<\/p>\n\n\n\n<p>Una etapa marcada por el dolor, las l\u00e1grimas y las preguntas, pero tambi\u00e9n por una experiencia constante del amor de Dios como refugio, consuelo y compa\u00f1\u00eda. La canci\u00f3n retrata con honestidad el proceso de llorar, dudar y sanar, recordando que Dios no juzga nuestro dolor, sino que permanece firme aun en medio de la tempestad.<\/p>\n\n\n\n<p>Con una letra \u00edntima y una melod\u00eda sensible, el sencillo conecta con todas aquellas personas que han perdido a alguien o algo que amaban profundamente, ofreciendo un mensaje de esperanza: tener el amor de Dios es, verdaderamente, un abrazo al coraz\u00f3n.<\/p>\n\n\n\n<p>Musicalmente, el tema se presenta como una balada pop, producida, mezclada y masterizada por Josu\u00e9 de la O, con la participaci\u00f3n musical de Coca Chac\u00f3n, quien tambi\u00e9n colabora como compositor.<\/p>\n\n\n\n<p>La grabaci\u00f3n se realiz\u00f3 en G\u00e9nesis Estudios y en Gabby Chac\u00f3n Escuela de M\u00fasica, en El Salvador. Este lanzamiento reafirma la esencia art\u00edstica y espiritual de Gabby Chac\u00f3n, una voz que combina fe, sensibilidad y verdad, y que busca acompa\u00f1ar a quienes atraviesan procesos de duelo, record\u00e1ndoles que no est\u00e1n solos.<\/p>\n\n\n\n<figure class=\"wp-block-embed is-type-video is-provider-youtube wp-block-embed-youtube wp-embed-aspect-4-3 wp-has-aspect-ratio\"><div class=\"wp-block-embed__wrapper\">\n<div class=\"youtube-embed\" data-video_id=\"7Xu_OkUq9UE\"><iframe loading=\"lazy\" title=\"Un Abrazo al Coraz\u00f3n\" width=\"696\" height=\"522\" src=\"https:\/\/www.youtube.com\/embed\/7Xu_OkUq9UE?feature=oembed&#038;enablejsapi=1\" frameborder=\"0\" allow=\"accelerometer; autoplay; clipboard-write; encrypted-media; gyroscope; picture-in-picture; web-share\" referrerpolicy=\"strict-origin-when-cross-origin\" allowfullscreen><\/iframe><\/div>\n<\/div><\/figure>\n","protected":false},"excerpt":{"rendered":"<p>Una canci\u00f3n de consuelo, fe y esperanza en medio del duelo. La cantante y compositora salvadore\u00f1a Gabby Chac\u00f3n presenta su nuevo sencillo \u201cUn abrazo al coraz\u00f3n\u201d, una balada pop profundamente emotiva que nace desde una de las experiencias m\u00e1s dolorosas de su vida: la p\u00e9rdida de su padre en noviembre de 2024. \u201cUn abrazo al [&hellip;]<\/p>\n","protected":false},"author":3,"featured_media":19197,"comment_status":"open","ping_status":"open","sticky":false,"template":"","format":"standard","meta":[],"categories":[114],"tags":[],"yoast_head":"<!-- This site is optimized with the Yoast SEO plugin v20.8 - https:\/\/yoast.com\/wordpress\/plugins\/seo\/ -->\n<title>Gabby Chac\u00f3n lanza su nuevo sencillo \u201cUn abrazo al coraz\u00f3n\u201d - La Prensa Cristiana<\/title>\n<meta name=\"robots\" content=\"index, follow, max-snippet:-1, max-image-preview:large, max-video-preview:-1\" \/>\n<link rel=\"canonical\" href=\"https:\/\/laprensacristiana.com\/?p=19196\" \/>\n<meta property=\"og:locale\" content=\"es_ES\" \/>\n<meta property=\"og:type\" content=\"article\" \/>\n<meta property=\"og:title\" content=\"Gabby Chac\u00f3n lanza su nuevo sencillo \u201cUn abrazo al coraz\u00f3n\u201d - La Prensa Cristiana\" \/>\n<meta property=\"og:description\" content=\"Una canci\u00f3n de consuelo, fe y esperanza en medio del duelo. La cantante y compositora salvadore\u00f1a Gabby Chac\u00f3n presenta su nuevo sencillo \u201cUn abrazo al coraz\u00f3n\u201d, una balada pop profundamente emotiva que nace desde una de las experiencias m\u00e1s dolorosas de su vida: la p\u00e9rdida de su padre en noviembre de 2024. \u201cUn abrazo al [&hellip;]\" \/>\n<meta property=\"og:url\" content=\"https:\/\/laprensacristiana.com\/?p=19196\" \/>\n<meta property=\"og:site_name\" content=\"La Prensa Cristiana\" \/>\n<meta property=\"article:published_time\" content=\"2026-01-20T15:50:43+00:00\" \/>\n<meta property=\"og:image\" content=\"https:\/\/laprensacristiana.com\/wp-content\/uploads\/2026\/01\/WhatsApp-Image-2026-01-19-at-11.05.28-AM.jpeg\" \/>\n\t<meta property=\"og:image:width\" content=\"1600\" \/>\n\t<meta property=\"og:image:height\" content=\"1600\" \/>\n\t<meta property=\"og:image:type\" content=\"image\/jpeg\" \/>\n<meta name=\"author\" content=\"EDITOR\" \/>\n<meta name=\"twitter:card\" content=\"summary_large_image\" \/>\n<meta name=\"twitter:label1\" content=\"Escrito por\" \/>\n\t<meta name=\"twitter:data1\" content=\"EDITOR\" \/>\n\t<meta name=\"twitter:label2\" content=\"Tiempo de lectura\" \/>\n\t<meta name=\"twitter:data2\" content=\"2 minutos\" \/>\n<script type=\"application\/ld+json\" class=\"yoast-schema-graph\">{\"@context\":\"https:\/\/schema.org\",\"@graph\":[{\"@type\":\"WebPage\",\"@id\":\"https:\/\/laprensacristiana.com\/?p=19196\",\"url\":\"https:\/\/laprensacristiana.com\/?p=19196\",\"name\":\"Gabby Chac\u00f3n lanza su nuevo sencillo \u201cUn abrazo al coraz\u00f3n\u201d - La Prensa Cristiana\",\"isPartOf\":{\"@id\":\"https:\/\/laprensacristiana.com\/#website\"},\"datePublished\":\"2026-01-20T15:50:43+00:00\",\"dateModified\":\"2026-01-20T15:50:43+00:00\",\"author\":{\"@id\":\"https:\/\/laprensacristiana.com\/#\/schema\/person\/3e7d82c6bfd6b1fa67010f8f7cd5256e\"},\"breadcrumb\":{\"@id\":\"https:\/\/laprensacristiana.com\/?p=19196#breadcrumb\"},\"inLanguage\":\"es\",\"potentialAction\":[{\"@type\":\"ReadAction\",\"target\":[\"https:\/\/laprensacristiana.com\/?p=19196\"]}]},{\"@type\":\"BreadcrumbList\",\"@id\":\"https:\/\/laprensacristiana.com\/?p=19196#breadcrumb\",\"itemListElement\":[{\"@type\":\"ListItem\",\"position\":1,\"name\":\"Portada\",\"item\":\"https:\/\/laprensacristiana.com\/\"},{\"@type\":\"ListItem\",\"position\":2,\"name\":\"Gabby Chac\u00f3n lanza su nuevo sencillo \u201cUn abrazo al coraz\u00f3n\u201d\"}]},{\"@type\":\"WebSite\",\"@id\":\"https:\/\/laprensacristiana.com\/#website\",\"url\":\"https:\/\/laprensacristiana.com\/\",\"name\":\"La Prensa Cristiana\",\"description\":\"Anunciando Las Buenas Nuevas\",\"potentialAction\":[{\"@type\":\"SearchAction\",\"target\":{\"@type\":\"EntryPoint\",\"urlTemplate\":\"https:\/\/laprensacristiana.com\/?s={search_term_string}\"},\"query-input\":\"required name=search_term_string\"}],\"inLanguage\":\"es\"},{\"@type\":\"Person\",\"@id\":\"https:\/\/laprensacristiana.com\/#\/schema\/person\/3e7d82c6bfd6b1fa67010f8f7cd5256e\",\"name\":\"EDITOR\",\"image\":{\"@type\":\"ImageObject\",\"inLanguage\":\"es\",\"@id\":\"https:\/\/laprensacristiana.com\/#\/schema\/person\/image\/\",\"url\":\"https:\/\/secure.gravatar.com\/avatar\/72069dfb6c13772d9e8381e3638666d2?s=96&d=mm&r=g\",\"contentUrl\":\"https:\/\/secure.gravatar.com\/avatar\/72069dfb6c13772d9e8381e3638666d2?s=96&d=mm&r=g\",\"caption\":\"EDITOR\"},\"url\":\"https:\/\/laprensacristiana.com\/?author=3\"}]}<\/script>\n<!-- \/ Yoast SEO plugin. -->","yoast_head_json":{"title":"Gabby Chac\u00f3n lanza su nuevo sencillo \u201cUn abrazo al coraz\u00f3n\u201d - La Prensa Cristiana","robots":{"index":"index","follow":"follow","max-snippet":"max-snippet:-1","max-image-preview":"max-image-preview:large","max-video-preview":"max-video-preview:-1"},"canonical":"https:\/\/laprensacristiana.com\/?p=19196","og_locale":"es_ES","og_type":"article","og_title":"Gabby Chac\u00f3n lanza su nuevo sencillo \u201cUn abrazo al coraz\u00f3n\u201d - La Prensa Cristiana","og_description":"Una canci\u00f3n de consuelo, fe y esperanza en medio del duelo. La cantante y compositora salvadore\u00f1a Gabby Chac\u00f3n presenta su nuevo sencillo \u201cUn abrazo al coraz\u00f3n\u201d, una balada pop profundamente emotiva que nace desde una de las experiencias m\u00e1s dolorosas de su vida: la p\u00e9rdida de su padre en noviembre de 2024. \u201cUn abrazo al [&hellip;]","og_url":"https:\/\/laprensacristiana.com\/?p=19196","og_site_name":"La Prensa Cristiana","article_published_time":"2026-01-20T15:50:43+00:00","og_image":[{"width":1600,"height":1600,"url":"https:\/\/laprensacristiana.com\/wp-content\/uploads\/2026\/01\/WhatsApp-Image-2026-01-19-at-11.05.28-AM.jpeg","type":"image\/jpeg"}],"author":"EDITOR","twitter_card":"summary_large_image","twitter_misc":{"Escrito por":"EDITOR","Tiempo de lectura":"2 minutos"},"schema":{"@context":"https:\/\/schema.org","@graph":[{"@type":"WebPage","@id":"https:\/\/laprensacristiana.com\/?p=19196","url":"https:\/\/laprensacristiana.com\/?p=19196","name":"Gabby Chac\u00f3n lanza su nuevo sencillo \u201cUn abrazo al coraz\u00f3n\u201d - La Prensa Cristiana","isPartOf":{"@id":"https:\/\/laprensacristiana.com\/#website"},"datePublished":"2026-01-20T15:50:43+00:00","dateModified":"2026-01-20T15:50:43+00:00","author":{"@id":"https:\/\/laprensacristiana.com\/#\/schema\/person\/3e7d82c6bfd6b1fa67010f8f7cd5256e"},"breadcrumb":{"@id":"https:\/\/laprensacristiana.com\/?p=19196#breadcrumb"},"inLanguage":"es","potentialAction":[{"@type":"ReadAction","target":["https:\/\/laprensacristiana.com\/?p=19196"]}]},{"@type":"BreadcrumbList","@id":"https:\/\/laprensacristiana.com\/?p=19196#breadcrumb","itemListElement":[{"@type":"ListItem","position":1,"name":"Portada","item":"https:\/\/laprensacristiana.com\/"},{"@type":"ListItem","position":2,"name":"Gabby Chac\u00f3n lanza su nuevo sencillo \u201cUn abrazo al coraz\u00f3n\u201d"}]},{"@type":"WebSite","@id":"https:\/\/laprensacristiana.com\/#website","url":"https:\/\/laprensacristiana.com\/","name":"La Prensa Cristiana","description":"Anunciando Las Buenas Nuevas","potentialAction":[{"@type":"SearchAction","target":{"@type":"EntryPoint","urlTemplate":"https:\/\/laprensacristiana.com\/?s={search_term_string}"},"query-input":"required name=search_term_string"}],"inLanguage":"es"},{"@type":"Person","@id":"https:\/\/laprensacristiana.com\/#\/schema\/person\/3e7d82c6bfd6b1fa67010f8f7cd5256e","name":"EDITOR","image":{"@type":"ImageObject","inLanguage":"es","@id":"https:\/\/laprensacristiana.com\/#\/schema\/person\/image\/","url":"https:\/\/secure.gravatar.com\/avatar\/72069dfb6c13772d9e8381e3638666d2?s=96&d=mm&r=g","contentUrl":"https:\/\/secure.gravatar.com\/avatar\/72069dfb6c13772d9e8381e3638666d2?s=96&d=mm&r=g","caption":"EDITOR"},"url":"https:\/\/laprensacristiana.com\/?author=3"}]}},"_links":{"self":[{"href":"https:\/\/laprensacristiana.com\/index.php?rest_route=\/wp\/v2\/posts\/19196"}],"collection":[{"href":"https:\/\/laprensacristiana.com\/index.php?rest_route=\/wp\/v2\/posts"}],"about":[{"href":"https:\/\/laprensacristiana.com\/index.php?rest_route=\/wp\/v2\/types\/post"}],"author":[{"embeddable":true,"href":"https:\/\/laprensacristiana.com\/index.php?rest_route=\/wp\/v2\/users\/3"}],"replies":[{"embeddable":true,"href":"https:\/\/laprensacristiana.com\/index.php?rest_route=%2Fwp%2Fv2%2Fcomments&post=19196"}],"version-history":[{"count":1,"href":"https:\/\/laprensacristiana.com\/index.php?rest_route=\/wp\/v2\/posts\/19196\/revisions"}],"predecessor-version":[{"id":19198,"href":"https:\/\/laprensacristiana.com\/index.php?rest_route=\/wp\/v2\/posts\/19196\/revisions\/19198"}],"wp:featuredmedia":[{"embeddable":true,"href":"https:\/\/laprensacristiana.com\/index.php?rest_route=\/wp\/v2\/media\/19197"}],"wp:attachment":[{"href":"https:\/\/laprensacristiana.com\/index.php?rest_route=%2Fwp%2Fv2%2Fmedia&parent=19196"}],"wp:term":[{"taxonomy":"category","embeddable":true,"href":"https:\/\/laprensacristiana.com\/index.php?rest_route=%2Fwp%2Fv2%2Fcategories&post=19196"},{"taxonomy":"post_tag","embeddable":true,"href":"https:\/\/laprensacristiana.com\/index.php?rest_route=%2Fwp%2Fv2%2Ftags&post=19196"}],"curies":[{"name":"wp","href":"https:\/\/api.w.org\/{rel}","templated":true}]}}