{"id":19200,"date":"2026-01-23T20:12:44","date_gmt":"2026-01-23T20:12:44","guid":{"rendered":"https:\/\/laprensacristiana.com\/?p=19200"},"modified":"2026-01-23T20:39:06","modified_gmt":"2026-01-23T20:39:06","slug":"ray-corea-el-festival-por-la-vida-mas-que-un-evento-es-un-proceso","status":"publish","type":"post","link":"https:\/\/laprensacristiana.com\/?p=19200","title":{"rendered":"Ray Corea: \u00abEl Festival por la Vida m\u00e1s que un evento es un proceso\u00bb"},"content":{"rendered":"\n<p>Seg\u00fan explican sus organizadores, el Festival por la Vida no comienza el d\u00eda del concierto ni termina cuando se apagan las luces del escenario. Meses antes, un equipo se prepara, se involucra con comunidades, camina junto a iglesias, desarrolla obras sociales, capacita l\u00edderes y acompa\u00f1a a personas en cada etapa del recorrido.<br><br>El festival es la culminaci\u00f3n visible de un trabajo silencioso: servicio, formaci\u00f3n, encuentros, aprendizaje y comunidad. Es el momento donde todo lo sembrado se celebra juntos, en un espacio abierto, gratuito y pensado para todos. Eso es Festival por la Vida: un proceso que transforma conecta y deja huella mucho m\u00e1s all\u00e1 de un d\u00eda.<\/p>\n\n\n\n<p><em>Recientemente La Prensa Cristiana convers\u00f3 con el pastor y comunicador costarricense Ray Corea, quien es parte del equipo del Festival por la Vida con Mike Silva, para interpretar \u00bfQu\u00e9 est\u00e1n haciendo por El Salvador? Y \u00bfC\u00f3mo es qu\u00e9 concluyeron que este era el pa\u00eds donde deb\u00edan estar este a\u00f1o?<\/em><\/p>\n\n\n\n<p>Ray Corea es un comunicador costarricense con 33 a\u00f1os de experiencia en radio, televisi\u00f3n y prensa, tanto a nivel nacional como internacional. A lo largo de su trayectoria ha participado en proyectos de alto impacto vinculados a la comunicaci\u00f3n, el liderazgo, la formaci\u00f3n humana y la producci\u00f3n de contenidos con prop\u00f3sito.<\/p>\n\n\n\n<p><em>&nbsp;A continuaci\u00f3n, compartimos un extracto de dicha entrevista.<\/em><\/p>\n\n\n\n<p><strong>\u00bfCu\u00e1les son los ejes de acci\u00f3n con los que trabaja el Festival por la Vida?<\/strong><\/p>\n\n\n\n<p>El Festival por la Vida trabaja en 3 ejes, buena vida, buena m\u00fasica y buenas noticias, es un proyecto que dura m\u00e1s de un a\u00f1o, donde se va a los pa\u00edses, un equipo se queda viviendo en el pa\u00eds y despu\u00e9s se empieza a desarrollar eventos comunales, acciones sociales, capacitaciones tanto a gobiernos locales como a gobiernos eclesi\u00e1sticos, realizando proyectos sociales, entrenamientos, y una actividad principal, que para este caso es el 14 de marzo, en el Parque El Cafetal\u00f3n, en Santa Tecla, pero como no somos un evento, despu\u00e9s de eso seguimos trabajando para que los frutos que se logren, sea un fruto que permanezca, perseguimos motivar, inspirar y &nbsp;ayudar a la transformaci\u00f3n de un pa\u00eds.<\/p>\n\n\n\n<p><strong>\u00bfQu\u00e9 hace que consideren a El Salvador en una tercera ocasi\u00f3n para realizar el festival?<\/strong><\/p>\n\n\n\n<p>Tenemos muchas invitaciones a diferentes pa\u00edses, pero el pastor Mike Silva, quien es el presidente de Mike Silva International, junto al equipo de lideres que somos parte, siempre se mantiene una continua oraci\u00f3n, y Dios indica cual es el lugar donde se tiene que ir, y nos indic\u00f3 que era el tiempo para El Salvador, y hace que volvamos a este pa\u00eds, siempre hay un por qu\u00e9 y eso lo vamos descubriendo conforme van pasando los d\u00edas.<\/p>\n\n\n\n<p><strong>\u00bfCu\u00e1l es la conceptualizaci\u00f3n que tienen sobre El Salvador en la actualidad?<\/strong><\/p>\n\n\n\n<p>Es un pa\u00eds que Dios ha permitido que haga un cambio radical, y nosotros queremos ser guiados por Dios para aportar, hay m\u00e1s por hacer, se ha venido transformando, y queremos venir a aportar en medio del proceso que se est\u00e1 viviendo.<\/p>\n\n\n\n<figure class=\"wp-block-image size-large is-resized\"><img decoding=\"async\" loading=\"lazy\" src=\"https:\/\/laprensacristiana.com\/wp-content\/uploads\/2026\/01\/DSC04544-redes-1024x683.jpg\" alt=\"\" class=\"wp-image-19206\" width=\"748\" height=\"498\" srcset=\"https:\/\/laprensacristiana.com\/wp-content\/uploads\/2026\/01\/DSC04544-redes-1024x683.jpg 1024w, https:\/\/laprensacristiana.com\/wp-content\/uploads\/2026\/01\/DSC04544-redes-300x200.jpg 300w, https:\/\/laprensacristiana.com\/wp-content\/uploads\/2026\/01\/DSC04544-redes-768x512.jpg 768w, https:\/\/laprensacristiana.com\/wp-content\/uploads\/2026\/01\/DSC04544-redes-1536x1024.jpg 1536w, https:\/\/laprensacristiana.com\/wp-content\/uploads\/2026\/01\/DSC04544-redes-2048x1365.jpg 2048w, https:\/\/laprensacristiana.com\/wp-content\/uploads\/2026\/01\/DSC04544-redes-696x464.jpg 696w, https:\/\/laprensacristiana.com\/wp-content\/uploads\/2026\/01\/DSC04544-redes-1068x712.jpg 1068w, https:\/\/laprensacristiana.com\/wp-content\/uploads\/2026\/01\/DSC04544-redes-1920x1280.jpg 1920w, https:\/\/laprensacristiana.com\/wp-content\/uploads\/2026\/01\/DSC04544-redes-600x400.jpg 600w\" sizes=\"(max-width: 748px) 100vw, 748px\" \/><figcaption class=\"wp-element-caption\">Pasto Ray Corea posando con un ejemplar de La Revista Cristiana. <\/figcaption><\/figure>\n\n\n\n<p><strong>\u00bfC\u00f3mo Ray Corea se integra al equipo de Mike Silva?<\/strong><\/p>\n\n\n\n<p>Tengo una relaci\u00f3n con el Ministerio de Mike Silva desde hace 7 a\u00f1os, y la primera vez que lo conoc\u00ed est\u00e1bamos con el pastor Bayron Lechuga y Jimmy Acevedo, en un evento de EXPOLIT en Miami, yo estaba coordinando todo lo que ten\u00eda que ver con ENLACE, recuerdo que me invitaron a almorzar y en mi tel\u00e9fono andaba una foto de mi familia, el pastor Mike lo tom\u00f3 y comenz\u00f3 a orar por mi familia, desde ese momento ellos iniciaron a orar y pedirle direcci\u00f3n a Dios si era la persona que ellos necesitaban para lo pr\u00f3ximo que ven\u00eda, pasaron los a\u00f1os, me invitaron a proyectos, Dios ten\u00eda una forma de cambiar las cosas, complet\u00e9 mi proceso administrativo con ENLACE, sigo siendo parte de la junta directiva de ENLACE INTERNACIONAL, pero al salir de la parte administrativa, ellos me confirman y me dicen: \u201cQueremos que nos apoyes\u201d, pero pasaron alrededor de 2 a\u00f1os que yo solo llegaba a los eventos, sin ser parte del equipo, hasta que me dijeron que ya era el tiempo. \u00a0<\/p>\n\n\n\n<p><strong>A su criterio \u00bfConsidera que parte de los resultados que obtienen se debe al equipo que conforma el festival?<\/strong><\/p>\n\n\n\n<p>La intencionalidad se la debemos a Dios, el \u00e9xito del Ministerio de Mike Silva y de todos los colaboradores, que somos parte de este ministerio es que entendemos que no somos nosotros, que es nuestro servicio a la obra de Dios, ninguno quiere figurar sobre otro, si a alguien se le encarga un proyecto todo el resto del equipo lo va a acuerpar para que todo el proyecto salga bien, porque entendemos que no somos nosotros, no es para que figure yo, ni para que figure el pastor Byron, ni el pastor Gerardo, ni Jimmy, ninguno del equipo, es para que brille el Se\u00f1or Jesucristo, esto lo entendemos desde el liderazgo del pastor Mike Silva. &nbsp;<\/p>\n\n\n\n<p><strong>\u00bfQui\u00e9n es Mike Silva?<\/strong><\/p>\n\n\n\n<p>El pastor Mike Silva es un hombre nacido en los Estados Unidos, de padres portugueses, criado en Estados Unidos y Brasil, con un coraz\u00f3n amante de los latinos. Pierde a su padre muy joven, ante ese suceso vive una etapa de rebeld\u00eda y enojo contra Dios, hasta que un d\u00eda Dios se le revela, cambia su vida y se prepara en las misiones junto a su esposa Crystal, es un hombre que entendi\u00f3 que deb\u00eda capacitarse, algo que lo caracteriza es el coraz\u00f3n de servir y capacitarse, ha estado con grandes hombres de Dios como Billy Graham, Luis Palau entre otros, ha estado ah\u00ed sirviendo, porque \u00e9l entiende que no se trata de su persona, ni es lo que vaya a hacer como l\u00edder, sino que es el servicio, y esto es lo que transmite al equipo, constantemente expresa: \u201cEsto no es m\u00edo, esto es del Se\u00f1or, \u00c9l va a hacer un milagro\u201d, la cabeza es la que nos hace ver y entender cu\u00e1l es el coraz\u00f3n con el que se trabaja. El pastor Mike hace m\u00e1s de un a\u00f1o perdi\u00f3 a su hija mayor, quien falleci\u00f3 de c\u00e1ncer, y en medio de ese proceso \u00e9l nunca se quej\u00f3, no dijo: \u201cNo voy a ir porque mi hija est\u00e1 muriendo\u201d, \u201cNo voy a hacer esta cruzada\u201d, \u201cNo voy a ir a este lugar\u201d, \u00e9l siempre fue, y su hija le dec\u00eda: \u201cPap\u00e1 vaya que yo voy a estar bien, vaya y no deje de predicar\u201d; cuando usted ve que una familia tiene ese coraz\u00f3n y existe ese desprendimiento, uno entiende que se trata de morir a nosotros para que Cristo pueda ser glorificado.<\/p>\n\n\n\n<figure class=\"wp-block-image size-large\"><img decoding=\"async\" loading=\"lazy\" width=\"1024\" height=\"768\" src=\"https:\/\/laprensacristiana.com\/wp-content\/uploads\/2026\/01\/612546224_1345669287605004_2859933403719337346_n-1-1024x768.jpg\" alt=\"\" class=\"wp-image-19204\" srcset=\"https:\/\/laprensacristiana.com\/wp-content\/uploads\/2026\/01\/612546224_1345669287605004_2859933403719337346_n-1-1024x768.jpg 1024w, https:\/\/laprensacristiana.com\/wp-content\/uploads\/2026\/01\/612546224_1345669287605004_2859933403719337346_n-1-300x225.jpg 300w, https:\/\/laprensacristiana.com\/wp-content\/uploads\/2026\/01\/612546224_1345669287605004_2859933403719337346_n-1-768x576.jpg 768w, https:\/\/laprensacristiana.com\/wp-content\/uploads\/2026\/01\/612546224_1345669287605004_2859933403719337346_n-1-1536x1152.jpg 1536w, https:\/\/laprensacristiana.com\/wp-content\/uploads\/2026\/01\/612546224_1345669287605004_2859933403719337346_n-1-696x522.jpg 696w, https:\/\/laprensacristiana.com\/wp-content\/uploads\/2026\/01\/612546224_1345669287605004_2859933403719337346_n-1-1068x801.jpg 1068w, https:\/\/laprensacristiana.com\/wp-content\/uploads\/2026\/01\/612546224_1345669287605004_2859933403719337346_n-1-1920x1440.jpg 1920w, https:\/\/laprensacristiana.com\/wp-content\/uploads\/2026\/01\/612546224_1345669287605004_2859933403719337346_n-1-600x450.jpg 600w, https:\/\/laprensacristiana.com\/wp-content\/uploads\/2026\/01\/612546224_1345669287605004_2859933403719337346_n-1.jpg 2048w\" sizes=\"(max-width: 1024px) 100vw, 1024px\" \/><figcaption class=\"wp-element-caption\">En la imagen: Pastor Mike Silva, fundador del Ministerio Mike Silva International. <\/figcaption><\/figure>\n\n\n\n<p><strong>\u00bfC\u00f3mo se hace para morir al yo, para que Dios pueda glorificarse?<\/strong><\/p>\n\n\n\n<p>Vengo de un mundo de medios de comunicaci\u00f3n donde el ego est\u00e1 a la orden del d\u00eda, un mundo de medios de comunicaci\u00f3n comerciales y medios de comunicaci\u00f3n cristianos, s\u00e9 que pasa en ambos mundos, cuando yo me enfrento a lo que es Festival por la Vida, a lo que es el Ministerio de Mike Silva, tengo que hacer una reingenier\u00eda porque esto es diferente, y empiezo a ver el coraz\u00f3n de cada uno y cuando veo que nosotros estamos caminando en una misma l\u00ednea que Dios nos est\u00e1 ubicando, si yo obedezco en esta parte, como Dios no se va a glorificar, porque no estoy haciendo mi obra, sino lo que Dios me mand\u00f3, entonces estoy siendo obediente, estoy muriendo a m\u00ed, cuando yo muero a mi es cuando Cristo se glorifica.<\/p>\n\n\n\n<p><strong>\u00bfQu\u00e9 esperan que suceda en este proceso en El Salvador?<\/strong><\/p>\n\n\n\n<p>Se han impartido m\u00e1s de 6 conferencias para matrimonios con los pastores Lazo y han llegado m\u00e1s de 120 parejas ministeriales a cada capacitaci\u00f3n, vamos a ver milagros, la culminaci\u00f3n de un tiempo donde Dios ha estado preparando a la iglesia para que la gente que necesita ser tocada por el Esp\u00edritu Santo, el d\u00eda de la concentraci\u00f3n en el Parque el Cafetal\u00f3n, ese d\u00eda van a llegar listos, por eso no es un evento, es la preparaci\u00f3n para ese d\u00eda estar listos.<\/p>\n\n\n\n<p><em>La fecha para reservar como parte del proceso es el s\u00e1bado 14 de marzo, en el Parque El Cafetal\u00f3n, en Santa Tecla, para ser parte del Festival por la Vida con Mike Silva, tambi\u00e9n tendr\u00e1n como parte de los invitados a Miel San Marcos, Tercer Cielo, Raza For Christ, Alex Zurdo, entre otros participantes.<\/em><\/p>\n\n\n\n<figure class=\"wp-block-image size-large\"><img decoding=\"async\" loading=\"lazy\" width=\"819\" height=\"1024\" src=\"https:\/\/laprensacristiana.com\/wp-content\/uploads\/2026\/01\/603868954_1412414027120935_6800408713397054819_n-819x1024.jpg\" alt=\"\" class=\"wp-image-19202\" srcset=\"https:\/\/laprensacristiana.com\/wp-content\/uploads\/2026\/01\/603868954_1412414027120935_6800408713397054819_n-819x1024.jpg 819w, https:\/\/laprensacristiana.com\/wp-content\/uploads\/2026\/01\/603868954_1412414027120935_6800408713397054819_n-240x300.jpg 240w, https:\/\/laprensacristiana.com\/wp-content\/uploads\/2026\/01\/603868954_1412414027120935_6800408713397054819_n-768x960.jpg 768w, https:\/\/laprensacristiana.com\/wp-content\/uploads\/2026\/01\/603868954_1412414027120935_6800408713397054819_n-696x870.jpg 696w, https:\/\/laprensacristiana.com\/wp-content\/uploads\/2026\/01\/603868954_1412414027120935_6800408713397054819_n-1068x1335.jpg 1068w, https:\/\/laprensacristiana.com\/wp-content\/uploads\/2026\/01\/603868954_1412414027120935_6800408713397054819_n-600x750.jpg 600w, https:\/\/laprensacristiana.com\/wp-content\/uploads\/2026\/01\/603868954_1412414027120935_6800408713397054819_n.jpg 1080w\" sizes=\"(max-width: 819px) 100vw, 819px\" \/><\/figure>\n","protected":false},"excerpt":{"rendered":"<p>Seg\u00fan explican sus organizadores, el Festival por la Vida no comienza el d\u00eda del concierto ni termina cuando se apagan las luces del escenario. Meses antes, un equipo se prepara, se involucra con comunidades, camina junto a iglesias, desarrolla obras sociales, capacita l\u00edderes y acompa\u00f1a a personas en cada etapa del recorrido. El festival es [&hellip;]<\/p>\n","protected":false},"author":3,"featured_media":19201,"comment_status":"open","ping_status":"open","sticky":false,"template":"","format":"standard","meta":[],"categories":[103],"tags":[],"yoast_head":"<!-- This site is optimized with the Yoast SEO plugin v20.8 - https:\/\/yoast.com\/wordpress\/plugins\/seo\/ -->\n<title>Ray Corea: \u00abEl Festival por la Vida m\u00e1s que un evento es un proceso\u00bb - La Prensa Cristiana<\/title>\n<meta name=\"robots\" content=\"index, follow, max-snippet:-1, max-image-preview:large, max-video-preview:-1\" \/>\n<link rel=\"canonical\" href=\"https:\/\/laprensacristiana.com\/?p=19200\" \/>\n<meta property=\"og:locale\" content=\"es_ES\" \/>\n<meta property=\"og:type\" content=\"article\" \/>\n<meta property=\"og:title\" content=\"Ray Corea: \u00abEl Festival por la Vida m\u00e1s que un evento es un proceso\u00bb - La Prensa Cristiana\" \/>\n<meta property=\"og:description\" content=\"Seg\u00fan explican sus organizadores, el Festival por la Vida no comienza el d\u00eda del concierto ni termina cuando se apagan las luces del escenario. Meses antes, un equipo se prepara, se involucra con comunidades, camina junto a iglesias, desarrolla obras sociales, capacita l\u00edderes y acompa\u00f1a a personas en cada etapa del recorrido. El festival es [&hellip;]\" \/>\n<meta property=\"og:url\" content=\"https:\/\/laprensacristiana.com\/?p=19200\" \/>\n<meta property=\"og:site_name\" content=\"La Prensa Cristiana\" \/>\n<meta property=\"article:published_time\" content=\"2026-01-23T20:12:44+00:00\" \/>\n<meta property=\"article:modified_time\" content=\"2026-01-23T20:39:06+00:00\" \/>\n<meta property=\"og:image\" content=\"https:\/\/laprensacristiana.com\/wp-content\/uploads\/2026\/01\/Copia-de-Copia-de-OPINION.png\" \/>\n\t<meta property=\"og:image:width\" content=\"719\" \/>\n\t<meta property=\"og:image:height\" content=\"540\" \/>\n\t<meta property=\"og:image:type\" content=\"image\/png\" \/>\n<meta name=\"author\" content=\"EDITOR\" \/>\n<meta name=\"twitter:card\" content=\"summary_large_image\" \/>\n<meta name=\"twitter:label1\" content=\"Escrito por\" \/>\n\t<meta name=\"twitter:data1\" content=\"EDITOR\" \/>\n\t<meta name=\"twitter:label2\" content=\"Tiempo de lectura\" \/>\n\t<meta name=\"twitter:data2\" content=\"8 minutos\" \/>\n<script type=\"application\/ld+json\" class=\"yoast-schema-graph\">{\"@context\":\"https:\/\/schema.org\",\"@graph\":[{\"@type\":\"WebPage\",\"@id\":\"https:\/\/laprensacristiana.com\/?p=19200\",\"url\":\"https:\/\/laprensacristiana.com\/?p=19200\",\"name\":\"Ray Corea: \u00abEl Festival por la Vida m\u00e1s que un evento es un proceso\u00bb - La Prensa Cristiana\",\"isPartOf\":{\"@id\":\"https:\/\/laprensacristiana.com\/#website\"},\"datePublished\":\"2026-01-23T20:12:44+00:00\",\"dateModified\":\"2026-01-23T20:39:06+00:00\",\"author\":{\"@id\":\"https:\/\/laprensacristiana.com\/#\/schema\/person\/3e7d82c6bfd6b1fa67010f8f7cd5256e\"},\"breadcrumb\":{\"@id\":\"https:\/\/laprensacristiana.com\/?p=19200#breadcrumb\"},\"inLanguage\":\"es\",\"potentialAction\":[{\"@type\":\"ReadAction\",\"target\":[\"https:\/\/laprensacristiana.com\/?p=19200\"]}]},{\"@type\":\"BreadcrumbList\",\"@id\":\"https:\/\/laprensacristiana.com\/?p=19200#breadcrumb\",\"itemListElement\":[{\"@type\":\"ListItem\",\"position\":1,\"name\":\"Portada\",\"item\":\"https:\/\/laprensacristiana.com\/\"},{\"@type\":\"ListItem\",\"position\":2,\"name\":\"Ray Corea: \u00abEl Festival por la Vida m\u00e1s que un evento es un proceso\u00bb\"}]},{\"@type\":\"WebSite\",\"@id\":\"https:\/\/laprensacristiana.com\/#website\",\"url\":\"https:\/\/laprensacristiana.com\/\",\"name\":\"La Prensa Cristiana\",\"description\":\"Anunciando Las Buenas Nuevas\",\"potentialAction\":[{\"@type\":\"SearchAction\",\"target\":{\"@type\":\"EntryPoint\",\"urlTemplate\":\"https:\/\/laprensacristiana.com\/?s={search_term_string}\"},\"query-input\":\"required name=search_term_string\"}],\"inLanguage\":\"es\"},{\"@type\":\"Person\",\"@id\":\"https:\/\/laprensacristiana.com\/#\/schema\/person\/3e7d82c6bfd6b1fa67010f8f7cd5256e\",\"name\":\"EDITOR\",\"image\":{\"@type\":\"ImageObject\",\"inLanguage\":\"es\",\"@id\":\"https:\/\/laprensacristiana.com\/#\/schema\/person\/image\/\",\"url\":\"https:\/\/secure.gravatar.com\/avatar\/72069dfb6c13772d9e8381e3638666d2?s=96&d=mm&r=g\",\"contentUrl\":\"https:\/\/secure.gravatar.com\/avatar\/72069dfb6c13772d9e8381e3638666d2?s=96&d=mm&r=g\",\"caption\":\"EDITOR\"},\"url\":\"https:\/\/laprensacristiana.com\/?author=3\"}]}<\/script>\n<!-- \/ Yoast SEO plugin. -->","yoast_head_json":{"title":"Ray Corea: \u00abEl Festival por la Vida m\u00e1s que un evento es un proceso\u00bb - La Prensa Cristiana","robots":{"index":"index","follow":"follow","max-snippet":"max-snippet:-1","max-image-preview":"max-image-preview:large","max-video-preview":"max-video-preview:-1"},"canonical":"https:\/\/laprensacristiana.com\/?p=19200","og_locale":"es_ES","og_type":"article","og_title":"Ray Corea: \u00abEl Festival por la Vida m\u00e1s que un evento es un proceso\u00bb - La Prensa Cristiana","og_description":"Seg\u00fan explican sus organizadores, el Festival por la Vida no comienza el d\u00eda del concierto ni termina cuando se apagan las luces del escenario. Meses antes, un equipo se prepara, se involucra con comunidades, camina junto a iglesias, desarrolla obras sociales, capacita l\u00edderes y acompa\u00f1a a personas en cada etapa del recorrido. El festival es [&hellip;]","og_url":"https:\/\/laprensacristiana.com\/?p=19200","og_site_name":"La Prensa Cristiana","article_published_time":"2026-01-23T20:12:44+00:00","article_modified_time":"2026-01-23T20:39:06+00:00","og_image":[{"width":719,"height":540,"url":"https:\/\/laprensacristiana.com\/wp-content\/uploads\/2026\/01\/Copia-de-Copia-de-OPINION.png","type":"image\/png"}],"author":"EDITOR","twitter_card":"summary_large_image","twitter_misc":{"Escrito por":"EDITOR","Tiempo de lectura":"8 minutos"},"schema":{"@context":"https:\/\/schema.org","@graph":[{"@type":"WebPage","@id":"https:\/\/laprensacristiana.com\/?p=19200","url":"https:\/\/laprensacristiana.com\/?p=19200","name":"Ray Corea: \u00abEl Festival por la Vida m\u00e1s que un evento es un proceso\u00bb - La Prensa Cristiana","isPartOf":{"@id":"https:\/\/laprensacristiana.com\/#website"},"datePublished":"2026-01-23T20:12:44+00:00","dateModified":"2026-01-23T20:39:06+00:00","author":{"@id":"https:\/\/laprensacristiana.com\/#\/schema\/person\/3e7d82c6bfd6b1fa67010f8f7cd5256e"},"breadcrumb":{"@id":"https:\/\/laprensacristiana.com\/?p=19200#breadcrumb"},"inLanguage":"es","potentialAction":[{"@type":"ReadAction","target":["https:\/\/laprensacristiana.com\/?p=19200"]}]},{"@type":"BreadcrumbList","@id":"https:\/\/laprensacristiana.com\/?p=19200#breadcrumb","itemListElement":[{"@type":"ListItem","position":1,"name":"Portada","item":"https:\/\/laprensacristiana.com\/"},{"@type":"ListItem","position":2,"name":"Ray Corea: \u00abEl Festival por la Vida m\u00e1s que un evento es un proceso\u00bb"}]},{"@type":"WebSite","@id":"https:\/\/laprensacristiana.com\/#website","url":"https:\/\/laprensacristiana.com\/","name":"La Prensa Cristiana","description":"Anunciando Las Buenas Nuevas","potentialAction":[{"@type":"SearchAction","target":{"@type":"EntryPoint","urlTemplate":"https:\/\/laprensacristiana.com\/?s={search_term_string}"},"query-input":"required name=search_term_string"}],"inLanguage":"es"},{"@type":"Person","@id":"https:\/\/laprensacristiana.com\/#\/schema\/person\/3e7d82c6bfd6b1fa67010f8f7cd5256e","name":"EDITOR","image":{"@type":"ImageObject","inLanguage":"es","@id":"https:\/\/laprensacristiana.com\/#\/schema\/person\/image\/","url":"https:\/\/secure.gravatar.com\/avatar\/72069dfb6c13772d9e8381e3638666d2?s=96&d=mm&r=g","contentUrl":"https:\/\/secure.gravatar.com\/avatar\/72069dfb6c13772d9e8381e3638666d2?s=96&d=mm&r=g","caption":"EDITOR"},"url":"https:\/\/laprensacristiana.com\/?author=3"}]}},"_links":{"self":[{"href":"https:\/\/laprensacristiana.com\/index.php?rest_route=\/wp\/v2\/posts\/19200"}],"collection":[{"href":"https:\/\/laprensacristiana.com\/index.php?rest_route=\/wp\/v2\/posts"}],"about":[{"href":"https:\/\/laprensacristiana.com\/index.php?rest_route=\/wp\/v2\/types\/post"}],"author":[{"embeddable":true,"href":"https:\/\/laprensacristiana.com\/index.php?rest_route=\/wp\/v2\/users\/3"}],"replies":[{"embeddable":true,"href":"https:\/\/laprensacristiana.com\/index.php?rest_route=%2Fwp%2Fv2%2Fcomments&post=19200"}],"version-history":[{"count":2,"href":"https:\/\/laprensacristiana.com\/index.php?rest_route=\/wp\/v2\/posts\/19200\/revisions"}],"predecessor-version":[{"id":19209,"href":"https:\/\/laprensacristiana.com\/index.php?rest_route=\/wp\/v2\/posts\/19200\/revisions\/19209"}],"wp:featuredmedia":[{"embeddable":true,"href":"https:\/\/laprensacristiana.com\/index.php?rest_route=\/wp\/v2\/media\/19201"}],"wp:attachment":[{"href":"https:\/\/laprensacristiana.com\/index.php?rest_route=%2Fwp%2Fv2%2Fmedia&parent=19200"}],"wp:term":[{"taxonomy":"category","embeddable":true,"href":"https:\/\/laprensacristiana.com\/index.php?rest_route=%2Fwp%2Fv2%2Fcategories&post=19200"},{"taxonomy":"post_tag","embeddable":true,"href":"https:\/\/laprensacristiana.com\/index.php?rest_route=%2Fwp%2Fv2%2Ftags&post=19200"}],"curies":[{"name":"wp","href":"https:\/\/api.w.org\/{rel}","templated":true}]}}